{"id":406679,"date":"2019-09-21T09:12:44","date_gmt":"2019-09-21T07:12:44","guid":{"rendered":"http:\/\/hudo.com\/si\/?p=406679"},"modified":"2019-09-21T09:12:44","modified_gmt":"2019-09-21T07:12:44","slug":"vreme-danes-bo-jasno-burja-na-primorskem-bo-ponehala","status":"publish","type":"post","link":"https:\/\/hudo.com\/si\/aktualno\/vreme-danes-bo-jasno-burja-na-primorskem-bo-ponehala\/","title":{"rendered":"Vreme: Danes bo jasno, burja na Primorskem bo ponehala"},"content":{"rendered":"<p>V nedeljo bo zjutraj in dopoldne \u0161e precej jasno, le na Primorskem bo \u017ee nekaj obla\u010dnosti. Popoldne se bo v zahodnih in osrednjih krajih postopno poobla\u010dilo, ponekod na Primorskem bo \u017ee rahlo de\u017eevalo. Pihal bo \u0161ibek do zmeren jugozahodnik. Najni\u017eje jutranje temperature bodo od 1 do 7, ob morju okoli 10, najvi\u0161je dnevne od 20 do 24 stopinj Celzija.<\/p>\n<p>Obeti: V ponedeljek dopoldne se bo de\u017e od zahoda raz\u0161iril na vso Slovenijo, vmes bodo tudi nevihte. Do torka zjutraj bo de\u017e ponehal, v torek \u010dez dan bo delno jasno z ob\u010dasno pove\u010dano obla\u010dnostjo.<\/p>\n<p>Vremenska slika: Nad srednjo in jugovzhodno Evropo ter nad severnim Sredozemljem je obmo\u010dje visokega zra\u010dnega tlaka, ki pa po\u010dasi slabi. Iznad Atlantika se zahodni Evropi bli\u017ea vremenska motnja. Nad na\u0161imi kraji se ob \u0161ibkih vetrovih zadr\u017euje suh in \u0161e razmeroma hladen zrak.<\/p>\n<p>Napoved za sosednje pokrajine: Danes bo jasno, v Kvarnerju bo dopoldne \u0161e pihala \u0161ibka burja.<\/p>\n<p>V nedeljo se bo v krajih zahodno od nas ter ob severnem Jadranu postopno poobla\u010dilo. Drugod bo precej jasno. Pihati bo za\u010del jugozahodnik, ob severnem Jadranu pa ve\u010dinoma \u0161ibek jugo.<\/p>\n<p>Biovreme: Vremenski vpliv bo ugoden in ob son\u010dnem vremenu spodbuden.<\/p>\n","protected":false},"excerpt":{"rendered":"<p>Danes bo jasno. \u0160ibka burja na Primorskem bo ponehala, popoldne bo na severovzhodu zapihal ju\u017eni veter. Najvi\u0161je dnevne temperature bodo od 17 do 20, na Primorskem od 20 do 24 stopinj Celzija, je zapisano na spletnih straneh Agencije RS za okolje.<\/p>\n","protected":false},"author":7,"featured_media":406680,"comment_status":"closed","ping_status":"closed","sticky":false,"template":"","format":"standard","meta":{"footnotes":""},"categories":[1179],"tags":[1595,2149,7416],"source":[4511],"supertag":[],"acf":[],"yoast_head":"<!-- This site is optimized with the Yoast SEO plugin v21.3 - https:\/\/yoast.com\/wordpress\/plugins\/seo\/ -->\n<title>Vreme: Danes bo jasno, burja na Primorskem bo ponehala - Hudo Slovenija<\/title>\n<meta name=\"robots\" content=\"index, follow, max-snippet:-1, max-image-preview:large, max-video-preview:-1\" \/>\n<link rel=\"canonical\" href=\"https:\/\/hudo.com\/si\/aktualno\/vreme-danes-bo-jasno-burja-na-primorskem-bo-ponehala\/\" \/>\n<meta property=\"og:locale\" content=\"sl_SI\" \/>\n<meta property=\"og:type\" content=\"article\" \/>\n<meta property=\"og:title\" content=\"Vreme: Danes bo jasno, burja na Primorskem bo ponehala - Hudo Slovenija\" \/>\n<meta property=\"og:description\" content=\"Danes bo jasno. \u0160ibka burja na Primorskem bo ponehala, popoldne bo na severovzhodu zapihal ju\u017eni veter. Najvi\u0161je dnevne temperature bodo od 17 do 20, na Primorskem od 20 do 24 stopinj Celzija, je zapisano na spletnih straneh Agencije RS za okolje.\" \/>\n<meta property=\"og:url\" content=\"https:\/\/hudo.com\/si\/aktualno\/vreme-danes-bo-jasno-burja-na-primorskem-bo-ponehala\/\" \/>\n<meta property=\"og:site_name\" content=\"Hudo Slovenija\" \/>\n<meta property=\"article:publisher\" content=\"https:\/\/www.facebook.com\/hudo.si\" \/>\n<meta property=\"article:published_time\" content=\"2019-09-21T07:12:44+00:00\" \/>\n<meta property=\"og:image\" content=\"https:\/\/hudo.com\/si\/wp-content\/uploads\/sites\/2\/2019\/09\/profimedia-0313770761.jpg\" \/>\n\t<meta property=\"og:image:width\" content=\"1250\" \/>\n\t<meta property=\"og:image:height\" content=\"824\" \/>\n\t<meta property=\"og:image:type\" content=\"image\/jpeg\" \/>\n<meta name=\"author\" content=\"A. P., STA\" \/>\n<meta name=\"twitter:card\" content=\"summary_large_image\" \/>\n<meta name=\"twitter:creator\" content=\"@hudo_si\" \/>\n<meta name=\"twitter:site\" content=\"@hudo_si\" \/>\n<meta name=\"twitter:label1\" content=\"Written by\" \/>\n\t<meta name=\"twitter:data1\" content=\"A. P., STA\" \/>\n\t<meta name=\"twitter:label2\" content=\"Est. reading time\" \/>\n\t<meta name=\"twitter:data2\" content=\"1 minuta\" \/>\n<script type=\"application\/ld+json\" class=\"yoast-schema-graph\">{\"@context\":\"https:\/\/schema.org\",\"@graph\":[{\"@type\":\"Article\",\"@id\":\"https:\/\/hudo.com\/si\/aktualno\/vreme-danes-bo-jasno-burja-na-primorskem-bo-ponehala\/#article\",\"isPartOf\":{\"@id\":\"https:\/\/hudo.com\/si\/aktualno\/vreme-danes-bo-jasno-burja-na-primorskem-bo-ponehala\/\"},\"author\":{\"name\":\"A. P., STA\",\"@id\":\"https:\/\/hudo.com\/si\/#\/schema\/person\/18f09c02475ba9e606e941a565b80cff\"},\"headline\":\"Vreme: Danes bo jasno, burja na Primorskem bo ponehala\",\"datePublished\":\"2019-09-21T07:12:44+00:00\",\"dateModified\":\"2019-09-21T07:12:44+00:00\",\"mainEntityOfPage\":{\"@id\":\"https:\/\/hudo.com\/si\/aktualno\/vreme-danes-bo-jasno-burja-na-primorskem-bo-ponehala\/\"},\"wordCount\":213,\"publisher\":{\"@id\":\"https:\/\/hudo.com\/si\/#organization\"},\"keywords\":[\"Slovenija\",\"vreme\",\"vremenska napoved\"],\"articleSection\":[\"Aktualno\"],\"inLanguage\":\"sl-SI\"},{\"@type\":\"WebPage\",\"@id\":\"https:\/\/hudo.com\/si\/aktualno\/vreme-danes-bo-jasno-burja-na-primorskem-bo-ponehala\/\",\"url\":\"https:\/\/hudo.com\/si\/aktualno\/vreme-danes-bo-jasno-burja-na-primorskem-bo-ponehala\/\",\"name\":\"Vreme: Danes bo jasno, burja na Primorskem bo ponehala - Hudo Slovenija\",\"isPartOf\":{\"@id\":\"https:\/\/hudo.com\/si\/#website\"},\"datePublished\":\"2019-09-21T07:12:44+00:00\",\"dateModified\":\"2019-09-21T07:12:44+00:00\",\"breadcrumb\":{\"@id\":\"https:\/\/hudo.com\/si\/aktualno\/vreme-danes-bo-jasno-burja-na-primorskem-bo-ponehala\/#breadcrumb\"},\"inLanguage\":\"sl-SI\",\"potentialAction\":[{\"@type\":\"ReadAction\",\"target\":[\"https:\/\/hudo.com\/si\/aktualno\/vreme-danes-bo-jasno-burja-na-primorskem-bo-ponehala\/\"]}]},{\"@type\":\"BreadcrumbList\",\"@id\":\"https:\/\/hudo.com\/si\/aktualno\/vreme-danes-bo-jasno-burja-na-primorskem-bo-ponehala\/#breadcrumb\",\"itemListElement\":[{\"@type\":\"ListItem\",\"position\":1,\"name\":\"Home\",\"item\":\"https:\/\/hudo.com\/si\/\"},{\"@type\":\"ListItem\",\"position\":2,\"name\":\"Vreme: Danes bo jasno, burja na Primorskem bo ponehala\"}]},{\"@type\":\"WebSite\",\"@id\":\"https:\/\/hudo.com\/si\/#website\",\"url\":\"https:\/\/hudo.com\/si\/\",\"name\":\"Hudo Slovenija\",\"description\":\"Vse novice iz Slovenije in sveta\",\"publisher\":{\"@id\":\"https:\/\/hudo.com\/si\/#organization\"},\"potentialAction\":[{\"@type\":\"SearchAction\",\"target\":{\"@type\":\"EntryPoint\",\"urlTemplate\":\"https:\/\/hudo.com\/si\/?s={search_term_string}\"},\"query-input\":\"required name=search_term_string\"}],\"inLanguage\":\"sl-SI\"},{\"@type\":\"Organization\",\"@id\":\"https:\/\/hudo.com\/si\/#organization\",\"name\":\"VSN Media\",\"url\":\"https:\/\/hudo.com\/si\/\",\"logo\":{\"@type\":\"ImageObject\",\"inLanguage\":\"sl-SI\",\"@id\":\"https:\/\/hudo.com\/si\/#\/schema\/logo\/image\/\",\"url\":\"https:\/\/hudo.com\/si\/wp-content\/uploads\/sites\/2\/2021\/03\/hudo-app-2.png\",\"contentUrl\":\"https:\/\/hudo.com\/si\/wp-content\/uploads\/sites\/2\/2021\/03\/hudo-app-2.png\",\"width\":2185,\"height\":2167,\"caption\":\"VSN Media\"},\"image\":{\"@id\":\"https:\/\/hudo.com\/si\/#\/schema\/logo\/image\/\"},\"sameAs\":[\"https:\/\/www.facebook.com\/hudo.si\",\"https:\/\/twitter.com\/hudo_si\"]},{\"@type\":\"Person\",\"@id\":\"https:\/\/hudo.com\/si\/#\/schema\/person\/18f09c02475ba9e606e941a565b80cff\",\"name\":\"A. P., STA\",\"image\":{\"@type\":\"ImageObject\",\"inLanguage\":\"sl-SI\",\"@id\":\"https:\/\/hudo.com\/si\/#\/schema\/person\/image\/\",\"url\":\"https:\/\/secure.gravatar.com\/avatar\/03eac8e609f5f04383125d80eaeaaf3e?s=96&d=mm&r=g\",\"contentUrl\":\"https:\/\/secure.gravatar.com\/avatar\/03eac8e609f5f04383125d80eaeaaf3e?s=96&d=mm&r=g\",\"caption\":\"A. P., STA\"},\"url\":\"https:\/\/hudo.com\/si\/author\/lubu\/\"}]}<\/script>\n<!-- \/ Yoast SEO plugin. -->","yoast_head_json":{"title":"Vreme: Danes bo jasno, burja na Primorskem bo ponehala - Hudo Slovenija","robots":{"index":"index","follow":"follow","max-snippet":"max-snippet:-1","max-image-preview":"max-image-preview:large","max-video-preview":"max-video-preview:-1"},"canonical":"https:\/\/hudo.com\/si\/aktualno\/vreme-danes-bo-jasno-burja-na-primorskem-bo-ponehala\/","og_locale":"sl_SI","og_type":"article","og_title":"Vreme: Danes bo jasno, burja na Primorskem bo ponehala - Hudo Slovenija","og_description":"Danes bo jasno. \u0160ibka burja na Primorskem bo ponehala, popoldne bo na severovzhodu zapihal ju\u017eni veter. Najvi\u0161je dnevne temperature bodo od 17 do 20, na Primorskem od 20 do 24 stopinj Celzija, je zapisano na spletnih straneh Agencije RS za okolje.","og_url":"https:\/\/hudo.com\/si\/aktualno\/vreme-danes-bo-jasno-burja-na-primorskem-bo-ponehala\/","og_site_name":"Hudo Slovenija","article_publisher":"https:\/\/www.facebook.com\/hudo.si","article_published_time":"2019-09-21T07:12:44+00:00","og_image":[{"width":1250,"height":824,"url":"https:\/\/hudo.com\/si\/wp-content\/uploads\/sites\/2\/2019\/09\/profimedia-0313770761.jpg","type":"image\/jpeg"}],"author":"A. P., STA","twitter_card":"summary_large_image","twitter_creator":"@hudo_si","twitter_site":"@hudo_si","twitter_misc":{"Written by":"A. P., STA","Est. reading time":"1 minuta"},"schema":{"@context":"https:\/\/schema.org","@graph":[{"@type":"Article","@id":"https:\/\/hudo.com\/si\/aktualno\/vreme-danes-bo-jasno-burja-na-primorskem-bo-ponehala\/#article","isPartOf":{"@id":"https:\/\/hudo.com\/si\/aktualno\/vreme-danes-bo-jasno-burja-na-primorskem-bo-ponehala\/"},"author":{"name":"A. P., STA","@id":"https:\/\/hudo.com\/si\/#\/schema\/person\/18f09c02475ba9e606e941a565b80cff"},"headline":"Vreme: Danes bo jasno, burja na Primorskem bo ponehala","datePublished":"2019-09-21T07:12:44+00:00","dateModified":"2019-09-21T07:12:44+00:00","mainEntityOfPage":{"@id":"https:\/\/hudo.com\/si\/aktualno\/vreme-danes-bo-jasno-burja-na-primorskem-bo-ponehala\/"},"wordCount":213,"publisher":{"@id":"https:\/\/hudo.com\/si\/#organization"},"keywords":["Slovenija","vreme","vremenska napoved"],"articleSection":["Aktualno"],"inLanguage":"sl-SI"},{"@type":"WebPage","@id":"https:\/\/hudo.com\/si\/aktualno\/vreme-danes-bo-jasno-burja-na-primorskem-bo-ponehala\/","url":"https:\/\/hudo.com\/si\/aktualno\/vreme-danes-bo-jasno-burja-na-primorskem-bo-ponehala\/","name":"Vreme: Danes bo jasno, burja na Primorskem bo ponehala - Hudo Slovenija","isPartOf":{"@id":"https:\/\/hudo.com\/si\/#website"},"datePublished":"2019-09-21T07:12:44+00:00","dateModified":"2019-09-21T07:12:44+00:00","breadcrumb":{"@id":"https:\/\/hudo.com\/si\/aktualno\/vreme-danes-bo-jasno-burja-na-primorskem-bo-ponehala\/#breadcrumb"},"inLanguage":"sl-SI","potentialAction":[{"@type":"ReadAction","target":["https:\/\/hudo.com\/si\/aktualno\/vreme-danes-bo-jasno-burja-na-primorskem-bo-ponehala\/"]}]},{"@type":"BreadcrumbList","@id":"https:\/\/hudo.com\/si\/aktualno\/vreme-danes-bo-jasno-burja-na-primorskem-bo-ponehala\/#breadcrumb","itemListElement":[{"@type":"ListItem","position":1,"name":"Home","item":"https:\/\/hudo.com\/si\/"},{"@type":"ListItem","position":2,"name":"Vreme: Danes bo jasno, burja na Primorskem bo ponehala"}]},{"@type":"WebSite","@id":"https:\/\/hudo.com\/si\/#website","url":"https:\/\/hudo.com\/si\/","name":"Hudo Slovenija","description":"Vse novice iz Slovenije in sveta","publisher":{"@id":"https:\/\/hudo.com\/si\/#organization"},"potentialAction":[{"@type":"SearchAction","target":{"@type":"EntryPoint","urlTemplate":"https:\/\/hudo.com\/si\/?s={search_term_string}"},"query-input":"required name=search_term_string"}],"inLanguage":"sl-SI"},{"@type":"Organization","@id":"https:\/\/hudo.com\/si\/#organization","name":"VSN Media","url":"https:\/\/hudo.com\/si\/","logo":{"@type":"ImageObject","inLanguage":"sl-SI","@id":"https:\/\/hudo.com\/si\/#\/schema\/logo\/image\/","url":"https:\/\/hudo.com\/si\/wp-content\/uploads\/sites\/2\/2021\/03\/hudo-app-2.png","contentUrl":"https:\/\/hudo.com\/si\/wp-content\/uploads\/sites\/2\/2021\/03\/hudo-app-2.png","width":2185,"height":2167,"caption":"VSN Media"},"image":{"@id":"https:\/\/hudo.com\/si\/#\/schema\/logo\/image\/"},"sameAs":["https:\/\/www.facebook.com\/hudo.si","https:\/\/twitter.com\/hudo_si"]},{"@type":"Person","@id":"https:\/\/hudo.com\/si\/#\/schema\/person\/18f09c02475ba9e606e941a565b80cff","name":"A. P., STA","image":{"@type":"ImageObject","inLanguage":"sl-SI","@id":"https:\/\/hudo.com\/si\/#\/schema\/person\/image\/","url":"https:\/\/secure.gravatar.com\/avatar\/03eac8e609f5f04383125d80eaeaaf3e?s=96&d=mm&r=g","contentUrl":"https:\/\/secure.gravatar.com\/avatar\/03eac8e609f5f04383125d80eaeaaf3e?s=96&d=mm&r=g","caption":"A. P., STA"},"url":"https:\/\/hudo.com\/si\/author\/lubu\/"}]}},"amp_enabled":true,"_links":{"self":[{"href":"https:\/\/hudo.com\/si\/wp-json\/wp\/v2\/posts\/406679"}],"collection":[{"href":"https:\/\/hudo.com\/si\/wp-json\/wp\/v2\/posts"}],"about":[{"href":"https:\/\/hudo.com\/si\/wp-json\/wp\/v2\/types\/post"}],"author":[{"embeddable":true,"href":"https:\/\/hudo.com\/si\/wp-json\/wp\/v2\/users\/7"}],"replies":[{"embeddable":true,"href":"https:\/\/hudo.com\/si\/wp-json\/wp\/v2\/comments?post=406679"}],"version-history":[{"count":1,"href":"https:\/\/hudo.com\/si\/wp-json\/wp\/v2\/posts\/406679\/revisions"}],"predecessor-version":[{"id":406681,"href":"https:\/\/hudo.com\/si\/wp-json\/wp\/v2\/posts\/406679\/revisions\/406681"}],"wp:featuredmedia":[{"embeddable":true,"href":"https:\/\/hudo.com\/si\/wp-json\/wp\/v2\/media\/406680"}],"wp:attachment":[{"href":"https:\/\/hudo.com\/si\/wp-json\/wp\/v2\/media?parent=406679"}],"wp:term":[{"taxonomy":"category","embeddable":true,"href":"https:\/\/hudo.com\/si\/wp-json\/wp\/v2\/categories?post=406679"},{"taxonomy":"post_tag","embeddable":true,"href":"https:\/\/hudo.com\/si\/wp-json\/wp\/v2\/tags?post=406679"},{"taxonomy":"source","embeddable":true,"href":"https:\/\/hudo.com\/si\/wp-json\/wp\/v2\/source?post=406679"},{"taxonomy":"supertag","embeddable":true,"href":"https:\/\/hudo.com\/si\/wp-json\/wp\/v2\/supertag?post=406679"}],"curies":[{"name":"wp","href":"https:\/\/api.w.org\/{rel}","templated":true}]}}