{"id":406718,"date":"2019-09-22T08:05:19","date_gmt":"2019-09-22T06:05:19","guid":{"rendered":"http:\/\/hudo.com\/si\/?p=406718"},"modified":"2019-09-22T08:05:19","modified_gmt":"2019-09-22T06:05:19","slug":"slovenska-istra-danes-v-znamenju-ironmanov","status":"publish","type":"post","link":"https:\/\/hudo.com\/si\/aktualno\/slovenska-istra-danes-v-znamenju-ironmanov\/","title":{"rendered":"Slovenska Istra danes v znamenju ironmanov"},"content":{"rendered":"<p>Dogodek, ki predstavlja tudi turisti\u010dno promocijo Slovenije, je razprodan, prijavljenih je 1700 tekmovalcev iz 53 dr\u017eav oz. okoli 300 triatloncev ve\u010d kot lani.<\/p>\n<p>Med prijavljenimi je najve\u010d Italijanov, veliko pa jih prihaja iz za Slovenijo prav tako klju\u010dnih turisti\u010dnih trgov, kot sta Avstrija in Nem\u010dija, pa tudi iz bolj eksoti\u010dnih krajev kot npr. Ju\u017ene Amerike.<\/p>\n<p>Istrski polovi\u010dni ironman &#8211; sestavljen je iz 1,9 kilometra plavanja, 90 kilometrov kolesarjenja in 21 kilometrov teka &#8211; ostaja namenjen rekreativcem, za katere pa se iz 30 na 40 pove\u010duje \u0161tevilo mest, ki z dobro uvrstitvijo vodijo do udele\u017ebe na svetovnem prvenstvu 2020 v tako imenovanih starostnih skupinah. To bo na Novi Zelandiji.<\/p>\n<p>Plavalni del bo potekal v Kopru, kolesarski del bo \u0161el \u010dez Luko Koper, Ankaran, v Italijo in nazaj v Slovenijo \u010dez Osp, Sveti Anton, v Koper, \u0160marje, Izolo in Koper. Tek bo potekal po Kopru, ob obalni cesti do Izole, po starem delu mesta in nazaj v Koper do cilja.<\/p>\n<p>Za razliko od lani bo start kasneje, torej ob 9. uri, zadnjega tekmovalca na cilju pri\u010dakujejo okrog 18. ure.<\/p>\n<p>\u017de v soboto popoldne se je v Izoli odvilo otro\u0161ko triatlonsko tekmovanje Ironkids, na katerem je sodelovalo ve\u010d kot 250 udele\u017eencev. Prireditev je bila namenjena predvsem dru\u017einam, v ospredju pa ni bila tekmovalnost, ampak vklju\u010ditev otrok v \u0161portno udejstvovanje.<\/p>\n<p>Kot prvi zmagovalec triatlona Ironman 70.3 Slovenian Istria se je lani zapisal Poljak Michal Rajca, ki je uro na cilju ustavil v \u010dasu 4:18:52. Najbolj\u0161i Slovenec je bil Janez Klan\u010dnik, ki je kon\u010dal kot tretji. S \u010dasom 4:22:01 je zmagal v svoji kategoriji 30 do 34 let. Pri \u017eenskah je bila najbolj\u0161a Nemka Kristina Ziemons s \u010dasom 4:51:57.<\/p>\n<p>V \u010dasu prireditve bo veljalo ve\u010d, tudi dolgotrajnej\u0161ih cestnih zapor, zato organizatorji ob\u010dane prosijo za strpnost.<\/p>\n","protected":false},"excerpt":{"rendered":"<p>Koper, Izola, Piran in Ankaran bodo danes drugo leto po vrsti gostili polovi\u010dni ironman slovenske Istre. Po uspe\u0161ni lanski premierni tekmi tekme v polovi\u010dnem ironmanu za rekreativce se je organizatorjem letos uresni\u010dila velika \u017eelja, saj bo na startu \u0161e ve\u010d tekmovalcev kot lani, to je 1700.<\/p>\n","protected":false},"author":7,"featured_media":406719,"comment_status":"closed","ping_status":"closed","sticky":false,"template":"","format":"standard","meta":{"footnotes":""},"categories":[1179],"tags":[11763,1595,11681],"source":[4511],"supertag":[],"acf":[],"yoast_head":"<!-- This site is optimized with the Yoast SEO plugin v21.3 - https:\/\/yoast.com\/wordpress\/plugins\/seo\/ -->\n<title>Slovenska Istra danes v znamenju ironmanov - Hudo Slovenija<\/title>\n<meta name=\"robots\" content=\"index, follow, max-snippet:-1, max-image-preview:large, max-video-preview:-1\" \/>\n<link rel=\"canonical\" href=\"https:\/\/hudo.com\/si\/aktualno\/slovenska-istra-danes-v-znamenju-ironmanov\/\" \/>\n<meta property=\"og:locale\" content=\"sl_SI\" \/>\n<meta property=\"og:type\" content=\"article\" \/>\n<meta property=\"og:title\" content=\"Slovenska Istra danes v znamenju ironmanov - Hudo Slovenija\" \/>\n<meta property=\"og:description\" content=\"Koper, Izola, Piran in Ankaran bodo danes drugo leto po vrsti gostili polovi\u010dni ironman slovenske Istre. Po uspe\u0161ni lanski premierni tekmi tekme v polovi\u010dnem ironmanu za rekreativce se je organizatorjem letos uresni\u010dila velika \u017eelja, saj bo na startu \u0161e ve\u010d tekmovalcev kot lani, to je 1700.\" \/>\n<meta property=\"og:url\" content=\"https:\/\/hudo.com\/si\/aktualno\/slovenska-istra-danes-v-znamenju-ironmanov\/\" \/>\n<meta property=\"og:site_name\" content=\"Hudo Slovenija\" \/>\n<meta property=\"article:publisher\" content=\"https:\/\/www.facebook.com\/hudo.si\" \/>\n<meta property=\"article:published_time\" content=\"2019-09-22T06:05:19+00:00\" \/>\n<meta property=\"og:image\" content=\"https:\/\/hudo.com\/si\/wp-content\/uploads\/sites\/2\/2019\/09\/profimedia-0313534899.jpg\" \/>\n\t<meta property=\"og:image:width\" content=\"1250\" \/>\n\t<meta property=\"og:image:height\" content=\"833\" \/>\n\t<meta property=\"og:image:type\" content=\"image\/jpeg\" \/>\n<meta name=\"author\" content=\"A. P., STA\" \/>\n<meta name=\"twitter:card\" content=\"summary_large_image\" \/>\n<meta name=\"twitter:creator\" content=\"@hudo_si\" \/>\n<meta name=\"twitter:site\" content=\"@hudo_si\" \/>\n<meta name=\"twitter:label1\" content=\"Written by\" \/>\n\t<meta name=\"twitter:data1\" content=\"A. P., STA\" \/>\n\t<meta name=\"twitter:label2\" content=\"Est. reading time\" \/>\n\t<meta name=\"twitter:data2\" content=\"1 minuta\" \/>\n<script type=\"application\/ld+json\" class=\"yoast-schema-graph\">{\"@context\":\"https:\/\/schema.org\",\"@graph\":[{\"@type\":\"Article\",\"@id\":\"https:\/\/hudo.com\/si\/aktualno\/slovenska-istra-danes-v-znamenju-ironmanov\/#article\",\"isPartOf\":{\"@id\":\"https:\/\/hudo.com\/si\/aktualno\/slovenska-istra-danes-v-znamenju-ironmanov\/\"},\"author\":{\"name\":\"A. P., STA\",\"@id\":\"https:\/\/hudo.com\/si\/#\/schema\/person\/18f09c02475ba9e606e941a565b80cff\"},\"headline\":\"Slovenska Istra danes v znamenju ironmanov\",\"datePublished\":\"2019-09-22T06:05:19+00:00\",\"dateModified\":\"2019-09-22T06:05:19+00:00\",\"mainEntityOfPage\":{\"@id\":\"https:\/\/hudo.com\/si\/aktualno\/slovenska-istra-danes-v-znamenju-ironmanov\/\"},\"wordCount\":299,\"publisher\":{\"@id\":\"https:\/\/hudo.com\/si\/#organization\"},\"keywords\":[\"ironman\",\"Slovenija\",\"slovenska istra\"],\"articleSection\":[\"Aktualno\"],\"inLanguage\":\"sl-SI\"},{\"@type\":\"WebPage\",\"@id\":\"https:\/\/hudo.com\/si\/aktualno\/slovenska-istra-danes-v-znamenju-ironmanov\/\",\"url\":\"https:\/\/hudo.com\/si\/aktualno\/slovenska-istra-danes-v-znamenju-ironmanov\/\",\"name\":\"Slovenska Istra danes v znamenju ironmanov - Hudo Slovenija\",\"isPartOf\":{\"@id\":\"https:\/\/hudo.com\/si\/#website\"},\"datePublished\":\"2019-09-22T06:05:19+00:00\",\"dateModified\":\"2019-09-22T06:05:19+00:00\",\"breadcrumb\":{\"@id\":\"https:\/\/hudo.com\/si\/aktualno\/slovenska-istra-danes-v-znamenju-ironmanov\/#breadcrumb\"},\"inLanguage\":\"sl-SI\",\"potentialAction\":[{\"@type\":\"ReadAction\",\"target\":[\"https:\/\/hudo.com\/si\/aktualno\/slovenska-istra-danes-v-znamenju-ironmanov\/\"]}]},{\"@type\":\"BreadcrumbList\",\"@id\":\"https:\/\/hudo.com\/si\/aktualno\/slovenska-istra-danes-v-znamenju-ironmanov\/#breadcrumb\",\"itemListElement\":[{\"@type\":\"ListItem\",\"position\":1,\"name\":\"Home\",\"item\":\"https:\/\/hudo.com\/si\/\"},{\"@type\":\"ListItem\",\"position\":2,\"name\":\"Slovenska Istra danes v znamenju ironmanov\"}]},{\"@type\":\"WebSite\",\"@id\":\"https:\/\/hudo.com\/si\/#website\",\"url\":\"https:\/\/hudo.com\/si\/\",\"name\":\"Hudo Slovenija\",\"description\":\"Vse novice iz Slovenije in sveta\",\"publisher\":{\"@id\":\"https:\/\/hudo.com\/si\/#organization\"},\"potentialAction\":[{\"@type\":\"SearchAction\",\"target\":{\"@type\":\"EntryPoint\",\"urlTemplate\":\"https:\/\/hudo.com\/si\/?s={search_term_string}\"},\"query-input\":\"required name=search_term_string\"}],\"inLanguage\":\"sl-SI\"},{\"@type\":\"Organization\",\"@id\":\"https:\/\/hudo.com\/si\/#organization\",\"name\":\"VSN Media\",\"url\":\"https:\/\/hudo.com\/si\/\",\"logo\":{\"@type\":\"ImageObject\",\"inLanguage\":\"sl-SI\",\"@id\":\"https:\/\/hudo.com\/si\/#\/schema\/logo\/image\/\",\"url\":\"https:\/\/hudo.com\/si\/wp-content\/uploads\/sites\/2\/2021\/03\/hudo-app-2.png\",\"contentUrl\":\"https:\/\/hudo.com\/si\/wp-content\/uploads\/sites\/2\/2021\/03\/hudo-app-2.png\",\"width\":2185,\"height\":2167,\"caption\":\"VSN Media\"},\"image\":{\"@id\":\"https:\/\/hudo.com\/si\/#\/schema\/logo\/image\/\"},\"sameAs\":[\"https:\/\/www.facebook.com\/hudo.si\",\"https:\/\/twitter.com\/hudo_si\"]},{\"@type\":\"Person\",\"@id\":\"https:\/\/hudo.com\/si\/#\/schema\/person\/18f09c02475ba9e606e941a565b80cff\",\"name\":\"A. P., STA\",\"image\":{\"@type\":\"ImageObject\",\"inLanguage\":\"sl-SI\",\"@id\":\"https:\/\/hudo.com\/si\/#\/schema\/person\/image\/\",\"url\":\"https:\/\/secure.gravatar.com\/avatar\/03eac8e609f5f04383125d80eaeaaf3e?s=96&d=mm&r=g\",\"contentUrl\":\"https:\/\/secure.gravatar.com\/avatar\/03eac8e609f5f04383125d80eaeaaf3e?s=96&d=mm&r=g\",\"caption\":\"A. P., STA\"},\"url\":\"https:\/\/hudo.com\/si\/author\/lubu\/\"}]}<\/script>\n<!-- \/ Yoast SEO plugin. -->","yoast_head_json":{"title":"Slovenska Istra danes v znamenju ironmanov - Hudo Slovenija","robots":{"index":"index","follow":"follow","max-snippet":"max-snippet:-1","max-image-preview":"max-image-preview:large","max-video-preview":"max-video-preview:-1"},"canonical":"https:\/\/hudo.com\/si\/aktualno\/slovenska-istra-danes-v-znamenju-ironmanov\/","og_locale":"sl_SI","og_type":"article","og_title":"Slovenska Istra danes v znamenju ironmanov - Hudo Slovenija","og_description":"Koper, Izola, Piran in Ankaran bodo danes drugo leto po vrsti gostili polovi\u010dni ironman slovenske Istre. Po uspe\u0161ni lanski premierni tekmi tekme v polovi\u010dnem ironmanu za rekreativce se je organizatorjem letos uresni\u010dila velika \u017eelja, saj bo na startu \u0161e ve\u010d tekmovalcev kot lani, to je 1700.","og_url":"https:\/\/hudo.com\/si\/aktualno\/slovenska-istra-danes-v-znamenju-ironmanov\/","og_site_name":"Hudo Slovenija","article_publisher":"https:\/\/www.facebook.com\/hudo.si","article_published_time":"2019-09-22T06:05:19+00:00","og_image":[{"width":1250,"height":833,"url":"https:\/\/hudo.com\/si\/wp-content\/uploads\/sites\/2\/2019\/09\/profimedia-0313534899.jpg","type":"image\/jpeg"}],"author":"A. P., STA","twitter_card":"summary_large_image","twitter_creator":"@hudo_si","twitter_site":"@hudo_si","twitter_misc":{"Written by":"A. P., STA","Est. reading time":"1 minuta"},"schema":{"@context":"https:\/\/schema.org","@graph":[{"@type":"Article","@id":"https:\/\/hudo.com\/si\/aktualno\/slovenska-istra-danes-v-znamenju-ironmanov\/#article","isPartOf":{"@id":"https:\/\/hudo.com\/si\/aktualno\/slovenska-istra-danes-v-znamenju-ironmanov\/"},"author":{"name":"A. P., STA","@id":"https:\/\/hudo.com\/si\/#\/schema\/person\/18f09c02475ba9e606e941a565b80cff"},"headline":"Slovenska Istra danes v znamenju ironmanov","datePublished":"2019-09-22T06:05:19+00:00","dateModified":"2019-09-22T06:05:19+00:00","mainEntityOfPage":{"@id":"https:\/\/hudo.com\/si\/aktualno\/slovenska-istra-danes-v-znamenju-ironmanov\/"},"wordCount":299,"publisher":{"@id":"https:\/\/hudo.com\/si\/#organization"},"keywords":["ironman","Slovenija","slovenska istra"],"articleSection":["Aktualno"],"inLanguage":"sl-SI"},{"@type":"WebPage","@id":"https:\/\/hudo.com\/si\/aktualno\/slovenska-istra-danes-v-znamenju-ironmanov\/","url":"https:\/\/hudo.com\/si\/aktualno\/slovenska-istra-danes-v-znamenju-ironmanov\/","name":"Slovenska Istra danes v znamenju ironmanov - Hudo Slovenija","isPartOf":{"@id":"https:\/\/hudo.com\/si\/#website"},"datePublished":"2019-09-22T06:05:19+00:00","dateModified":"2019-09-22T06:05:19+00:00","breadcrumb":{"@id":"https:\/\/hudo.com\/si\/aktualno\/slovenska-istra-danes-v-znamenju-ironmanov\/#breadcrumb"},"inLanguage":"sl-SI","potentialAction":[{"@type":"ReadAction","target":["https:\/\/hudo.com\/si\/aktualno\/slovenska-istra-danes-v-znamenju-ironmanov\/"]}]},{"@type":"BreadcrumbList","@id":"https:\/\/hudo.com\/si\/aktualno\/slovenska-istra-danes-v-znamenju-ironmanov\/#breadcrumb","itemListElement":[{"@type":"ListItem","position":1,"name":"Home","item":"https:\/\/hudo.com\/si\/"},{"@type":"ListItem","position":2,"name":"Slovenska Istra danes v znamenju ironmanov"}]},{"@type":"WebSite","@id":"https:\/\/hudo.com\/si\/#website","url":"https:\/\/hudo.com\/si\/","name":"Hudo Slovenija","description":"Vse novice iz Slovenije in sveta","publisher":{"@id":"https:\/\/hudo.com\/si\/#organization"},"potentialAction":[{"@type":"SearchAction","target":{"@type":"EntryPoint","urlTemplate":"https:\/\/hudo.com\/si\/?s={search_term_string}"},"query-input":"required name=search_term_string"}],"inLanguage":"sl-SI"},{"@type":"Organization","@id":"https:\/\/hudo.com\/si\/#organization","name":"VSN Media","url":"https:\/\/hudo.com\/si\/","logo":{"@type":"ImageObject","inLanguage":"sl-SI","@id":"https:\/\/hudo.com\/si\/#\/schema\/logo\/image\/","url":"https:\/\/hudo.com\/si\/wp-content\/uploads\/sites\/2\/2021\/03\/hudo-app-2.png","contentUrl":"https:\/\/hudo.com\/si\/wp-content\/uploads\/sites\/2\/2021\/03\/hudo-app-2.png","width":2185,"height":2167,"caption":"VSN Media"},"image":{"@id":"https:\/\/hudo.com\/si\/#\/schema\/logo\/image\/"},"sameAs":["https:\/\/www.facebook.com\/hudo.si","https:\/\/twitter.com\/hudo_si"]},{"@type":"Person","@id":"https:\/\/hudo.com\/si\/#\/schema\/person\/18f09c02475ba9e606e941a565b80cff","name":"A. P., STA","image":{"@type":"ImageObject","inLanguage":"sl-SI","@id":"https:\/\/hudo.com\/si\/#\/schema\/person\/image\/","url":"https:\/\/secure.gravatar.com\/avatar\/03eac8e609f5f04383125d80eaeaaf3e?s=96&d=mm&r=g","contentUrl":"https:\/\/secure.gravatar.com\/avatar\/03eac8e609f5f04383125d80eaeaaf3e?s=96&d=mm&r=g","caption":"A. P., STA"},"url":"https:\/\/hudo.com\/si\/author\/lubu\/"}]}},"amp_enabled":true,"_links":{"self":[{"href":"https:\/\/hudo.com\/si\/wp-json\/wp\/v2\/posts\/406718"}],"collection":[{"href":"https:\/\/hudo.com\/si\/wp-json\/wp\/v2\/posts"}],"about":[{"href":"https:\/\/hudo.com\/si\/wp-json\/wp\/v2\/types\/post"}],"author":[{"embeddable":true,"href":"https:\/\/hudo.com\/si\/wp-json\/wp\/v2\/users\/7"}],"replies":[{"embeddable":true,"href":"https:\/\/hudo.com\/si\/wp-json\/wp\/v2\/comments?post=406718"}],"version-history":[{"count":1,"href":"https:\/\/hudo.com\/si\/wp-json\/wp\/v2\/posts\/406718\/revisions"}],"predecessor-version":[{"id":406720,"href":"https:\/\/hudo.com\/si\/wp-json\/wp\/v2\/posts\/406718\/revisions\/406720"}],"wp:featuredmedia":[{"embeddable":true,"href":"https:\/\/hudo.com\/si\/wp-json\/wp\/v2\/media\/406719"}],"wp:attachment":[{"href":"https:\/\/hudo.com\/si\/wp-json\/wp\/v2\/media?parent=406718"}],"wp:term":[{"taxonomy":"category","embeddable":true,"href":"https:\/\/hudo.com\/si\/wp-json\/wp\/v2\/categories?post=406718"},{"taxonomy":"post_tag","embeddable":true,"href":"https:\/\/hudo.com\/si\/wp-json\/wp\/v2\/tags?post=406718"},{"taxonomy":"source","embeddable":true,"href":"https:\/\/hudo.com\/si\/wp-json\/wp\/v2\/source?post=406718"},{"taxonomy":"supertag","embeddable":true,"href":"https:\/\/hudo.com\/si\/wp-json\/wp\/v2\/supertag?post=406718"}],"curies":[{"name":"wp","href":"https:\/\/api.w.org\/{rel}","templated":true}]}}