{"id":406721,"date":"2019-09-22T08:13:45","date_gmt":"2019-09-22T06:13:45","guid":{"rendered":"http:\/\/hudo.com\/si\/?p=406721"},"modified":"2019-09-22T08:13:45","modified_gmt":"2019-09-22T06:13:45","slug":"nova-gorica-se-bo-poklonila-letecima-bratoma-rusjan","status":"publish","type":"post","link":"https:\/\/hudo.com\/si\/aktualno\/nova-gorica-se-bo-poklonila-letecima-bratoma-rusjan\/","title":{"rendered":"Nova Gorica se bo poklonila lete\u010dima bratoma Rusjan"},"content":{"rendered":"<p>Dogajanje se bo za\u010delo ob 14. uri, ko bo pilot Benjamin Li\u010der znova poletel pod \u017eelezni\u0161kim mostom v Solkanu, kar je doslej izvedel \u017ee trikrat. Ob 20. uri pa bodo pri spomeniku Edvardu Rusjanu ob Erjav\u010devi ulici pred Eda centrom pripravili projekcijo dokumentarnega filma Lete\u010da brata Rusjan.<\/p>\n<p>&#8220;Dolina So\u010de je lahko nepredvidljiva glede vremenskih razmer, te\u017eave lahko nastajajo tudi pri spustu letala nad gladino reke, saj je mo\u017ena le ena smer podleta pod tem \u010dudovitim solkanskim mostom,&#8221; je morebitne pasti predstavil Li\u010dar.<\/p>\n<p>Obletnico bratov Rusjan so obele\u017eili \u017ee z vodenim ogledom, ki so ga naslovili Gori\u0161ki Ikarus pe\u0161 ali s kolesi. Vodnica je zbrane od Trga Evrope popeljala mimo rojstne hi\u0161e bratov Rusjan na Kostanjevico, nato pa po novogori\u0161ki Erjav\u010devi ulici z alejo slavnih mo\u017e do spomenika Edvardu Rusjanu in Eda centra, kjer je razstavljena replika letala Eda 5.<\/p>\n<p>Z zgodbo o \u017eivljenju in delu bratov Rusjan je treba seznanjati tudi mlaj\u0161e generacije in na ta na\u010din ohranjati spomin nanju, je na predstavitvi dogajanja ob obletnici prvega poleta na Gori\u0161kem dejal novogori\u0161ki pod\u017eupan Simon Rosi\u010d. &#8220;Isto\u010dasno pa je to zgodbo treba razumeti kot idealno prilo\u017enost za razvijanje turizma, saj tu govorimo o kulturni dedi\u0161\u010dini, o letalski dedi\u0161\u010dini. Z drznimi in odlo\u010dnimi potezami lahko ustvarimo zgodbo, ki bo zelo zanimiva za \u0161tevilne turiste, ki bi si to radi pogledali od blizu.&#8221;<\/p>\n<p>Dober poznavalec \u017eivljenja in dela Edvarda in Josipa Rusjana Viljem Prin\u010di\u010d pa je poudaril, da Edvard Rusjan ni bil prvi prvi Evropejec, ki je poletel z letalom, vendar je bil njegov dose\u017eek pomemben zaradi ne\u010desa drugega. Vsi ostali letalci po Evropi so bili premo\u017eni, brata Rusjan pa nista imela denarja in v za\u010detku tudi ne znanja, saj sta bila samouka pri sestavljanju letal, je pojasnil.<\/p>\n<p>Edvard Rusjan je prvi polet opravil 25. novembra 1909 na Malih Rojcah, zahodnem delu Gorice, kjer je danes postavljen atletski stadion. Na dvokrilnem zrakoplovu Eda 1 se je Rusjan dvignil od tal, prav dale\u010d pa mu prvi\u010d ni uspelo poleteti.<\/p>\n","protected":false},"excerpt":{"rendered":"<p>Leto\u0161njega 25. novembra bo minilo 110 let, odkar je Edvard Rusjan prvi\u010d poletel z doma narejenim letalom, ki sta ga izdelala skupaj z bratom Josipom. Obletnico bo novogori\u0161ka ob\u010dina obele\u017eila danes v sklopu praznovanja ob\u010dinskega praznika, ko pripravljajo ve\u010d prireditev.<\/p>\n","protected":false},"author":7,"featured_media":406722,"comment_status":"closed","ping_status":"closed","sticky":false,"template":"","format":"standard","meta":{"footnotes":""},"categories":[1179],"tags":[6270,1595,1624],"source":[4511],"supertag":[],"acf":[],"yoast_head":"<!-- This site is optimized with the Yoast SEO plugin v21.3 - https:\/\/yoast.com\/wordpress\/plugins\/seo\/ -->\n<title>Nova Gorica se bo poklonila lete\u010dima bratoma Rusjan - Hudo Slovenija<\/title>\n<meta name=\"robots\" content=\"index, follow, max-snippet:-1, max-image-preview:large, max-video-preview:-1\" \/>\n<link rel=\"canonical\" href=\"https:\/\/hudo.com\/si\/aktualno\/nova-gorica-se-bo-poklonila-letecima-bratoma-rusjan\/\" \/>\n<meta property=\"og:locale\" content=\"sl_SI\" \/>\n<meta property=\"og:type\" content=\"article\" \/>\n<meta property=\"og:title\" content=\"Nova Gorica se bo poklonila lete\u010dima bratoma Rusjan - Hudo Slovenija\" \/>\n<meta property=\"og:description\" content=\"Leto\u0161njega 25. novembra bo minilo 110 let, odkar je Edvard Rusjan prvi\u010d poletel z doma narejenim letalom, ki sta ga izdelala skupaj z bratom Josipom. Obletnico bo novogori\u0161ka ob\u010dina obele\u017eila danes v sklopu praznovanja ob\u010dinskega praznika, ko pripravljajo ve\u010d prireditev.\" \/>\n<meta property=\"og:url\" content=\"https:\/\/hudo.com\/si\/aktualno\/nova-gorica-se-bo-poklonila-letecima-bratoma-rusjan\/\" \/>\n<meta property=\"og:site_name\" content=\"Hudo Slovenija\" \/>\n<meta property=\"article:publisher\" content=\"https:\/\/www.facebook.com\/hudo.si\" \/>\n<meta property=\"article:published_time\" content=\"2019-09-22T06:13:45+00:00\" \/>\n<meta property=\"og:image\" content=\"https:\/\/hudo.com\/si\/wp-content\/uploads\/sites\/2\/2019\/09\/profimedia-0128686256.jpg\" \/>\n\t<meta property=\"og:image:width\" content=\"1250\" \/>\n\t<meta property=\"og:image:height\" content=\"830\" \/>\n\t<meta property=\"og:image:type\" content=\"image\/jpeg\" \/>\n<meta name=\"author\" content=\"A. P., STA\" \/>\n<meta name=\"twitter:card\" content=\"summary_large_image\" \/>\n<meta name=\"twitter:creator\" content=\"@hudo_si\" \/>\n<meta name=\"twitter:site\" content=\"@hudo_si\" \/>\n<meta name=\"twitter:label1\" content=\"Written by\" \/>\n\t<meta name=\"twitter:data1\" content=\"A. P., STA\" \/>\n\t<meta name=\"twitter:label2\" content=\"Est. reading time\" \/>\n\t<meta name=\"twitter:data2\" content=\"2 minuti\" \/>\n<script type=\"application\/ld+json\" class=\"yoast-schema-graph\">{\"@context\":\"https:\/\/schema.org\",\"@graph\":[{\"@type\":\"Article\",\"@id\":\"https:\/\/hudo.com\/si\/aktualno\/nova-gorica-se-bo-poklonila-letecima-bratoma-rusjan\/#article\",\"isPartOf\":{\"@id\":\"https:\/\/hudo.com\/si\/aktualno\/nova-gorica-se-bo-poklonila-letecima-bratoma-rusjan\/\"},\"author\":{\"name\":\"A. P., STA\",\"@id\":\"https:\/\/hudo.com\/si\/#\/schema\/person\/18f09c02475ba9e606e941a565b80cff\"},\"headline\":\"Nova Gorica se bo poklonila lete\u010dima bratoma Rusjan\",\"datePublished\":\"2019-09-22T06:13:45+00:00\",\"dateModified\":\"2019-09-22T06:13:45+00:00\",\"mainEntityOfPage\":{\"@id\":\"https:\/\/hudo.com\/si\/aktualno\/nova-gorica-se-bo-poklonila-letecima-bratoma-rusjan\/\"},\"wordCount\":357,\"publisher\":{\"@id\":\"https:\/\/hudo.com\/si\/#organization\"},\"keywords\":[\"nova gorica\",\"Slovenija\",\"zgodovinske zanimivosti\"],\"articleSection\":[\"Aktualno\"],\"inLanguage\":\"sl-SI\"},{\"@type\":\"WebPage\",\"@id\":\"https:\/\/hudo.com\/si\/aktualno\/nova-gorica-se-bo-poklonila-letecima-bratoma-rusjan\/\",\"url\":\"https:\/\/hudo.com\/si\/aktualno\/nova-gorica-se-bo-poklonila-letecima-bratoma-rusjan\/\",\"name\":\"Nova Gorica se bo poklonila lete\u010dima bratoma Rusjan - Hudo Slovenija\",\"isPartOf\":{\"@id\":\"https:\/\/hudo.com\/si\/#website\"},\"datePublished\":\"2019-09-22T06:13:45+00:00\",\"dateModified\":\"2019-09-22T06:13:45+00:00\",\"breadcrumb\":{\"@id\":\"https:\/\/hudo.com\/si\/aktualno\/nova-gorica-se-bo-poklonila-letecima-bratoma-rusjan\/#breadcrumb\"},\"inLanguage\":\"sl-SI\",\"potentialAction\":[{\"@type\":\"ReadAction\",\"target\":[\"https:\/\/hudo.com\/si\/aktualno\/nova-gorica-se-bo-poklonila-letecima-bratoma-rusjan\/\"]}]},{\"@type\":\"BreadcrumbList\",\"@id\":\"https:\/\/hudo.com\/si\/aktualno\/nova-gorica-se-bo-poklonila-letecima-bratoma-rusjan\/#breadcrumb\",\"itemListElement\":[{\"@type\":\"ListItem\",\"position\":1,\"name\":\"Home\",\"item\":\"https:\/\/hudo.com\/si\/\"},{\"@type\":\"ListItem\",\"position\":2,\"name\":\"Nova Gorica se bo poklonila lete\u010dima bratoma Rusjan\"}]},{\"@type\":\"WebSite\",\"@id\":\"https:\/\/hudo.com\/si\/#website\",\"url\":\"https:\/\/hudo.com\/si\/\",\"name\":\"Hudo Slovenija\",\"description\":\"Vse novice iz Slovenije in sveta\",\"publisher\":{\"@id\":\"https:\/\/hudo.com\/si\/#organization\"},\"potentialAction\":[{\"@type\":\"SearchAction\",\"target\":{\"@type\":\"EntryPoint\",\"urlTemplate\":\"https:\/\/hudo.com\/si\/?s={search_term_string}\"},\"query-input\":\"required name=search_term_string\"}],\"inLanguage\":\"sl-SI\"},{\"@type\":\"Organization\",\"@id\":\"https:\/\/hudo.com\/si\/#organization\",\"name\":\"VSN Media\",\"url\":\"https:\/\/hudo.com\/si\/\",\"logo\":{\"@type\":\"ImageObject\",\"inLanguage\":\"sl-SI\",\"@id\":\"https:\/\/hudo.com\/si\/#\/schema\/logo\/image\/\",\"url\":\"https:\/\/hudo.com\/si\/wp-content\/uploads\/sites\/2\/2021\/03\/hudo-app-2.png\",\"contentUrl\":\"https:\/\/hudo.com\/si\/wp-content\/uploads\/sites\/2\/2021\/03\/hudo-app-2.png\",\"width\":2185,\"height\":2167,\"caption\":\"VSN Media\"},\"image\":{\"@id\":\"https:\/\/hudo.com\/si\/#\/schema\/logo\/image\/\"},\"sameAs\":[\"https:\/\/www.facebook.com\/hudo.si\",\"https:\/\/twitter.com\/hudo_si\"]},{\"@type\":\"Person\",\"@id\":\"https:\/\/hudo.com\/si\/#\/schema\/person\/18f09c02475ba9e606e941a565b80cff\",\"name\":\"A. P., STA\",\"image\":{\"@type\":\"ImageObject\",\"inLanguage\":\"sl-SI\",\"@id\":\"https:\/\/hudo.com\/si\/#\/schema\/person\/image\/\",\"url\":\"https:\/\/secure.gravatar.com\/avatar\/03eac8e609f5f04383125d80eaeaaf3e?s=96&d=mm&r=g\",\"contentUrl\":\"https:\/\/secure.gravatar.com\/avatar\/03eac8e609f5f04383125d80eaeaaf3e?s=96&d=mm&r=g\",\"caption\":\"A. P., STA\"},\"url\":\"https:\/\/hudo.com\/si\/author\/lubu\/\"}]}<\/script>\n<!-- \/ Yoast SEO plugin. -->","yoast_head_json":{"title":"Nova Gorica se bo poklonila lete\u010dima bratoma Rusjan - Hudo Slovenija","robots":{"index":"index","follow":"follow","max-snippet":"max-snippet:-1","max-image-preview":"max-image-preview:large","max-video-preview":"max-video-preview:-1"},"canonical":"https:\/\/hudo.com\/si\/aktualno\/nova-gorica-se-bo-poklonila-letecima-bratoma-rusjan\/","og_locale":"sl_SI","og_type":"article","og_title":"Nova Gorica se bo poklonila lete\u010dima bratoma Rusjan - Hudo Slovenija","og_description":"Leto\u0161njega 25. novembra bo minilo 110 let, odkar je Edvard Rusjan prvi\u010d poletel z doma narejenim letalom, ki sta ga izdelala skupaj z bratom Josipom. Obletnico bo novogori\u0161ka ob\u010dina obele\u017eila danes v sklopu praznovanja ob\u010dinskega praznika, ko pripravljajo ve\u010d prireditev.","og_url":"https:\/\/hudo.com\/si\/aktualno\/nova-gorica-se-bo-poklonila-letecima-bratoma-rusjan\/","og_site_name":"Hudo Slovenija","article_publisher":"https:\/\/www.facebook.com\/hudo.si","article_published_time":"2019-09-22T06:13:45+00:00","og_image":[{"width":1250,"height":830,"url":"https:\/\/hudo.com\/si\/wp-content\/uploads\/sites\/2\/2019\/09\/profimedia-0128686256.jpg","type":"image\/jpeg"}],"author":"A. P., STA","twitter_card":"summary_large_image","twitter_creator":"@hudo_si","twitter_site":"@hudo_si","twitter_misc":{"Written by":"A. P., STA","Est. reading time":"2 minuti"},"schema":{"@context":"https:\/\/schema.org","@graph":[{"@type":"Article","@id":"https:\/\/hudo.com\/si\/aktualno\/nova-gorica-se-bo-poklonila-letecima-bratoma-rusjan\/#article","isPartOf":{"@id":"https:\/\/hudo.com\/si\/aktualno\/nova-gorica-se-bo-poklonila-letecima-bratoma-rusjan\/"},"author":{"name":"A. P., STA","@id":"https:\/\/hudo.com\/si\/#\/schema\/person\/18f09c02475ba9e606e941a565b80cff"},"headline":"Nova Gorica se bo poklonila lete\u010dima bratoma Rusjan","datePublished":"2019-09-22T06:13:45+00:00","dateModified":"2019-09-22T06:13:45+00:00","mainEntityOfPage":{"@id":"https:\/\/hudo.com\/si\/aktualno\/nova-gorica-se-bo-poklonila-letecima-bratoma-rusjan\/"},"wordCount":357,"publisher":{"@id":"https:\/\/hudo.com\/si\/#organization"},"keywords":["nova gorica","Slovenija","zgodovinske zanimivosti"],"articleSection":["Aktualno"],"inLanguage":"sl-SI"},{"@type":"WebPage","@id":"https:\/\/hudo.com\/si\/aktualno\/nova-gorica-se-bo-poklonila-letecima-bratoma-rusjan\/","url":"https:\/\/hudo.com\/si\/aktualno\/nova-gorica-se-bo-poklonila-letecima-bratoma-rusjan\/","name":"Nova Gorica se bo poklonila lete\u010dima bratoma Rusjan - Hudo Slovenija","isPartOf":{"@id":"https:\/\/hudo.com\/si\/#website"},"datePublished":"2019-09-22T06:13:45+00:00","dateModified":"2019-09-22T06:13:45+00:00","breadcrumb":{"@id":"https:\/\/hudo.com\/si\/aktualno\/nova-gorica-se-bo-poklonila-letecima-bratoma-rusjan\/#breadcrumb"},"inLanguage":"sl-SI","potentialAction":[{"@type":"ReadAction","target":["https:\/\/hudo.com\/si\/aktualno\/nova-gorica-se-bo-poklonila-letecima-bratoma-rusjan\/"]}]},{"@type":"BreadcrumbList","@id":"https:\/\/hudo.com\/si\/aktualno\/nova-gorica-se-bo-poklonila-letecima-bratoma-rusjan\/#breadcrumb","itemListElement":[{"@type":"ListItem","position":1,"name":"Home","item":"https:\/\/hudo.com\/si\/"},{"@type":"ListItem","position":2,"name":"Nova Gorica se bo poklonila lete\u010dima bratoma Rusjan"}]},{"@type":"WebSite","@id":"https:\/\/hudo.com\/si\/#website","url":"https:\/\/hudo.com\/si\/","name":"Hudo Slovenija","description":"Vse novice iz Slovenije in sveta","publisher":{"@id":"https:\/\/hudo.com\/si\/#organization"},"potentialAction":[{"@type":"SearchAction","target":{"@type":"EntryPoint","urlTemplate":"https:\/\/hudo.com\/si\/?s={search_term_string}"},"query-input":"required name=search_term_string"}],"inLanguage":"sl-SI"},{"@type":"Organization","@id":"https:\/\/hudo.com\/si\/#organization","name":"VSN Media","url":"https:\/\/hudo.com\/si\/","logo":{"@type":"ImageObject","inLanguage":"sl-SI","@id":"https:\/\/hudo.com\/si\/#\/schema\/logo\/image\/","url":"https:\/\/hudo.com\/si\/wp-content\/uploads\/sites\/2\/2021\/03\/hudo-app-2.png","contentUrl":"https:\/\/hudo.com\/si\/wp-content\/uploads\/sites\/2\/2021\/03\/hudo-app-2.png","width":2185,"height":2167,"caption":"VSN Media"},"image":{"@id":"https:\/\/hudo.com\/si\/#\/schema\/logo\/image\/"},"sameAs":["https:\/\/www.facebook.com\/hudo.si","https:\/\/twitter.com\/hudo_si"]},{"@type":"Person","@id":"https:\/\/hudo.com\/si\/#\/schema\/person\/18f09c02475ba9e606e941a565b80cff","name":"A. P., STA","image":{"@type":"ImageObject","inLanguage":"sl-SI","@id":"https:\/\/hudo.com\/si\/#\/schema\/person\/image\/","url":"https:\/\/secure.gravatar.com\/avatar\/03eac8e609f5f04383125d80eaeaaf3e?s=96&d=mm&r=g","contentUrl":"https:\/\/secure.gravatar.com\/avatar\/03eac8e609f5f04383125d80eaeaaf3e?s=96&d=mm&r=g","caption":"A. P., STA"},"url":"https:\/\/hudo.com\/si\/author\/lubu\/"}]}},"amp_enabled":true,"_links":{"self":[{"href":"https:\/\/hudo.com\/si\/wp-json\/wp\/v2\/posts\/406721"}],"collection":[{"href":"https:\/\/hudo.com\/si\/wp-json\/wp\/v2\/posts"}],"about":[{"href":"https:\/\/hudo.com\/si\/wp-json\/wp\/v2\/types\/post"}],"author":[{"embeddable":true,"href":"https:\/\/hudo.com\/si\/wp-json\/wp\/v2\/users\/7"}],"replies":[{"embeddable":true,"href":"https:\/\/hudo.com\/si\/wp-json\/wp\/v2\/comments?post=406721"}],"version-history":[{"count":1,"href":"https:\/\/hudo.com\/si\/wp-json\/wp\/v2\/posts\/406721\/revisions"}],"predecessor-version":[{"id":406723,"href":"https:\/\/hudo.com\/si\/wp-json\/wp\/v2\/posts\/406721\/revisions\/406723"}],"wp:featuredmedia":[{"embeddable":true,"href":"https:\/\/hudo.com\/si\/wp-json\/wp\/v2\/media\/406722"}],"wp:attachment":[{"href":"https:\/\/hudo.com\/si\/wp-json\/wp\/v2\/media?parent=406721"}],"wp:term":[{"taxonomy":"category","embeddable":true,"href":"https:\/\/hudo.com\/si\/wp-json\/wp\/v2\/categories?post=406721"},{"taxonomy":"post_tag","embeddable":true,"href":"https:\/\/hudo.com\/si\/wp-json\/wp\/v2\/tags?post=406721"},{"taxonomy":"source","embeddable":true,"href":"https:\/\/hudo.com\/si\/wp-json\/wp\/v2\/source?post=406721"},{"taxonomy":"supertag","embeddable":true,"href":"https:\/\/hudo.com\/si\/wp-json\/wp\/v2\/supertag?post=406721"}],"curies":[{"name":"wp","href":"https:\/\/api.w.org\/{rel}","templated":true}]}}