{"id":406724,"date":"2019-09-22T06:18:46","date_gmt":"2019-09-22T04:18:46","guid":{"rendered":"https:\/\/hudo.com\/si\/2019\/09\/22\/pred-20-leti-prva-tekma-nogometne-lige-prvakov-v-sloveniji\/"},"modified":"2019-09-22T06:18:46","modified_gmt":"2019-09-22T04:18:46","slug":"pred-20-leti-prva-tekma-nogometne-lige-prvakov-v-sloveniji","status":"publish","type":"post","link":"https:\/\/hudo.com\/si\/zdrav-duh-telo\/pred-20-leti-prva-tekma-nogometne-lige-prvakov-v-sloveniji\/","title":{"rendered":"Pred 20 leti prva tekma nogometne lige prvakov v Sloveniji"},"content":{"rendered":"<figure>\n\t\t\t\t\t<img loading=\"lazy\" decoding=\"async\" width=\"660\" height=\"320\" src=\"image\/gif;base64,R0lGODlhAQABAAAAACH5BAEKAAEALAAAAAABAAEAAAICTAEAOw==\" class=\"lazyload\" \/><figcaption>foto:Profimedia<\/figcaption><\/figure>\n<p>Maribor\u010dani, ki jih je takrat vodil Bojan Pra\u0161nikar, so velike stvari v sezoni 1999\/2000 napovedali \u017ee v kvalifikacijah za najve\u010dje klubsko tekmovanje stare celine.<\/p>\n<p>V dveh kvalifikacijskih krogih so izlo\u010dili takrat evropsko precej uglednej\u0161a Genk in Lyon, slednjega kar s skupnim izidom 3:0, pa \u010deprav je imel ta v svojih vrstah kar nekaj uveljavljenih nogometa\u0161ev, denimo Gregoryja Coupeta, Steeda Malbranqua, Sonnyja Andersona &#8230;<\/p>\n<p>\u0160e ve\u010dje veselje na \u0160tajerskem in po Sloveniji je nastopilo v prvem krogu skupinskega dela, ko je z zadetkom v 72. minuti Ante \u0160imund\u017ea v Kijevu prinesel krstno zmago Maribora v ligi prvakov. Strastni \u0161tajerski navija\u010di so osem dni pozneje svoje nogometa\u0161e prvi\u010d videli v ligi prvakov v doma\u010dem Ljudskem vrtu.<\/p>\n<p>Pribli\u017eno 10.000 jih je bu\u010dno pozdravilo za\u010detno enajsterico, v kateri so bili Marko Simeunovi\u0107, Marinko Gali\u010d, Geri \u010cipi, Suad Filekovi\u0107, Stipe Balaji\u0107, Simon Se\u0161lar, Gregor \u017didan, Dejan Djuranovi\u0107, Muamer Vugdali\u0107, Kliton Bozgo in Ante \u0160imund\u017ea. V 52. in 69. minuti sta vstopila \u0161e Martin Pregelj in Mehmet Dragusha.<\/p>\n<p>Takratni nem\u0161ki podprvak Bayer iz Leverkusna pa se je izkazal za premo\u010dnega, utrujenost in tudi odsotnost po\u0161kodovanih Amirja Kari\u0107a in Marinka \u0160arkezija sta z zadetkoma izkoristila Boris \u017divkovi\u0107 v 82. in Ulf Kirsten v 90. minuti.<\/p>\n<p>&#8220;V uvodni tekmi lige prvakov na doma\u010dem terenu smo \u017eeleli veliko ve\u010d. Vse do 80. minute nam je uspelo zadr\u017eati neodlo\u010den izid, v tem \u010dasu smo imeli tudi dve izjemni prilo\u017enosti, ki pa jih nismo izkoristili. Na koncu je popustila tudi koncentracija,&#8221; je po tekmi pojasnil Pra\u0161nikar.<\/p>\n<p>Medtem je gostujo\u010di strateg Christoph Daum pohvalil gostoljubnost in pa nekatere posameznike Maribora. &#8220;Bozgo nam je delal najve\u010d preglavic, a je na\u0161 vratar tokrat odli\u010dno posredoval,&#8221; je dejal nem\u0161ki strateg.<\/p>\n<p>Maribor je na koncu \u0161e v dru\u017ebi Lazia, ki je bil prvi v skupini, zbral \u0161tiri to\u010dke, ob \u017ee omenjeni zmagi v Kijevu je remiziral z 0:0 v zadnjem krogu v Leverkusnu in kon\u010dal na \u010detrtem mestu. Tam je kon\u010dal tudi svoje drugo udejstvovanje v najbolj\u0161em klubskem tekmovanju, v sezoni 2014\/15 je zbral tri to\u010dke v skupini G, kjer so bili \u0161e Chelsea, Schalke in Sporting.<\/p>\n<p>Tretji\u010d pa je v ligi prvakov igral v sezoni 2017\/18, spet pa je osvojil tri to\u010dke in zadnje mesto v skupini, kjer so bili \u0161e Liverpool, Sevilla in Spartak Moskva.<\/p>\n<p>Najuspe\u0161nej\u0161i slovenski nogometni kolektiv med velike uspehe sicer \u0161teje tudi trikratno igranje v skupinskem delu evropske lige v sezonah 2011\/12, 2012\/13 in 2013\/14, v slednji so se prebili celo v \u0161estnajstino finala.<\/p>\n","protected":false},"excerpt":{"rendered":"<p>Nogometa\u0161i Maribora so pred to\u010dno 20 leti kot prvi slovenski klub pripeljali tekmo elitne lige prvakov v Slovenijo. Takrat, 22. septembra 1999, so v 2. krogu skupine A gostili Bayer iz Leverkusna, ki je nekoliko pokvaril vtis po sanjskem za\u010detku in zmagi v Kijevu pri Dinamu v uvodnem krogu.<\/p>\n","protected":false},"author":1,"featured_media":0,"comment_status":"closed","ping_status":"closed","sticky":false,"template":"","format":"standard","meta":{"footnotes":""},"categories":[1],"tags":[3600,1595,14736],"source":[1518,4032,1556],"supertag":[],"acf":[],"yoast_head":"<!-- This site is optimized with the Yoast SEO plugin v21.3 - https:\/\/yoast.com\/wordpress\/plugins\/seo\/ -->\n<title>Pred 20 leti prva tekma nogometne lige prvakov v Sloveniji - Hudo Slovenija<\/title>\n<meta name=\"robots\" content=\"index, follow, max-snippet:-1, max-image-preview:large, max-video-preview:-1\" \/>\n<link rel=\"canonical\" href=\"https:\/\/hudo.com\/si\/zdrav-duh-telo\/pred-20-leti-prva-tekma-nogometne-lige-prvakov-v-sloveniji\/\" \/>\n<meta property=\"og:locale\" content=\"sl_SI\" \/>\n<meta property=\"og:type\" content=\"article\" \/>\n<meta property=\"og:title\" content=\"Pred 20 leti prva tekma nogometne lige prvakov v Sloveniji - Hudo Slovenija\" \/>\n<meta property=\"og:description\" content=\"Nogometa\u0161i Maribora so pred to\u010dno 20 leti kot prvi slovenski klub pripeljali tekmo elitne lige prvakov v Slovenijo. Takrat, 22. septembra 1999, so v 2. krogu skupine A gostili Bayer iz Leverkusna, ki je nekoliko pokvaril vtis po sanjskem za\u010detku in zmagi v Kijevu pri Dinamu v uvodnem krogu.\" \/>\n<meta property=\"og:url\" content=\"https:\/\/hudo.com\/si\/zdrav-duh-telo\/pred-20-leti-prva-tekma-nogometne-lige-prvakov-v-sloveniji\/\" \/>\n<meta property=\"og:site_name\" content=\"Hudo Slovenija\" \/>\n<meta property=\"article:publisher\" content=\"https:\/\/www.facebook.com\/hudo.si\" \/>\n<meta property=\"article:published_time\" content=\"2019-09-22T04:18:46+00:00\" \/>\n<meta property=\"og:image\" content=\"https:\/\/hudo.com\/si\/wp-content\/uploads\/sites\/2\/2019\/09\/profimedia-0296170214.jpg\" \/>\n\t<meta property=\"og:image:width\" content=\"1250\" \/>\n\t<meta property=\"og:image:height\" content=\"833\" \/>\n\t<meta property=\"og:image:type\" content=\"image\/jpeg\" \/>\n<meta name=\"author\" content=\"hudo\" \/>\n<meta name=\"twitter:card\" content=\"summary_large_image\" \/>\n<meta name=\"twitter:creator\" content=\"@hudo_si\" \/>\n<meta name=\"twitter:site\" content=\"@hudo_si\" \/>\n<meta name=\"twitter:label1\" content=\"Written by\" \/>\n\t<meta name=\"twitter:data1\" content=\"hudo\" \/>\n\t<meta name=\"twitter:label2\" content=\"Est. reading time\" \/>\n\t<meta name=\"twitter:data2\" content=\"2 minuti\" \/>\n<script type=\"application\/ld+json\" class=\"yoast-schema-graph\">{\"@context\":\"https:\/\/schema.org\",\"@graph\":[{\"@type\":\"Article\",\"@id\":\"https:\/\/hudo.com\/si\/zdrav-duh-telo\/pred-20-leti-prva-tekma-nogometne-lige-prvakov-v-sloveniji\/#article\",\"isPartOf\":{\"@id\":\"https:\/\/hudo.com\/si\/zdrav-duh-telo\/pred-20-leti-prva-tekma-nogometne-lige-prvakov-v-sloveniji\/\"},\"author\":{\"name\":\"hudo\",\"@id\":\"https:\/\/hudo.com\/si\/#\/schema\/person\/601cf3379633985b20f7e50f2bb47707\"},\"headline\":\"Pred 20 leti prva tekma nogometne lige prvakov v Sloveniji\",\"datePublished\":\"2019-09-22T04:18:46+00:00\",\"dateModified\":\"2019-09-22T04:18:46+00:00\",\"mainEntityOfPage\":{\"@id\":\"https:\/\/hudo.com\/si\/zdrav-duh-telo\/pred-20-leti-prva-tekma-nogometne-lige-prvakov-v-sloveniji\/\"},\"wordCount\":435,\"publisher\":{\"@id\":\"https:\/\/hudo.com\/si\/#organization\"},\"keywords\":[\"nogomet\",\"Slovenija\",\"UEFA Lige prvakov\"],\"articleSection\":[\"Zdrav duh &amp; telo\"],\"inLanguage\":\"sl-SI\"},{\"@type\":\"WebPage\",\"@id\":\"https:\/\/hudo.com\/si\/zdrav-duh-telo\/pred-20-leti-prva-tekma-nogometne-lige-prvakov-v-sloveniji\/\",\"url\":\"https:\/\/hudo.com\/si\/zdrav-duh-telo\/pred-20-leti-prva-tekma-nogometne-lige-prvakov-v-sloveniji\/\",\"name\":\"Pred 20 leti prva tekma nogometne lige prvakov v Sloveniji - Hudo Slovenija\",\"isPartOf\":{\"@id\":\"https:\/\/hudo.com\/si\/#website\"},\"datePublished\":\"2019-09-22T04:18:46+00:00\",\"dateModified\":\"2019-09-22T04:18:46+00:00\",\"breadcrumb\":{\"@id\":\"https:\/\/hudo.com\/si\/zdrav-duh-telo\/pred-20-leti-prva-tekma-nogometne-lige-prvakov-v-sloveniji\/#breadcrumb\"},\"inLanguage\":\"sl-SI\",\"potentialAction\":[{\"@type\":\"ReadAction\",\"target\":[\"https:\/\/hudo.com\/si\/zdrav-duh-telo\/pred-20-leti-prva-tekma-nogometne-lige-prvakov-v-sloveniji\/\"]}]},{\"@type\":\"BreadcrumbList\",\"@id\":\"https:\/\/hudo.com\/si\/zdrav-duh-telo\/pred-20-leti-prva-tekma-nogometne-lige-prvakov-v-sloveniji\/#breadcrumb\",\"itemListElement\":[{\"@type\":\"ListItem\",\"position\":1,\"name\":\"Home\",\"item\":\"https:\/\/hudo.com\/si\/\"},{\"@type\":\"ListItem\",\"position\":2,\"name\":\"Pred 20 leti prva tekma nogometne lige prvakov v Sloveniji\"}]},{\"@type\":\"WebSite\",\"@id\":\"https:\/\/hudo.com\/si\/#website\",\"url\":\"https:\/\/hudo.com\/si\/\",\"name\":\"Hudo Slovenija\",\"description\":\"Vse novice iz Slovenije in sveta\",\"publisher\":{\"@id\":\"https:\/\/hudo.com\/si\/#organization\"},\"potentialAction\":[{\"@type\":\"SearchAction\",\"target\":{\"@type\":\"EntryPoint\",\"urlTemplate\":\"https:\/\/hudo.com\/si\/?s={search_term_string}\"},\"query-input\":\"required name=search_term_string\"}],\"inLanguage\":\"sl-SI\"},{\"@type\":\"Organization\",\"@id\":\"https:\/\/hudo.com\/si\/#organization\",\"name\":\"VSN Media\",\"url\":\"https:\/\/hudo.com\/si\/\",\"logo\":{\"@type\":\"ImageObject\",\"inLanguage\":\"sl-SI\",\"@id\":\"https:\/\/hudo.com\/si\/#\/schema\/logo\/image\/\",\"url\":\"https:\/\/hudo.com\/si\/wp-content\/uploads\/sites\/2\/2021\/03\/hudo-app-2.png\",\"contentUrl\":\"https:\/\/hudo.com\/si\/wp-content\/uploads\/sites\/2\/2021\/03\/hudo-app-2.png\",\"width\":2185,\"height\":2167,\"caption\":\"VSN Media\"},\"image\":{\"@id\":\"https:\/\/hudo.com\/si\/#\/schema\/logo\/image\/\"},\"sameAs\":[\"https:\/\/www.facebook.com\/hudo.si\",\"https:\/\/twitter.com\/hudo_si\"]},{\"@type\":\"Person\",\"@id\":\"https:\/\/hudo.com\/si\/#\/schema\/person\/601cf3379633985b20f7e50f2bb47707\",\"name\":\"hudo\",\"image\":{\"@type\":\"ImageObject\",\"inLanguage\":\"sl-SI\",\"@id\":\"https:\/\/hudo.com\/si\/#\/schema\/person\/image\/\",\"url\":\"https:\/\/secure.gravatar.com\/avatar\/c4ca25fa72cace7a696b52ff5db9e095?s=96&d=mm&r=g\",\"contentUrl\":\"https:\/\/secure.gravatar.com\/avatar\/c4ca25fa72cace7a696b52ff5db9e095?s=96&d=mm&r=g\",\"caption\":\"hudo\"},\"url\":\"https:\/\/hudo.com\/si\/author\/hudo\/\"}]}<\/script>\n<!-- \/ Yoast SEO plugin. -->","yoast_head_json":{"title":"Pred 20 leti prva tekma nogometne lige prvakov v Sloveniji - Hudo Slovenija","robots":{"index":"index","follow":"follow","max-snippet":"max-snippet:-1","max-image-preview":"max-image-preview:large","max-video-preview":"max-video-preview:-1"},"canonical":"https:\/\/hudo.com\/si\/zdrav-duh-telo\/pred-20-leti-prva-tekma-nogometne-lige-prvakov-v-sloveniji\/","og_locale":"sl_SI","og_type":"article","og_title":"Pred 20 leti prva tekma nogometne lige prvakov v Sloveniji - Hudo Slovenija","og_description":"Nogometa\u0161i Maribora so pred to\u010dno 20 leti kot prvi slovenski klub pripeljali tekmo elitne lige prvakov v Slovenijo. Takrat, 22. septembra 1999, so v 2. krogu skupine A gostili Bayer iz Leverkusna, ki je nekoliko pokvaril vtis po sanjskem za\u010detku in zmagi v Kijevu pri Dinamu v uvodnem krogu.","og_url":"https:\/\/hudo.com\/si\/zdrav-duh-telo\/pred-20-leti-prva-tekma-nogometne-lige-prvakov-v-sloveniji\/","og_site_name":"Hudo Slovenija","article_publisher":"https:\/\/www.facebook.com\/hudo.si","article_published_time":"2019-09-22T04:18:46+00:00","og_image":[{"width":1250,"height":833,"url":"https:\/\/hudo.com\/si\/wp-content\/uploads\/sites\/2\/2019\/09\/profimedia-0296170214.jpg","type":"image\/jpeg"}],"author":"hudo","twitter_card":"summary_large_image","twitter_creator":"@hudo_si","twitter_site":"@hudo_si","twitter_misc":{"Written by":"hudo","Est. reading time":"2 minuti"},"schema":{"@context":"https:\/\/schema.org","@graph":[{"@type":"Article","@id":"https:\/\/hudo.com\/si\/zdrav-duh-telo\/pred-20-leti-prva-tekma-nogometne-lige-prvakov-v-sloveniji\/#article","isPartOf":{"@id":"https:\/\/hudo.com\/si\/zdrav-duh-telo\/pred-20-leti-prva-tekma-nogometne-lige-prvakov-v-sloveniji\/"},"author":{"name":"hudo","@id":"https:\/\/hudo.com\/si\/#\/schema\/person\/601cf3379633985b20f7e50f2bb47707"},"headline":"Pred 20 leti prva tekma nogometne lige prvakov v Sloveniji","datePublished":"2019-09-22T04:18:46+00:00","dateModified":"2019-09-22T04:18:46+00:00","mainEntityOfPage":{"@id":"https:\/\/hudo.com\/si\/zdrav-duh-telo\/pred-20-leti-prva-tekma-nogometne-lige-prvakov-v-sloveniji\/"},"wordCount":435,"publisher":{"@id":"https:\/\/hudo.com\/si\/#organization"},"keywords":["nogomet","Slovenija","UEFA Lige prvakov"],"articleSection":["Zdrav duh &amp; telo"],"inLanguage":"sl-SI"},{"@type":"WebPage","@id":"https:\/\/hudo.com\/si\/zdrav-duh-telo\/pred-20-leti-prva-tekma-nogometne-lige-prvakov-v-sloveniji\/","url":"https:\/\/hudo.com\/si\/zdrav-duh-telo\/pred-20-leti-prva-tekma-nogometne-lige-prvakov-v-sloveniji\/","name":"Pred 20 leti prva tekma nogometne lige prvakov v Sloveniji - Hudo Slovenija","isPartOf":{"@id":"https:\/\/hudo.com\/si\/#website"},"datePublished":"2019-09-22T04:18:46+00:00","dateModified":"2019-09-22T04:18:46+00:00","breadcrumb":{"@id":"https:\/\/hudo.com\/si\/zdrav-duh-telo\/pred-20-leti-prva-tekma-nogometne-lige-prvakov-v-sloveniji\/#breadcrumb"},"inLanguage":"sl-SI","potentialAction":[{"@type":"ReadAction","target":["https:\/\/hudo.com\/si\/zdrav-duh-telo\/pred-20-leti-prva-tekma-nogometne-lige-prvakov-v-sloveniji\/"]}]},{"@type":"BreadcrumbList","@id":"https:\/\/hudo.com\/si\/zdrav-duh-telo\/pred-20-leti-prva-tekma-nogometne-lige-prvakov-v-sloveniji\/#breadcrumb","itemListElement":[{"@type":"ListItem","position":1,"name":"Home","item":"https:\/\/hudo.com\/si\/"},{"@type":"ListItem","position":2,"name":"Pred 20 leti prva tekma nogometne lige prvakov v Sloveniji"}]},{"@type":"WebSite","@id":"https:\/\/hudo.com\/si\/#website","url":"https:\/\/hudo.com\/si\/","name":"Hudo Slovenija","description":"Vse novice iz Slovenije in sveta","publisher":{"@id":"https:\/\/hudo.com\/si\/#organization"},"potentialAction":[{"@type":"SearchAction","target":{"@type":"EntryPoint","urlTemplate":"https:\/\/hudo.com\/si\/?s={search_term_string}"},"query-input":"required name=search_term_string"}],"inLanguage":"sl-SI"},{"@type":"Organization","@id":"https:\/\/hudo.com\/si\/#organization","name":"VSN Media","url":"https:\/\/hudo.com\/si\/","logo":{"@type":"ImageObject","inLanguage":"sl-SI","@id":"https:\/\/hudo.com\/si\/#\/schema\/logo\/image\/","url":"https:\/\/hudo.com\/si\/wp-content\/uploads\/sites\/2\/2021\/03\/hudo-app-2.png","contentUrl":"https:\/\/hudo.com\/si\/wp-content\/uploads\/sites\/2\/2021\/03\/hudo-app-2.png","width":2185,"height":2167,"caption":"VSN Media"},"image":{"@id":"https:\/\/hudo.com\/si\/#\/schema\/logo\/image\/"},"sameAs":["https:\/\/www.facebook.com\/hudo.si","https:\/\/twitter.com\/hudo_si"]},{"@type":"Person","@id":"https:\/\/hudo.com\/si\/#\/schema\/person\/601cf3379633985b20f7e50f2bb47707","name":"hudo","image":{"@type":"ImageObject","inLanguage":"sl-SI","@id":"https:\/\/hudo.com\/si\/#\/schema\/person\/image\/","url":"https:\/\/secure.gravatar.com\/avatar\/c4ca25fa72cace7a696b52ff5db9e095?s=96&d=mm&r=g","contentUrl":"https:\/\/secure.gravatar.com\/avatar\/c4ca25fa72cace7a696b52ff5db9e095?s=96&d=mm&r=g","caption":"hudo"},"url":"https:\/\/hudo.com\/si\/author\/hudo\/"}]}},"amp_enabled":true,"_links":{"self":[{"href":"https:\/\/hudo.com\/si\/wp-json\/wp\/v2\/posts\/406724"}],"collection":[{"href":"https:\/\/hudo.com\/si\/wp-json\/wp\/v2\/posts"}],"about":[{"href":"https:\/\/hudo.com\/si\/wp-json\/wp\/v2\/types\/post"}],"author":[{"embeddable":true,"href":"https:\/\/hudo.com\/si\/wp-json\/wp\/v2\/users\/1"}],"replies":[{"embeddable":true,"href":"https:\/\/hudo.com\/si\/wp-json\/wp\/v2\/comments?post=406724"}],"version-history":[{"count":0,"href":"https:\/\/hudo.com\/si\/wp-json\/wp\/v2\/posts\/406724\/revisions"}],"wp:attachment":[{"href":"https:\/\/hudo.com\/si\/wp-json\/wp\/v2\/media?parent=406724"}],"wp:term":[{"taxonomy":"category","embeddable":true,"href":"https:\/\/hudo.com\/si\/wp-json\/wp\/v2\/categories?post=406724"},{"taxonomy":"post_tag","embeddable":true,"href":"https:\/\/hudo.com\/si\/wp-json\/wp\/v2\/tags?post=406724"},{"taxonomy":"source","embeddable":true,"href":"https:\/\/hudo.com\/si\/wp-json\/wp\/v2\/source?post=406724"},{"taxonomy":"supertag","embeddable":true,"href":"https:\/\/hudo.com\/si\/wp-json\/wp\/v2\/supertag?post=406724"}],"curies":[{"name":"wp","href":"https:\/\/api.w.org\/{rel}","templated":true}]}}