{"id":407075,"date":"2019-09-25T10:59:17","date_gmt":"2019-09-25T08:59:17","guid":{"rendered":"https:\/\/hudo.com\/si\/2019\/09\/25\/cakanja-je-konec-meghan-in-harry-sta-javnosti-koncno-pokazala-4-mesecnega-sina-archija\/"},"modified":"2019-09-25T10:59:17","modified_gmt":"2019-09-25T08:59:17","slug":"cakanja-je-konec-meghan-in-harry-sta-javnosti-koncno-pokazala-4-mesecnega-sina-archija","status":"publish","type":"post","link":"https:\/\/hudo.com\/si\/vip\/cakanja-je-konec-meghan-in-harry-sta-javnosti-koncno-pokazala-4-mesecnega-sina-archija\/","title":{"rendered":"\u010cakanja je konec: Meghan in Harry sta javnosti kon\u010dno pokazala 4-mese\u010dnega sina Archija"},"content":{"rendered":"<div class=\"gallery\">\n<figure>\n\t\t\t\t\t\t<img loading=\"lazy\" decoding=\"async\" width=\"660\" height=\"320\" src=\"image\/gif;base64,R0lGODlhAQABAAAAACH5BAEKAAEALAAAAAABAAEAAAICTAEAOw==\" class=\"lazyload\" \/><figcaption>Foto: Profimedia<\/figcaption><\/figure>\n<figure>\n\t\t\t\t\t\t<img loading=\"lazy\" decoding=\"async\" width=\"660\" height=\"320\" src=\"image\/gif;base64,R0lGODlhAQABAAAAACH5BAEKAAEALAAAAAABAAEAAAICTAEAOw==\" class=\"lazyload\" \/><figcaption>Foto: Profimedia<\/figcaption><\/figure>\n<figure>\n\t\t\t\t\t\t<img loading=\"lazy\" decoding=\"async\" width=\"660\" height=\"320\" src=\"image\/gif;base64,R0lGODlhAQABAAAAACH5BAEKAAEALAAAAAABAAEAAAICTAEAOw==\" class=\"lazyload\" \/><figcaption>Foto: Profimedia<\/figcaption><\/figure>\n<figure>\n\t\t\t\t\t\t<img loading=\"lazy\" decoding=\"async\" width=\"660\" height=\"320\" src=\"image\/gif;base64,R0lGODlhAQABAAAAACH5BAEKAAEALAAAAAABAAEAAAICTAEAOw==\" class=\"lazyload\" \/><figcaption>Foto: Profimedia<\/figcaption><\/figure>\n<figure>\n\t\t\t\t\t\t<img loading=\"lazy\" decoding=\"async\" width=\"660\" height=\"320\" src=\"image\/gif;base64,R0lGODlhAQABAAAAACH5BAEKAAEALAAAAAABAAEAAAICTAEAOw==\" class=\"lazyload\" \/><figcaption>Foto: Profimedia<\/figcaption><\/figure>\n<figure>\n\t\t\t\t\t\t<img loading=\"lazy\" decoding=\"async\" width=\"660\" height=\"320\" src=\"image\/gif;base64,R0lGODlhAQABAAAAACH5BAEKAAEALAAAAAABAAEAAAICTAEAOw==\" class=\"lazyload\" \/><figcaption>Foto: Profimedia<\/figcaption><\/figure>\n<figure>\n\t\t\t\t\t\t<img loading=\"lazy\" decoding=\"async\" width=\"660\" height=\"320\" src=\"image\/gif;base64,R0lGODlhAQABAAAAACH5BAEKAAEALAAAAAABAAEAAAICTAEAOw==\" class=\"lazyload\" \/><figcaption>Foto: Profimedia<\/figcaption><\/figure>\n<\/p><\/div>\n<p>Mali Archie se je svojima star\u0161ema pridru\u017eil na turneji po Ju\u017eni Afriki in \u010deprav sta ga do sedaj skrbno varovala in skrivala pred o\u010dmi javnosti, sta se odlo\u010dila da ga na \u010dajanko pri nad\u0161kofu Desmondu Tutuju vzameta s sabo in tudi poka\u017eeta javnosti. Dru\u017einica je nad\u0161kofa obiskala v stavbi The Old Granary Building, ki eden od za\u0161\u010ditnih znakov Cape Towna in hkrati sede\u017e leta 2013 ustanovljene fundacije, ki jo je nad\u0161kof ustanovil skupaj z \u017eeno\u00a0Leah Tutu, in ki se bori za socialne pravice in pomaga bodo\u010dim mladim voditeljem.<\/p>\n<blockquote class=\"instagram-media\">\n<div style=\"padding:16px\"> <a href=\"https:\/\/www.instagram.com\/p\/B21FUmYFgHb\/?utm_source=ig_embed&amp;utm_campaign=loading\" style=\"background:#FFFFFF;line-height:0;padding:0 0;text-align:center;text-decoration:none;width:100%\" target=\"_blank\"> <\/p>\n<div>\n<div style=\"background-color: #F4F4F4;height: 40px;margin-right: 14px;width: 40px\"><\/div>\n<div>\n<div style=\"background-color: #F4F4F4;height: 14px;margin-bottom: 6px;width: 100px\"><\/div>\n<div style=\"background-color: #F4F4F4;height: 14px;width: 60px\"><\/div>\n<\/div>\n<\/div>\n<div style=\"padding: 19% 0\"><\/div>\n<div style=\"height:50px;margin:0 auto 12px;width:50px\"><\/div>\n<div style=\"padding-top: 8px\">\n<div style=\"color:#3897f0;font-family:Arial,sans-serif;font-size:14px;font-style:normal;font-weight:550;line-height:18px\"> View this post on Instagram<\/div>\n<\/div>\n<div style=\"padding: 12.5% 0\"><\/div>\n<div style=\"margin-bottom: 14px\">\n<div>\n<div><\/div>\n<div><\/div>\n<div><\/div>\n<\/div>\n<div style=\"margin-left: 8px\">\n<div style=\"background-color: #F4F4F4;height: 20px;width: 20px\"><\/div>\n<div><\/div>\n<\/div>\n<div style=\"margin-left: auto\">\n<div><\/div>\n<div><\/div>\n<div><\/div>\n<\/div>\n<\/div>\n<p><\/a> <\/p>\n<p style=\"margin:8px 0 0 0;padding:0 4px\"> <a href=\"https:\/\/www.instagram.com\/p\/B21FUmYFgHb\/?utm_source=ig_embed&amp;utm_campaign=loading\" style=\"color:#000;font-family:Arial,sans-serif;font-size:14px;font-style:normal;font-weight:normal;line-height:17px;text-decoration:none\" target=\"_blank\">Arch meets Archie! This morning The Duke and Duchess were honoured to introduce their son Archie, to Archbishop, Desmond Tutu and his daughter, Thandeka. The Archbishop, a globally respected figure in anti-apartheid movement, is one of the world\u2019s great champions of equality, and has spent his life tirelessly battling injustice. Their Royal Highnesses have joined The Archbishop and Thandeka to learn more about the work of The Tutu and Leah Legacy Foundation, and see first-hand how they are focussing on global awareness of the critical issues affecting the world. #RoyalVisitSouthAfrica \u2022 Photo \u00a9\ufe0f Reuters<\/a><\/p>\n<p style=\"color:#c9c8cd;font-family:Arial,sans-serif;font-size:14px;line-height:17px;margin-bottom:0;margin-top:8px;overflow:hidden;padding:8px 0 7px;text-align:center\">A post shared by <a href=\"https:\/\/www.instagram.com\/sussexroyal\/?utm_source=ig_embed&amp;utm_campaign=loading\" style=\"color:#c9c8cd;font-family:Arial,sans-serif;font-size:14px;font-style:normal;font-weight:normal;line-height:17px\" target=\"_blank\"> The Duke and Duchess of Sussex<\/a> (@sussexroyal) on Sep 25, 2019 at 2:37am PDT<\/p>\n<\/div>\n<\/blockquote>\n<p>Na sre\u010danju z nad\u0161kofovo h\u010derko\u00a0Thandeko Tutu-Gxashe je Meghan povedala, da se bo njen sin kmalu navadil na medijsko pozornost: &#8220;Je stara du\u0161a.&#8221; Princ Harry pa je pripomnil: &#8220;Mislim, da se je \u017ee navadil.&#8221;<\/p>\n<blockquote class=\"instagram-media\">\n<div style=\"padding:16px\"> <a href=\"https:\/\/www.instagram.com\/p\/B21J2_yl_rc\/?utm_source=ig_embed&amp;utm_campaign=loading\" style=\"background:#FFFFFF;line-height:0;padding:0 0;text-align:center;text-decoration:none;width:100%\" target=\"_blank\"> <\/p>\n<div>\n<div style=\"background-color: #F4F4F4;height: 40px;margin-right: 14px;width: 40px\"><\/div>\n<div>\n<div style=\"background-color: #F4F4F4;height: 14px;margin-bottom: 6px;width: 100px\"><\/div>\n<div style=\"background-color: #F4F4F4;height: 14px;width: 60px\"><\/div>\n<\/div>\n<\/div>\n<div style=\"padding: 19% 0\"><\/div>\n<div style=\"height:50px;margin:0 auto 12px;width:50px\"><\/div>\n<div style=\"padding-top: 8px\">\n<div style=\"color:#3897f0;font-family:Arial,sans-serif;font-size:14px;font-style:normal;font-weight:550;line-height:18px\"> View this post on Instagram<\/div>\n<\/div>\n<div style=\"padding: 12.5% 0\"><\/div>\n<div style=\"margin-bottom: 14px\">\n<div>\n<div><\/div>\n<div><\/div>\n<div><\/div>\n<\/div>\n<div style=\"margin-left: 8px\">\n<div style=\"background-color: #F4F4F4;height: 20px;width: 20px\"><\/div>\n<div><\/div>\n<\/div>\n<div style=\"margin-left: auto\">\n<div><\/div>\n<div><\/div>\n<div><\/div>\n<\/div>\n<\/div>\n<p><\/a> <\/p>\n<p style=\"margin:8px 0 0 0;padding:0 4px\"> <a href=\"https:\/\/www.instagram.com\/p\/B21J2_yl_rc\/?utm_source=ig_embed&amp;utm_campaign=loading\" style=\"color:#000;font-family:Arial,sans-serif;font-size:14px;font-style:normal;font-weight:normal;line-height:17px;text-decoration:none\" target=\"_blank\">\u2018Thank you Archbishop Tutu for your incredibly warm hospitality, Archie loved meeting you!\u2019 &#8211; The Duke and Duchess #RoyalVisitSouthAfrica \u2022 Photo \u00a9\ufe0f PA images<\/a><\/p>\n<p style=\"color:#c9c8cd;font-family:Arial,sans-serif;font-size:14px;line-height:17px;margin-bottom:0;margin-top:8px;overflow:hidden;padding:8px 0 7px;text-align:center\">A post shared by <a href=\"https:\/\/www.instagram.com\/sussexroyal\/?utm_source=ig_embed&amp;utm_campaign=loading\" style=\"color:#c9c8cd;font-family:Arial,sans-serif;font-size:14px;font-style:normal;font-weight:normal;line-height:17px\" target=\"_blank\"> The Duke and Duchess of Sussex<\/a> (@sussexroyal) on Sep 25, 2019 at 3:17am PDT<\/p>\n<\/div>\n<\/blockquote>\n<p>&nbsp;<\/p>\n","protected":false},"excerpt":{"rendered":"<p>Ponosna star\u0161a Meghan in Harry sta se odlo\u010dila, da po nekaj mesecih skrivanja pred javnostjo, znova poka\u017eeta svojega sin\u010dka\u00a0Archieja Mountbattena-Windsorja, ki je medtem dopolnil \u017ee 4 mesece. Za to pa sta izbrala prav posebno prilo\u017enost &#8211; \u010dajanko pri nad\u0161kofu Desmondu Tutuju.\u00a0<\/p>\n","protected":false},"author":1,"featured_media":0,"comment_status":"closed","ping_status":"closed","sticky":false,"template":"","format":"standard","meta":{"footnotes":""},"categories":[1093],"tags":[13629,14772,6934,3240],"source":[1346,1345,1334],"supertag":[],"acf":[],"yoast_head":"<!-- This site is optimized with the Yoast SEO plugin v21.3 - https:\/\/yoast.com\/wordpress\/plugins\/seo\/ -->\n<title>\u010cakanja je konec: Meghan in Harry sta javnosti kon\u010dno pokazala 4-mese\u010dnega sina Archija - Hudo Slovenija<\/title>\n<meta name=\"robots\" content=\"index, follow, max-snippet:-1, max-image-preview:large, max-video-preview:-1\" \/>\n<link rel=\"canonical\" href=\"https:\/\/hudo.com\/si\/vip\/cakanja-je-konec-meghan-in-harry-sta-javnosti-koncno-pokazala-4-mesecnega-sina-archija\/\" \/>\n<meta property=\"og:locale\" content=\"sl_SI\" \/>\n<meta property=\"og:type\" content=\"article\" \/>\n<meta property=\"og:title\" content=\"\u010cakanja je konec: Meghan in Harry sta javnosti kon\u010dno pokazala 4-mese\u010dnega sina Archija - Hudo Slovenija\" \/>\n<meta property=\"og:description\" content=\"Ponosna star\u0161a Meghan in Harry sta se odlo\u010dila, da po nekaj mesecih skrivanja pred javnostjo, znova poka\u017eeta svojega sin\u010dka\u00a0Archieja Mountbattena-Windsorja, ki je medtem dopolnil \u017ee 4 mesece. Za to pa sta izbrala prav posebno prilo\u017enost - \u010dajanko pri nad\u0161kofu Desmondu Tutuju.\u00a0\" \/>\n<meta property=\"og:url\" content=\"https:\/\/hudo.com\/si\/vip\/cakanja-je-konec-meghan-in-harry-sta-javnosti-koncno-pokazala-4-mesecnega-sina-archija\/\" \/>\n<meta property=\"og:site_name\" content=\"Hudo Slovenija\" \/>\n<meta property=\"article:publisher\" content=\"https:\/\/www.facebook.com\/hudo.si\" \/>\n<meta property=\"article:published_time\" content=\"2019-09-25T08:59:17+00:00\" \/>\n<meta property=\"og:image\" content=\"https:\/\/hudo.com\/si\/wp-content\/uploads\/sites\/2\/2019\/09\/profimedia-0473088166-1.jpg\" \/>\n\t<meta property=\"og:image:width\" content=\"1250\" \/>\n\t<meta property=\"og:image:height\" content=\"803\" \/>\n\t<meta property=\"og:image:type\" content=\"image\/jpeg\" \/>\n<meta name=\"author\" content=\"hudo\" \/>\n<meta name=\"twitter:card\" content=\"summary_large_image\" \/>\n<meta name=\"twitter:creator\" content=\"@hudo_si\" \/>\n<meta name=\"twitter:site\" content=\"@hudo_si\" \/>\n<meta name=\"twitter:label1\" content=\"Written by\" \/>\n\t<meta name=\"twitter:data1\" content=\"hudo\" \/>\n\t<meta name=\"twitter:label2\" content=\"Est. reading time\" \/>\n\t<meta name=\"twitter:data2\" content=\"2 minuti\" \/>\n<script type=\"application\/ld+json\" class=\"yoast-schema-graph\">{\"@context\":\"https:\/\/schema.org\",\"@graph\":[{\"@type\":\"Article\",\"@id\":\"https:\/\/hudo.com\/si\/vip\/cakanja-je-konec-meghan-in-harry-sta-javnosti-koncno-pokazala-4-mesecnega-sina-archija\/#article\",\"isPartOf\":{\"@id\":\"https:\/\/hudo.com\/si\/vip\/cakanja-je-konec-meghan-in-harry-sta-javnosti-koncno-pokazala-4-mesecnega-sina-archija\/\"},\"author\":{\"name\":\"hudo\",\"@id\":\"https:\/\/hudo.com\/si\/#\/schema\/person\/601cf3379633985b20f7e50f2bb47707\"},\"headline\":\"\u010cakanja je konec: Meghan in Harry sta javnosti kon\u010dno pokazala 4-mese\u010dnega sina Archija\",\"datePublished\":\"2019-09-25T08:59:17+00:00\",\"dateModified\":\"2019-09-25T08:59:17+00:00\",\"mainEntityOfPage\":{\"@id\":\"https:\/\/hudo.com\/si\/vip\/cakanja-je-konec-meghan-in-harry-sta-javnosti-koncno-pokazala-4-mesecnega-sina-archija\/\"},\"wordCount\":324,\"publisher\":{\"@id\":\"https:\/\/hudo.com\/si\/#organization\"},\"keywords\":[\"Archie Harrison Mountbatten-Windsor\",\"archie v afriki\",\"Meghan Markle\",\"princ Harry\"],\"articleSection\":[\"VIP\"],\"inLanguage\":\"sl-SI\"},{\"@type\":\"WebPage\",\"@id\":\"https:\/\/hudo.com\/si\/vip\/cakanja-je-konec-meghan-in-harry-sta-javnosti-koncno-pokazala-4-mesecnega-sina-archija\/\",\"url\":\"https:\/\/hudo.com\/si\/vip\/cakanja-je-konec-meghan-in-harry-sta-javnosti-koncno-pokazala-4-mesecnega-sina-archija\/\",\"name\":\"\u010cakanja je konec: Meghan in Harry sta javnosti kon\u010dno pokazala 4-mese\u010dnega sina Archija - Hudo Slovenija\",\"isPartOf\":{\"@id\":\"https:\/\/hudo.com\/si\/#website\"},\"datePublished\":\"2019-09-25T08:59:17+00:00\",\"dateModified\":\"2019-09-25T08:59:17+00:00\",\"breadcrumb\":{\"@id\":\"https:\/\/hudo.com\/si\/vip\/cakanja-je-konec-meghan-in-harry-sta-javnosti-koncno-pokazala-4-mesecnega-sina-archija\/#breadcrumb\"},\"inLanguage\":\"sl-SI\",\"potentialAction\":[{\"@type\":\"ReadAction\",\"target\":[\"https:\/\/hudo.com\/si\/vip\/cakanja-je-konec-meghan-in-harry-sta-javnosti-koncno-pokazala-4-mesecnega-sina-archija\/\"]}]},{\"@type\":\"BreadcrumbList\",\"@id\":\"https:\/\/hudo.com\/si\/vip\/cakanja-je-konec-meghan-in-harry-sta-javnosti-koncno-pokazala-4-mesecnega-sina-archija\/#breadcrumb\",\"itemListElement\":[{\"@type\":\"ListItem\",\"position\":1,\"name\":\"Home\",\"item\":\"https:\/\/hudo.com\/si\/\"},{\"@type\":\"ListItem\",\"position\":2,\"name\":\"\u010cakanja je konec: Meghan in Harry sta javnosti kon\u010dno pokazala 4-mese\u010dnega sina Archija\"}]},{\"@type\":\"WebSite\",\"@id\":\"https:\/\/hudo.com\/si\/#website\",\"url\":\"https:\/\/hudo.com\/si\/\",\"name\":\"Hudo Slovenija\",\"description\":\"Vse novice iz Slovenije in sveta\",\"publisher\":{\"@id\":\"https:\/\/hudo.com\/si\/#organization\"},\"potentialAction\":[{\"@type\":\"SearchAction\",\"target\":{\"@type\":\"EntryPoint\",\"urlTemplate\":\"https:\/\/hudo.com\/si\/?s={search_term_string}\"},\"query-input\":\"required name=search_term_string\"}],\"inLanguage\":\"sl-SI\"},{\"@type\":\"Organization\",\"@id\":\"https:\/\/hudo.com\/si\/#organization\",\"name\":\"VSN Media\",\"url\":\"https:\/\/hudo.com\/si\/\",\"logo\":{\"@type\":\"ImageObject\",\"inLanguage\":\"sl-SI\",\"@id\":\"https:\/\/hudo.com\/si\/#\/schema\/logo\/image\/\",\"url\":\"https:\/\/hudo.com\/si\/wp-content\/uploads\/sites\/2\/2021\/03\/hudo-app-2.png\",\"contentUrl\":\"https:\/\/hudo.com\/si\/wp-content\/uploads\/sites\/2\/2021\/03\/hudo-app-2.png\",\"width\":2185,\"height\":2167,\"caption\":\"VSN Media\"},\"image\":{\"@id\":\"https:\/\/hudo.com\/si\/#\/schema\/logo\/image\/\"},\"sameAs\":[\"https:\/\/www.facebook.com\/hudo.si\",\"https:\/\/twitter.com\/hudo_si\"]},{\"@type\":\"Person\",\"@id\":\"https:\/\/hudo.com\/si\/#\/schema\/person\/601cf3379633985b20f7e50f2bb47707\",\"name\":\"hudo\",\"image\":{\"@type\":\"ImageObject\",\"inLanguage\":\"sl-SI\",\"@id\":\"https:\/\/hudo.com\/si\/#\/schema\/person\/image\/\",\"url\":\"https:\/\/secure.gravatar.com\/avatar\/c4ca25fa72cace7a696b52ff5db9e095?s=96&d=mm&r=g\",\"contentUrl\":\"https:\/\/secure.gravatar.com\/avatar\/c4ca25fa72cace7a696b52ff5db9e095?s=96&d=mm&r=g\",\"caption\":\"hudo\"},\"url\":\"https:\/\/hudo.com\/si\/author\/hudo\/\"}]}<\/script>\n<!-- \/ Yoast SEO plugin. -->","yoast_head_json":{"title":"\u010cakanja je konec: Meghan in Harry sta javnosti kon\u010dno pokazala 4-mese\u010dnega sina Archija - Hudo Slovenija","robots":{"index":"index","follow":"follow","max-snippet":"max-snippet:-1","max-image-preview":"max-image-preview:large","max-video-preview":"max-video-preview:-1"},"canonical":"https:\/\/hudo.com\/si\/vip\/cakanja-je-konec-meghan-in-harry-sta-javnosti-koncno-pokazala-4-mesecnega-sina-archija\/","og_locale":"sl_SI","og_type":"article","og_title":"\u010cakanja je konec: Meghan in Harry sta javnosti kon\u010dno pokazala 4-mese\u010dnega sina Archija - Hudo Slovenija","og_description":"Ponosna star\u0161a Meghan in Harry sta se odlo\u010dila, da po nekaj mesecih skrivanja pred javnostjo, znova poka\u017eeta svojega sin\u010dka\u00a0Archieja Mountbattena-Windsorja, ki je medtem dopolnil \u017ee 4 mesece. Za to pa sta izbrala prav posebno prilo\u017enost - \u010dajanko pri nad\u0161kofu Desmondu Tutuju.\u00a0","og_url":"https:\/\/hudo.com\/si\/vip\/cakanja-je-konec-meghan-in-harry-sta-javnosti-koncno-pokazala-4-mesecnega-sina-archija\/","og_site_name":"Hudo Slovenija","article_publisher":"https:\/\/www.facebook.com\/hudo.si","article_published_time":"2019-09-25T08:59:17+00:00","og_image":[{"width":1250,"height":803,"url":"https:\/\/hudo.com\/si\/wp-content\/uploads\/sites\/2\/2019\/09\/profimedia-0473088166-1.jpg","type":"image\/jpeg"}],"author":"hudo","twitter_card":"summary_large_image","twitter_creator":"@hudo_si","twitter_site":"@hudo_si","twitter_misc":{"Written by":"hudo","Est. reading time":"2 minuti"},"schema":{"@context":"https:\/\/schema.org","@graph":[{"@type":"Article","@id":"https:\/\/hudo.com\/si\/vip\/cakanja-je-konec-meghan-in-harry-sta-javnosti-koncno-pokazala-4-mesecnega-sina-archija\/#article","isPartOf":{"@id":"https:\/\/hudo.com\/si\/vip\/cakanja-je-konec-meghan-in-harry-sta-javnosti-koncno-pokazala-4-mesecnega-sina-archija\/"},"author":{"name":"hudo","@id":"https:\/\/hudo.com\/si\/#\/schema\/person\/601cf3379633985b20f7e50f2bb47707"},"headline":"\u010cakanja je konec: Meghan in Harry sta javnosti kon\u010dno pokazala 4-mese\u010dnega sina Archija","datePublished":"2019-09-25T08:59:17+00:00","dateModified":"2019-09-25T08:59:17+00:00","mainEntityOfPage":{"@id":"https:\/\/hudo.com\/si\/vip\/cakanja-je-konec-meghan-in-harry-sta-javnosti-koncno-pokazala-4-mesecnega-sina-archija\/"},"wordCount":324,"publisher":{"@id":"https:\/\/hudo.com\/si\/#organization"},"keywords":["Archie Harrison Mountbatten-Windsor","archie v afriki","Meghan Markle","princ Harry"],"articleSection":["VIP"],"inLanguage":"sl-SI"},{"@type":"WebPage","@id":"https:\/\/hudo.com\/si\/vip\/cakanja-je-konec-meghan-in-harry-sta-javnosti-koncno-pokazala-4-mesecnega-sina-archija\/","url":"https:\/\/hudo.com\/si\/vip\/cakanja-je-konec-meghan-in-harry-sta-javnosti-koncno-pokazala-4-mesecnega-sina-archija\/","name":"\u010cakanja je konec: Meghan in Harry sta javnosti kon\u010dno pokazala 4-mese\u010dnega sina Archija - Hudo Slovenija","isPartOf":{"@id":"https:\/\/hudo.com\/si\/#website"},"datePublished":"2019-09-25T08:59:17+00:00","dateModified":"2019-09-25T08:59:17+00:00","breadcrumb":{"@id":"https:\/\/hudo.com\/si\/vip\/cakanja-je-konec-meghan-in-harry-sta-javnosti-koncno-pokazala-4-mesecnega-sina-archija\/#breadcrumb"},"inLanguage":"sl-SI","potentialAction":[{"@type":"ReadAction","target":["https:\/\/hudo.com\/si\/vip\/cakanja-je-konec-meghan-in-harry-sta-javnosti-koncno-pokazala-4-mesecnega-sina-archija\/"]}]},{"@type":"BreadcrumbList","@id":"https:\/\/hudo.com\/si\/vip\/cakanja-je-konec-meghan-in-harry-sta-javnosti-koncno-pokazala-4-mesecnega-sina-archija\/#breadcrumb","itemListElement":[{"@type":"ListItem","position":1,"name":"Home","item":"https:\/\/hudo.com\/si\/"},{"@type":"ListItem","position":2,"name":"\u010cakanja je konec: Meghan in Harry sta javnosti kon\u010dno pokazala 4-mese\u010dnega sina Archija"}]},{"@type":"WebSite","@id":"https:\/\/hudo.com\/si\/#website","url":"https:\/\/hudo.com\/si\/","name":"Hudo Slovenija","description":"Vse novice iz Slovenije in sveta","publisher":{"@id":"https:\/\/hudo.com\/si\/#organization"},"potentialAction":[{"@type":"SearchAction","target":{"@type":"EntryPoint","urlTemplate":"https:\/\/hudo.com\/si\/?s={search_term_string}"},"query-input":"required name=search_term_string"}],"inLanguage":"sl-SI"},{"@type":"Organization","@id":"https:\/\/hudo.com\/si\/#organization","name":"VSN Media","url":"https:\/\/hudo.com\/si\/","logo":{"@type":"ImageObject","inLanguage":"sl-SI","@id":"https:\/\/hudo.com\/si\/#\/schema\/logo\/image\/","url":"https:\/\/hudo.com\/si\/wp-content\/uploads\/sites\/2\/2021\/03\/hudo-app-2.png","contentUrl":"https:\/\/hudo.com\/si\/wp-content\/uploads\/sites\/2\/2021\/03\/hudo-app-2.png","width":2185,"height":2167,"caption":"VSN Media"},"image":{"@id":"https:\/\/hudo.com\/si\/#\/schema\/logo\/image\/"},"sameAs":["https:\/\/www.facebook.com\/hudo.si","https:\/\/twitter.com\/hudo_si"]},{"@type":"Person","@id":"https:\/\/hudo.com\/si\/#\/schema\/person\/601cf3379633985b20f7e50f2bb47707","name":"hudo","image":{"@type":"ImageObject","inLanguage":"sl-SI","@id":"https:\/\/hudo.com\/si\/#\/schema\/person\/image\/","url":"https:\/\/secure.gravatar.com\/avatar\/c4ca25fa72cace7a696b52ff5db9e095?s=96&d=mm&r=g","contentUrl":"https:\/\/secure.gravatar.com\/avatar\/c4ca25fa72cace7a696b52ff5db9e095?s=96&d=mm&r=g","caption":"hudo"},"url":"https:\/\/hudo.com\/si\/author\/hudo\/"}]}},"amp_enabled":true,"_links":{"self":[{"href":"https:\/\/hudo.com\/si\/wp-json\/wp\/v2\/posts\/407075"}],"collection":[{"href":"https:\/\/hudo.com\/si\/wp-json\/wp\/v2\/posts"}],"about":[{"href":"https:\/\/hudo.com\/si\/wp-json\/wp\/v2\/types\/post"}],"author":[{"embeddable":true,"href":"https:\/\/hudo.com\/si\/wp-json\/wp\/v2\/users\/1"}],"replies":[{"embeddable":true,"href":"https:\/\/hudo.com\/si\/wp-json\/wp\/v2\/comments?post=407075"}],"version-history":[{"count":0,"href":"https:\/\/hudo.com\/si\/wp-json\/wp\/v2\/posts\/407075\/revisions"}],"wp:attachment":[{"href":"https:\/\/hudo.com\/si\/wp-json\/wp\/v2\/media?parent=407075"}],"wp:term":[{"taxonomy":"category","embeddable":true,"href":"https:\/\/hudo.com\/si\/wp-json\/wp\/v2\/categories?post=407075"},{"taxonomy":"post_tag","embeddable":true,"href":"https:\/\/hudo.com\/si\/wp-json\/wp\/v2\/tags?post=407075"},{"taxonomy":"source","embeddable":true,"href":"https:\/\/hudo.com\/si\/wp-json\/wp\/v2\/source?post=407075"},{"taxonomy":"supertag","embeddable":true,"href":"https:\/\/hudo.com\/si\/wp-json\/wp\/v2\/supertag?post=407075"}],"curies":[{"name":"wp","href":"https:\/\/api.w.org\/{rel}","templated":true}]}}