{"id":407412,"date":"2019-09-30T14:45:54","date_gmt":"2019-09-30T12:45:54","guid":{"rendered":"http:\/\/hudo.com\/si\/?p=407412"},"modified":"2019-09-30T14:45:54","modified_gmt":"2019-09-30T12:45:54","slug":"obcina-domzale-v-prihodnjih-dveh-letih-namesto-pokritega-bazena-nacrtuje-siritev-zdravstvenega-doma","status":"publish","type":"post","link":"https:\/\/hudo.com\/si\/aktualno\/obcina-domzale-v-prihodnjih-dveh-letih-namesto-pokritega-bazena-nacrtuje-siritev-zdravstvenega-doma\/","title":{"rendered":"Ob\u010dina Dom\u017eale v prihodnjih dveh letih namesto pokritega bazena na\u010drtuje \u0161iritev zdravstvenega doma"},"content":{"rendered":"<p>Projekt \u0161iritve zdravstvenega doma so v predlog ob\u010dinskega prora\u010duna uvrstili po tistem, ko so se v ob\u010dini odpovedali ideji obnove bazena in gradnje pokritega bazena. Za to so namre\u010d predvideli okoli \u0161tiri milijone evrov, vse ponudbe, ki so jih prejeli na razpisu, pa so bile pribli\u017eno enkrat vi\u0161je, je na dana\u0161nji novinarski konferenci v Dom\u017ealah pojasnil tamkaj\u0161nji \u017eupan Toni Dragar.<\/p>\n<p>Tako se Dom\u017ealam v prihodnjih dveh letih obeta \u0161iritev zdravstvenega doma, ki bo vklju\u010devala tudi gradnjo gara\u017ene hi\u0161e ter selitev urgence. Dragar je poudaril, da za uresni\u010ditev tega projekta potrebujejo strinjanje sosednjih ob\u010din, ki so soustanoviteljice zdravstvenega zavoda, predvsem pa njihov finan\u010dni dele\u017e. Kot mo\u017een dodatni vir financiranja \u0161iritve zdravstvenega doma \u017eupan vidi tudi evropska sredstva.<\/p>\n<p>S \u0161iritvijo zdravstvenega doma bi bila povezana tudi ureditev plo\u0161\u010dadi med zdravstvenim domom, trgovskim centrom Vele in tr\u017enico. Ta je v lasti dru\u017ebe Tu\u0161, ob\u010dina pa se pogaja o njenem odkupu. Po \u017eupanovih besedah bi v prvi fazi plo\u0161\u010dad uredili tako, da bi zagotovili parkiri\u0161\u010da in sprehajalno pot, ko bi bila zgrajena gara\u017ena hi\u0161a ob zdravstvenem domu, pa bi lahko \u0161li v neko trajno ureditev prostora, morda po zgledu bli\u017enje Kolodvorske ulice, kjer so ustvarili obmo\u010dje umirjenega prometa.<\/p>\n<p>Po lanskih volitvah je bila ena od pomembnej\u0161ih tem v Dom\u017ealah prometna ureditev. \u017delja velikega \u0161tevila prebivalcev je bila gradnja kro\u017ei\u0161\u010d, in sicer na regionalni cesti Kamnik-Dom\u017eale pri policijski postaji Dom\u017eale in pri tr\u017enici, zaradi vedno ve\u010dje prometne obremenitve regionalne ceste Trzin-Dom\u017eale-Dob pa tudi vsaj v kri\u017ei\u0161\u010dih za Rodico in pri nakupovalnem centru Arkadia.<\/p>\n<p>A kot je danes pojasnil Dragar, se je zataknilo, ker gre za dr\u017eavne ceste, o njih soodlo\u010da dr\u017eava, ki bi morala tudi prispevati svoj dele\u017e sredstev. Za kro\u017ei\u0161\u010di na regionalni cesti Kamnik-Dom\u017eale ima dom\u017ealska ob\u010dina \u017ee predvidenih po 300.000 evrov sredstev, a vse je odvisno od odlo\u010ditve dr\u017eave.<\/p>\n<p>Prihodnje leto Dom\u017eale na\u010drtujejo tudi dve ve\u010dji investiciji v \u0161olsko infrastrukturo. Jedilnici v osnovnih \u0161olah Dom\u017eale ter Rodica sta bili zgrajeni za 300 u\u010dencev, zdaj pa te \u0161ole obiskuje po 800 otrok. Prihodnje leto naj bi v obeh \u0161olah za\u010deli \u0161iritev jedilnic, v dom\u017ealski osnovni \u0161oli bodo \u0161e prestavili kuhinjo, medtem ko jo bodo na rodi\u0161ki poru\u0161ili in zgradili novo, ve\u010djo. Vrednost obeh investicij je 2,2 milijona evrov.<\/p>\n<p>Dom\u017ealska Osnovna \u0161ola za otroke in mladostnike s posebnimi potrebami Roje pa \u010daka na vseh pet ob\u010din soustanoviteljic, Dom\u017eale, Lukovico, Menge\u0161, Morav\u010de in Trzin. Kot je danes pojasnil dom\u017ealski \u017eupan Dragar, je \u0161olski objekt potreben temeljite obnove, od strehe, dvigal do energetske sanacije.<\/p>\n<p>Predlog prora\u010duna Ob\u010dine Dom\u017eale za leto 2020 predvideva 31,3 milijona evrov prihodkov (devet odstotkov ve\u010d kot letos) ter 36,6 milijona evrov odhodkov.<\/p>\n","protected":false},"excerpt":{"rendered":"<p>Od skupno 8,8 milijona evrov, na kolikor je ocenjen projekt, naj bi Dom\u017eale prispevale 5,5 milijona, ostalo pa sosednje ob\u010dine. Predlog prora\u010duna za leti 2020 in 2021, v katerega je vklju\u010den tudi ta projekt, bo ob\u010dinski svet obravnaval 17. oktobra.<\/p>\n","protected":false},"author":8,"featured_media":399336,"comment_status":"closed","ping_status":"closed","sticky":false,"template":"","format":"standard","meta":{"footnotes":""},"categories":[1179],"tags":[7472],"source":[4511],"supertag":[],"acf":[],"yoast_head":"<!-- This site is optimized with the Yoast SEO plugin v21.3 - https:\/\/yoast.com\/wordpress\/plugins\/seo\/ -->\n<title>Ob\u010dina Dom\u017eale v prihodnjih dveh letih namesto pokritega bazena na\u010drtuje \u0161iritev zdravstvenega doma - Hudo Slovenija<\/title>\n<meta name=\"robots\" content=\"index, follow, max-snippet:-1, max-image-preview:large, max-video-preview:-1\" \/>\n<link rel=\"canonical\" href=\"https:\/\/hudo.com\/si\/aktualno\/obcina-domzale-v-prihodnjih-dveh-letih-namesto-pokritega-bazena-nacrtuje-siritev-zdravstvenega-doma\/\" \/>\n<meta property=\"og:locale\" content=\"sl_SI\" \/>\n<meta property=\"og:type\" content=\"article\" \/>\n<meta property=\"og:title\" content=\"Ob\u010dina Dom\u017eale v prihodnjih dveh letih namesto pokritega bazena na\u010drtuje \u0161iritev zdravstvenega doma - Hudo Slovenija\" \/>\n<meta property=\"og:description\" content=\"Od skupno 8,8 milijona evrov, na kolikor je ocenjen projekt, naj bi Dom\u017eale prispevale 5,5 milijona, ostalo pa sosednje ob\u010dine. Predlog prora\u010duna za leti 2020 in 2021, v katerega je vklju\u010den tudi ta projekt, bo ob\u010dinski svet obravnaval 17. oktobra.\" \/>\n<meta property=\"og:url\" content=\"https:\/\/hudo.com\/si\/aktualno\/obcina-domzale-v-prihodnjih-dveh-letih-namesto-pokritega-bazena-nacrtuje-siritev-zdravstvenega-doma\/\" \/>\n<meta property=\"og:site_name\" content=\"Hudo Slovenija\" \/>\n<meta property=\"article:publisher\" content=\"https:\/\/www.facebook.com\/hudo.si\" \/>\n<meta property=\"article:published_time\" content=\"2019-09-30T12:45:54+00:00\" \/>\n<meta property=\"og:image\" content=\"https:\/\/hudo.com\/si\/wp-content\/uploads\/sites\/2\/2019\/05\/profimedia-0181882546.jpg\" \/>\n\t<meta property=\"og:image:width\" content=\"1250\" \/>\n\t<meta property=\"og:image:height\" content=\"833\" \/>\n\t<meta property=\"og:image:type\" content=\"image\/jpeg\" \/>\n<meta name=\"author\" content=\"M. N., STA\" \/>\n<meta name=\"twitter:card\" content=\"summary_large_image\" \/>\n<meta name=\"twitter:creator\" content=\"@hudo_si\" \/>\n<meta name=\"twitter:site\" content=\"@hudo_si\" \/>\n<meta name=\"twitter:label1\" content=\"Written by\" \/>\n\t<meta name=\"twitter:data1\" content=\"M. N., STA\" \/>\n\t<meta name=\"twitter:label2\" content=\"Est. reading time\" \/>\n\t<meta name=\"twitter:data2\" content=\"2 minuti\" \/>\n<script type=\"application\/ld+json\" class=\"yoast-schema-graph\">{\"@context\":\"https:\/\/schema.org\",\"@graph\":[{\"@type\":\"Article\",\"@id\":\"https:\/\/hudo.com\/si\/aktualno\/obcina-domzale-v-prihodnjih-dveh-letih-namesto-pokritega-bazena-nacrtuje-siritev-zdravstvenega-doma\/#article\",\"isPartOf\":{\"@id\":\"https:\/\/hudo.com\/si\/aktualno\/obcina-domzale-v-prihodnjih-dveh-letih-namesto-pokritega-bazena-nacrtuje-siritev-zdravstvenega-doma\/\"},\"author\":{\"name\":\"M. N., STA\",\"@id\":\"https:\/\/hudo.com\/si\/#\/schema\/person\/c2f10ce65d2e6ede2aeda5be2a0611fa\"},\"headline\":\"Ob\u010dina Dom\u017eale v prihodnjih dveh letih namesto pokritega bazena na\u010drtuje \u0161iritev zdravstvenega doma\",\"datePublished\":\"2019-09-30T12:45:54+00:00\",\"dateModified\":\"2019-09-30T12:45:54+00:00\",\"mainEntityOfPage\":{\"@id\":\"https:\/\/hudo.com\/si\/aktualno\/obcina-domzale-v-prihodnjih-dveh-letih-namesto-pokritega-bazena-nacrtuje-siritev-zdravstvenega-doma\/\"},\"wordCount\":502,\"publisher\":{\"@id\":\"https:\/\/hudo.com\/si\/#organization\"},\"keywords\":[\"Dom\u017eale\"],\"articleSection\":[\"Aktualno\"],\"inLanguage\":\"sl-SI\"},{\"@type\":\"WebPage\",\"@id\":\"https:\/\/hudo.com\/si\/aktualno\/obcina-domzale-v-prihodnjih-dveh-letih-namesto-pokritega-bazena-nacrtuje-siritev-zdravstvenega-doma\/\",\"url\":\"https:\/\/hudo.com\/si\/aktualno\/obcina-domzale-v-prihodnjih-dveh-letih-namesto-pokritega-bazena-nacrtuje-siritev-zdravstvenega-doma\/\",\"name\":\"Ob\u010dina Dom\u017eale v prihodnjih dveh letih namesto pokritega bazena na\u010drtuje \u0161iritev zdravstvenega doma - Hudo Slovenija\",\"isPartOf\":{\"@id\":\"https:\/\/hudo.com\/si\/#website\"},\"datePublished\":\"2019-09-30T12:45:54+00:00\",\"dateModified\":\"2019-09-30T12:45:54+00:00\",\"breadcrumb\":{\"@id\":\"https:\/\/hudo.com\/si\/aktualno\/obcina-domzale-v-prihodnjih-dveh-letih-namesto-pokritega-bazena-nacrtuje-siritev-zdravstvenega-doma\/#breadcrumb\"},\"inLanguage\":\"sl-SI\",\"potentialAction\":[{\"@type\":\"ReadAction\",\"target\":[\"https:\/\/hudo.com\/si\/aktualno\/obcina-domzale-v-prihodnjih-dveh-letih-namesto-pokritega-bazena-nacrtuje-siritev-zdravstvenega-doma\/\"]}]},{\"@type\":\"BreadcrumbList\",\"@id\":\"https:\/\/hudo.com\/si\/aktualno\/obcina-domzale-v-prihodnjih-dveh-letih-namesto-pokritega-bazena-nacrtuje-siritev-zdravstvenega-doma\/#breadcrumb\",\"itemListElement\":[{\"@type\":\"ListItem\",\"position\":1,\"name\":\"Home\",\"item\":\"https:\/\/hudo.com\/si\/\"},{\"@type\":\"ListItem\",\"position\":2,\"name\":\"Ob\u010dina Dom\u017eale v prihodnjih dveh letih namesto pokritega bazena na\u010drtuje \u0161iritev zdravstvenega doma\"}]},{\"@type\":\"WebSite\",\"@id\":\"https:\/\/hudo.com\/si\/#website\",\"url\":\"https:\/\/hudo.com\/si\/\",\"name\":\"Hudo Slovenija\",\"description\":\"Vse novice iz Slovenije in sveta\",\"publisher\":{\"@id\":\"https:\/\/hudo.com\/si\/#organization\"},\"potentialAction\":[{\"@type\":\"SearchAction\",\"target\":{\"@type\":\"EntryPoint\",\"urlTemplate\":\"https:\/\/hudo.com\/si\/?s={search_term_string}\"},\"query-input\":\"required name=search_term_string\"}],\"inLanguage\":\"sl-SI\"},{\"@type\":\"Organization\",\"@id\":\"https:\/\/hudo.com\/si\/#organization\",\"name\":\"VSN Media\",\"url\":\"https:\/\/hudo.com\/si\/\",\"logo\":{\"@type\":\"ImageObject\",\"inLanguage\":\"sl-SI\",\"@id\":\"https:\/\/hudo.com\/si\/#\/schema\/logo\/image\/\",\"url\":\"https:\/\/hudo.com\/si\/wp-content\/uploads\/sites\/2\/2021\/03\/hudo-app-2.png\",\"contentUrl\":\"https:\/\/hudo.com\/si\/wp-content\/uploads\/sites\/2\/2021\/03\/hudo-app-2.png\",\"width\":2185,\"height\":2167,\"caption\":\"VSN Media\"},\"image\":{\"@id\":\"https:\/\/hudo.com\/si\/#\/schema\/logo\/image\/\"},\"sameAs\":[\"https:\/\/www.facebook.com\/hudo.si\",\"https:\/\/twitter.com\/hudo_si\"]},{\"@type\":\"Person\",\"@id\":\"https:\/\/hudo.com\/si\/#\/schema\/person\/c2f10ce65d2e6ede2aeda5be2a0611fa\",\"name\":\"M. N., STA\",\"image\":{\"@type\":\"ImageObject\",\"inLanguage\":\"sl-SI\",\"@id\":\"https:\/\/hudo.com\/si\/#\/schema\/person\/image\/\",\"url\":\"https:\/\/secure.gravatar.com\/avatar\/f370d38daa10467f755c5c766a4cac20?s=96&d=mm&r=g\",\"contentUrl\":\"https:\/\/secure.gravatar.com\/avatar\/f370d38daa10467f755c5c766a4cac20?s=96&d=mm&r=g\",\"caption\":\"M. N., STA\"},\"url\":\"https:\/\/hudo.com\/si\/author\/mana\/\"}]}<\/script>\n<!-- \/ Yoast SEO plugin. -->","yoast_head_json":{"title":"Ob\u010dina Dom\u017eale v prihodnjih dveh letih namesto pokritega bazena na\u010drtuje \u0161iritev zdravstvenega doma - Hudo Slovenija","robots":{"index":"index","follow":"follow","max-snippet":"max-snippet:-1","max-image-preview":"max-image-preview:large","max-video-preview":"max-video-preview:-1"},"canonical":"https:\/\/hudo.com\/si\/aktualno\/obcina-domzale-v-prihodnjih-dveh-letih-namesto-pokritega-bazena-nacrtuje-siritev-zdravstvenega-doma\/","og_locale":"sl_SI","og_type":"article","og_title":"Ob\u010dina Dom\u017eale v prihodnjih dveh letih namesto pokritega bazena na\u010drtuje \u0161iritev zdravstvenega doma - Hudo Slovenija","og_description":"Od skupno 8,8 milijona evrov, na kolikor je ocenjen projekt, naj bi Dom\u017eale prispevale 5,5 milijona, ostalo pa sosednje ob\u010dine. Predlog prora\u010duna za leti 2020 in 2021, v katerega je vklju\u010den tudi ta projekt, bo ob\u010dinski svet obravnaval 17. oktobra.","og_url":"https:\/\/hudo.com\/si\/aktualno\/obcina-domzale-v-prihodnjih-dveh-letih-namesto-pokritega-bazena-nacrtuje-siritev-zdravstvenega-doma\/","og_site_name":"Hudo Slovenija","article_publisher":"https:\/\/www.facebook.com\/hudo.si","article_published_time":"2019-09-30T12:45:54+00:00","og_image":[{"width":1250,"height":833,"url":"https:\/\/hudo.com\/si\/wp-content\/uploads\/sites\/2\/2019\/05\/profimedia-0181882546.jpg","type":"image\/jpeg"}],"author":"M. N., STA","twitter_card":"summary_large_image","twitter_creator":"@hudo_si","twitter_site":"@hudo_si","twitter_misc":{"Written by":"M. N., STA","Est. reading time":"2 minuti"},"schema":{"@context":"https:\/\/schema.org","@graph":[{"@type":"Article","@id":"https:\/\/hudo.com\/si\/aktualno\/obcina-domzale-v-prihodnjih-dveh-letih-namesto-pokritega-bazena-nacrtuje-siritev-zdravstvenega-doma\/#article","isPartOf":{"@id":"https:\/\/hudo.com\/si\/aktualno\/obcina-domzale-v-prihodnjih-dveh-letih-namesto-pokritega-bazena-nacrtuje-siritev-zdravstvenega-doma\/"},"author":{"name":"M. N., STA","@id":"https:\/\/hudo.com\/si\/#\/schema\/person\/c2f10ce65d2e6ede2aeda5be2a0611fa"},"headline":"Ob\u010dina Dom\u017eale v prihodnjih dveh letih namesto pokritega bazena na\u010drtuje \u0161iritev zdravstvenega doma","datePublished":"2019-09-30T12:45:54+00:00","dateModified":"2019-09-30T12:45:54+00:00","mainEntityOfPage":{"@id":"https:\/\/hudo.com\/si\/aktualno\/obcina-domzale-v-prihodnjih-dveh-letih-namesto-pokritega-bazena-nacrtuje-siritev-zdravstvenega-doma\/"},"wordCount":502,"publisher":{"@id":"https:\/\/hudo.com\/si\/#organization"},"keywords":["Dom\u017eale"],"articleSection":["Aktualno"],"inLanguage":"sl-SI"},{"@type":"WebPage","@id":"https:\/\/hudo.com\/si\/aktualno\/obcina-domzale-v-prihodnjih-dveh-letih-namesto-pokritega-bazena-nacrtuje-siritev-zdravstvenega-doma\/","url":"https:\/\/hudo.com\/si\/aktualno\/obcina-domzale-v-prihodnjih-dveh-letih-namesto-pokritega-bazena-nacrtuje-siritev-zdravstvenega-doma\/","name":"Ob\u010dina Dom\u017eale v prihodnjih dveh letih namesto pokritega bazena na\u010drtuje \u0161iritev zdravstvenega doma - Hudo Slovenija","isPartOf":{"@id":"https:\/\/hudo.com\/si\/#website"},"datePublished":"2019-09-30T12:45:54+00:00","dateModified":"2019-09-30T12:45:54+00:00","breadcrumb":{"@id":"https:\/\/hudo.com\/si\/aktualno\/obcina-domzale-v-prihodnjih-dveh-letih-namesto-pokritega-bazena-nacrtuje-siritev-zdravstvenega-doma\/#breadcrumb"},"inLanguage":"sl-SI","potentialAction":[{"@type":"ReadAction","target":["https:\/\/hudo.com\/si\/aktualno\/obcina-domzale-v-prihodnjih-dveh-letih-namesto-pokritega-bazena-nacrtuje-siritev-zdravstvenega-doma\/"]}]},{"@type":"BreadcrumbList","@id":"https:\/\/hudo.com\/si\/aktualno\/obcina-domzale-v-prihodnjih-dveh-letih-namesto-pokritega-bazena-nacrtuje-siritev-zdravstvenega-doma\/#breadcrumb","itemListElement":[{"@type":"ListItem","position":1,"name":"Home","item":"https:\/\/hudo.com\/si\/"},{"@type":"ListItem","position":2,"name":"Ob\u010dina Dom\u017eale v prihodnjih dveh letih namesto pokritega bazena na\u010drtuje \u0161iritev zdravstvenega doma"}]},{"@type":"WebSite","@id":"https:\/\/hudo.com\/si\/#website","url":"https:\/\/hudo.com\/si\/","name":"Hudo Slovenija","description":"Vse novice iz Slovenije in sveta","publisher":{"@id":"https:\/\/hudo.com\/si\/#organization"},"potentialAction":[{"@type":"SearchAction","target":{"@type":"EntryPoint","urlTemplate":"https:\/\/hudo.com\/si\/?s={search_term_string}"},"query-input":"required name=search_term_string"}],"inLanguage":"sl-SI"},{"@type":"Organization","@id":"https:\/\/hudo.com\/si\/#organization","name":"VSN Media","url":"https:\/\/hudo.com\/si\/","logo":{"@type":"ImageObject","inLanguage":"sl-SI","@id":"https:\/\/hudo.com\/si\/#\/schema\/logo\/image\/","url":"https:\/\/hudo.com\/si\/wp-content\/uploads\/sites\/2\/2021\/03\/hudo-app-2.png","contentUrl":"https:\/\/hudo.com\/si\/wp-content\/uploads\/sites\/2\/2021\/03\/hudo-app-2.png","width":2185,"height":2167,"caption":"VSN Media"},"image":{"@id":"https:\/\/hudo.com\/si\/#\/schema\/logo\/image\/"},"sameAs":["https:\/\/www.facebook.com\/hudo.si","https:\/\/twitter.com\/hudo_si"]},{"@type":"Person","@id":"https:\/\/hudo.com\/si\/#\/schema\/person\/c2f10ce65d2e6ede2aeda5be2a0611fa","name":"M. N., STA","image":{"@type":"ImageObject","inLanguage":"sl-SI","@id":"https:\/\/hudo.com\/si\/#\/schema\/person\/image\/","url":"https:\/\/secure.gravatar.com\/avatar\/f370d38daa10467f755c5c766a4cac20?s=96&d=mm&r=g","contentUrl":"https:\/\/secure.gravatar.com\/avatar\/f370d38daa10467f755c5c766a4cac20?s=96&d=mm&r=g","caption":"M. N., STA"},"url":"https:\/\/hudo.com\/si\/author\/mana\/"}]}},"amp_enabled":true,"_links":{"self":[{"href":"https:\/\/hudo.com\/si\/wp-json\/wp\/v2\/posts\/407412"}],"collection":[{"href":"https:\/\/hudo.com\/si\/wp-json\/wp\/v2\/posts"}],"about":[{"href":"https:\/\/hudo.com\/si\/wp-json\/wp\/v2\/types\/post"}],"author":[{"embeddable":true,"href":"https:\/\/hudo.com\/si\/wp-json\/wp\/v2\/users\/8"}],"replies":[{"embeddable":true,"href":"https:\/\/hudo.com\/si\/wp-json\/wp\/v2\/comments?post=407412"}],"version-history":[{"count":1,"href":"https:\/\/hudo.com\/si\/wp-json\/wp\/v2\/posts\/407412\/revisions"}],"predecessor-version":[{"id":407413,"href":"https:\/\/hudo.com\/si\/wp-json\/wp\/v2\/posts\/407412\/revisions\/407413"}],"wp:featuredmedia":[{"embeddable":true,"href":"https:\/\/hudo.com\/si\/wp-json\/wp\/v2\/media\/399336"}],"wp:attachment":[{"href":"https:\/\/hudo.com\/si\/wp-json\/wp\/v2\/media?parent=407412"}],"wp:term":[{"taxonomy":"category","embeddable":true,"href":"https:\/\/hudo.com\/si\/wp-json\/wp\/v2\/categories?post=407412"},{"taxonomy":"post_tag","embeddable":true,"href":"https:\/\/hudo.com\/si\/wp-json\/wp\/v2\/tags?post=407412"},{"taxonomy":"source","embeddable":true,"href":"https:\/\/hudo.com\/si\/wp-json\/wp\/v2\/source?post=407412"},{"taxonomy":"supertag","embeddable":true,"href":"https:\/\/hudo.com\/si\/wp-json\/wp\/v2\/supertag?post=407412"}],"curies":[{"name":"wp","href":"https:\/\/api.w.org\/{rel}","templated":true}]}}