{"id":407500,"date":"2019-10-02T10:19:18","date_gmt":"2019-10-02T08:19:18","guid":{"rendered":"http:\/\/hudo.com\/si\/?p=407500"},"modified":"2019-10-02T10:30:48","modified_gmt":"2019-10-02T08:30:48","slug":"407500","status":"publish","type":"post","link":"https:\/\/hudo.com\/si\/vip\/407500\/","title":{"rendered":"&#8220;Izgubil sem mamo, Meghan pa sedaj postaja \u017ertev teh istih sil&#8221;"},"content":{"rendered":"<p>Vojvodinja sussek\u0161ka Meghan zaradi objave zasebnega pisma to\u017ei britanski tednik Mail on Sunday. Na uradni stani kraljevega para je princ Harry (34) objavil dolgo izjavo, v kateri govori, da je njegova \u017eena postala ena od \u017ertev britanskih tabloidov ter da je za njuno dru\u017eino to zelo bole\u010de.<\/p>\n<figure id=\"attachment_406236\" aria-describedby=\"caption-attachment-406236\" style=\"width: 1000px\" class=\"wp-caption alignnone\"><a href=\"http:\/\/hudo.com\/si\/wp-content\/uploads\/sites\/2\/2019\/09\/profimedia-0458629088.jpg\"><img loading=\"lazy\" decoding=\"async\" class=\"size-large wp-image-406236\" src=\"http:\/\/hudo.com\/si\/wp-content\/uploads\/sites\/2\/2019\/09\/profimedia-0458629088-1006x1024.jpg\" alt=\"\" width=\"1000\" height=\"1018\" srcset=\"https:\/\/hudo.com\/si\/wp-content\/uploads\/sites\/2\/2019\/09\/profimedia-0458629088-1006x1024.jpg 1006w, https:\/\/hudo.com\/si\/wp-content\/uploads\/sites\/2\/2019\/09\/profimedia-0458629088-295x300.jpg 295w, https:\/\/hudo.com\/si\/wp-content\/uploads\/sites\/2\/2019\/09\/profimedia-0458629088-768x782.jpg 768w, https:\/\/hudo.com\/si\/wp-content\/uploads\/sites\/2\/2019\/09\/profimedia-0458629088-600x611.jpg 600w, https:\/\/hudo.com\/si\/wp-content\/uploads\/sites\/2\/2019\/09\/profimedia-0458629088-300x305.jpg 300w, https:\/\/hudo.com\/si\/wp-content\/uploads\/sites\/2\/2019\/09\/profimedia-0458629088-60x60.jpg 60w, https:\/\/hudo.com\/si\/wp-content\/uploads\/sites\/2\/2019\/09\/profimedia-0458629088.jpg 1228w\" sizes=\"(max-width: 1000px) 100vw, 1000px\" \/><\/a><figcaption id=\"caption-attachment-406236\" class=\"wp-caption-text\">Foto: Profimedia<\/figcaption><\/figure>\n<p>&#8220;Verjameva v svobodo medijev, objektivnost in resni\u010dno poro\u010danje, <span class=\"ng-star-inserted\">ki je ob vsem, kar se trenutno dogaja v svetu, pomembnej\u0161e kot kadarkoli prej.<\/span> Na \u017ealost je moja \u017eena postala zadnja \u017ertev britanskih tabloidov, ki zasledujejo kampanje proti posameznikom, ne da bi pomislili na posledice. Neusmiljena kampanja se je v zadnjem letu samo stopnjevala, tako med nose\u010dnostjo kot po njej,&#8221; pravi princ Harry.<\/p>\n<p><span class=\"tlid-translation translation\" lang=\"sl\"><span class=\"\" title=\"\">Obna\u0161anje medijev do Meghan je ozna\u010dil za nasilno, ki na nobeni ravni ni sprejemljivo.<\/span> <span class=\"\" title=\"\">Prav tako se boji, da se zgodovina ponavlja, ker se je to dogajalo tudi njegovi mami, princesi Diani.<\/span><\/span><\/p>\n<figure id=\"attachment_398270\" aria-describedby=\"caption-attachment-398270\" style=\"width: 1000px\" class=\"wp-caption alignnone\"><a href=\"http:\/\/hudo.com\/si\/wp-content\/uploads\/sites\/2\/2019\/05\/profimedia-0431801692.jpg\"><img loading=\"lazy\" decoding=\"async\" class=\"wp-image-398270 size-large\" src=\"http:\/\/hudo.com\/si\/wp-content\/uploads\/sites\/2\/2019\/05\/profimedia-0431801692-1024x834.jpg\" alt=\"\" width=\"1000\" height=\"814\" \/><\/a><figcaption id=\"caption-attachment-398270\" class=\"wp-caption-text\">Foto: Profimedia<\/figcaption><\/figure>\n<p>&#8220;\u010ceprav ta postopek ni najbolj zanesljiv, je pravi. Moj nave\u010dji strah je, da bi se zgodovina ponovila. Videl sem, kaj se zgodi, ko osebo, ki jo ima\u0161 rad, ljudje ne vidijo ve\u010d kot resni\u010dno osebo. Izgubil sem mamo, sedaj pa gledam, kako moja \u017eena postaja \u017ertev teh enako mo\u010dnih sil,&#8221; je povedal Harry. Kraljevi par si \u017eeli, da ju javnost pri tem podpre.<\/p>\n<blockquote class=\"instagram-media\" style=\"background: #FFF; border: 0; border-radius: 3px; box-shadow: 0 0 1px 0 rgba(0,0,0,0.5),0 1px 10px 0 rgba(0,0,0,0.15); margin: 1px; max-width: 540px; min-width: 326px; padding: 0; width: calc(100% - 2px);\" data-instgrm-permalink=\"https:\/\/www.instagram.com\/p\/B21Uv_hJybF\/?utm_source=ig_embed&amp;utm_campaign=loading\" data-instgrm-version=\"12\">\n<div style=\"padding: 16px;\">\n<p>&nbsp;<\/p>\n<div style=\"display: flex; flex-direction: row; align-items: center;\"><\/div>\n<div style=\"padding: 19% 0;\"><\/div>\n<div style=\"display: block; height: 50px; margin: 0 auto 12px; width: 50px;\"><\/div>\n<div style=\"padding-top: 8px;\">\n<div style=\"color: #3897f0; font-family: Arial,sans-serif; font-size: 14px; font-style: normal; font-weight: 550; line-height: 18px;\">View this post on Instagram<\/div>\n<\/div>\n<div style=\"padding: 12.5% 0;\"><\/div>\n<div style=\"display: flex; flex-direction: row; margin-bottom: 14px; align-items: center;\"><\/div>\n<div style=\"display: flex; flex-direction: column; flex-grow: 1; justify-content: center; margin-bottom: 24px;\"><\/div>\n<p>&nbsp;<\/p>\n<p style=\"color: #c9c8cd; font-family: Arial,sans-serif; font-size: 14px; line-height: 17px; margin-bottom: 0; margin-top: 8px; overflow: hidden; padding: 8px 0 7px; text-align: center; text-overflow: ellipsis; white-space: nowrap;\"><a style=\"color: #c9c8cd; font-family: Arial,sans-serif; font-size: 14px; font-style: normal; font-weight: normal; line-height: 17px; text-decoration: none;\" href=\"https:\/\/www.instagram.com\/p\/B21Uv_hJybF\/?utm_source=ig_embed&amp;utm_campaign=loading\" target=\"_blank\" rel=\"noopener noreferrer\">A post shared by People Magazine (@people)<\/a> on <time style=\"font-family: Arial,sans-serif; font-size: 14px; line-height: 17px;\" datetime=\"2019-09-25T11:52:35+00:00\">Sep 25, 2019 at 4:52am PDT<\/time><\/p>\n<\/div>\n<\/blockquote>\n<p><div class=\"embed-notice\">Za ogled vstavljene vsebine morate omogo\u010diti <a href=\"#\" onclick=\"Optanon.ToggleInfoDisplay()\">shranjevanje pi\u0161kotkov v napravi<\/a><\/div><script async type=\"text\/plain\" class=\"optanon-category-C0002-C0003-C0004\" optanon-src=\"\/\/www.instagram.com\/embed.js\"><\/script><\/p>\n<p>&#8220;\u010ceprav se ne zdi, da potrebujeva podporo, si jo resni\u010dno \u017eeliva,&#8221; je zaklju\u010dil princ.<\/p>\n<blockquote class=\"instagram-media\" style=\"background: #FFF; border: 0; border-radius: 3px; box-shadow: 0 0 1px 0 rgba(0,0,0,0.5),0 1px 10px 0 rgba(0,0,0,0.15); margin: 1px; max-width: 540px; min-width: 326px; padding: 0; width: calc(100% - 2px);\" data-instgrm-permalink=\"https:\/\/www.instagram.com\/p\/B2ykwTKpIus\/?utm_source=ig_embed&amp;utm_campaign=loading\" data-instgrm-version=\"12\">\n<div style=\"padding: 16px;\">\n<p>&nbsp;<\/p>\n<div style=\"display: flex; flex-direction: row; align-items: center;\"><\/div>\n<div style=\"padding: 19% 0;\"><\/div>\n<div style=\"display: block; height: 50px; margin: 0 auto 12px; width: 50px;\"><\/div>\n<div style=\"padding-top: 8px;\">\n<div style=\"color: #3897f0; font-family: Arial,sans-serif; font-size: 14px; font-style: normal; font-weight: 550; line-height: 18px;\">View this post on Instagram<\/div>\n<\/div>\n<div style=\"padding: 12.5% 0;\"><\/div>\n<div style=\"display: flex; flex-direction: row; margin-bottom: 14px; align-items: center;\"><\/div>\n<div style=\"display: flex; flex-direction: column; flex-grow: 1; justify-content: center; margin-bottom: 24px;\"><\/div>\n<p>&nbsp;<\/p>\n<p style=\"color: #c9c8cd; font-family: Arial,sans-serif; font-size: 14px; line-height: 17px; margin-bottom: 0; margin-top: 8px; overflow: hidden; padding: 8px 0 7px; text-align: center; text-overflow: ellipsis; white-space: nowrap;\"><a style=\"color: #c9c8cd; font-family: Arial,sans-serif; font-size: 14px; font-style: normal; font-weight: normal; line-height: 17px; text-decoration: none;\" href=\"https:\/\/www.instagram.com\/p\/B2ykwTKpIus\/?utm_source=ig_embed&amp;utm_campaign=loading\" target=\"_blank\" rel=\"noopener noreferrer\">A post shared by People Magazine (@people)<\/a> on <time style=\"font-family: Arial,sans-serif; font-size: 14px; line-height: 17px;\" datetime=\"2019-09-24T10:14:43+00:00\">Sep 24, 2019 at 3:14am PDT<\/time><\/p>\n<\/div>\n<\/blockquote>\n<p><div class=\"embed-notice\">Za ogled vstavljene vsebine morate omogo\u010diti <a href=\"#\" onclick=\"Optanon.ToggleInfoDisplay()\">shranjevanje pi\u0161kotkov v napravi<\/a><\/div><script async type=\"text\/plain\" class=\"optanon-category-C0002-C0003-C0004\" optanon-src=\"\/\/www.instagram.com\/embed.js\"><\/script><\/p>\n","protected":false},"excerpt":{"rendered":"<p>Princu Harryju je po\u010dil fim.<\/p>\n","protected":false},"author":6,"featured_media":407501,"comment_status":"closed","ping_status":"closed","sticky":false,"template":"","format":"standard","meta":{"footnotes":""},"categories":[1093],"tags":[4615,6934,3240,3333,4814],"source":[4511],"supertag":[],"acf":[],"yoast_head":"<!-- This site is optimized with the Yoast SEO plugin v21.3 - https:\/\/yoast.com\/wordpress\/plugins\/seo\/ -->\n<title>&quot;Izgubil sem mamo, Meghan pa sedaj postaja \u017ertev teh istih sil&quot;<\/title>\n<meta name=\"description\" content=\"Meghan Markle (38) to\u017ei britanski \u010dasopis, ker so brez njenega dovoljenja objavili njena osebna pisma, pi\u0161e revija Hello.\" \/>\n<meta name=\"robots\" content=\"index, follow, max-snippet:-1, max-image-preview:large, max-video-preview:-1\" \/>\n<link rel=\"canonical\" href=\"https:\/\/hudo.com\/si\/vip\/407500\/\" \/>\n<meta property=\"og:locale\" content=\"sl_SI\" \/>\n<meta property=\"og:type\" content=\"article\" \/>\n<meta property=\"og:title\" content=\"&quot;Izgubil sem mamo, Meghan pa sedaj postaja \u017ertev teh istih sil&quot;\" \/>\n<meta property=\"og:description\" content=\"Meghan Markle (38) to\u017ei britanski \u010dasopis, ker so brez njenega dovoljenja objavili njena osebna pisma, pi\u0161e revija Hello.\" \/>\n<meta property=\"og:url\" content=\"https:\/\/hudo.com\/si\/vip\/407500\/\" \/>\n<meta property=\"og:site_name\" content=\"Hudo Slovenija\" \/>\n<meta property=\"article:publisher\" content=\"https:\/\/www.facebook.com\/hudo.si\" \/>\n<meta property=\"article:published_time\" content=\"2019-10-02T08:19:18+00:00\" \/>\n<meta property=\"article:modified_time\" content=\"2019-10-02T08:30:48+00:00\" \/>\n<meta property=\"og:image\" content=\"https:\/\/hudo.com\/si\/wp-content\/uploads\/sites\/2\/2019\/10\/profimedia-0368925288.jpg\" \/>\n\t<meta property=\"og:image:width\" content=\"1250\" \/>\n\t<meta property=\"og:image:height\" content=\"886\" \/>\n\t<meta property=\"og:image:type\" content=\"image\/jpeg\" \/>\n<meta name=\"author\" content=\"A. G.\" \/>\n<meta name=\"twitter:card\" content=\"summary_large_image\" \/>\n<meta name=\"twitter:creator\" content=\"@hudo_si\" \/>\n<meta name=\"twitter:site\" content=\"@hudo_si\" \/>\n<meta name=\"twitter:label1\" content=\"Written by\" \/>\n\t<meta name=\"twitter:data1\" content=\"A. G.\" \/>\n\t<meta name=\"twitter:label2\" content=\"Est. reading time\" \/>\n\t<meta name=\"twitter:data2\" content=\"1 minuta\" \/>\n<script type=\"application\/ld+json\" class=\"yoast-schema-graph\">{\"@context\":\"https:\/\/schema.org\",\"@graph\":[{\"@type\":\"Article\",\"@id\":\"https:\/\/hudo.com\/si\/vip\/407500\/#article\",\"isPartOf\":{\"@id\":\"https:\/\/hudo.com\/si\/vip\/407500\/\"},\"author\":{\"name\":\"A. G.\",\"@id\":\"https:\/\/hudo.com\/si\/#\/schema\/person\/f95639a66e0dd2c682b0568634e85b8b\"},\"headline\":\"&#8220;Izgubil sem mamo, Meghan pa sedaj postaja \u017ertev teh istih sil&#8221;\",\"datePublished\":\"2019-10-02T08:19:18+00:00\",\"dateModified\":\"2019-10-02T08:30:48+00:00\",\"mainEntityOfPage\":{\"@id\":\"https:\/\/hudo.com\/si\/vip\/407500\/\"},\"wordCount\":298,\"publisher\":{\"@id\":\"https:\/\/hudo.com\/si\/#organization\"},\"keywords\":[\"mediji\",\"Meghan Markle\",\"princ Harry\",\"Princesa Diana\",\"to\u017eba\"],\"articleSection\":[\"VIP\"],\"inLanguage\":\"sl-SI\"},{\"@type\":\"WebPage\",\"@id\":\"https:\/\/hudo.com\/si\/vip\/407500\/\",\"url\":\"https:\/\/hudo.com\/si\/vip\/407500\/\",\"name\":\"\\\"Izgubil sem mamo, Meghan pa sedaj postaja \u017ertev teh istih sil\\\"\",\"isPartOf\":{\"@id\":\"https:\/\/hudo.com\/si\/#website\"},\"datePublished\":\"2019-10-02T08:19:18+00:00\",\"dateModified\":\"2019-10-02T08:30:48+00:00\",\"description\":\"Meghan Markle (38) to\u017ei britanski \u010dasopis, ker so brez njenega dovoljenja objavili njena osebna pisma, pi\u0161e revija Hello.\",\"breadcrumb\":{\"@id\":\"https:\/\/hudo.com\/si\/vip\/407500\/#breadcrumb\"},\"inLanguage\":\"sl-SI\",\"potentialAction\":[{\"@type\":\"ReadAction\",\"target\":[\"https:\/\/hudo.com\/si\/vip\/407500\/\"]}]},{\"@type\":\"BreadcrumbList\",\"@id\":\"https:\/\/hudo.com\/si\/vip\/407500\/#breadcrumb\",\"itemListElement\":[{\"@type\":\"ListItem\",\"position\":1,\"name\":\"Home\",\"item\":\"https:\/\/hudo.com\/si\/\"},{\"@type\":\"ListItem\",\"position\":2,\"name\":\"&#8220;Izgubil sem mamo, Meghan pa sedaj postaja \u017ertev teh istih sil&#8221;\"}]},{\"@type\":\"WebSite\",\"@id\":\"https:\/\/hudo.com\/si\/#website\",\"url\":\"https:\/\/hudo.com\/si\/\",\"name\":\"Hudo Slovenija\",\"description\":\"Vse novice iz Slovenije in sveta\",\"publisher\":{\"@id\":\"https:\/\/hudo.com\/si\/#organization\"},\"potentialAction\":[{\"@type\":\"SearchAction\",\"target\":{\"@type\":\"EntryPoint\",\"urlTemplate\":\"https:\/\/hudo.com\/si\/?s={search_term_string}\"},\"query-input\":\"required name=search_term_string\"}],\"inLanguage\":\"sl-SI\"},{\"@type\":\"Organization\",\"@id\":\"https:\/\/hudo.com\/si\/#organization\",\"name\":\"VSN Media\",\"url\":\"https:\/\/hudo.com\/si\/\",\"logo\":{\"@type\":\"ImageObject\",\"inLanguage\":\"sl-SI\",\"@id\":\"https:\/\/hudo.com\/si\/#\/schema\/logo\/image\/\",\"url\":\"https:\/\/hudo.com\/si\/wp-content\/uploads\/sites\/2\/2021\/03\/hudo-app-2.png\",\"contentUrl\":\"https:\/\/hudo.com\/si\/wp-content\/uploads\/sites\/2\/2021\/03\/hudo-app-2.png\",\"width\":2185,\"height\":2167,\"caption\":\"VSN Media\"},\"image\":{\"@id\":\"https:\/\/hudo.com\/si\/#\/schema\/logo\/image\/\"},\"sameAs\":[\"https:\/\/www.facebook.com\/hudo.si\",\"https:\/\/twitter.com\/hudo_si\"]},{\"@type\":\"Person\",\"@id\":\"https:\/\/hudo.com\/si\/#\/schema\/person\/f95639a66e0dd2c682b0568634e85b8b\",\"name\":\"A. G.\",\"image\":{\"@type\":\"ImageObject\",\"inLanguage\":\"sl-SI\",\"@id\":\"https:\/\/hudo.com\/si\/#\/schema\/person\/image\/\",\"url\":\"https:\/\/secure.gravatar.com\/avatar\/9f44de561c70d5d80348d3ed0f4b142d?s=96&d=mm&r=g\",\"contentUrl\":\"https:\/\/secure.gravatar.com\/avatar\/9f44de561c70d5d80348d3ed0f4b142d?s=96&d=mm&r=g\",\"caption\":\"A. G.\"},\"url\":\"https:\/\/hudo.com\/si\/author\/alenkagrmek\/\"}]}<\/script>\n<!-- \/ Yoast SEO plugin. -->","yoast_head_json":{"title":"\"Izgubil sem mamo, Meghan pa sedaj postaja \u017ertev teh istih sil\"","description":"Meghan Markle (38) to\u017ei britanski \u010dasopis, ker so brez njenega dovoljenja objavili njena osebna pisma, pi\u0161e revija Hello.","robots":{"index":"index","follow":"follow","max-snippet":"max-snippet:-1","max-image-preview":"max-image-preview:large","max-video-preview":"max-video-preview:-1"},"canonical":"https:\/\/hudo.com\/si\/vip\/407500\/","og_locale":"sl_SI","og_type":"article","og_title":"\"Izgubil sem mamo, Meghan pa sedaj postaja \u017ertev teh istih sil\"","og_description":"Meghan Markle (38) to\u017ei britanski \u010dasopis, ker so brez njenega dovoljenja objavili njena osebna pisma, pi\u0161e revija Hello.","og_url":"https:\/\/hudo.com\/si\/vip\/407500\/","og_site_name":"Hudo Slovenija","article_publisher":"https:\/\/www.facebook.com\/hudo.si","article_published_time":"2019-10-02T08:19:18+00:00","article_modified_time":"2019-10-02T08:30:48+00:00","og_image":[{"width":1250,"height":886,"url":"https:\/\/hudo.com\/si\/wp-content\/uploads\/sites\/2\/2019\/10\/profimedia-0368925288.jpg","type":"image\/jpeg"}],"author":"A. G.","twitter_card":"summary_large_image","twitter_creator":"@hudo_si","twitter_site":"@hudo_si","twitter_misc":{"Written by":"A. G.","Est. reading time":"1 minuta"},"schema":{"@context":"https:\/\/schema.org","@graph":[{"@type":"Article","@id":"https:\/\/hudo.com\/si\/vip\/407500\/#article","isPartOf":{"@id":"https:\/\/hudo.com\/si\/vip\/407500\/"},"author":{"name":"A. G.","@id":"https:\/\/hudo.com\/si\/#\/schema\/person\/f95639a66e0dd2c682b0568634e85b8b"},"headline":"&#8220;Izgubil sem mamo, Meghan pa sedaj postaja \u017ertev teh istih sil&#8221;","datePublished":"2019-10-02T08:19:18+00:00","dateModified":"2019-10-02T08:30:48+00:00","mainEntityOfPage":{"@id":"https:\/\/hudo.com\/si\/vip\/407500\/"},"wordCount":298,"publisher":{"@id":"https:\/\/hudo.com\/si\/#organization"},"keywords":["mediji","Meghan Markle","princ Harry","Princesa Diana","to\u017eba"],"articleSection":["VIP"],"inLanguage":"sl-SI"},{"@type":"WebPage","@id":"https:\/\/hudo.com\/si\/vip\/407500\/","url":"https:\/\/hudo.com\/si\/vip\/407500\/","name":"\"Izgubil sem mamo, Meghan pa sedaj postaja \u017ertev teh istih sil\"","isPartOf":{"@id":"https:\/\/hudo.com\/si\/#website"},"datePublished":"2019-10-02T08:19:18+00:00","dateModified":"2019-10-02T08:30:48+00:00","description":"Meghan Markle (38) to\u017ei britanski \u010dasopis, ker so brez njenega dovoljenja objavili njena osebna pisma, pi\u0161e revija Hello.","breadcrumb":{"@id":"https:\/\/hudo.com\/si\/vip\/407500\/#breadcrumb"},"inLanguage":"sl-SI","potentialAction":[{"@type":"ReadAction","target":["https:\/\/hudo.com\/si\/vip\/407500\/"]}]},{"@type":"BreadcrumbList","@id":"https:\/\/hudo.com\/si\/vip\/407500\/#breadcrumb","itemListElement":[{"@type":"ListItem","position":1,"name":"Home","item":"https:\/\/hudo.com\/si\/"},{"@type":"ListItem","position":2,"name":"&#8220;Izgubil sem mamo, Meghan pa sedaj postaja \u017ertev teh istih sil&#8221;"}]},{"@type":"WebSite","@id":"https:\/\/hudo.com\/si\/#website","url":"https:\/\/hudo.com\/si\/","name":"Hudo Slovenija","description":"Vse novice iz Slovenije in sveta","publisher":{"@id":"https:\/\/hudo.com\/si\/#organization"},"potentialAction":[{"@type":"SearchAction","target":{"@type":"EntryPoint","urlTemplate":"https:\/\/hudo.com\/si\/?s={search_term_string}"},"query-input":"required name=search_term_string"}],"inLanguage":"sl-SI"},{"@type":"Organization","@id":"https:\/\/hudo.com\/si\/#organization","name":"VSN Media","url":"https:\/\/hudo.com\/si\/","logo":{"@type":"ImageObject","inLanguage":"sl-SI","@id":"https:\/\/hudo.com\/si\/#\/schema\/logo\/image\/","url":"https:\/\/hudo.com\/si\/wp-content\/uploads\/sites\/2\/2021\/03\/hudo-app-2.png","contentUrl":"https:\/\/hudo.com\/si\/wp-content\/uploads\/sites\/2\/2021\/03\/hudo-app-2.png","width":2185,"height":2167,"caption":"VSN Media"},"image":{"@id":"https:\/\/hudo.com\/si\/#\/schema\/logo\/image\/"},"sameAs":["https:\/\/www.facebook.com\/hudo.si","https:\/\/twitter.com\/hudo_si"]},{"@type":"Person","@id":"https:\/\/hudo.com\/si\/#\/schema\/person\/f95639a66e0dd2c682b0568634e85b8b","name":"A. G.","image":{"@type":"ImageObject","inLanguage":"sl-SI","@id":"https:\/\/hudo.com\/si\/#\/schema\/person\/image\/","url":"https:\/\/secure.gravatar.com\/avatar\/9f44de561c70d5d80348d3ed0f4b142d?s=96&d=mm&r=g","contentUrl":"https:\/\/secure.gravatar.com\/avatar\/9f44de561c70d5d80348d3ed0f4b142d?s=96&d=mm&r=g","caption":"A. G."},"url":"https:\/\/hudo.com\/si\/author\/alenkagrmek\/"}]}},"amp_enabled":true,"_links":{"self":[{"href":"https:\/\/hudo.com\/si\/wp-json\/wp\/v2\/posts\/407500"}],"collection":[{"href":"https:\/\/hudo.com\/si\/wp-json\/wp\/v2\/posts"}],"about":[{"href":"https:\/\/hudo.com\/si\/wp-json\/wp\/v2\/types\/post"}],"author":[{"embeddable":true,"href":"https:\/\/hudo.com\/si\/wp-json\/wp\/v2\/users\/6"}],"replies":[{"embeddable":true,"href":"https:\/\/hudo.com\/si\/wp-json\/wp\/v2\/comments?post=407500"}],"version-history":[{"count":3,"href":"https:\/\/hudo.com\/si\/wp-json\/wp\/v2\/posts\/407500\/revisions"}],"predecessor-version":[{"id":407508,"href":"https:\/\/hudo.com\/si\/wp-json\/wp\/v2\/posts\/407500\/revisions\/407508"}],"wp:featuredmedia":[{"embeddable":true,"href":"https:\/\/hudo.com\/si\/wp-json\/wp\/v2\/media\/407501"}],"wp:attachment":[{"href":"https:\/\/hudo.com\/si\/wp-json\/wp\/v2\/media?parent=407500"}],"wp:term":[{"taxonomy":"category","embeddable":true,"href":"https:\/\/hudo.com\/si\/wp-json\/wp\/v2\/categories?post=407500"},{"taxonomy":"post_tag","embeddable":true,"href":"https:\/\/hudo.com\/si\/wp-json\/wp\/v2\/tags?post=407500"},{"taxonomy":"source","embeddable":true,"href":"https:\/\/hudo.com\/si\/wp-json\/wp\/v2\/source?post=407500"},{"taxonomy":"supertag","embeddable":true,"href":"https:\/\/hudo.com\/si\/wp-json\/wp\/v2\/supertag?post=407500"}],"curies":[{"name":"wp","href":"https:\/\/api.w.org\/{rel}","templated":true}]}}