{"id":407649,"date":"2019-10-04T10:48:33","date_gmt":"2019-10-04T08:48:33","guid":{"rendered":"http:\/\/hudo.com\/si\/?p=407649"},"modified":"2019-10-04T10:48:33","modified_gmt":"2019-10-04T08:48:33","slug":"visje-sodisce-potrdilo-sodbo-zoper-andreja-siska","status":"publish","type":"post","link":"https:\/\/hudo.com\/si\/aktualno\/visje-sodisce-potrdilo-sodbo-zoper-andreja-siska\/","title":{"rendered":"Vi\u0161je sodi\u0161\u010de potrdilo sodbo zoper Andreja \u0160i\u0161ka"},"content":{"rendered":"<div class=\"text\">\n<p>S tak\u0161no odlo\u010ditvijo, o kateri danes kot prvi poro\u010da Ve\u010der, je \u0160i\u0161ko pravnomo\u010dno obsojen na osem mesecev zapora, ki jih je sicer ve\u010dinoma \u017ee odslu\u017eil s priporom. Ob njem je sodni senat pod vodstvom sodnice Vanje Verdel Kokol na pogojno kazen treh mesecev zapora s preizkusno dobo enega leta obsodil \u0161e soobto\u017eenega Mateja Lesjaka.<\/p>\n<p>To\u017eilstvo je \u0160i\u0161ku o\u010ditalo \u0161\u010duvanje k nasilni spremembi ustavne ureditve v zvezi z oboro\u017eenim uporom in pozivanje k strmoglavljenju najvi\u0161jih dr\u017eavnih organov, soobto\u017eenemu Lesjaku pa pomo\u010d pri tem dejanju.<\/p>\n<p>To naj bi storila z razli\u010dnimi ravnanji, od gro\u017enje takratnemu predsedniku vlade Miru Cerarju januarja 2017 do ustanovitve de\u017eele \u0160tajerske in nato \u0161e obrambne skupine te de\u017eele &#8211; \u0160tajerske varde septembra lani.<\/p>\n<p>\u017de prvostopenjsko sodi\u0161\u010de je v obrazlo\u017eitvi sodbe izpostavilo, da je \u0160i\u0161ko s svojimi ravnanji \u0161el predale\u010d. Kot je takrat dejala sodnica, se lahko iz zgodovine nau\u010dimo, da tak\u0161nih dejanj ni za podcenjevati.<\/p>\n<p>Obdol\u017eena sta ves \u010das procesa zatrjevala, da je \u0161lo pri postroju v Apa\u010dah za provokacijo oziroma predstavo za javnost. Ob tem je \u0160i\u0161ko trdil, da ima po ustavi pravico do ustanovitve de\u017eele in \u0160tajerske varde, a ga je sodnica opozorila, da je to po ustavi mogo\u010de le z zakonitimi sredstvi.<\/p>\n<p>To\u017eilstvo je za 49-letnega \u0160i\u0161ka predlagalo leto in \u0161tiri mesece zapora, za 28-letnega nekdanjega \u010dlana podmladka SDS Lesjaka pa pogojno kazen osem mesecev zapora s preizkusno dobo dveh let. Za slednjega, ki je poskrbel za medijsko pokritost postroja \u0160tajerske varde, se je sodnica strinjala s to\u017eilstvom, da je dovolj kazen opominjevalne narave.<\/p>\n<p>\u0160i\u0161kova zagovornica Lucija \u0160ikovec U\u0161aj, ki je bila ves \u010das prepri\u010dana v oprostilno sodbo, je takoj napovedala prito\u017ebo. Za STA je povedala, da z odlo\u010ditvijo vi\u0161jih sodnikov \u0161e ni seznanjena, \u010de pa dr\u017ei, da so sodbo potrdili, bo \u0161la tudi na vrhovno sodi\u0161\u010de, saj da je tak\u0161na odlo\u010ditev sramota za dr\u017eavo. Zadovoljna je vsaj s tem, da vi\u0161je sodi\u0161\u010de po prito\u017ebi to\u017eilstva kazni ni zvi\u0161alo in je njena stranka na prostosti.<\/p>\n<p>Skupine civilistov pod vodstvom \u0160tajerske varde in Andreja \u0160i\u0161ka so sicer tudi to poletje izvajale voja\u0161ka urjenja v \u0161tajerskih gozdovih. Na policiji pravijo, da skrbno spremljajo morebitna tveganja, ki bi bila povezana z odklonskimi ravnanji. Doslej niso zaznali, da bi se posamezniki zdru\u017eevali z namenom pripravljanja, na\u010drtovanja, organiziranja ali izvr\u0161evanja kaznivih dejanj ali prekr\u0161kov.<\/p>\n<p>\u0160i\u0161ko v svojih zapisih na spletu poudarja, da gre pri njihovem zdru\u017eevanju za civilno iniciativo, ki je bila ustanovljena na podlagi ustave in mednarodnih dokumentov o \u010dlovekovih pravicah. Tudi leto\u0161nja tabora na Pohorju in v Kozjem so po njegovem mnenju organizirali na tak na\u010din in na zasebnem zemlji\u0161\u010du.<\/p>\n<\/div>\n","protected":false},"excerpt":{"rendered":"<p>Mariborsko vi\u0161je sodi\u0161\u010de je potrdilo prvostopenjsko obsodilno sodbo zoper predsednika Gibanja Zedinjena Slovenija Andreja \u0160i\u0161ka, ki ga je mariborsko okro\u017eno sodi\u0161\u010de marca letos spoznalo za krivega \u0161\u010duvanja k nasilni spremembi ustavne ureditve, je za STA potrdil vodja mariborskega to\u017eilstva Darko Simoni\u010d.<\/p>\n","protected":false},"author":5,"featured_media":377012,"comment_status":"closed","ping_status":"closed","sticky":false,"template":"","format":"standard","meta":{"footnotes":""},"categories":[1179],"tags":[9551,1595,8763],"source":[4511],"supertag":[],"acf":[],"yoast_head":"<!-- This site is optimized with the Yoast SEO plugin v21.3 - https:\/\/yoast.com\/wordpress\/plugins\/seo\/ -->\n<title>Vi\u0161je sodi\u0161\u010de potrdilo sodbo zoper Andreja \u0160i\u0161ka - Hudo Slovenija<\/title>\n<meta name=\"robots\" content=\"index, follow, max-snippet:-1, max-image-preview:large, max-video-preview:-1\" \/>\n<link rel=\"canonical\" href=\"https:\/\/hudo.com\/si\/aktualno\/visje-sodisce-potrdilo-sodbo-zoper-andreja-siska\/\" \/>\n<meta property=\"og:locale\" content=\"sl_SI\" \/>\n<meta property=\"og:type\" content=\"article\" \/>\n<meta property=\"og:title\" content=\"Vi\u0161je sodi\u0161\u010de potrdilo sodbo zoper Andreja \u0160i\u0161ka - Hudo Slovenija\" \/>\n<meta property=\"og:description\" content=\"Mariborsko vi\u0161je sodi\u0161\u010de je potrdilo prvostopenjsko obsodilno sodbo zoper predsednika Gibanja Zedinjena Slovenija Andreja \u0160i\u0161ka, ki ga je mariborsko okro\u017eno sodi\u0161\u010de marca letos spoznalo za krivega \u0161\u010duvanja k nasilni spremembi ustavne ureditve, je za STA potrdil vodja mariborskega to\u017eilstva Darko Simoni\u010d.\" \/>\n<meta property=\"og:url\" content=\"https:\/\/hudo.com\/si\/aktualno\/visje-sodisce-potrdilo-sodbo-zoper-andreja-siska\/\" \/>\n<meta property=\"og:site_name\" content=\"Hudo Slovenija\" \/>\n<meta property=\"article:publisher\" content=\"https:\/\/www.facebook.com\/hudo.si\" \/>\n<meta property=\"article:published_time\" content=\"2019-10-04T08:48:33+00:00\" \/>\n<meta property=\"og:image\" content=\"https:\/\/hudo.com\/si\/wp-content\/uploads\/sites\/2\/2018\/09\/20180805-00876390.jpg\" \/>\n\t<meta property=\"og:image:width\" content=\"640\" \/>\n\t<meta property=\"og:image:height\" content=\"426\" \/>\n\t<meta property=\"og:image:type\" content=\"image\/jpeg\" \/>\n<meta name=\"author\" content=\"A. G., STA\" \/>\n<meta name=\"twitter:card\" content=\"summary_large_image\" \/>\n<meta name=\"twitter:creator\" content=\"@hudo_si\" \/>\n<meta name=\"twitter:site\" content=\"@hudo_si\" \/>\n<meta name=\"twitter:label1\" content=\"Written by\" \/>\n\t<meta name=\"twitter:data1\" content=\"A. G., STA\" \/>\n\t<meta name=\"twitter:label2\" content=\"Est. reading time\" \/>\n\t<meta name=\"twitter:data2\" content=\"2 minuti\" \/>\n<script type=\"application\/ld+json\" class=\"yoast-schema-graph\">{\"@context\":\"https:\/\/schema.org\",\"@graph\":[{\"@type\":\"Article\",\"@id\":\"https:\/\/hudo.com\/si\/aktualno\/visje-sodisce-potrdilo-sodbo-zoper-andreja-siska\/#article\",\"isPartOf\":{\"@id\":\"https:\/\/hudo.com\/si\/aktualno\/visje-sodisce-potrdilo-sodbo-zoper-andreja-siska\/\"},\"author\":{\"name\":\"A. G., STA\",\"@id\":\"https:\/\/hudo.com\/si\/#\/schema\/person\/2391667a63ea075ba94f2f2dc6b77537\"},\"headline\":\"Vi\u0161je sodi\u0161\u010de potrdilo sodbo zoper Andreja \u0160i\u0161ka\",\"datePublished\":\"2019-10-04T08:48:33+00:00\",\"dateModified\":\"2019-10-04T08:48:33+00:00\",\"mainEntityOfPage\":{\"@id\":\"https:\/\/hudo.com\/si\/aktualno\/visje-sodisce-potrdilo-sodbo-zoper-andreja-siska\/\"},\"wordCount\":491,\"publisher\":{\"@id\":\"https:\/\/hudo.com\/si\/#organization\"},\"keywords\":[\"Andrej \u0160i\u0161ko\",\"Slovenija\",\"vi\u0161je sodi\u0161\u010de\"],\"articleSection\":[\"Aktualno\"],\"inLanguage\":\"sl-SI\"},{\"@type\":\"WebPage\",\"@id\":\"https:\/\/hudo.com\/si\/aktualno\/visje-sodisce-potrdilo-sodbo-zoper-andreja-siska\/\",\"url\":\"https:\/\/hudo.com\/si\/aktualno\/visje-sodisce-potrdilo-sodbo-zoper-andreja-siska\/\",\"name\":\"Vi\u0161je sodi\u0161\u010de potrdilo sodbo zoper Andreja \u0160i\u0161ka - Hudo Slovenija\",\"isPartOf\":{\"@id\":\"https:\/\/hudo.com\/si\/#website\"},\"datePublished\":\"2019-10-04T08:48:33+00:00\",\"dateModified\":\"2019-10-04T08:48:33+00:00\",\"breadcrumb\":{\"@id\":\"https:\/\/hudo.com\/si\/aktualno\/visje-sodisce-potrdilo-sodbo-zoper-andreja-siska\/#breadcrumb\"},\"inLanguage\":\"sl-SI\",\"potentialAction\":[{\"@type\":\"ReadAction\",\"target\":[\"https:\/\/hudo.com\/si\/aktualno\/visje-sodisce-potrdilo-sodbo-zoper-andreja-siska\/\"]}]},{\"@type\":\"BreadcrumbList\",\"@id\":\"https:\/\/hudo.com\/si\/aktualno\/visje-sodisce-potrdilo-sodbo-zoper-andreja-siska\/#breadcrumb\",\"itemListElement\":[{\"@type\":\"ListItem\",\"position\":1,\"name\":\"Home\",\"item\":\"https:\/\/hudo.com\/si\/\"},{\"@type\":\"ListItem\",\"position\":2,\"name\":\"Vi\u0161je sodi\u0161\u010de potrdilo sodbo zoper Andreja \u0160i\u0161ka\"}]},{\"@type\":\"WebSite\",\"@id\":\"https:\/\/hudo.com\/si\/#website\",\"url\":\"https:\/\/hudo.com\/si\/\",\"name\":\"Hudo Slovenija\",\"description\":\"Vse novice iz Slovenije in sveta\",\"publisher\":{\"@id\":\"https:\/\/hudo.com\/si\/#organization\"},\"potentialAction\":[{\"@type\":\"SearchAction\",\"target\":{\"@type\":\"EntryPoint\",\"urlTemplate\":\"https:\/\/hudo.com\/si\/?s={search_term_string}\"},\"query-input\":\"required name=search_term_string\"}],\"inLanguage\":\"sl-SI\"},{\"@type\":\"Organization\",\"@id\":\"https:\/\/hudo.com\/si\/#organization\",\"name\":\"VSN Media\",\"url\":\"https:\/\/hudo.com\/si\/\",\"logo\":{\"@type\":\"ImageObject\",\"inLanguage\":\"sl-SI\",\"@id\":\"https:\/\/hudo.com\/si\/#\/schema\/logo\/image\/\",\"url\":\"https:\/\/hudo.com\/si\/wp-content\/uploads\/sites\/2\/2021\/03\/hudo-app-2.png\",\"contentUrl\":\"https:\/\/hudo.com\/si\/wp-content\/uploads\/sites\/2\/2021\/03\/hudo-app-2.png\",\"width\":2185,\"height\":2167,\"caption\":\"VSN Media\"},\"image\":{\"@id\":\"https:\/\/hudo.com\/si\/#\/schema\/logo\/image\/\"},\"sameAs\":[\"https:\/\/www.facebook.com\/hudo.si\",\"https:\/\/twitter.com\/hudo_si\"]},{\"@type\":\"Person\",\"@id\":\"https:\/\/hudo.com\/si\/#\/schema\/person\/2391667a63ea075ba94f2f2dc6b77537\",\"name\":\"A. G., STA\",\"image\":{\"@type\":\"ImageObject\",\"inLanguage\":\"sl-SI\",\"@id\":\"https:\/\/hudo.com\/si\/#\/schema\/person\/image\/\",\"url\":\"https:\/\/secure.gravatar.com\/avatar\/e13d22ac3e442658d5025fbbe6238a79?s=96&d=mm&r=g\",\"contentUrl\":\"https:\/\/secure.gravatar.com\/avatar\/e13d22ac3e442658d5025fbbe6238a79?s=96&d=mm&r=g\",\"caption\":\"A. G., STA\"},\"url\":\"https:\/\/hudo.com\/si\/author\/alenka\/\"}]}<\/script>\n<!-- \/ Yoast SEO plugin. -->","yoast_head_json":{"title":"Vi\u0161je sodi\u0161\u010de potrdilo sodbo zoper Andreja \u0160i\u0161ka - Hudo Slovenija","robots":{"index":"index","follow":"follow","max-snippet":"max-snippet:-1","max-image-preview":"max-image-preview:large","max-video-preview":"max-video-preview:-1"},"canonical":"https:\/\/hudo.com\/si\/aktualno\/visje-sodisce-potrdilo-sodbo-zoper-andreja-siska\/","og_locale":"sl_SI","og_type":"article","og_title":"Vi\u0161je sodi\u0161\u010de potrdilo sodbo zoper Andreja \u0160i\u0161ka - Hudo Slovenija","og_description":"Mariborsko vi\u0161je sodi\u0161\u010de je potrdilo prvostopenjsko obsodilno sodbo zoper predsednika Gibanja Zedinjena Slovenija Andreja \u0160i\u0161ka, ki ga je mariborsko okro\u017eno sodi\u0161\u010de marca letos spoznalo za krivega \u0161\u010duvanja k nasilni spremembi ustavne ureditve, je za STA potrdil vodja mariborskega to\u017eilstva Darko Simoni\u010d.","og_url":"https:\/\/hudo.com\/si\/aktualno\/visje-sodisce-potrdilo-sodbo-zoper-andreja-siska\/","og_site_name":"Hudo Slovenija","article_publisher":"https:\/\/www.facebook.com\/hudo.si","article_published_time":"2019-10-04T08:48:33+00:00","og_image":[{"width":640,"height":426,"url":"https:\/\/hudo.com\/si\/wp-content\/uploads\/sites\/2\/2018\/09\/20180805-00876390.jpg","type":"image\/jpeg"}],"author":"A. G., STA","twitter_card":"summary_large_image","twitter_creator":"@hudo_si","twitter_site":"@hudo_si","twitter_misc":{"Written by":"A. G., STA","Est. reading time":"2 minuti"},"schema":{"@context":"https:\/\/schema.org","@graph":[{"@type":"Article","@id":"https:\/\/hudo.com\/si\/aktualno\/visje-sodisce-potrdilo-sodbo-zoper-andreja-siska\/#article","isPartOf":{"@id":"https:\/\/hudo.com\/si\/aktualno\/visje-sodisce-potrdilo-sodbo-zoper-andreja-siska\/"},"author":{"name":"A. G., STA","@id":"https:\/\/hudo.com\/si\/#\/schema\/person\/2391667a63ea075ba94f2f2dc6b77537"},"headline":"Vi\u0161je sodi\u0161\u010de potrdilo sodbo zoper Andreja \u0160i\u0161ka","datePublished":"2019-10-04T08:48:33+00:00","dateModified":"2019-10-04T08:48:33+00:00","mainEntityOfPage":{"@id":"https:\/\/hudo.com\/si\/aktualno\/visje-sodisce-potrdilo-sodbo-zoper-andreja-siska\/"},"wordCount":491,"publisher":{"@id":"https:\/\/hudo.com\/si\/#organization"},"keywords":["Andrej \u0160i\u0161ko","Slovenija","vi\u0161je sodi\u0161\u010de"],"articleSection":["Aktualno"],"inLanguage":"sl-SI"},{"@type":"WebPage","@id":"https:\/\/hudo.com\/si\/aktualno\/visje-sodisce-potrdilo-sodbo-zoper-andreja-siska\/","url":"https:\/\/hudo.com\/si\/aktualno\/visje-sodisce-potrdilo-sodbo-zoper-andreja-siska\/","name":"Vi\u0161je sodi\u0161\u010de potrdilo sodbo zoper Andreja \u0160i\u0161ka - Hudo Slovenija","isPartOf":{"@id":"https:\/\/hudo.com\/si\/#website"},"datePublished":"2019-10-04T08:48:33+00:00","dateModified":"2019-10-04T08:48:33+00:00","breadcrumb":{"@id":"https:\/\/hudo.com\/si\/aktualno\/visje-sodisce-potrdilo-sodbo-zoper-andreja-siska\/#breadcrumb"},"inLanguage":"sl-SI","potentialAction":[{"@type":"ReadAction","target":["https:\/\/hudo.com\/si\/aktualno\/visje-sodisce-potrdilo-sodbo-zoper-andreja-siska\/"]}]},{"@type":"BreadcrumbList","@id":"https:\/\/hudo.com\/si\/aktualno\/visje-sodisce-potrdilo-sodbo-zoper-andreja-siska\/#breadcrumb","itemListElement":[{"@type":"ListItem","position":1,"name":"Home","item":"https:\/\/hudo.com\/si\/"},{"@type":"ListItem","position":2,"name":"Vi\u0161je sodi\u0161\u010de potrdilo sodbo zoper Andreja \u0160i\u0161ka"}]},{"@type":"WebSite","@id":"https:\/\/hudo.com\/si\/#website","url":"https:\/\/hudo.com\/si\/","name":"Hudo Slovenija","description":"Vse novice iz Slovenije in sveta","publisher":{"@id":"https:\/\/hudo.com\/si\/#organization"},"potentialAction":[{"@type":"SearchAction","target":{"@type":"EntryPoint","urlTemplate":"https:\/\/hudo.com\/si\/?s={search_term_string}"},"query-input":"required name=search_term_string"}],"inLanguage":"sl-SI"},{"@type":"Organization","@id":"https:\/\/hudo.com\/si\/#organization","name":"VSN Media","url":"https:\/\/hudo.com\/si\/","logo":{"@type":"ImageObject","inLanguage":"sl-SI","@id":"https:\/\/hudo.com\/si\/#\/schema\/logo\/image\/","url":"https:\/\/hudo.com\/si\/wp-content\/uploads\/sites\/2\/2021\/03\/hudo-app-2.png","contentUrl":"https:\/\/hudo.com\/si\/wp-content\/uploads\/sites\/2\/2021\/03\/hudo-app-2.png","width":2185,"height":2167,"caption":"VSN Media"},"image":{"@id":"https:\/\/hudo.com\/si\/#\/schema\/logo\/image\/"},"sameAs":["https:\/\/www.facebook.com\/hudo.si","https:\/\/twitter.com\/hudo_si"]},{"@type":"Person","@id":"https:\/\/hudo.com\/si\/#\/schema\/person\/2391667a63ea075ba94f2f2dc6b77537","name":"A. G., STA","image":{"@type":"ImageObject","inLanguage":"sl-SI","@id":"https:\/\/hudo.com\/si\/#\/schema\/person\/image\/","url":"https:\/\/secure.gravatar.com\/avatar\/e13d22ac3e442658d5025fbbe6238a79?s=96&d=mm&r=g","contentUrl":"https:\/\/secure.gravatar.com\/avatar\/e13d22ac3e442658d5025fbbe6238a79?s=96&d=mm&r=g","caption":"A. G., STA"},"url":"https:\/\/hudo.com\/si\/author\/alenka\/"}]}},"amp_enabled":true,"_links":{"self":[{"href":"https:\/\/hudo.com\/si\/wp-json\/wp\/v2\/posts\/407649"}],"collection":[{"href":"https:\/\/hudo.com\/si\/wp-json\/wp\/v2\/posts"}],"about":[{"href":"https:\/\/hudo.com\/si\/wp-json\/wp\/v2\/types\/post"}],"author":[{"embeddable":true,"href":"https:\/\/hudo.com\/si\/wp-json\/wp\/v2\/users\/5"}],"replies":[{"embeddable":true,"href":"https:\/\/hudo.com\/si\/wp-json\/wp\/v2\/comments?post=407649"}],"version-history":[{"count":1,"href":"https:\/\/hudo.com\/si\/wp-json\/wp\/v2\/posts\/407649\/revisions"}],"predecessor-version":[{"id":407650,"href":"https:\/\/hudo.com\/si\/wp-json\/wp\/v2\/posts\/407649\/revisions\/407650"}],"wp:featuredmedia":[{"embeddable":true,"href":"https:\/\/hudo.com\/si\/wp-json\/wp\/v2\/media\/377012"}],"wp:attachment":[{"href":"https:\/\/hudo.com\/si\/wp-json\/wp\/v2\/media?parent=407649"}],"wp:term":[{"taxonomy":"category","embeddable":true,"href":"https:\/\/hudo.com\/si\/wp-json\/wp\/v2\/categories?post=407649"},{"taxonomy":"post_tag","embeddable":true,"href":"https:\/\/hudo.com\/si\/wp-json\/wp\/v2\/tags?post=407649"},{"taxonomy":"source","embeddable":true,"href":"https:\/\/hudo.com\/si\/wp-json\/wp\/v2\/source?post=407649"},{"taxonomy":"supertag","embeddable":true,"href":"https:\/\/hudo.com\/si\/wp-json\/wp\/v2\/supertag?post=407649"}],"curies":[{"name":"wp","href":"https:\/\/api.w.org\/{rel}","templated":true}]}}