{"id":407651,"date":"2019-10-04T10:50:57","date_gmt":"2019-10-04T08:50:57","guid":{"rendered":"http:\/\/hudo.com\/si\/?p=407651"},"modified":"2019-10-04T10:50:57","modified_gmt":"2019-10-04T08:50:57","slug":"drustvu-palcica-pomagalcica-grozi-obdavcitev-sredstev-za-zdravljenje-krisa","status":"publish","type":"post","link":"https:\/\/hudo.com\/si\/aktualno\/drustvu-palcica-pomagalcica-grozi-obdavcitev-sredstev-za-zdravljenje-krisa\/","title":{"rendered":"Dru\u0161tvu Pal\u010dica pomagal\u010dica grozi obdav\u010ditev sredstev za zdravljenje Krisa"},"content":{"rendered":"<div class=\"text\">\n<p>Dru\u0161tvo Pal\u010dica pomagal\u010dica je v le nekaj tednih zbralo 2,3 milijona evrov, potrebnih za operacijo, ki bi lahko re\u0161ila \u017eivljenje 19-mese\u010dnemu Krisu s spinalno mi\u0161i\u010dno atrofijo. Ob mno\u017ei\u010dnem odzivu so znesek krepko presegli, saj so doslej zbrali kar 3,8 milijona evrov.<\/p>\n<p>Kot danes poro\u010da Delo, pa bi lahko zmanjkalo denarja za pla\u010dilo dohodnine. Dru\u0161tvo namre\u010d nima statusa humanitarne organizacije, za katere veljajo izjeme v zakonu o dohodnini, saj je bilo v poslovni register vpisano \u0161ele 3. julija. Za pridobitev statusa humanitarne organizacije bi moralo najmanj eno leto pred vlo\u017eitvijo vloge opravljati humanitarno dejavnost in prilo\u017eiti ustrezna dokazila.<\/p>\n<p>Posledi\u010dno bi moralo dru\u0161tvo v tem primeru obra\u010dunati 25 odstotkov akontacije dohodnine, torej dobrih 950.000 evrov, preostanek davka v vi\u0161ini dobrih 940.000 evrov pa bi moral pla\u010dati zavezanec po prijavi dohodnine.<\/p>\n<p>Tako na ministrstvih za delo in za zdravje kot tudi sama predsednica dru\u0161tva Pal\u010dica pomagal\u010dica Larisa \u0160toka so po poro\u010danju Dela potrdili, da statusa humanitarne organizacije \u0161e nimajo. Po besedah \u0160toke je zbiranje denarja tako hitro preseglo na\u010drte, da so se vpra\u0161anja o davku pojavila \u0161ele, ko so ljudje za\u010deli mno\u017ei\u010dno nakazovati prispevke.<\/p>\n<p>Tudi na Finan\u010dni upravi RS so za \u010dasnik pojasnili, da je po zakonu o dohodnini pogoj za oprostitev dohodnine od pomo\u010di, ki jo pomo\u010di potrebnim fizi\u010dnim osebam izpla\u010duje dru\u0161tvo, da ima urejen status humanitarne organizacije ali dobrodelne ustanove. V nasprotnem primeru ima tako dru\u0161tvo ob izpla\u010dilu fizi\u010dni osebi obveznost pla\u010dnika davka. \u010ce fizi\u010dna oseba prejme pomo\u010d od dru\u0161tva brez zakonsko urejenega statusa, pa se prejeta sredstva \u0161tejejo za druge dohodke. V tem primeru mora dru\u0161tvo kot pla\u010dnik davka od zneska dohodka izra\u010dunati in pla\u010dati akontacijo dohodnine po 25-odstotni stopnji.<\/p>\n<p>Larisa \u0160toka je na Facebook strani dru\u0161tva medtem sporo\u010dila, da so se obrnili na Center nevladnih organizacij Slovenije. &#8220;\u017de v za\u010detku naslednjega tedna se bomo sestali in skupaj preu\u010dili dav\u010dne posledice. Zgolj dejstvo, da na\u0161e dru\u0161tvo \u0161e ni ustanovljeno eno leto, namre\u010d po na\u0161em mnenju ne more biti razlog za to, da smo obravnavani druga\u010de kot tista dru\u0161tva, ki delujejo ve\u010d kot eno leto,&#8221; je zapisala.<\/p>\n<p>\u0160toka je obljubila, da bodo \u0161e naprej delovali transparentno in da se ne izogibajo ni\u010demur, da pa je bila akcija zanje velik zalogaj. &#8220;O tem, kak\u0161na obdav\u010ditev bi nas lahko doletela in kako bomo morebitni davek pla\u010dali, bomo razmi\u0161ljali ob pomo\u010di ljudi, ki so na teh podro\u010djih strokovnjaki, sama nisem,&#8221; je dodala.<\/p>\n<p>Premier \u0160arec pa je na svojem Facebook profilu v odgovoru \u0161tevilne, ki so se nanj obrnili z zasebnimi sporo\u010dili glede obdav\u010ditve dru\u0161tva, pozval, &#8220;da se vsi skupaj malo umirimo in pogledamo, kaj je na stvari&#8221;. Kot je zapisal, ne \u017eeli ugibati, zakaj je dru\u0161tvo \u0161lo v akcijo, \u010deprav nima statusa humanitarne organizacije in zato zapade pod dav\u010dno zakonodajo.<\/p>\n<p>&#8220;Verjemite pa, da zagotovo ni v interesu nikogar normalnega, da bi \u017eelel na vsak na\u010din pobrati ta davek,&#8221; je zatrdil. Za neizpolnjevanje kriterijev dru\u0161tva je izvedel v \u010detrtek in takoj naro\u010dil, da vsi skupaj poi\u0161\u010dejo mo\u017eno re\u0161itev. &#8220;Poiskati je treba re\u0161itev tako za malega Krisa kot tudi za vse darovalce,&#8221; je \u0161e poudaril \u0160arec.<\/p>\n<\/div>\n","protected":false},"excerpt":{"rendered":"<p>Dru\u0161tvo Pal\u010dica pomagal\u010dica nima statusa humanitarne organizacije, zato bi od sredstev, zbranih za zdravljenje Krisa, dr\u017eava lahko vzela 1,9 milijona evrov, poro\u010dajo mediji. Predsednica dru\u0161tva Larisa \u0160toka je napovedala, da bodo dav\u010dne posledice \u0161e preu\u010dili, za iskanje re\u0161itev pa se je zavzel tudi premier Marjan \u0160arec.<\/p>\n","protected":false},"author":5,"featured_media":407285,"comment_status":"closed","ping_status":"closed","sticky":false,"template":"","format":"standard","meta":{"footnotes":""},"categories":[1179],"tags":[4531,14826,4576,14797,14825],"source":[4511],"supertag":[],"acf":[],"yoast_head":"<!-- This site is optimized with the Yoast SEO plugin v21.3 - https:\/\/yoast.com\/wordpress\/plugins\/seo\/ -->\n<title>Dru\u0161tvu Pal\u010dica pomagal\u010dica grozi obdav\u010ditev sredstev za zdravljenje Krisa - Hudo Slovenija<\/title>\n<meta name=\"robots\" content=\"index, follow, max-snippet:-1, max-image-preview:large, max-video-preview:-1\" \/>\n<link rel=\"canonical\" href=\"https:\/\/hudo.com\/si\/aktualno\/drustvu-palcica-pomagalcica-grozi-obdavcitev-sredstev-za-zdravljenje-krisa\/\" \/>\n<meta property=\"og:locale\" content=\"sl_SI\" \/>\n<meta property=\"og:type\" content=\"article\" \/>\n<meta property=\"og:title\" content=\"Dru\u0161tvu Pal\u010dica pomagal\u010dica grozi obdav\u010ditev sredstev za zdravljenje Krisa - Hudo Slovenija\" \/>\n<meta property=\"og:description\" content=\"Dru\u0161tvo Pal\u010dica pomagal\u010dica nima statusa humanitarne organizacije, zato bi od sredstev, zbranih za zdravljenje Krisa, dr\u017eava lahko vzela 1,9 milijona evrov, poro\u010dajo mediji. Predsednica dru\u0161tva Larisa \u0160toka je napovedala, da bodo dav\u010dne posledice \u0161e preu\u010dili, za iskanje re\u0161itev pa se je zavzel tudi premier Marjan \u0160arec.\" \/>\n<meta property=\"og:url\" content=\"https:\/\/hudo.com\/si\/aktualno\/drustvu-palcica-pomagalcica-grozi-obdavcitev-sredstev-za-zdravljenje-krisa\/\" \/>\n<meta property=\"og:site_name\" content=\"Hudo Slovenija\" \/>\n<meta property=\"article:publisher\" content=\"https:\/\/www.facebook.com\/hudo.si\" \/>\n<meta property=\"article:published_time\" content=\"2019-10-04T08:50:57+00:00\" \/>\n<meta property=\"og:image\" content=\"https:\/\/hudo.com\/si\/wp-content\/uploads\/sites\/2\/2019\/09\/kris.jpg\" \/>\n\t<meta property=\"og:image:width\" content=\"537\" \/>\n\t<meta property=\"og:image:height\" content=\"546\" \/>\n\t<meta property=\"og:image:type\" content=\"image\/jpeg\" \/>\n<meta name=\"author\" content=\"A. G., STA\" \/>\n<meta name=\"twitter:card\" content=\"summary_large_image\" \/>\n<meta name=\"twitter:creator\" content=\"@hudo_si\" \/>\n<meta name=\"twitter:site\" content=\"@hudo_si\" \/>\n<meta name=\"twitter:label1\" content=\"Written by\" \/>\n\t<meta name=\"twitter:data1\" content=\"A. G., STA\" \/>\n\t<meta name=\"twitter:label2\" content=\"Est. reading time\" \/>\n\t<meta name=\"twitter:data2\" content=\"3 minute\" \/>\n<script type=\"application\/ld+json\" class=\"yoast-schema-graph\">{\"@context\":\"https:\/\/schema.org\",\"@graph\":[{\"@type\":\"Article\",\"@id\":\"https:\/\/hudo.com\/si\/aktualno\/drustvu-palcica-pomagalcica-grozi-obdavcitev-sredstev-za-zdravljenje-krisa\/#article\",\"isPartOf\":{\"@id\":\"https:\/\/hudo.com\/si\/aktualno\/drustvu-palcica-pomagalcica-grozi-obdavcitev-sredstev-za-zdravljenje-krisa\/\"},\"author\":{\"name\":\"A. G., STA\",\"@id\":\"https:\/\/hudo.com\/si\/#\/schema\/person\/2391667a63ea075ba94f2f2dc6b77537\"},\"headline\":\"Dru\u0161tvu Pal\u010dica pomagal\u010dica grozi obdav\u010ditev sredstev za zdravljenje Krisa\",\"datePublished\":\"2019-10-04T08:50:57+00:00\",\"dateModified\":\"2019-10-04T08:50:57+00:00\",\"mainEntityOfPage\":{\"@id\":\"https:\/\/hudo.com\/si\/aktualno\/drustvu-palcica-pomagalcica-grozi-obdavcitev-sredstev-za-zdravljenje-krisa\/\"},\"wordCount\":580,\"publisher\":{\"@id\":\"https:\/\/hudo.com\/si\/#organization\"},\"keywords\":[\"davki\",\"dru\u0161tvo\",\"humanitarnost\",\"Kris\",\"Pal\u010dica pomagal\u010dica\"],\"articleSection\":[\"Aktualno\"],\"inLanguage\":\"sl-SI\"},{\"@type\":\"WebPage\",\"@id\":\"https:\/\/hudo.com\/si\/aktualno\/drustvu-palcica-pomagalcica-grozi-obdavcitev-sredstev-za-zdravljenje-krisa\/\",\"url\":\"https:\/\/hudo.com\/si\/aktualno\/drustvu-palcica-pomagalcica-grozi-obdavcitev-sredstev-za-zdravljenje-krisa\/\",\"name\":\"Dru\u0161tvu Pal\u010dica pomagal\u010dica grozi obdav\u010ditev sredstev za zdravljenje Krisa - Hudo Slovenija\",\"isPartOf\":{\"@id\":\"https:\/\/hudo.com\/si\/#website\"},\"datePublished\":\"2019-10-04T08:50:57+00:00\",\"dateModified\":\"2019-10-04T08:50:57+00:00\",\"breadcrumb\":{\"@id\":\"https:\/\/hudo.com\/si\/aktualno\/drustvu-palcica-pomagalcica-grozi-obdavcitev-sredstev-za-zdravljenje-krisa\/#breadcrumb\"},\"inLanguage\":\"sl-SI\",\"potentialAction\":[{\"@type\":\"ReadAction\",\"target\":[\"https:\/\/hudo.com\/si\/aktualno\/drustvu-palcica-pomagalcica-grozi-obdavcitev-sredstev-za-zdravljenje-krisa\/\"]}]},{\"@type\":\"BreadcrumbList\",\"@id\":\"https:\/\/hudo.com\/si\/aktualno\/drustvu-palcica-pomagalcica-grozi-obdavcitev-sredstev-za-zdravljenje-krisa\/#breadcrumb\",\"itemListElement\":[{\"@type\":\"ListItem\",\"position\":1,\"name\":\"Home\",\"item\":\"https:\/\/hudo.com\/si\/\"},{\"@type\":\"ListItem\",\"position\":2,\"name\":\"Dru\u0161tvu Pal\u010dica pomagal\u010dica grozi obdav\u010ditev sredstev za zdravljenje Krisa\"}]},{\"@type\":\"WebSite\",\"@id\":\"https:\/\/hudo.com\/si\/#website\",\"url\":\"https:\/\/hudo.com\/si\/\",\"name\":\"Hudo Slovenija\",\"description\":\"Vse novice iz Slovenije in sveta\",\"publisher\":{\"@id\":\"https:\/\/hudo.com\/si\/#organization\"},\"potentialAction\":[{\"@type\":\"SearchAction\",\"target\":{\"@type\":\"EntryPoint\",\"urlTemplate\":\"https:\/\/hudo.com\/si\/?s={search_term_string}\"},\"query-input\":\"required name=search_term_string\"}],\"inLanguage\":\"sl-SI\"},{\"@type\":\"Organization\",\"@id\":\"https:\/\/hudo.com\/si\/#organization\",\"name\":\"VSN Media\",\"url\":\"https:\/\/hudo.com\/si\/\",\"logo\":{\"@type\":\"ImageObject\",\"inLanguage\":\"sl-SI\",\"@id\":\"https:\/\/hudo.com\/si\/#\/schema\/logo\/image\/\",\"url\":\"https:\/\/hudo.com\/si\/wp-content\/uploads\/sites\/2\/2021\/03\/hudo-app-2.png\",\"contentUrl\":\"https:\/\/hudo.com\/si\/wp-content\/uploads\/sites\/2\/2021\/03\/hudo-app-2.png\",\"width\":2185,\"height\":2167,\"caption\":\"VSN Media\"},\"image\":{\"@id\":\"https:\/\/hudo.com\/si\/#\/schema\/logo\/image\/\"},\"sameAs\":[\"https:\/\/www.facebook.com\/hudo.si\",\"https:\/\/twitter.com\/hudo_si\"]},{\"@type\":\"Person\",\"@id\":\"https:\/\/hudo.com\/si\/#\/schema\/person\/2391667a63ea075ba94f2f2dc6b77537\",\"name\":\"A. G., STA\",\"image\":{\"@type\":\"ImageObject\",\"inLanguage\":\"sl-SI\",\"@id\":\"https:\/\/hudo.com\/si\/#\/schema\/person\/image\/\",\"url\":\"https:\/\/secure.gravatar.com\/avatar\/e13d22ac3e442658d5025fbbe6238a79?s=96&d=mm&r=g\",\"contentUrl\":\"https:\/\/secure.gravatar.com\/avatar\/e13d22ac3e442658d5025fbbe6238a79?s=96&d=mm&r=g\",\"caption\":\"A. G., STA\"},\"url\":\"https:\/\/hudo.com\/si\/author\/alenka\/\"}]}<\/script>\n<!-- \/ Yoast SEO plugin. -->","yoast_head_json":{"title":"Dru\u0161tvu Pal\u010dica pomagal\u010dica grozi obdav\u010ditev sredstev za zdravljenje Krisa - Hudo Slovenija","robots":{"index":"index","follow":"follow","max-snippet":"max-snippet:-1","max-image-preview":"max-image-preview:large","max-video-preview":"max-video-preview:-1"},"canonical":"https:\/\/hudo.com\/si\/aktualno\/drustvu-palcica-pomagalcica-grozi-obdavcitev-sredstev-za-zdravljenje-krisa\/","og_locale":"sl_SI","og_type":"article","og_title":"Dru\u0161tvu Pal\u010dica pomagal\u010dica grozi obdav\u010ditev sredstev za zdravljenje Krisa - Hudo Slovenija","og_description":"Dru\u0161tvo Pal\u010dica pomagal\u010dica nima statusa humanitarne organizacije, zato bi od sredstev, zbranih za zdravljenje Krisa, dr\u017eava lahko vzela 1,9 milijona evrov, poro\u010dajo mediji. Predsednica dru\u0161tva Larisa \u0160toka je napovedala, da bodo dav\u010dne posledice \u0161e preu\u010dili, za iskanje re\u0161itev pa se je zavzel tudi premier Marjan \u0160arec.","og_url":"https:\/\/hudo.com\/si\/aktualno\/drustvu-palcica-pomagalcica-grozi-obdavcitev-sredstev-za-zdravljenje-krisa\/","og_site_name":"Hudo Slovenija","article_publisher":"https:\/\/www.facebook.com\/hudo.si","article_published_time":"2019-10-04T08:50:57+00:00","og_image":[{"width":537,"height":546,"url":"https:\/\/hudo.com\/si\/wp-content\/uploads\/sites\/2\/2019\/09\/kris.jpg","type":"image\/jpeg"}],"author":"A. G., STA","twitter_card":"summary_large_image","twitter_creator":"@hudo_si","twitter_site":"@hudo_si","twitter_misc":{"Written by":"A. G., STA","Est. reading time":"3 minute"},"schema":{"@context":"https:\/\/schema.org","@graph":[{"@type":"Article","@id":"https:\/\/hudo.com\/si\/aktualno\/drustvu-palcica-pomagalcica-grozi-obdavcitev-sredstev-za-zdravljenje-krisa\/#article","isPartOf":{"@id":"https:\/\/hudo.com\/si\/aktualno\/drustvu-palcica-pomagalcica-grozi-obdavcitev-sredstev-za-zdravljenje-krisa\/"},"author":{"name":"A. G., STA","@id":"https:\/\/hudo.com\/si\/#\/schema\/person\/2391667a63ea075ba94f2f2dc6b77537"},"headline":"Dru\u0161tvu Pal\u010dica pomagal\u010dica grozi obdav\u010ditev sredstev za zdravljenje Krisa","datePublished":"2019-10-04T08:50:57+00:00","dateModified":"2019-10-04T08:50:57+00:00","mainEntityOfPage":{"@id":"https:\/\/hudo.com\/si\/aktualno\/drustvu-palcica-pomagalcica-grozi-obdavcitev-sredstev-za-zdravljenje-krisa\/"},"wordCount":580,"publisher":{"@id":"https:\/\/hudo.com\/si\/#organization"},"keywords":["davki","dru\u0161tvo","humanitarnost","Kris","Pal\u010dica pomagal\u010dica"],"articleSection":["Aktualno"],"inLanguage":"sl-SI"},{"@type":"WebPage","@id":"https:\/\/hudo.com\/si\/aktualno\/drustvu-palcica-pomagalcica-grozi-obdavcitev-sredstev-za-zdravljenje-krisa\/","url":"https:\/\/hudo.com\/si\/aktualno\/drustvu-palcica-pomagalcica-grozi-obdavcitev-sredstev-za-zdravljenje-krisa\/","name":"Dru\u0161tvu Pal\u010dica pomagal\u010dica grozi obdav\u010ditev sredstev za zdravljenje Krisa - Hudo Slovenija","isPartOf":{"@id":"https:\/\/hudo.com\/si\/#website"},"datePublished":"2019-10-04T08:50:57+00:00","dateModified":"2019-10-04T08:50:57+00:00","breadcrumb":{"@id":"https:\/\/hudo.com\/si\/aktualno\/drustvu-palcica-pomagalcica-grozi-obdavcitev-sredstev-za-zdravljenje-krisa\/#breadcrumb"},"inLanguage":"sl-SI","potentialAction":[{"@type":"ReadAction","target":["https:\/\/hudo.com\/si\/aktualno\/drustvu-palcica-pomagalcica-grozi-obdavcitev-sredstev-za-zdravljenje-krisa\/"]}]},{"@type":"BreadcrumbList","@id":"https:\/\/hudo.com\/si\/aktualno\/drustvu-palcica-pomagalcica-grozi-obdavcitev-sredstev-za-zdravljenje-krisa\/#breadcrumb","itemListElement":[{"@type":"ListItem","position":1,"name":"Home","item":"https:\/\/hudo.com\/si\/"},{"@type":"ListItem","position":2,"name":"Dru\u0161tvu Pal\u010dica pomagal\u010dica grozi obdav\u010ditev sredstev za zdravljenje Krisa"}]},{"@type":"WebSite","@id":"https:\/\/hudo.com\/si\/#website","url":"https:\/\/hudo.com\/si\/","name":"Hudo Slovenija","description":"Vse novice iz Slovenije in sveta","publisher":{"@id":"https:\/\/hudo.com\/si\/#organization"},"potentialAction":[{"@type":"SearchAction","target":{"@type":"EntryPoint","urlTemplate":"https:\/\/hudo.com\/si\/?s={search_term_string}"},"query-input":"required name=search_term_string"}],"inLanguage":"sl-SI"},{"@type":"Organization","@id":"https:\/\/hudo.com\/si\/#organization","name":"VSN Media","url":"https:\/\/hudo.com\/si\/","logo":{"@type":"ImageObject","inLanguage":"sl-SI","@id":"https:\/\/hudo.com\/si\/#\/schema\/logo\/image\/","url":"https:\/\/hudo.com\/si\/wp-content\/uploads\/sites\/2\/2021\/03\/hudo-app-2.png","contentUrl":"https:\/\/hudo.com\/si\/wp-content\/uploads\/sites\/2\/2021\/03\/hudo-app-2.png","width":2185,"height":2167,"caption":"VSN Media"},"image":{"@id":"https:\/\/hudo.com\/si\/#\/schema\/logo\/image\/"},"sameAs":["https:\/\/www.facebook.com\/hudo.si","https:\/\/twitter.com\/hudo_si"]},{"@type":"Person","@id":"https:\/\/hudo.com\/si\/#\/schema\/person\/2391667a63ea075ba94f2f2dc6b77537","name":"A. G., STA","image":{"@type":"ImageObject","inLanguage":"sl-SI","@id":"https:\/\/hudo.com\/si\/#\/schema\/person\/image\/","url":"https:\/\/secure.gravatar.com\/avatar\/e13d22ac3e442658d5025fbbe6238a79?s=96&d=mm&r=g","contentUrl":"https:\/\/secure.gravatar.com\/avatar\/e13d22ac3e442658d5025fbbe6238a79?s=96&d=mm&r=g","caption":"A. G., STA"},"url":"https:\/\/hudo.com\/si\/author\/alenka\/"}]}},"amp_enabled":true,"_links":{"self":[{"href":"https:\/\/hudo.com\/si\/wp-json\/wp\/v2\/posts\/407651"}],"collection":[{"href":"https:\/\/hudo.com\/si\/wp-json\/wp\/v2\/posts"}],"about":[{"href":"https:\/\/hudo.com\/si\/wp-json\/wp\/v2\/types\/post"}],"author":[{"embeddable":true,"href":"https:\/\/hudo.com\/si\/wp-json\/wp\/v2\/users\/5"}],"replies":[{"embeddable":true,"href":"https:\/\/hudo.com\/si\/wp-json\/wp\/v2\/comments?post=407651"}],"version-history":[{"count":1,"href":"https:\/\/hudo.com\/si\/wp-json\/wp\/v2\/posts\/407651\/revisions"}],"predecessor-version":[{"id":407652,"href":"https:\/\/hudo.com\/si\/wp-json\/wp\/v2\/posts\/407651\/revisions\/407652"}],"wp:featuredmedia":[{"embeddable":true,"href":"https:\/\/hudo.com\/si\/wp-json\/wp\/v2\/media\/407285"}],"wp:attachment":[{"href":"https:\/\/hudo.com\/si\/wp-json\/wp\/v2\/media?parent=407651"}],"wp:term":[{"taxonomy":"category","embeddable":true,"href":"https:\/\/hudo.com\/si\/wp-json\/wp\/v2\/categories?post=407651"},{"taxonomy":"post_tag","embeddable":true,"href":"https:\/\/hudo.com\/si\/wp-json\/wp\/v2\/tags?post=407651"},{"taxonomy":"source","embeddable":true,"href":"https:\/\/hudo.com\/si\/wp-json\/wp\/v2\/source?post=407651"},{"taxonomy":"supertag","embeddable":true,"href":"https:\/\/hudo.com\/si\/wp-json\/wp\/v2\/supertag?post=407651"}],"curies":[{"name":"wp","href":"https:\/\/api.w.org\/{rel}","templated":true}]}}