{"id":407734,"date":"2019-10-06T14:37:11","date_gmt":"2019-10-06T12:37:11","guid":{"rendered":"http:\/\/hudo.com\/si\/?p=407734"},"modified":"2019-10-06T14:37:11","modified_gmt":"2019-10-06T12:37:11","slug":"tragedija-v-avstriji-25-letni-moski-v-kitzbuhelu-ubil-celo-druzino","status":"publish","type":"post","link":"https:\/\/hudo.com\/si\/aktualno\/tragedija-v-avstriji-25-letni-moski-v-kitzbuhelu-ubil-celo-druzino\/","title":{"rendered":"Tragedija v Avstriji: 25-letni mo\u0161ki v Kitzb\u00fchelu ubil celo dru\u017eino"},"content":{"rendered":"<p>Po prvih podatkih naj bi 25-letni morilec ob \u0161tirih zjutraj pozvonil na vrata svojega nekdanjega dekleta. Odprl mu je njen o\u010de in ga poslal domov. Mo\u0161ki je res od\u0161el domov, doma vzel oro\u017eje in se vrnil. Najprej je ustrelil o\u010deta nekdanjega dekleta, ki mu je vnovi\u010d odprl vrata, zatem \u0161e mamo, brata in na koncu dekle in njenega novega partnerja. Uporabil naj bi pi\u0161tolo svojega brata, ki jo je na\u0161el doma v sefu.<\/p>\n<p>Razlog za umor naj bi bil prav konec veze, ki se je kon\u010dala pred dvema meseca. Ve\u010der pred umorom naj bi med morilcem in nekdanjim dekletom v lokalu pri\u0161lo celo do spora zaradi njenega novega partnerja.<\/p>\n","protected":false},"excerpt":{"rendered":"<p>Danes, okrog 6. ure zjutraj, je na policijsko postajo v tirolskem\u00a0Kitzb\u00fchelu pri\u0161el mlad mo\u0161ki, na mizo polo\u017eil pi\u0161tolo in no\u017e, ter priznal, da je pravkar umoril pet ljudi. Ko je policija prispela na kraj, kjer naj bi se umor zgodil, so resni\u010dno na\u0161li pet trupel.\u00a0<\/p>\n","protected":false},"author":19,"featured_media":197520,"comment_status":"closed","ping_status":"closed","sticky":false,"template":"","format":"standard","meta":{"footnotes":""},"categories":[1179],"tags":[1934,12285,5018],"source":[4511],"supertag":[7150,6103],"acf":[],"yoast_head":"<!-- This site is optimized with the Yoast SEO plugin v21.3 - https:\/\/yoast.com\/wordpress\/plugins\/seo\/ -->\n<title>Tragedija v Avstriji: 25-letni mo\u0161ki v Kitzb\u00fchelu ubil celo dru\u017eino - Hudo Slovenija<\/title>\n<meta name=\"robots\" content=\"index, follow, max-snippet:-1, max-image-preview:large, max-video-preview:-1\" \/>\n<link rel=\"canonical\" href=\"https:\/\/hudo.com\/si\/aktualno\/tragedija-v-avstriji-25-letni-moski-v-kitzbuhelu-ubil-celo-druzino\/\" \/>\n<meta property=\"og:locale\" content=\"sl_SI\" \/>\n<meta property=\"og:type\" content=\"article\" \/>\n<meta property=\"og:title\" content=\"Tragedija v Avstriji: 25-letni mo\u0161ki v Kitzb\u00fchelu ubil celo dru\u017eino - Hudo Slovenija\" \/>\n<meta property=\"og:description\" content=\"Danes, okrog 6. ure zjutraj, je na policijsko postajo v tirolskem\u00a0Kitzb\u00fchelu pri\u0161el mlad mo\u0161ki, na mizo polo\u017eil pi\u0161tolo in no\u017e, ter priznal, da je pravkar umoril pet ljudi. Ko je policija prispela na kraj, kjer naj bi se umor zgodil, so resni\u010dno na\u0161li pet trupel.\u00a0\" \/>\n<meta property=\"og:url\" content=\"https:\/\/hudo.com\/si\/aktualno\/tragedija-v-avstriji-25-letni-moski-v-kitzbuhelu-ubil-celo-druzino\/\" \/>\n<meta property=\"og:site_name\" content=\"Hudo Slovenija\" \/>\n<meta property=\"article:publisher\" content=\"https:\/\/www.facebook.com\/hudo.si\" \/>\n<meta property=\"article:published_time\" content=\"2019-10-06T12:37:11+00:00\" \/>\n<meta property=\"og:image\" content=\"https:\/\/hudo.com\/si\/wp-content\/uploads\/sites\/2\/2017\/01\/profimedia-0089845533.jpg\" \/>\n\t<meta property=\"og:image:width\" content=\"1250\" \/>\n\t<meta property=\"og:image:height\" content=\"833\" \/>\n\t<meta property=\"og:image:type\" content=\"image\/jpeg\" \/>\n<meta name=\"author\" content=\"S. L.\" \/>\n<meta name=\"twitter:card\" content=\"summary_large_image\" \/>\n<meta name=\"twitter:creator\" content=\"@hudo_si\" \/>\n<meta name=\"twitter:site\" content=\"@hudo_si\" \/>\n<meta name=\"twitter:label1\" content=\"Written by\" \/>\n\t<meta name=\"twitter:data1\" content=\"S. L.\" \/>\n\t<meta name=\"twitter:label2\" content=\"Est. reading time\" \/>\n\t<meta name=\"twitter:data2\" content=\"1 minuta\" \/>\n<script type=\"application\/ld+json\" class=\"yoast-schema-graph\">{\"@context\":\"https:\/\/schema.org\",\"@graph\":[{\"@type\":\"Article\",\"@id\":\"https:\/\/hudo.com\/si\/aktualno\/tragedija-v-avstriji-25-letni-moski-v-kitzbuhelu-ubil-celo-druzino\/#article\",\"isPartOf\":{\"@id\":\"https:\/\/hudo.com\/si\/aktualno\/tragedija-v-avstriji-25-letni-moski-v-kitzbuhelu-ubil-celo-druzino\/\"},\"author\":{\"name\":\"S. L.\",\"@id\":\"https:\/\/hudo.com\/si\/#\/schema\/person\/03ac96d1c5d29d7c12a3d6084bb64149\"},\"headline\":\"Tragedija v Avstriji: 25-letni mo\u0161ki v Kitzb\u00fchelu ubil celo dru\u017eino\",\"datePublished\":\"2019-10-06T12:37:11+00:00\",\"dateModified\":\"2019-10-06T12:37:11+00:00\",\"mainEntityOfPage\":{\"@id\":\"https:\/\/hudo.com\/si\/aktualno\/tragedija-v-avstriji-25-letni-moski-v-kitzbuhelu-ubil-celo-druzino\/\"},\"wordCount\":132,\"publisher\":{\"@id\":\"https:\/\/hudo.com\/si\/#organization\"},\"keywords\":[\"Avstrija\",\"tirolska\",\"umor\"],\"articleSection\":[\"Aktualno\"],\"inLanguage\":\"sl-SI\"},{\"@type\":\"WebPage\",\"@id\":\"https:\/\/hudo.com\/si\/aktualno\/tragedija-v-avstriji-25-letni-moski-v-kitzbuhelu-ubil-celo-druzino\/\",\"url\":\"https:\/\/hudo.com\/si\/aktualno\/tragedija-v-avstriji-25-letni-moski-v-kitzbuhelu-ubil-celo-druzino\/\",\"name\":\"Tragedija v Avstriji: 25-letni mo\u0161ki v Kitzb\u00fchelu ubil celo dru\u017eino - Hudo Slovenija\",\"isPartOf\":{\"@id\":\"https:\/\/hudo.com\/si\/#website\"},\"datePublished\":\"2019-10-06T12:37:11+00:00\",\"dateModified\":\"2019-10-06T12:37:11+00:00\",\"breadcrumb\":{\"@id\":\"https:\/\/hudo.com\/si\/aktualno\/tragedija-v-avstriji-25-letni-moski-v-kitzbuhelu-ubil-celo-druzino\/#breadcrumb\"},\"inLanguage\":\"sl-SI\",\"potentialAction\":[{\"@type\":\"ReadAction\",\"target\":[\"https:\/\/hudo.com\/si\/aktualno\/tragedija-v-avstriji-25-letni-moski-v-kitzbuhelu-ubil-celo-druzino\/\"]}]},{\"@type\":\"BreadcrumbList\",\"@id\":\"https:\/\/hudo.com\/si\/aktualno\/tragedija-v-avstriji-25-letni-moski-v-kitzbuhelu-ubil-celo-druzino\/#breadcrumb\",\"itemListElement\":[{\"@type\":\"ListItem\",\"position\":1,\"name\":\"Home\",\"item\":\"https:\/\/hudo.com\/si\/\"},{\"@type\":\"ListItem\",\"position\":2,\"name\":\"Tragedija v Avstriji: 25-letni mo\u0161ki v Kitzb\u00fchelu ubil celo dru\u017eino\"}]},{\"@type\":\"WebSite\",\"@id\":\"https:\/\/hudo.com\/si\/#website\",\"url\":\"https:\/\/hudo.com\/si\/\",\"name\":\"Hudo Slovenija\",\"description\":\"Vse novice iz Slovenije in sveta\",\"publisher\":{\"@id\":\"https:\/\/hudo.com\/si\/#organization\"},\"potentialAction\":[{\"@type\":\"SearchAction\",\"target\":{\"@type\":\"EntryPoint\",\"urlTemplate\":\"https:\/\/hudo.com\/si\/?s={search_term_string}\"},\"query-input\":\"required name=search_term_string\"}],\"inLanguage\":\"sl-SI\"},{\"@type\":\"Organization\",\"@id\":\"https:\/\/hudo.com\/si\/#organization\",\"name\":\"VSN Media\",\"url\":\"https:\/\/hudo.com\/si\/\",\"logo\":{\"@type\":\"ImageObject\",\"inLanguage\":\"sl-SI\",\"@id\":\"https:\/\/hudo.com\/si\/#\/schema\/logo\/image\/\",\"url\":\"https:\/\/hudo.com\/si\/wp-content\/uploads\/sites\/2\/2021\/03\/hudo-app-2.png\",\"contentUrl\":\"https:\/\/hudo.com\/si\/wp-content\/uploads\/sites\/2\/2021\/03\/hudo-app-2.png\",\"width\":2185,\"height\":2167,\"caption\":\"VSN Media\"},\"image\":{\"@id\":\"https:\/\/hudo.com\/si\/#\/schema\/logo\/image\/\"},\"sameAs\":[\"https:\/\/www.facebook.com\/hudo.si\",\"https:\/\/twitter.com\/hudo_si\"]},{\"@type\":\"Person\",\"@id\":\"https:\/\/hudo.com\/si\/#\/schema\/person\/03ac96d1c5d29d7c12a3d6084bb64149\",\"name\":\"S. L.\",\"image\":{\"@type\":\"ImageObject\",\"inLanguage\":\"sl-SI\",\"@id\":\"https:\/\/hudo.com\/si\/#\/schema\/person\/image\/\",\"url\":\"https:\/\/secure.gravatar.com\/avatar\/837b88bc3dbee0548c80ebab0884d5d2?s=96&d=mm&r=g\",\"contentUrl\":\"https:\/\/secure.gravatar.com\/avatar\/837b88bc3dbee0548c80ebab0884d5d2?s=96&d=mm&r=g\",\"caption\":\"S. L.\"},\"url\":\"https:\/\/hudo.com\/si\/author\/sabinaleskovec\/\"}]}<\/script>\n<!-- \/ Yoast SEO plugin. -->","yoast_head_json":{"title":"Tragedija v Avstriji: 25-letni mo\u0161ki v Kitzb\u00fchelu ubil celo dru\u017eino - Hudo Slovenija","robots":{"index":"index","follow":"follow","max-snippet":"max-snippet:-1","max-image-preview":"max-image-preview:large","max-video-preview":"max-video-preview:-1"},"canonical":"https:\/\/hudo.com\/si\/aktualno\/tragedija-v-avstriji-25-letni-moski-v-kitzbuhelu-ubil-celo-druzino\/","og_locale":"sl_SI","og_type":"article","og_title":"Tragedija v Avstriji: 25-letni mo\u0161ki v Kitzb\u00fchelu ubil celo dru\u017eino - Hudo Slovenija","og_description":"Danes, okrog 6. ure zjutraj, je na policijsko postajo v tirolskem\u00a0Kitzb\u00fchelu pri\u0161el mlad mo\u0161ki, na mizo polo\u017eil pi\u0161tolo in no\u017e, ter priznal, da je pravkar umoril pet ljudi. Ko je policija prispela na kraj, kjer naj bi se umor zgodil, so resni\u010dno na\u0161li pet trupel.\u00a0","og_url":"https:\/\/hudo.com\/si\/aktualno\/tragedija-v-avstriji-25-letni-moski-v-kitzbuhelu-ubil-celo-druzino\/","og_site_name":"Hudo Slovenija","article_publisher":"https:\/\/www.facebook.com\/hudo.si","article_published_time":"2019-10-06T12:37:11+00:00","og_image":[{"width":1250,"height":833,"url":"https:\/\/hudo.com\/si\/wp-content\/uploads\/sites\/2\/2017\/01\/profimedia-0089845533.jpg","type":"image\/jpeg"}],"author":"S. L.","twitter_card":"summary_large_image","twitter_creator":"@hudo_si","twitter_site":"@hudo_si","twitter_misc":{"Written by":"S. L.","Est. reading time":"1 minuta"},"schema":{"@context":"https:\/\/schema.org","@graph":[{"@type":"Article","@id":"https:\/\/hudo.com\/si\/aktualno\/tragedija-v-avstriji-25-letni-moski-v-kitzbuhelu-ubil-celo-druzino\/#article","isPartOf":{"@id":"https:\/\/hudo.com\/si\/aktualno\/tragedija-v-avstriji-25-letni-moski-v-kitzbuhelu-ubil-celo-druzino\/"},"author":{"name":"S. L.","@id":"https:\/\/hudo.com\/si\/#\/schema\/person\/03ac96d1c5d29d7c12a3d6084bb64149"},"headline":"Tragedija v Avstriji: 25-letni mo\u0161ki v Kitzb\u00fchelu ubil celo dru\u017eino","datePublished":"2019-10-06T12:37:11+00:00","dateModified":"2019-10-06T12:37:11+00:00","mainEntityOfPage":{"@id":"https:\/\/hudo.com\/si\/aktualno\/tragedija-v-avstriji-25-letni-moski-v-kitzbuhelu-ubil-celo-druzino\/"},"wordCount":132,"publisher":{"@id":"https:\/\/hudo.com\/si\/#organization"},"keywords":["Avstrija","tirolska","umor"],"articleSection":["Aktualno"],"inLanguage":"sl-SI"},{"@type":"WebPage","@id":"https:\/\/hudo.com\/si\/aktualno\/tragedija-v-avstriji-25-letni-moski-v-kitzbuhelu-ubil-celo-druzino\/","url":"https:\/\/hudo.com\/si\/aktualno\/tragedija-v-avstriji-25-letni-moski-v-kitzbuhelu-ubil-celo-druzino\/","name":"Tragedija v Avstriji: 25-letni mo\u0161ki v Kitzb\u00fchelu ubil celo dru\u017eino - Hudo Slovenija","isPartOf":{"@id":"https:\/\/hudo.com\/si\/#website"},"datePublished":"2019-10-06T12:37:11+00:00","dateModified":"2019-10-06T12:37:11+00:00","breadcrumb":{"@id":"https:\/\/hudo.com\/si\/aktualno\/tragedija-v-avstriji-25-letni-moski-v-kitzbuhelu-ubil-celo-druzino\/#breadcrumb"},"inLanguage":"sl-SI","potentialAction":[{"@type":"ReadAction","target":["https:\/\/hudo.com\/si\/aktualno\/tragedija-v-avstriji-25-letni-moski-v-kitzbuhelu-ubil-celo-druzino\/"]}]},{"@type":"BreadcrumbList","@id":"https:\/\/hudo.com\/si\/aktualno\/tragedija-v-avstriji-25-letni-moski-v-kitzbuhelu-ubil-celo-druzino\/#breadcrumb","itemListElement":[{"@type":"ListItem","position":1,"name":"Home","item":"https:\/\/hudo.com\/si\/"},{"@type":"ListItem","position":2,"name":"Tragedija v Avstriji: 25-letni mo\u0161ki v Kitzb\u00fchelu ubil celo dru\u017eino"}]},{"@type":"WebSite","@id":"https:\/\/hudo.com\/si\/#website","url":"https:\/\/hudo.com\/si\/","name":"Hudo Slovenija","description":"Vse novice iz Slovenije in sveta","publisher":{"@id":"https:\/\/hudo.com\/si\/#organization"},"potentialAction":[{"@type":"SearchAction","target":{"@type":"EntryPoint","urlTemplate":"https:\/\/hudo.com\/si\/?s={search_term_string}"},"query-input":"required name=search_term_string"}],"inLanguage":"sl-SI"},{"@type":"Organization","@id":"https:\/\/hudo.com\/si\/#organization","name":"VSN Media","url":"https:\/\/hudo.com\/si\/","logo":{"@type":"ImageObject","inLanguage":"sl-SI","@id":"https:\/\/hudo.com\/si\/#\/schema\/logo\/image\/","url":"https:\/\/hudo.com\/si\/wp-content\/uploads\/sites\/2\/2021\/03\/hudo-app-2.png","contentUrl":"https:\/\/hudo.com\/si\/wp-content\/uploads\/sites\/2\/2021\/03\/hudo-app-2.png","width":2185,"height":2167,"caption":"VSN Media"},"image":{"@id":"https:\/\/hudo.com\/si\/#\/schema\/logo\/image\/"},"sameAs":["https:\/\/www.facebook.com\/hudo.si","https:\/\/twitter.com\/hudo_si"]},{"@type":"Person","@id":"https:\/\/hudo.com\/si\/#\/schema\/person\/03ac96d1c5d29d7c12a3d6084bb64149","name":"S. L.","image":{"@type":"ImageObject","inLanguage":"sl-SI","@id":"https:\/\/hudo.com\/si\/#\/schema\/person\/image\/","url":"https:\/\/secure.gravatar.com\/avatar\/837b88bc3dbee0548c80ebab0884d5d2?s=96&d=mm&r=g","contentUrl":"https:\/\/secure.gravatar.com\/avatar\/837b88bc3dbee0548c80ebab0884d5d2?s=96&d=mm&r=g","caption":"S. L."},"url":"https:\/\/hudo.com\/si\/author\/sabinaleskovec\/"}]}},"amp_enabled":true,"_links":{"self":[{"href":"https:\/\/hudo.com\/si\/wp-json\/wp\/v2\/posts\/407734"}],"collection":[{"href":"https:\/\/hudo.com\/si\/wp-json\/wp\/v2\/posts"}],"about":[{"href":"https:\/\/hudo.com\/si\/wp-json\/wp\/v2\/types\/post"}],"author":[{"embeddable":true,"href":"https:\/\/hudo.com\/si\/wp-json\/wp\/v2\/users\/19"}],"replies":[{"embeddable":true,"href":"https:\/\/hudo.com\/si\/wp-json\/wp\/v2\/comments?post=407734"}],"version-history":[{"count":1,"href":"https:\/\/hudo.com\/si\/wp-json\/wp\/v2\/posts\/407734\/revisions"}],"predecessor-version":[{"id":407735,"href":"https:\/\/hudo.com\/si\/wp-json\/wp\/v2\/posts\/407734\/revisions\/407735"}],"wp:featuredmedia":[{"embeddable":true,"href":"https:\/\/hudo.com\/si\/wp-json\/wp\/v2\/media\/197520"}],"wp:attachment":[{"href":"https:\/\/hudo.com\/si\/wp-json\/wp\/v2\/media?parent=407734"}],"wp:term":[{"taxonomy":"category","embeddable":true,"href":"https:\/\/hudo.com\/si\/wp-json\/wp\/v2\/categories?post=407734"},{"taxonomy":"post_tag","embeddable":true,"href":"https:\/\/hudo.com\/si\/wp-json\/wp\/v2\/tags?post=407734"},{"taxonomy":"source","embeddable":true,"href":"https:\/\/hudo.com\/si\/wp-json\/wp\/v2\/source?post=407734"},{"taxonomy":"supertag","embeddable":true,"href":"https:\/\/hudo.com\/si\/wp-json\/wp\/v2\/supertag?post=407734"}],"curies":[{"name":"wp","href":"https:\/\/api.w.org\/{rel}","templated":true}]}}