{"id":407832,"date":"2019-10-08T08:59:38","date_gmt":"2019-10-08T06:59:38","guid":{"rendered":"http:\/\/hudo.com\/si\/?p=407832"},"modified":"2019-10-08T08:59:38","modified_gmt":"2019-10-08T06:59:38","slug":"v-ljubljani-se-danes-zacenja-mesec-oblikovanja-ki-bo-privabil-ustvarjalce-iz-kar-19-drzav-jugovzhodne-evrope","status":"publish","type":"post","link":"https:\/\/hudo.com\/si\/aktualno\/v-ljubljani-se-danes-zacenja-mesec-oblikovanja-ki-bo-privabil-ustvarjalce-iz-kar-19-drzav-jugovzhodne-evrope\/","title":{"rendered":"V Ljubljani se danes za\u010denja Mesec oblikovanja, ki bo privabil ustvarjalce iz kar 19 dr\u017eav jugovzhodne Evrope"},"content":{"rendered":"<p>Mesec oblikovanja bo zdru\u017eil 300 predavateljev in razpravljavcev na dogodkih Design expo, Big arhitektura, Lesena ikona in Kreativni turizem. Nagrade bodo podeljene na podro\u010djih produktno oblikovanje in moda, interier, inovativno lesarstvo in kreativni turizem, pi\u0161e na spletni strani Meseca oblikovanja.<\/p>\n<p>Tekom dana\u0161njega dneva bodo podelili regionalne nagrade za produktno oblikovanje in modo, zve\u010der bodo podelili \u0161e slovenske nacionalne nagrade za oblikovanje, in sicer priznanja perspektivni za najbolj\u0161e \u0161tudente, nagrade za interier in oblikovanje leta ter najvi\u0161je slovensko priznanje s tega podro\u010dja, nagrado brez\u010dasni.<\/p>\n<p>Posebno priznanje Big SEE Visionary Award pa bodo podelili \u0161tirim vizionarjem, ki so svojim opusom navdihovali in premikali meje oblikovanja in arhitekture ter s tem razvijali ustvarjalno okolje jugovzhodne Evrope.<\/p>\n<p>V Mestu oblikovanja bo danes potekala tudi celodnevna oblikovalska konferenca s predstavitvami nagrajenih projektov in predstavitvami uspe\u0161nih podjetji na temo napredka, opolnomo\u010denega z oblikovanjem.<\/p>\n<p>V sredo, 9. oktobra, bodo v sklopu dogodka Big Arhitektura podelili regionalne nagrade za interier, na arhitekturni konferenci pa bodo predstavljeni nagrajeni projekti. Potekal bo tudi gospodarsko arhitekturni forum na temo leseni interierji ter predavanja z razpravo na temo Arhitekturni izzivi in odzivi.<\/p>\n<p>V torek, 15. oktobra, bodo v sklopu prireditve Lesena ikona podelili nagrade za inovativne lesarske dose\u017eke, poleg tega bo potekala istoimenska konferenca, na kateri bo govora o razvojnih projektih v lesarstvu, lesarskih ni\u0161ah ter politikah in strategijah v alpsko jadranski regiji.<\/p>\n<p>Na dogodku Kreativni turizem bodo 17. oktobra podeljene nagrade za inovativne turisti\u010dne produkte, v sodelovanju s Centrom za kreativnost pa bo potekal gospodarsko oblikovalski forum na temo arhitektura in oblikovanje za kreativni turizem.<\/p>\n<p>V sklopu Kreativnega turizma bo zve\u010der potekala \u0161e oblikovalska oku\u0161evalnica, kulinari\u010dni dogodek Meseca oblikovanja, ki ga \u017ee od leta 2008 pripravljajo v podporo dobremu oblikovanju, zglednim oblikovalskim znamkam in ustvarjalnim iniciativam iz Slovenije in celotne regije jugovzhodne Evrope.<\/p>\n<p>Mesec oblikovanja bo do 8. novembra ponudil \u0161e 60 partnerskih dogodkov \u0161irom prestolnice.<\/p>\n","protected":false},"excerpt":{"rendered":"<p> V Mestu oblikovanja na Dunajski cesti se bo s sejmom Design Expo dopoldne za\u010del 17. festival Mesec oblikovanja, ki ga prireja Zavod Big. V Ljubljano bo privabil ustvarjalce iz 19 dr\u017eav jugovzhodne Evrope. Osrednje mesto ima mednarodna razstava BigSEE, ki v nacionalnih paviljonih predstavlja nagrajene projekte iz \u0161tirih podro\u010dij.<\/p>\n","protected":false},"author":8,"featured_media":401463,"comment_status":"closed","ping_status":"closed","sticky":false,"template":"","format":"standard","meta":{"footnotes":""},"categories":[1179],"tags":[1633,6733,1595],"source":[4511],"supertag":[],"acf":[],"yoast_head":"<!-- This site is optimized with the Yoast SEO plugin v21.3 - https:\/\/yoast.com\/wordpress\/plugins\/seo\/ -->\n<title>V Ljubljani se danes za\u010denja Mesec oblikovanja, ki bo privabil ustvarjalce iz kar 19 dr\u017eav jugovzhodne Evrope - Hudo Slovenija<\/title>\n<meta name=\"robots\" content=\"index, follow, max-snippet:-1, max-image-preview:large, max-video-preview:-1\" \/>\n<link rel=\"canonical\" href=\"https:\/\/hudo.com\/si\/aktualno\/v-ljubljani-se-danes-zacenja-mesec-oblikovanja-ki-bo-privabil-ustvarjalce-iz-kar-19-drzav-jugovzhodne-evrope\/\" \/>\n<meta property=\"og:locale\" content=\"sl_SI\" \/>\n<meta property=\"og:type\" content=\"article\" \/>\n<meta property=\"og:title\" content=\"V Ljubljani se danes za\u010denja Mesec oblikovanja, ki bo privabil ustvarjalce iz kar 19 dr\u017eav jugovzhodne Evrope - Hudo Slovenija\" \/>\n<meta property=\"og:description\" content=\"V Mestu oblikovanja na Dunajski cesti se bo s sejmom Design Expo dopoldne za\u010del 17. festival Mesec oblikovanja, ki ga prireja Zavod Big. V Ljubljano bo privabil ustvarjalce iz 19 dr\u017eav jugovzhodne Evrope. Osrednje mesto ima mednarodna razstava BigSEE, ki v nacionalnih paviljonih predstavlja nagrajene projekte iz \u0161tirih podro\u010dij.\" \/>\n<meta property=\"og:url\" content=\"https:\/\/hudo.com\/si\/aktualno\/v-ljubljani-se-danes-zacenja-mesec-oblikovanja-ki-bo-privabil-ustvarjalce-iz-kar-19-drzav-jugovzhodne-evrope\/\" \/>\n<meta property=\"og:site_name\" content=\"Hudo Slovenija\" \/>\n<meta property=\"article:publisher\" content=\"https:\/\/www.facebook.com\/hudo.si\" \/>\n<meta property=\"article:published_time\" content=\"2019-10-08T06:59:38+00:00\" \/>\n<meta property=\"og:image\" content=\"https:\/\/hudo.com\/si\/wp-content\/uploads\/sites\/2\/2019\/06\/profimedia-0371132060.jpg\" \/>\n\t<meta property=\"og:image:width\" content=\"1250\" \/>\n\t<meta property=\"og:image:height\" content=\"833\" \/>\n\t<meta property=\"og:image:type\" content=\"image\/jpeg\" \/>\n<meta name=\"author\" content=\"M. N., STA\" \/>\n<meta name=\"twitter:card\" content=\"summary_large_image\" \/>\n<meta name=\"twitter:creator\" content=\"@hudo_si\" \/>\n<meta name=\"twitter:site\" content=\"@hudo_si\" \/>\n<meta name=\"twitter:label1\" content=\"Written by\" \/>\n\t<meta name=\"twitter:data1\" content=\"M. N., STA\" \/>\n\t<meta name=\"twitter:label2\" content=\"Est. reading time\" \/>\n\t<meta name=\"twitter:data2\" content=\"2 minuti\" \/>\n<script type=\"application\/ld+json\" class=\"yoast-schema-graph\">{\"@context\":\"https:\/\/schema.org\",\"@graph\":[{\"@type\":\"Article\",\"@id\":\"https:\/\/hudo.com\/si\/aktualno\/v-ljubljani-se-danes-zacenja-mesec-oblikovanja-ki-bo-privabil-ustvarjalce-iz-kar-19-drzav-jugovzhodne-evrope\/#article\",\"isPartOf\":{\"@id\":\"https:\/\/hudo.com\/si\/aktualno\/v-ljubljani-se-danes-zacenja-mesec-oblikovanja-ki-bo-privabil-ustvarjalce-iz-kar-19-drzav-jugovzhodne-evrope\/\"},\"author\":{\"name\":\"M. N., STA\",\"@id\":\"https:\/\/hudo.com\/si\/#\/schema\/person\/c2f10ce65d2e6ede2aeda5be2a0611fa\"},\"headline\":\"V Ljubljani se danes za\u010denja Mesec oblikovanja, ki bo privabil ustvarjalce iz kar 19 dr\u017eav jugovzhodne Evrope\",\"datePublished\":\"2019-10-08T06:59:38+00:00\",\"dateModified\":\"2019-10-08T06:59:38+00:00\",\"mainEntityOfPage\":{\"@id\":\"https:\/\/hudo.com\/si\/aktualno\/v-ljubljani-se-danes-zacenja-mesec-oblikovanja-ki-bo-privabil-ustvarjalce-iz-kar-19-drzav-jugovzhodne-evrope\/\"},\"wordCount\":333,\"publisher\":{\"@id\":\"https:\/\/hudo.com\/si\/#organization\"},\"keywords\":[\"Ljubljana\",\"Mesec oblikovanja\",\"Slovenija\"],\"articleSection\":[\"Aktualno\"],\"inLanguage\":\"sl-SI\"},{\"@type\":\"WebPage\",\"@id\":\"https:\/\/hudo.com\/si\/aktualno\/v-ljubljani-se-danes-zacenja-mesec-oblikovanja-ki-bo-privabil-ustvarjalce-iz-kar-19-drzav-jugovzhodne-evrope\/\",\"url\":\"https:\/\/hudo.com\/si\/aktualno\/v-ljubljani-se-danes-zacenja-mesec-oblikovanja-ki-bo-privabil-ustvarjalce-iz-kar-19-drzav-jugovzhodne-evrope\/\",\"name\":\"V Ljubljani se danes za\u010denja Mesec oblikovanja, ki bo privabil ustvarjalce iz kar 19 dr\u017eav jugovzhodne Evrope - Hudo Slovenija\",\"isPartOf\":{\"@id\":\"https:\/\/hudo.com\/si\/#website\"},\"datePublished\":\"2019-10-08T06:59:38+00:00\",\"dateModified\":\"2019-10-08T06:59:38+00:00\",\"breadcrumb\":{\"@id\":\"https:\/\/hudo.com\/si\/aktualno\/v-ljubljani-se-danes-zacenja-mesec-oblikovanja-ki-bo-privabil-ustvarjalce-iz-kar-19-drzav-jugovzhodne-evrope\/#breadcrumb\"},\"inLanguage\":\"sl-SI\",\"potentialAction\":[{\"@type\":\"ReadAction\",\"target\":[\"https:\/\/hudo.com\/si\/aktualno\/v-ljubljani-se-danes-zacenja-mesec-oblikovanja-ki-bo-privabil-ustvarjalce-iz-kar-19-drzav-jugovzhodne-evrope\/\"]}]},{\"@type\":\"BreadcrumbList\",\"@id\":\"https:\/\/hudo.com\/si\/aktualno\/v-ljubljani-se-danes-zacenja-mesec-oblikovanja-ki-bo-privabil-ustvarjalce-iz-kar-19-drzav-jugovzhodne-evrope\/#breadcrumb\",\"itemListElement\":[{\"@type\":\"ListItem\",\"position\":1,\"name\":\"Home\",\"item\":\"https:\/\/hudo.com\/si\/\"},{\"@type\":\"ListItem\",\"position\":2,\"name\":\"V Ljubljani se danes za\u010denja Mesec oblikovanja, ki bo privabil ustvarjalce iz kar 19 dr\u017eav jugovzhodne Evrope\"}]},{\"@type\":\"WebSite\",\"@id\":\"https:\/\/hudo.com\/si\/#website\",\"url\":\"https:\/\/hudo.com\/si\/\",\"name\":\"Hudo Slovenija\",\"description\":\"Vse novice iz Slovenije in sveta\",\"publisher\":{\"@id\":\"https:\/\/hudo.com\/si\/#organization\"},\"potentialAction\":[{\"@type\":\"SearchAction\",\"target\":{\"@type\":\"EntryPoint\",\"urlTemplate\":\"https:\/\/hudo.com\/si\/?s={search_term_string}\"},\"query-input\":\"required name=search_term_string\"}],\"inLanguage\":\"sl-SI\"},{\"@type\":\"Organization\",\"@id\":\"https:\/\/hudo.com\/si\/#organization\",\"name\":\"VSN Media\",\"url\":\"https:\/\/hudo.com\/si\/\",\"logo\":{\"@type\":\"ImageObject\",\"inLanguage\":\"sl-SI\",\"@id\":\"https:\/\/hudo.com\/si\/#\/schema\/logo\/image\/\",\"url\":\"https:\/\/hudo.com\/si\/wp-content\/uploads\/sites\/2\/2021\/03\/hudo-app-2.png\",\"contentUrl\":\"https:\/\/hudo.com\/si\/wp-content\/uploads\/sites\/2\/2021\/03\/hudo-app-2.png\",\"width\":2185,\"height\":2167,\"caption\":\"VSN Media\"},\"image\":{\"@id\":\"https:\/\/hudo.com\/si\/#\/schema\/logo\/image\/\"},\"sameAs\":[\"https:\/\/www.facebook.com\/hudo.si\",\"https:\/\/twitter.com\/hudo_si\"]},{\"@type\":\"Person\",\"@id\":\"https:\/\/hudo.com\/si\/#\/schema\/person\/c2f10ce65d2e6ede2aeda5be2a0611fa\",\"name\":\"M. N., STA\",\"image\":{\"@type\":\"ImageObject\",\"inLanguage\":\"sl-SI\",\"@id\":\"https:\/\/hudo.com\/si\/#\/schema\/person\/image\/\",\"url\":\"https:\/\/secure.gravatar.com\/avatar\/f370d38daa10467f755c5c766a4cac20?s=96&d=mm&r=g\",\"contentUrl\":\"https:\/\/secure.gravatar.com\/avatar\/f370d38daa10467f755c5c766a4cac20?s=96&d=mm&r=g\",\"caption\":\"M. N., STA\"},\"url\":\"https:\/\/hudo.com\/si\/author\/mana\/\"}]}<\/script>\n<!-- \/ Yoast SEO plugin. -->","yoast_head_json":{"title":"V Ljubljani se danes za\u010denja Mesec oblikovanja, ki bo privabil ustvarjalce iz kar 19 dr\u017eav jugovzhodne Evrope - Hudo Slovenija","robots":{"index":"index","follow":"follow","max-snippet":"max-snippet:-1","max-image-preview":"max-image-preview:large","max-video-preview":"max-video-preview:-1"},"canonical":"https:\/\/hudo.com\/si\/aktualno\/v-ljubljani-se-danes-zacenja-mesec-oblikovanja-ki-bo-privabil-ustvarjalce-iz-kar-19-drzav-jugovzhodne-evrope\/","og_locale":"sl_SI","og_type":"article","og_title":"V Ljubljani se danes za\u010denja Mesec oblikovanja, ki bo privabil ustvarjalce iz kar 19 dr\u017eav jugovzhodne Evrope - Hudo Slovenija","og_description":"V Mestu oblikovanja na Dunajski cesti se bo s sejmom Design Expo dopoldne za\u010del 17. festival Mesec oblikovanja, ki ga prireja Zavod Big. V Ljubljano bo privabil ustvarjalce iz 19 dr\u017eav jugovzhodne Evrope. Osrednje mesto ima mednarodna razstava BigSEE, ki v nacionalnih paviljonih predstavlja nagrajene projekte iz \u0161tirih podro\u010dij.","og_url":"https:\/\/hudo.com\/si\/aktualno\/v-ljubljani-se-danes-zacenja-mesec-oblikovanja-ki-bo-privabil-ustvarjalce-iz-kar-19-drzav-jugovzhodne-evrope\/","og_site_name":"Hudo Slovenija","article_publisher":"https:\/\/www.facebook.com\/hudo.si","article_published_time":"2019-10-08T06:59:38+00:00","og_image":[{"width":1250,"height":833,"url":"https:\/\/hudo.com\/si\/wp-content\/uploads\/sites\/2\/2019\/06\/profimedia-0371132060.jpg","type":"image\/jpeg"}],"author":"M. N., STA","twitter_card":"summary_large_image","twitter_creator":"@hudo_si","twitter_site":"@hudo_si","twitter_misc":{"Written by":"M. N., STA","Est. reading time":"2 minuti"},"schema":{"@context":"https:\/\/schema.org","@graph":[{"@type":"Article","@id":"https:\/\/hudo.com\/si\/aktualno\/v-ljubljani-se-danes-zacenja-mesec-oblikovanja-ki-bo-privabil-ustvarjalce-iz-kar-19-drzav-jugovzhodne-evrope\/#article","isPartOf":{"@id":"https:\/\/hudo.com\/si\/aktualno\/v-ljubljani-se-danes-zacenja-mesec-oblikovanja-ki-bo-privabil-ustvarjalce-iz-kar-19-drzav-jugovzhodne-evrope\/"},"author":{"name":"M. N., STA","@id":"https:\/\/hudo.com\/si\/#\/schema\/person\/c2f10ce65d2e6ede2aeda5be2a0611fa"},"headline":"V Ljubljani se danes za\u010denja Mesec oblikovanja, ki bo privabil ustvarjalce iz kar 19 dr\u017eav jugovzhodne Evrope","datePublished":"2019-10-08T06:59:38+00:00","dateModified":"2019-10-08T06:59:38+00:00","mainEntityOfPage":{"@id":"https:\/\/hudo.com\/si\/aktualno\/v-ljubljani-se-danes-zacenja-mesec-oblikovanja-ki-bo-privabil-ustvarjalce-iz-kar-19-drzav-jugovzhodne-evrope\/"},"wordCount":333,"publisher":{"@id":"https:\/\/hudo.com\/si\/#organization"},"keywords":["Ljubljana","Mesec oblikovanja","Slovenija"],"articleSection":["Aktualno"],"inLanguage":"sl-SI"},{"@type":"WebPage","@id":"https:\/\/hudo.com\/si\/aktualno\/v-ljubljani-se-danes-zacenja-mesec-oblikovanja-ki-bo-privabil-ustvarjalce-iz-kar-19-drzav-jugovzhodne-evrope\/","url":"https:\/\/hudo.com\/si\/aktualno\/v-ljubljani-se-danes-zacenja-mesec-oblikovanja-ki-bo-privabil-ustvarjalce-iz-kar-19-drzav-jugovzhodne-evrope\/","name":"V Ljubljani se danes za\u010denja Mesec oblikovanja, ki bo privabil ustvarjalce iz kar 19 dr\u017eav jugovzhodne Evrope - Hudo Slovenija","isPartOf":{"@id":"https:\/\/hudo.com\/si\/#website"},"datePublished":"2019-10-08T06:59:38+00:00","dateModified":"2019-10-08T06:59:38+00:00","breadcrumb":{"@id":"https:\/\/hudo.com\/si\/aktualno\/v-ljubljani-se-danes-zacenja-mesec-oblikovanja-ki-bo-privabil-ustvarjalce-iz-kar-19-drzav-jugovzhodne-evrope\/#breadcrumb"},"inLanguage":"sl-SI","potentialAction":[{"@type":"ReadAction","target":["https:\/\/hudo.com\/si\/aktualno\/v-ljubljani-se-danes-zacenja-mesec-oblikovanja-ki-bo-privabil-ustvarjalce-iz-kar-19-drzav-jugovzhodne-evrope\/"]}]},{"@type":"BreadcrumbList","@id":"https:\/\/hudo.com\/si\/aktualno\/v-ljubljani-se-danes-zacenja-mesec-oblikovanja-ki-bo-privabil-ustvarjalce-iz-kar-19-drzav-jugovzhodne-evrope\/#breadcrumb","itemListElement":[{"@type":"ListItem","position":1,"name":"Home","item":"https:\/\/hudo.com\/si\/"},{"@type":"ListItem","position":2,"name":"V Ljubljani se danes za\u010denja Mesec oblikovanja, ki bo privabil ustvarjalce iz kar 19 dr\u017eav jugovzhodne Evrope"}]},{"@type":"WebSite","@id":"https:\/\/hudo.com\/si\/#website","url":"https:\/\/hudo.com\/si\/","name":"Hudo Slovenija","description":"Vse novice iz Slovenije in sveta","publisher":{"@id":"https:\/\/hudo.com\/si\/#organization"},"potentialAction":[{"@type":"SearchAction","target":{"@type":"EntryPoint","urlTemplate":"https:\/\/hudo.com\/si\/?s={search_term_string}"},"query-input":"required name=search_term_string"}],"inLanguage":"sl-SI"},{"@type":"Organization","@id":"https:\/\/hudo.com\/si\/#organization","name":"VSN Media","url":"https:\/\/hudo.com\/si\/","logo":{"@type":"ImageObject","inLanguage":"sl-SI","@id":"https:\/\/hudo.com\/si\/#\/schema\/logo\/image\/","url":"https:\/\/hudo.com\/si\/wp-content\/uploads\/sites\/2\/2021\/03\/hudo-app-2.png","contentUrl":"https:\/\/hudo.com\/si\/wp-content\/uploads\/sites\/2\/2021\/03\/hudo-app-2.png","width":2185,"height":2167,"caption":"VSN Media"},"image":{"@id":"https:\/\/hudo.com\/si\/#\/schema\/logo\/image\/"},"sameAs":["https:\/\/www.facebook.com\/hudo.si","https:\/\/twitter.com\/hudo_si"]},{"@type":"Person","@id":"https:\/\/hudo.com\/si\/#\/schema\/person\/c2f10ce65d2e6ede2aeda5be2a0611fa","name":"M. N., STA","image":{"@type":"ImageObject","inLanguage":"sl-SI","@id":"https:\/\/hudo.com\/si\/#\/schema\/person\/image\/","url":"https:\/\/secure.gravatar.com\/avatar\/f370d38daa10467f755c5c766a4cac20?s=96&d=mm&r=g","contentUrl":"https:\/\/secure.gravatar.com\/avatar\/f370d38daa10467f755c5c766a4cac20?s=96&d=mm&r=g","caption":"M. N., STA"},"url":"https:\/\/hudo.com\/si\/author\/mana\/"}]}},"amp_enabled":true,"_links":{"self":[{"href":"https:\/\/hudo.com\/si\/wp-json\/wp\/v2\/posts\/407832"}],"collection":[{"href":"https:\/\/hudo.com\/si\/wp-json\/wp\/v2\/posts"}],"about":[{"href":"https:\/\/hudo.com\/si\/wp-json\/wp\/v2\/types\/post"}],"author":[{"embeddable":true,"href":"https:\/\/hudo.com\/si\/wp-json\/wp\/v2\/users\/8"}],"replies":[{"embeddable":true,"href":"https:\/\/hudo.com\/si\/wp-json\/wp\/v2\/comments?post=407832"}],"version-history":[{"count":1,"href":"https:\/\/hudo.com\/si\/wp-json\/wp\/v2\/posts\/407832\/revisions"}],"predecessor-version":[{"id":407833,"href":"https:\/\/hudo.com\/si\/wp-json\/wp\/v2\/posts\/407832\/revisions\/407833"}],"wp:featuredmedia":[{"embeddable":true,"href":"https:\/\/hudo.com\/si\/wp-json\/wp\/v2\/media\/401463"}],"wp:attachment":[{"href":"https:\/\/hudo.com\/si\/wp-json\/wp\/v2\/media?parent=407832"}],"wp:term":[{"taxonomy":"category","embeddable":true,"href":"https:\/\/hudo.com\/si\/wp-json\/wp\/v2\/categories?post=407832"},{"taxonomy":"post_tag","embeddable":true,"href":"https:\/\/hudo.com\/si\/wp-json\/wp\/v2\/tags?post=407832"},{"taxonomy":"source","embeddable":true,"href":"https:\/\/hudo.com\/si\/wp-json\/wp\/v2\/source?post=407832"},{"taxonomy":"supertag","embeddable":true,"href":"https:\/\/hudo.com\/si\/wp-json\/wp\/v2\/supertag?post=407832"}],"curies":[{"name":"wp","href":"https:\/\/api.w.org\/{rel}","templated":true}]}}