{"id":408049,"date":"2019-10-10T11:34:52","date_gmt":"2019-10-10T09:34:52","guid":{"rendered":"http:\/\/hudo.com\/si\/?p=408049"},"modified":"2019-10-10T11:34:52","modified_gmt":"2019-10-10T09:34:52","slug":"slovenski-izvoz-uvoz-avgusta-vecja","status":"publish","type":"post","link":"https:\/\/hudo.com\/si\/aktualno\/slovenski-izvoz-uvoz-avgusta-vecja\/","title":{"rendered":"Slovenski izvoz in uvoz avgusta ve\u010dja"},"content":{"rendered":"<p>Kot so sporo\u010dili iz dr\u017eavnega statisti\u010dnega urada, je bila pokritost uvoza z izvozom avgusta 100,88-odstotna.<\/p>\n<p>Avgust je bil sicer drugi leto\u0161nji mesec (poleg junija), v katerem se je vrednost blagovne menjave Slovenije s \u010dlanicami EU na letni ravni zni\u017eala. V te dr\u017eave je Slovenija avgusta namre\u010d izvozila za 1,65 milijarde evrov blaga, kar je 2,5 odstotka manj kot avgusta lani.<\/p>\n<p>Uvoz blaga iz teh dr\u017eav je dosegel 1,73 milijarde evrov oz. 1,7 odstotka manj kot avgusta lani. Na to zmanj\u0161anje je najbolj vplival upad obsega trgovanja z najpomembnej\u0161o trgovinsko partnerico Nem\u010dijo.<\/p>\n<p>V dr\u017eave, ki niso \u010dlanice EU, je Slovenija avgusta izvozila za 667,2 milijona evrov, iz teh dr\u017eav uvozila pa za 567,7 milijona evrov. Rast izvoza v te dr\u017eave je bila glede na lanski avgust 28,9-odstotna, rast uvoza iz teh dr\u017eav pa 28,3-odstotna.<\/p>\n<p>Avgusta lani je bila med temi dr\u017eavami najpomembnej\u0161a trgovinska partnerica Slovenije pri izvozu Rusija, pri uvozu pa Kitajska. Avgusta letos je bila to pri obeh tokovih blagovne menjave \u0160vica.<\/p>\n<p>Slovenija je v prvih osmih mesecih letos izvozila za 22,15 milijarde evrov oz. za 8,9 odstotka ve\u010d, uvozila pa za 22,14 milijarde evrov oz. za 11,3 odstotka ve\u010d. Trgovinski prese\u017eek, ustvarjen v tem obdobju, je dosegel \u0161tiri milijone evrov, pokritost uvoza z izvozom pa je bila 100,02-odstotna.<\/p>\n","protected":false},"excerpt":{"rendered":"<p>Slovenija je avgusta po za\u010dasnih podatkih izvozila za 2,32 milijarde evrov blaga, kar je 4,9 odstotka ve\u010d kot avgusta lani. Vrednost uvoza se je pove\u010dala za 4,3 odstotka na 2,3 milijarde evrov. Zunanjetrgovinski prese\u017eek je dosegel 20,2 milijona evrov. V prvih osmih mesecih se je izvoz pove\u010dal za 8,9 odstotka, uvoz pa za 11,3 odstotka.<\/p>\n","protected":false},"author":7,"featured_media":0,"comment_status":"closed","ping_status":"closed","sticky":false,"template":"","format":"standard","meta":{"footnotes":""},"categories":[1179],"tags":[2391,5723,1595,4505],"source":[4511],"supertag":[7541],"acf":[],"yoast_head":"<!-- This site is optimized with the Yoast SEO plugin v21.3 - https:\/\/yoast.com\/wordpress\/plugins\/seo\/ -->\n<title>Slovenski izvoz in uvoz avgusta ve\u010dja - Hudo Slovenija<\/title>\n<meta name=\"robots\" content=\"index, follow, max-snippet:-1, max-image-preview:large, max-video-preview:-1\" \/>\n<link rel=\"canonical\" href=\"https:\/\/hudo.com\/si\/aktualno\/slovenski-izvoz-uvoz-avgusta-vecja\/\" \/>\n<meta property=\"og:locale\" content=\"sl_SI\" \/>\n<meta property=\"og:type\" content=\"article\" \/>\n<meta property=\"og:title\" content=\"Slovenski izvoz in uvoz avgusta ve\u010dja - Hudo Slovenija\" \/>\n<meta property=\"og:description\" content=\"Slovenija je avgusta po za\u010dasnih podatkih izvozila za 2,32 milijarde evrov blaga, kar je 4,9 odstotka ve\u010d kot avgusta lani. Vrednost uvoza se je pove\u010dala za 4,3 odstotka na 2,3 milijarde evrov. Zunanjetrgovinski prese\u017eek je dosegel 20,2 milijona evrov. V prvih osmih mesecih se je izvoz pove\u010dal za 8,9 odstotka, uvoz pa za 11,3 odstotka.\" \/>\n<meta property=\"og:url\" content=\"https:\/\/hudo.com\/si\/aktualno\/slovenski-izvoz-uvoz-avgusta-vecja\/\" \/>\n<meta property=\"og:site_name\" content=\"Hudo Slovenija\" \/>\n<meta property=\"article:publisher\" content=\"https:\/\/www.facebook.com\/hudo.si\" \/>\n<meta property=\"article:published_time\" content=\"2019-10-10T09:34:52+00:00\" \/>\n<meta property=\"og:image\" content=\"https:\/\/hudo.com\/si\/wp-content\/uploads\/sites\/2\/2018\/01\/luka-koper_1.jpg\" \/>\n\t<meta property=\"og:image:width\" content=\"800\" \/>\n\t<meta property=\"og:image:height\" content=\"600\" \/>\n\t<meta property=\"og:image:type\" content=\"image\/jpeg\" \/>\n<meta name=\"author\" content=\"A. P., STA\" \/>\n<meta name=\"twitter:card\" content=\"summary_large_image\" \/>\n<meta name=\"twitter:creator\" content=\"@hudo_si\" \/>\n<meta name=\"twitter:site\" content=\"@hudo_si\" \/>\n<meta name=\"twitter:label1\" content=\"Written by\" \/>\n\t<meta name=\"twitter:data1\" content=\"A. P., STA\" \/>\n\t<meta name=\"twitter:label2\" content=\"Est. reading time\" \/>\n\t<meta name=\"twitter:data2\" content=\"1 minuta\" \/>\n<script type=\"application\/ld+json\" class=\"yoast-schema-graph\">{\"@context\":\"https:\/\/schema.org\",\"@graph\":[{\"@type\":\"Article\",\"@id\":\"https:\/\/hudo.com\/si\/aktualno\/slovenski-izvoz-uvoz-avgusta-vecja\/#article\",\"isPartOf\":{\"@id\":\"https:\/\/hudo.com\/si\/aktualno\/slovenski-izvoz-uvoz-avgusta-vecja\/\"},\"author\":{\"name\":\"A. P., STA\",\"@id\":\"https:\/\/hudo.com\/si\/#\/schema\/person\/18f09c02475ba9e606e941a565b80cff\"},\"headline\":\"Slovenski izvoz in uvoz avgusta ve\u010dja\",\"datePublished\":\"2019-10-10T09:34:52+00:00\",\"dateModified\":\"2019-10-10T09:34:52+00:00\",\"mainEntityOfPage\":{\"@id\":\"https:\/\/hudo.com\/si\/aktualno\/slovenski-izvoz-uvoz-avgusta-vecja\/\"},\"wordCount\":223,\"publisher\":{\"@id\":\"https:\/\/hudo.com\/si\/#organization\"},\"keywords\":[\"gospodarstvo\",\"izvoz\",\"Slovenija\",\"statistika\"],\"articleSection\":[\"Aktualno\"],\"inLanguage\":\"sl-SI\"},{\"@type\":\"WebPage\",\"@id\":\"https:\/\/hudo.com\/si\/aktualno\/slovenski-izvoz-uvoz-avgusta-vecja\/\",\"url\":\"https:\/\/hudo.com\/si\/aktualno\/slovenski-izvoz-uvoz-avgusta-vecja\/\",\"name\":\"Slovenski izvoz in uvoz avgusta ve\u010dja - Hudo Slovenija\",\"isPartOf\":{\"@id\":\"https:\/\/hudo.com\/si\/#website\"},\"datePublished\":\"2019-10-10T09:34:52+00:00\",\"dateModified\":\"2019-10-10T09:34:52+00:00\",\"breadcrumb\":{\"@id\":\"https:\/\/hudo.com\/si\/aktualno\/slovenski-izvoz-uvoz-avgusta-vecja\/#breadcrumb\"},\"inLanguage\":\"sl-SI\",\"potentialAction\":[{\"@type\":\"ReadAction\",\"target\":[\"https:\/\/hudo.com\/si\/aktualno\/slovenski-izvoz-uvoz-avgusta-vecja\/\"]}]},{\"@type\":\"BreadcrumbList\",\"@id\":\"https:\/\/hudo.com\/si\/aktualno\/slovenski-izvoz-uvoz-avgusta-vecja\/#breadcrumb\",\"itemListElement\":[{\"@type\":\"ListItem\",\"position\":1,\"name\":\"Home\",\"item\":\"https:\/\/hudo.com\/si\/\"},{\"@type\":\"ListItem\",\"position\":2,\"name\":\"Slovenski izvoz in uvoz avgusta ve\u010dja\"}]},{\"@type\":\"WebSite\",\"@id\":\"https:\/\/hudo.com\/si\/#website\",\"url\":\"https:\/\/hudo.com\/si\/\",\"name\":\"Hudo Slovenija\",\"description\":\"Vse novice iz Slovenije in sveta\",\"publisher\":{\"@id\":\"https:\/\/hudo.com\/si\/#organization\"},\"potentialAction\":[{\"@type\":\"SearchAction\",\"target\":{\"@type\":\"EntryPoint\",\"urlTemplate\":\"https:\/\/hudo.com\/si\/?s={search_term_string}\"},\"query-input\":\"required name=search_term_string\"}],\"inLanguage\":\"sl-SI\"},{\"@type\":\"Organization\",\"@id\":\"https:\/\/hudo.com\/si\/#organization\",\"name\":\"VSN Media\",\"url\":\"https:\/\/hudo.com\/si\/\",\"logo\":{\"@type\":\"ImageObject\",\"inLanguage\":\"sl-SI\",\"@id\":\"https:\/\/hudo.com\/si\/#\/schema\/logo\/image\/\",\"url\":\"https:\/\/hudo.com\/si\/wp-content\/uploads\/sites\/2\/2021\/03\/hudo-app-2.png\",\"contentUrl\":\"https:\/\/hudo.com\/si\/wp-content\/uploads\/sites\/2\/2021\/03\/hudo-app-2.png\",\"width\":2185,\"height\":2167,\"caption\":\"VSN Media\"},\"image\":{\"@id\":\"https:\/\/hudo.com\/si\/#\/schema\/logo\/image\/\"},\"sameAs\":[\"https:\/\/www.facebook.com\/hudo.si\",\"https:\/\/twitter.com\/hudo_si\"]},{\"@type\":\"Person\",\"@id\":\"https:\/\/hudo.com\/si\/#\/schema\/person\/18f09c02475ba9e606e941a565b80cff\",\"name\":\"A. P., STA\",\"image\":{\"@type\":\"ImageObject\",\"inLanguage\":\"sl-SI\",\"@id\":\"https:\/\/hudo.com\/si\/#\/schema\/person\/image\/\",\"url\":\"https:\/\/secure.gravatar.com\/avatar\/03eac8e609f5f04383125d80eaeaaf3e?s=96&d=mm&r=g\",\"contentUrl\":\"https:\/\/secure.gravatar.com\/avatar\/03eac8e609f5f04383125d80eaeaaf3e?s=96&d=mm&r=g\",\"caption\":\"A. P., STA\"},\"url\":\"https:\/\/hudo.com\/si\/author\/lubu\/\"}]}<\/script>\n<!-- \/ Yoast SEO plugin. -->","yoast_head_json":{"title":"Slovenski izvoz in uvoz avgusta ve\u010dja - Hudo Slovenija","robots":{"index":"index","follow":"follow","max-snippet":"max-snippet:-1","max-image-preview":"max-image-preview:large","max-video-preview":"max-video-preview:-1"},"canonical":"https:\/\/hudo.com\/si\/aktualno\/slovenski-izvoz-uvoz-avgusta-vecja\/","og_locale":"sl_SI","og_type":"article","og_title":"Slovenski izvoz in uvoz avgusta ve\u010dja - Hudo Slovenija","og_description":"Slovenija je avgusta po za\u010dasnih podatkih izvozila za 2,32 milijarde evrov blaga, kar je 4,9 odstotka ve\u010d kot avgusta lani. Vrednost uvoza se je pove\u010dala za 4,3 odstotka na 2,3 milijarde evrov. Zunanjetrgovinski prese\u017eek je dosegel 20,2 milijona evrov. V prvih osmih mesecih se je izvoz pove\u010dal za 8,9 odstotka, uvoz pa za 11,3 odstotka.","og_url":"https:\/\/hudo.com\/si\/aktualno\/slovenski-izvoz-uvoz-avgusta-vecja\/","og_site_name":"Hudo Slovenija","article_publisher":"https:\/\/www.facebook.com\/hudo.si","article_published_time":"2019-10-10T09:34:52+00:00","og_image":[{"width":800,"height":600,"url":"https:\/\/hudo.com\/si\/wp-content\/uploads\/sites\/2\/2018\/01\/luka-koper_1.jpg","type":"image\/jpeg"}],"author":"A. P., STA","twitter_card":"summary_large_image","twitter_creator":"@hudo_si","twitter_site":"@hudo_si","twitter_misc":{"Written by":"A. P., STA","Est. reading time":"1 minuta"},"schema":{"@context":"https:\/\/schema.org","@graph":[{"@type":"Article","@id":"https:\/\/hudo.com\/si\/aktualno\/slovenski-izvoz-uvoz-avgusta-vecja\/#article","isPartOf":{"@id":"https:\/\/hudo.com\/si\/aktualno\/slovenski-izvoz-uvoz-avgusta-vecja\/"},"author":{"name":"A. P., STA","@id":"https:\/\/hudo.com\/si\/#\/schema\/person\/18f09c02475ba9e606e941a565b80cff"},"headline":"Slovenski izvoz in uvoz avgusta ve\u010dja","datePublished":"2019-10-10T09:34:52+00:00","dateModified":"2019-10-10T09:34:52+00:00","mainEntityOfPage":{"@id":"https:\/\/hudo.com\/si\/aktualno\/slovenski-izvoz-uvoz-avgusta-vecja\/"},"wordCount":223,"publisher":{"@id":"https:\/\/hudo.com\/si\/#organization"},"keywords":["gospodarstvo","izvoz","Slovenija","statistika"],"articleSection":["Aktualno"],"inLanguage":"sl-SI"},{"@type":"WebPage","@id":"https:\/\/hudo.com\/si\/aktualno\/slovenski-izvoz-uvoz-avgusta-vecja\/","url":"https:\/\/hudo.com\/si\/aktualno\/slovenski-izvoz-uvoz-avgusta-vecja\/","name":"Slovenski izvoz in uvoz avgusta ve\u010dja - Hudo Slovenija","isPartOf":{"@id":"https:\/\/hudo.com\/si\/#website"},"datePublished":"2019-10-10T09:34:52+00:00","dateModified":"2019-10-10T09:34:52+00:00","breadcrumb":{"@id":"https:\/\/hudo.com\/si\/aktualno\/slovenski-izvoz-uvoz-avgusta-vecja\/#breadcrumb"},"inLanguage":"sl-SI","potentialAction":[{"@type":"ReadAction","target":["https:\/\/hudo.com\/si\/aktualno\/slovenski-izvoz-uvoz-avgusta-vecja\/"]}]},{"@type":"BreadcrumbList","@id":"https:\/\/hudo.com\/si\/aktualno\/slovenski-izvoz-uvoz-avgusta-vecja\/#breadcrumb","itemListElement":[{"@type":"ListItem","position":1,"name":"Home","item":"https:\/\/hudo.com\/si\/"},{"@type":"ListItem","position":2,"name":"Slovenski izvoz in uvoz avgusta ve\u010dja"}]},{"@type":"WebSite","@id":"https:\/\/hudo.com\/si\/#website","url":"https:\/\/hudo.com\/si\/","name":"Hudo Slovenija","description":"Vse novice iz Slovenije in sveta","publisher":{"@id":"https:\/\/hudo.com\/si\/#organization"},"potentialAction":[{"@type":"SearchAction","target":{"@type":"EntryPoint","urlTemplate":"https:\/\/hudo.com\/si\/?s={search_term_string}"},"query-input":"required name=search_term_string"}],"inLanguage":"sl-SI"},{"@type":"Organization","@id":"https:\/\/hudo.com\/si\/#organization","name":"VSN Media","url":"https:\/\/hudo.com\/si\/","logo":{"@type":"ImageObject","inLanguage":"sl-SI","@id":"https:\/\/hudo.com\/si\/#\/schema\/logo\/image\/","url":"https:\/\/hudo.com\/si\/wp-content\/uploads\/sites\/2\/2021\/03\/hudo-app-2.png","contentUrl":"https:\/\/hudo.com\/si\/wp-content\/uploads\/sites\/2\/2021\/03\/hudo-app-2.png","width":2185,"height":2167,"caption":"VSN Media"},"image":{"@id":"https:\/\/hudo.com\/si\/#\/schema\/logo\/image\/"},"sameAs":["https:\/\/www.facebook.com\/hudo.si","https:\/\/twitter.com\/hudo_si"]},{"@type":"Person","@id":"https:\/\/hudo.com\/si\/#\/schema\/person\/18f09c02475ba9e606e941a565b80cff","name":"A. P., STA","image":{"@type":"ImageObject","inLanguage":"sl-SI","@id":"https:\/\/hudo.com\/si\/#\/schema\/person\/image\/","url":"https:\/\/secure.gravatar.com\/avatar\/03eac8e609f5f04383125d80eaeaaf3e?s=96&d=mm&r=g","contentUrl":"https:\/\/secure.gravatar.com\/avatar\/03eac8e609f5f04383125d80eaeaaf3e?s=96&d=mm&r=g","caption":"A. P., STA"},"url":"https:\/\/hudo.com\/si\/author\/lubu\/"}]}},"amp_enabled":true,"_links":{"self":[{"href":"https:\/\/hudo.com\/si\/wp-json\/wp\/v2\/posts\/408049"}],"collection":[{"href":"https:\/\/hudo.com\/si\/wp-json\/wp\/v2\/posts"}],"about":[{"href":"https:\/\/hudo.com\/si\/wp-json\/wp\/v2\/types\/post"}],"author":[{"embeddable":true,"href":"https:\/\/hudo.com\/si\/wp-json\/wp\/v2\/users\/7"}],"replies":[{"embeddable":true,"href":"https:\/\/hudo.com\/si\/wp-json\/wp\/v2\/comments?post=408049"}],"version-history":[{"count":1,"href":"https:\/\/hudo.com\/si\/wp-json\/wp\/v2\/posts\/408049\/revisions"}],"predecessor-version":[{"id":408050,"href":"https:\/\/hudo.com\/si\/wp-json\/wp\/v2\/posts\/408049\/revisions\/408050"}],"wp:attachment":[{"href":"https:\/\/hudo.com\/si\/wp-json\/wp\/v2\/media?parent=408049"}],"wp:term":[{"taxonomy":"category","embeddable":true,"href":"https:\/\/hudo.com\/si\/wp-json\/wp\/v2\/categories?post=408049"},{"taxonomy":"post_tag","embeddable":true,"href":"https:\/\/hudo.com\/si\/wp-json\/wp\/v2\/tags?post=408049"},{"taxonomy":"source","embeddable":true,"href":"https:\/\/hudo.com\/si\/wp-json\/wp\/v2\/source?post=408049"},{"taxonomy":"supertag","embeddable":true,"href":"https:\/\/hudo.com\/si\/wp-json\/wp\/v2\/supertag?post=408049"}],"curies":[{"name":"wp","href":"https:\/\/api.w.org\/{rel}","templated":true}]}}