{"id":408092,"date":"2019-10-10T15:00:05","date_gmt":"2019-10-10T13:00:05","guid":{"rendered":"http:\/\/hudo.com\/si\/?p=408092"},"modified":"2019-10-10T15:00:05","modified_gmt":"2019-10-10T13:00:05","slug":"slovenija-dobila-vrsto-opominov-evropske-komisije","status":"publish","type":"post","link":"https:\/\/hudo.com\/si\/aktualno\/slovenija-dobila-vrsto-opominov-evropske-komisije\/","title":{"rendered":"Slovenija dobila vrsto opominov Evropske komisije"},"content":{"rendered":"<div class=\"text\">\n<p>Komisija je tako Sloveniji poslala drugi opomin oz. obrazlo\u017eeno mnenje, ker \u0161e ni ustrezno prenesla ve\u010d dolo\u010dil iz direktive EU o za\u0161\u010diti laboratorijskih \u017eivali. Iz Bruslja so tako sporo\u010dili, da je ve\u010d dolo\u010dil slovenske zakonodaje glede tega nejasnih, nepopolnih in dvoumnih. Komisija ugotavlja tudi, da noveliranje zakonodaje na tem podro\u010dju mo\u010dno zamuja, saj je komisija Sloveniji prvi opomin izrekla \u017ee julija 2017.<\/p>\n<p>Direktivo EU, ki je bila s ciljem bolj\u0161e za\u0161\u010dite \u017eivali v laboratorijskih testiranjih sprejeta septembra 2010, bi morale \u010dlanice v nacionalno zakonodajo sicer prenesti do novembra 2012. \u010ce Slovenija ne bo ustrezno ukrepala v dveh mesecih od prejema drugega opomina, lahko komisija proti njej spro\u017ei postopek pred Sodi\u0161\u010dem EU.<\/p>\n<p>Komisija je Sloveniji, tako kot \u0161e Cipru, Gr\u010diji, Luksemburgu, Portugalski, Romuniji, \u0160paniji in \u0160vedski poslala tudi obrazlo\u017eeno mnenje, ker ni izpolnila obveznosti prenosa pravil EU o institucijah za poklicno pokojninsko zavarovanje.<\/p>\n<p>\u010clanice bi morale direktivo, ki dolo\u010da celovit regulativni okvir za dejavnosti in nadzor ustanov za poklicno pokojninsko zavarovanje, v nacionalno zakonodajo prenesti do sredine januarja letos, vendar pa omenjene \u010dlanice \u0161e niso priglasile zahtevanih nacionalnih ukrepov. \u010ce tega ne bodo storile v dveh mesecih od prejema obrazlo\u017eenega mnenja, se komisija lahko odlo\u010di, da proti njim za\u010dne postopek pred Sodi\u0161\u010dem EU.<\/p>\n<p>Sloveniji, Bolgariji, Cipru, Franciji, Gr\u010diji, Latviji in Romuniji pa so iz Bruslja poslali obrazlo\u017eena mnenja, v katerih jih pozivajo, naj sprejmejo potrebne ukrepe za popoln prenos direktive o blagovnih znamkah. Prvi opomin so dr\u017eave prejela marca letos.<\/p>\n<p>Ta je po pojasnilih komisije pomemben korak pri posodabljanju in nadaljnji uskladitvi evropske zakonodaje na podro\u010dju blagovnih znamk in prina\u0161a med drugim revidirano opredelitev blagovne znamke, prilagojeno digitalni dobi, nove razloge za izklju\u010ditev registracije blagovne znamke, nova pravila o ponarejenem blagu v tranzitu ter nove dolo\u010dbe za uskladitev postopkov za blagovne znamke v \u010dlanicah EU.<\/p>\n<p>Direktivo bi morale \u010dlanice v nacionalno zakonodajo prenesti do sredine januarja letos, omenjene dr\u017eave pa komisiji niso priglasile ukrepov za prenos direktive ali pa direktive niso v celoti prenesle v nacionalno zakonodajo. Tudi v tem primeru imajo na voljo dva meseca za ustrezno ukrepanje, sicer jim prav tako lahko grozi postopek pred Sodi\u0161\u010dem EU.<\/p>\n<p>Komisija je ob tem s prvim opominom Slovenijo, Dansko, \u0160vedsko, Gr\u010dijo, Avstrijo, Luksemburg, Portugalsko, Slova\u0161ko in Hrva\u0161ko pozvala, naj nacionalno zakonodajo uskladijo z direktivo EU o presoji vplivov na okolje, ki zagotavlja, da se pred izdajo dovoljenja javni in zasebni projekti ocenijo glede na njihov vpliv na okolje.<\/p>\n<p>Pri Sloveniji se glavne pomanjkljivosti, ki jih ugotavljajo v Bruslju, nana\u0161ajo na \u010dasovne okvire v \u010dezmejnih postopkih, na odsotnost zahteve, da pristojni organi upo\u0161tevajo rezultate predhodnega preverjanja ali presoj vplivov na okolje ter na nepravilen prenos zahtev za prilagoditev parametrov spremljanja glede na naravo, lokacijo in velikost projekta ter na pomembnost njegovega vpliva na okolje. Slovenska zakonodaja po oceni komisije tudi ne zagotavlja zadostnih kazni za kr\u0161itve nacionalnih dolo\u010db, sprejetih v skladu z direktivo o presoji vplivov na okolje.<\/p>\n<p>Prvi opomin je 15 \u010dlanic EU, med njimi Slovenija, prejelo tudi, ker sklano z zakonodajo EU o odpadkih komisiji niso na ustrezen na\u010din sporo\u010dile podatkov o dose\u017eenem napredku.<\/p>\n<p>V skladu z direktivo o baterijah in akumulatorjih ter odpadnih baterijah in akumulatorjih morajo \u010dlanice komisiji v dolo\u010denem obdobju po koncu zajetega leta npr. po\u0161iljati poro\u010dila o uspe\u0161nosti pri zbiranju ter v poro\u010dilu navesti, kako so bili pridobljeni podatki, potrebni za izra\u010dun napredka pri zbiranju. Poleg tega morajo poro\u010dati o dose\u017eenih stopnjah recikliranja v vsakem koledarskem letu in o tem, ali so bile izpolnjene u\u010dinkovitosti recikliranja, ki jih zahteva direktiva.<\/p>\n<p>Poleg Slovenije so opomine zaradi nepopolnega poro\u010danja o ravnanju s temi odpadki za 2016 oz. 2017 prejele \u0161e Romunija, Bolgarija, Francija, Italija, Malta, Gr\u010dija, \u0160vedska, Litva, Nizozemska, \u0160panija, Mad\u017earska, Irska in Portugalska.<\/p>\n<p>Slovenija, tako kot Danska in Romunija, ni poslala niti poro\u010dil za 2015 in 2016 v skladu z direktivo o razgradnji izrabljenih motornih vozil.<\/p>\n<\/div>\n","protected":false},"excerpt":{"rendered":"<p>Evropska komisija je danes izrekla ve\u010d opominov Sloveniji na okoljskem, gospodarskem in dru\u017ebenem podro\u010dju. Slovenija je tako dobila drugi opomin, ker ni prenesla evropskih pravil glede testiranja \u017eivali v laboratorijih, poklicnih pokojnin in blagovnih znamk. Prvega opomina je bila medtem dele\u017ena zaradi ocene okoljskih vplivov in odpadkov.<\/p>\n","protected":false},"author":5,"featured_media":214429,"comment_status":"closed","ping_status":"closed","sticky":false,"template":"","format":"standard","meta":{"footnotes":""},"categories":[1179],"tags":[4545,13373,5015,1595],"source":[4511],"supertag":[],"acf":[],"yoast_head":"<!-- This site is optimized with the Yoast SEO plugin v21.3 - https:\/\/yoast.com\/wordpress\/plugins\/seo\/ -->\n<title>Slovenija dobila vrsto opominov Evropske komisije - Hudo Slovenija<\/title>\n<meta name=\"robots\" content=\"index, follow, max-snippet:-1, max-image-preview:large, max-video-preview:-1\" \/>\n<link rel=\"canonical\" href=\"https:\/\/hudo.com\/si\/aktualno\/slovenija-dobila-vrsto-opominov-evropske-komisije\/\" \/>\n<meta property=\"og:locale\" content=\"sl_SI\" \/>\n<meta property=\"og:type\" content=\"article\" \/>\n<meta property=\"og:title\" content=\"Slovenija dobila vrsto opominov Evropske komisije - Hudo Slovenija\" \/>\n<meta property=\"og:description\" content=\"Evropska komisija je danes izrekla ve\u010d opominov Sloveniji na okoljskem, gospodarskem in dru\u017ebenem podro\u010dju. Slovenija je tako dobila drugi opomin, ker ni prenesla evropskih pravil glede testiranja \u017eivali v laboratorijih, poklicnih pokojnin in blagovnih znamk. Prvega opomina je bila medtem dele\u017ena zaradi ocene okoljskih vplivov in odpadkov.\" \/>\n<meta property=\"og:url\" content=\"https:\/\/hudo.com\/si\/aktualno\/slovenija-dobila-vrsto-opominov-evropske-komisije\/\" \/>\n<meta property=\"og:site_name\" content=\"Hudo Slovenija\" \/>\n<meta property=\"article:publisher\" content=\"https:\/\/www.facebook.com\/hudo.si\" \/>\n<meta property=\"article:published_time\" content=\"2019-10-10T13:00:05+00:00\" \/>\n<meta property=\"og:image\" content=\"https:\/\/hudo.com\/si\/wp-content\/uploads\/sites\/2\/2017\/02\/profimedia-0280104953.jpg\" \/>\n\t<meta property=\"og:image:width\" content=\"1250\" \/>\n\t<meta property=\"og:image:height\" content=\"833\" \/>\n\t<meta property=\"og:image:type\" content=\"image\/jpeg\" \/>\n<meta name=\"author\" content=\"A. G., STA\" \/>\n<meta name=\"twitter:card\" content=\"summary_large_image\" \/>\n<meta name=\"twitter:creator\" content=\"@hudo_si\" \/>\n<meta name=\"twitter:site\" content=\"@hudo_si\" \/>\n<meta name=\"twitter:label1\" content=\"Written by\" \/>\n\t<meta name=\"twitter:data1\" content=\"A. G., STA\" \/>\n\t<meta name=\"twitter:label2\" content=\"Est. reading time\" \/>\n\t<meta name=\"twitter:data2\" content=\"3 minute\" \/>\n<script type=\"application\/ld+json\" class=\"yoast-schema-graph\">{\"@context\":\"https:\/\/schema.org\",\"@graph\":[{\"@type\":\"Article\",\"@id\":\"https:\/\/hudo.com\/si\/aktualno\/slovenija-dobila-vrsto-opominov-evropske-komisije\/#article\",\"isPartOf\":{\"@id\":\"https:\/\/hudo.com\/si\/aktualno\/slovenija-dobila-vrsto-opominov-evropske-komisije\/\"},\"author\":{\"name\":\"A. G., STA\",\"@id\":\"https:\/\/hudo.com\/si\/#\/schema\/person\/2391667a63ea075ba94f2f2dc6b77537\"},\"headline\":\"Slovenija dobila vrsto opominov Evropske komisije\",\"datePublished\":\"2019-10-10T13:00:05+00:00\",\"dateModified\":\"2019-10-10T13:00:05+00:00\",\"mainEntityOfPage\":{\"@id\":\"https:\/\/hudo.com\/si\/aktualno\/slovenija-dobila-vrsto-opominov-evropske-komisije\/\"},\"wordCount\":676,\"publisher\":{\"@id\":\"https:\/\/hudo.com\/si\/#organization\"},\"keywords\":[\"Evropska komisija\",\"opomin\",\"opozorilo\",\"Slovenija\"],\"articleSection\":[\"Aktualno\"],\"inLanguage\":\"sl-SI\"},{\"@type\":\"WebPage\",\"@id\":\"https:\/\/hudo.com\/si\/aktualno\/slovenija-dobila-vrsto-opominov-evropske-komisije\/\",\"url\":\"https:\/\/hudo.com\/si\/aktualno\/slovenija-dobila-vrsto-opominov-evropske-komisije\/\",\"name\":\"Slovenija dobila vrsto opominov Evropske komisije - Hudo Slovenija\",\"isPartOf\":{\"@id\":\"https:\/\/hudo.com\/si\/#website\"},\"datePublished\":\"2019-10-10T13:00:05+00:00\",\"dateModified\":\"2019-10-10T13:00:05+00:00\",\"breadcrumb\":{\"@id\":\"https:\/\/hudo.com\/si\/aktualno\/slovenija-dobila-vrsto-opominov-evropske-komisije\/#breadcrumb\"},\"inLanguage\":\"sl-SI\",\"potentialAction\":[{\"@type\":\"ReadAction\",\"target\":[\"https:\/\/hudo.com\/si\/aktualno\/slovenija-dobila-vrsto-opominov-evropske-komisije\/\"]}]},{\"@type\":\"BreadcrumbList\",\"@id\":\"https:\/\/hudo.com\/si\/aktualno\/slovenija-dobila-vrsto-opominov-evropske-komisije\/#breadcrumb\",\"itemListElement\":[{\"@type\":\"ListItem\",\"position\":1,\"name\":\"Home\",\"item\":\"https:\/\/hudo.com\/si\/\"},{\"@type\":\"ListItem\",\"position\":2,\"name\":\"Slovenija dobila vrsto opominov Evropske komisije\"}]},{\"@type\":\"WebSite\",\"@id\":\"https:\/\/hudo.com\/si\/#website\",\"url\":\"https:\/\/hudo.com\/si\/\",\"name\":\"Hudo Slovenija\",\"description\":\"Vse novice iz Slovenije in sveta\",\"publisher\":{\"@id\":\"https:\/\/hudo.com\/si\/#organization\"},\"potentialAction\":[{\"@type\":\"SearchAction\",\"target\":{\"@type\":\"EntryPoint\",\"urlTemplate\":\"https:\/\/hudo.com\/si\/?s={search_term_string}\"},\"query-input\":\"required name=search_term_string\"}],\"inLanguage\":\"sl-SI\"},{\"@type\":\"Organization\",\"@id\":\"https:\/\/hudo.com\/si\/#organization\",\"name\":\"VSN Media\",\"url\":\"https:\/\/hudo.com\/si\/\",\"logo\":{\"@type\":\"ImageObject\",\"inLanguage\":\"sl-SI\",\"@id\":\"https:\/\/hudo.com\/si\/#\/schema\/logo\/image\/\",\"url\":\"https:\/\/hudo.com\/si\/wp-content\/uploads\/sites\/2\/2021\/03\/hudo-app-2.png\",\"contentUrl\":\"https:\/\/hudo.com\/si\/wp-content\/uploads\/sites\/2\/2021\/03\/hudo-app-2.png\",\"width\":2185,\"height\":2167,\"caption\":\"VSN Media\"},\"image\":{\"@id\":\"https:\/\/hudo.com\/si\/#\/schema\/logo\/image\/\"},\"sameAs\":[\"https:\/\/www.facebook.com\/hudo.si\",\"https:\/\/twitter.com\/hudo_si\"]},{\"@type\":\"Person\",\"@id\":\"https:\/\/hudo.com\/si\/#\/schema\/person\/2391667a63ea075ba94f2f2dc6b77537\",\"name\":\"A. G., STA\",\"image\":{\"@type\":\"ImageObject\",\"inLanguage\":\"sl-SI\",\"@id\":\"https:\/\/hudo.com\/si\/#\/schema\/person\/image\/\",\"url\":\"https:\/\/secure.gravatar.com\/avatar\/e13d22ac3e442658d5025fbbe6238a79?s=96&d=mm&r=g\",\"contentUrl\":\"https:\/\/secure.gravatar.com\/avatar\/e13d22ac3e442658d5025fbbe6238a79?s=96&d=mm&r=g\",\"caption\":\"A. G., STA\"},\"url\":\"https:\/\/hudo.com\/si\/author\/alenka\/\"}]}<\/script>\n<!-- \/ Yoast SEO plugin. -->","yoast_head_json":{"title":"Slovenija dobila vrsto opominov Evropske komisije - Hudo Slovenija","robots":{"index":"index","follow":"follow","max-snippet":"max-snippet:-1","max-image-preview":"max-image-preview:large","max-video-preview":"max-video-preview:-1"},"canonical":"https:\/\/hudo.com\/si\/aktualno\/slovenija-dobila-vrsto-opominov-evropske-komisije\/","og_locale":"sl_SI","og_type":"article","og_title":"Slovenija dobila vrsto opominov Evropske komisije - Hudo Slovenija","og_description":"Evropska komisija je danes izrekla ve\u010d opominov Sloveniji na okoljskem, gospodarskem in dru\u017ebenem podro\u010dju. Slovenija je tako dobila drugi opomin, ker ni prenesla evropskih pravil glede testiranja \u017eivali v laboratorijih, poklicnih pokojnin in blagovnih znamk. Prvega opomina je bila medtem dele\u017ena zaradi ocene okoljskih vplivov in odpadkov.","og_url":"https:\/\/hudo.com\/si\/aktualno\/slovenija-dobila-vrsto-opominov-evropske-komisije\/","og_site_name":"Hudo Slovenija","article_publisher":"https:\/\/www.facebook.com\/hudo.si","article_published_time":"2019-10-10T13:00:05+00:00","og_image":[{"width":1250,"height":833,"url":"https:\/\/hudo.com\/si\/wp-content\/uploads\/sites\/2\/2017\/02\/profimedia-0280104953.jpg","type":"image\/jpeg"}],"author":"A. G., STA","twitter_card":"summary_large_image","twitter_creator":"@hudo_si","twitter_site":"@hudo_si","twitter_misc":{"Written by":"A. G., STA","Est. reading time":"3 minute"},"schema":{"@context":"https:\/\/schema.org","@graph":[{"@type":"Article","@id":"https:\/\/hudo.com\/si\/aktualno\/slovenija-dobila-vrsto-opominov-evropske-komisije\/#article","isPartOf":{"@id":"https:\/\/hudo.com\/si\/aktualno\/slovenija-dobila-vrsto-opominov-evropske-komisije\/"},"author":{"name":"A. G., STA","@id":"https:\/\/hudo.com\/si\/#\/schema\/person\/2391667a63ea075ba94f2f2dc6b77537"},"headline":"Slovenija dobila vrsto opominov Evropske komisije","datePublished":"2019-10-10T13:00:05+00:00","dateModified":"2019-10-10T13:00:05+00:00","mainEntityOfPage":{"@id":"https:\/\/hudo.com\/si\/aktualno\/slovenija-dobila-vrsto-opominov-evropske-komisije\/"},"wordCount":676,"publisher":{"@id":"https:\/\/hudo.com\/si\/#organization"},"keywords":["Evropska komisija","opomin","opozorilo","Slovenija"],"articleSection":["Aktualno"],"inLanguage":"sl-SI"},{"@type":"WebPage","@id":"https:\/\/hudo.com\/si\/aktualno\/slovenija-dobila-vrsto-opominov-evropske-komisije\/","url":"https:\/\/hudo.com\/si\/aktualno\/slovenija-dobila-vrsto-opominov-evropske-komisije\/","name":"Slovenija dobila vrsto opominov Evropske komisije - Hudo Slovenija","isPartOf":{"@id":"https:\/\/hudo.com\/si\/#website"},"datePublished":"2019-10-10T13:00:05+00:00","dateModified":"2019-10-10T13:00:05+00:00","breadcrumb":{"@id":"https:\/\/hudo.com\/si\/aktualno\/slovenija-dobila-vrsto-opominov-evropske-komisije\/#breadcrumb"},"inLanguage":"sl-SI","potentialAction":[{"@type":"ReadAction","target":["https:\/\/hudo.com\/si\/aktualno\/slovenija-dobila-vrsto-opominov-evropske-komisije\/"]}]},{"@type":"BreadcrumbList","@id":"https:\/\/hudo.com\/si\/aktualno\/slovenija-dobila-vrsto-opominov-evropske-komisije\/#breadcrumb","itemListElement":[{"@type":"ListItem","position":1,"name":"Home","item":"https:\/\/hudo.com\/si\/"},{"@type":"ListItem","position":2,"name":"Slovenija dobila vrsto opominov Evropske komisije"}]},{"@type":"WebSite","@id":"https:\/\/hudo.com\/si\/#website","url":"https:\/\/hudo.com\/si\/","name":"Hudo Slovenija","description":"Vse novice iz Slovenije in sveta","publisher":{"@id":"https:\/\/hudo.com\/si\/#organization"},"potentialAction":[{"@type":"SearchAction","target":{"@type":"EntryPoint","urlTemplate":"https:\/\/hudo.com\/si\/?s={search_term_string}"},"query-input":"required name=search_term_string"}],"inLanguage":"sl-SI"},{"@type":"Organization","@id":"https:\/\/hudo.com\/si\/#organization","name":"VSN Media","url":"https:\/\/hudo.com\/si\/","logo":{"@type":"ImageObject","inLanguage":"sl-SI","@id":"https:\/\/hudo.com\/si\/#\/schema\/logo\/image\/","url":"https:\/\/hudo.com\/si\/wp-content\/uploads\/sites\/2\/2021\/03\/hudo-app-2.png","contentUrl":"https:\/\/hudo.com\/si\/wp-content\/uploads\/sites\/2\/2021\/03\/hudo-app-2.png","width":2185,"height":2167,"caption":"VSN Media"},"image":{"@id":"https:\/\/hudo.com\/si\/#\/schema\/logo\/image\/"},"sameAs":["https:\/\/www.facebook.com\/hudo.si","https:\/\/twitter.com\/hudo_si"]},{"@type":"Person","@id":"https:\/\/hudo.com\/si\/#\/schema\/person\/2391667a63ea075ba94f2f2dc6b77537","name":"A. G., STA","image":{"@type":"ImageObject","inLanguage":"sl-SI","@id":"https:\/\/hudo.com\/si\/#\/schema\/person\/image\/","url":"https:\/\/secure.gravatar.com\/avatar\/e13d22ac3e442658d5025fbbe6238a79?s=96&d=mm&r=g","contentUrl":"https:\/\/secure.gravatar.com\/avatar\/e13d22ac3e442658d5025fbbe6238a79?s=96&d=mm&r=g","caption":"A. G., STA"},"url":"https:\/\/hudo.com\/si\/author\/alenka\/"}]}},"amp_enabled":true,"_links":{"self":[{"href":"https:\/\/hudo.com\/si\/wp-json\/wp\/v2\/posts\/408092"}],"collection":[{"href":"https:\/\/hudo.com\/si\/wp-json\/wp\/v2\/posts"}],"about":[{"href":"https:\/\/hudo.com\/si\/wp-json\/wp\/v2\/types\/post"}],"author":[{"embeddable":true,"href":"https:\/\/hudo.com\/si\/wp-json\/wp\/v2\/users\/5"}],"replies":[{"embeddable":true,"href":"https:\/\/hudo.com\/si\/wp-json\/wp\/v2\/comments?post=408092"}],"version-history":[{"count":1,"href":"https:\/\/hudo.com\/si\/wp-json\/wp\/v2\/posts\/408092\/revisions"}],"predecessor-version":[{"id":408093,"href":"https:\/\/hudo.com\/si\/wp-json\/wp\/v2\/posts\/408092\/revisions\/408093"}],"wp:featuredmedia":[{"embeddable":true,"href":"https:\/\/hudo.com\/si\/wp-json\/wp\/v2\/media\/214429"}],"wp:attachment":[{"href":"https:\/\/hudo.com\/si\/wp-json\/wp\/v2\/media?parent=408092"}],"wp:term":[{"taxonomy":"category","embeddable":true,"href":"https:\/\/hudo.com\/si\/wp-json\/wp\/v2\/categories?post=408092"},{"taxonomy":"post_tag","embeddable":true,"href":"https:\/\/hudo.com\/si\/wp-json\/wp\/v2\/tags?post=408092"},{"taxonomy":"source","embeddable":true,"href":"https:\/\/hudo.com\/si\/wp-json\/wp\/v2\/source?post=408092"},{"taxonomy":"supertag","embeddable":true,"href":"https:\/\/hudo.com\/si\/wp-json\/wp\/v2\/supertag?post=408092"}],"curies":[{"name":"wp","href":"https:\/\/api.w.org\/{rel}","templated":true}]}}