{"id":408700,"date":"2019-10-20T16:37:20","date_gmt":"2019-10-20T14:37:20","guid":{"rendered":"http:\/\/hudo.com\/si\/?p=408700"},"modified":"2019-10-20T16:37:20","modified_gmt":"2019-10-20T14:37:20","slug":"janja-garnbret-ostala-brez-stopnick","status":"publish","type":"post","link":"https:\/\/hudo.com\/si\/aktualno\/janja-garnbret-ostala-brez-stopnick\/","title":{"rendered":"Janja Garnbret ostala brez stopni\u010dk"},"content":{"rendered":"<div class=\"text\">\n<p>Zmagala je petnajstletnica iz Ju\u017ene Koreje Chaehyun Seo, ki je s \u010detrto zaporedno zmago tekmo pred koncem osvojila tudi svoj premierni se\u0161tevek sezone svetovnega pokala v te\u017eavnosti.<\/p>\n<p>Garnbretova, za katero je sanjska sezona, ni nadaljevala niza in ostaja pri treh zaporednih skupnih zmagah v se\u0161tevku svetovnega pokala v te\u017eavnosti. Dvajsetletnica je sicer letos osvojila svoj premierni se\u0161tevek svetovnega pokala v balvanskem plezanju s \u0161estimi zmagami, na svetovnem prvenstvu v Hachiojiju na Japonskem pa je kot prva na istem prvenstvu postala svetovna prvakinja v treh razli\u010dnih disciplinah &#8211; te\u017eavnosti, balvanih in kombinaciji.<\/p>\n<p>V finalu so kar tri plezalke splezale do vrha smeri, mesta na stopni\u010dkah pa so si razdelila na podlagi polfinalnih dose\u017ekov. Korejski najstnici je pripadla zmaga, druga je bila Japonka Akiyo Noguchi, tretja \u0161e ena Korejka Jain Kim.<\/p>\n<p>Tretja slovenska polfinalistka Mia Krampl je osvojila 24. mesto.<\/p>\n<p>Tudi v mo\u0161kem finalu so vrh osvojili trije tekmovalci, ki so si tako kot \u017eenske razdelili mesta na stopni\u010dkah na podlagi polfinala. Med mo\u0161kimi je slavil \u010ceh Adam Ondra, drugo in tretje mesto pa sta osvojila tekmovalca z Japonske Taisei Homma in Tomoa Narasaki.<\/p>\n<p>Oba slovenska predstavnika v mo\u0161ki konkurenci An\u017ee Peharc in Jernej Kruder sta tekmovanje kon\u010dala v soboto v kvalifikacijah na 27. oziroma 31. mestu.<\/p>\n<p>Sezona svetovnega pokala se bo kon\u010dala naslednjo nedeljo na Japonskem v Inzaiju, ko bodo znani tudi vsi udele\u017eenci olimpijskih kvalifikacij, ki bodo konec novembra v Toulousu.<\/p>\n<p>V Toulouse sta \u017ee uvr\u0161\u010deni Rakov\u010deva in Kramplova, trenutno peta oziroma deveta v skupnem se\u0161tevku kombinacije, Kruder in Peharc sta trenutno na repu uvr\u0161\u010denih na 18. oziroma 19. mestu. Garnbretova, ki je na prvem mestu v se\u0161tevku kombinacije, si je olimpijsko vozovnico priplezala \u017ee avgusta v Hachiojiju.<\/p>\n<p>Kruder si je sicer nekoliko priprl olimpijska vrata, saj se na Japonsko ne bo odpravil.<\/p>\n<\/div>\n","protected":false},"excerpt":{"rendered":"<p>Predzadnja tekma sezone svetovnega pokala v \u0161portnem plezanju v disciplini te\u017eavnost v Xiamenu je minila brez slovenskih stopni\u010dk. Janja Garnbret je z vi\u0161ino 37+ osvojila \u010detrto mesto, Lu\u010dka Rakovec, ki je padla na istem gibu, je slovenske nastope v finalu zaokro\u017eila s \u0161estim mestom.<\/p>\n","protected":false},"author":5,"featured_media":377416,"comment_status":"closed","ping_status":"closed","sticky":false,"template":"","format":"standard","meta":{"footnotes":""},"categories":[1179],"tags":[6792,14839,1595,6793],"source":[4511],"supertag":[6098],"acf":[],"yoast_head":"<!-- This site is optimized with the Yoast SEO plugin v21.3 - https:\/\/yoast.com\/wordpress\/plugins\/seo\/ -->\n<title>Janja Garnbret ostala brez stopni\u010dk - Hudo Slovenija<\/title>\n<meta name=\"robots\" content=\"index, follow, max-snippet:-1, max-image-preview:large, max-video-preview:-1\" \/>\n<link rel=\"canonical\" href=\"https:\/\/hudo.com\/si\/aktualno\/janja-garnbret-ostala-brez-stopnick\/\" \/>\n<meta property=\"og:locale\" content=\"sl_SI\" \/>\n<meta property=\"og:type\" content=\"article\" \/>\n<meta property=\"og:title\" content=\"Janja Garnbret ostala brez stopni\u010dk - Hudo Slovenija\" \/>\n<meta property=\"og:description\" content=\"Predzadnja tekma sezone svetovnega pokala v \u0161portnem plezanju v disciplini te\u017eavnost v Xiamenu je minila brez slovenskih stopni\u010dk. Janja Garnbret je z vi\u0161ino 37+ osvojila \u010detrto mesto, Lu\u010dka Rakovec, ki je padla na istem gibu, je slovenske nastope v finalu zaokro\u017eila s \u0161estim mestom.\" \/>\n<meta property=\"og:url\" content=\"https:\/\/hudo.com\/si\/aktualno\/janja-garnbret-ostala-brez-stopnick\/\" \/>\n<meta property=\"og:site_name\" content=\"Hudo Slovenija\" \/>\n<meta property=\"article:publisher\" content=\"https:\/\/www.facebook.com\/hudo.si\" \/>\n<meta property=\"article:published_time\" content=\"2019-10-20T14:37:20+00:00\" \/>\n<meta property=\"og:image\" content=\"https:\/\/hudo.com\/si\/wp-content\/uploads\/sites\/2\/2018\/09\/profimedia-0333295290.jpg\" \/>\n\t<meta property=\"og:image:width\" content=\"1250\" \/>\n\t<meta property=\"og:image:height\" content=\"834\" \/>\n\t<meta property=\"og:image:type\" content=\"image\/jpeg\" \/>\n<meta name=\"author\" content=\"A. G., STA\" \/>\n<meta name=\"twitter:card\" content=\"summary_large_image\" \/>\n<meta name=\"twitter:creator\" content=\"@hudo_si\" \/>\n<meta name=\"twitter:site\" content=\"@hudo_si\" \/>\n<meta name=\"twitter:label1\" content=\"Written by\" \/>\n\t<meta name=\"twitter:data1\" content=\"A. G., STA\" \/>\n\t<meta name=\"twitter:label2\" content=\"Est. reading time\" \/>\n\t<meta name=\"twitter:data2\" content=\"2 minuti\" \/>\n<script type=\"application\/ld+json\" class=\"yoast-schema-graph\">{\"@context\":\"https:\/\/schema.org\",\"@graph\":[{\"@type\":\"Article\",\"@id\":\"https:\/\/hudo.com\/si\/aktualno\/janja-garnbret-ostala-brez-stopnick\/#article\",\"isPartOf\":{\"@id\":\"https:\/\/hudo.com\/si\/aktualno\/janja-garnbret-ostala-brez-stopnick\/\"},\"author\":{\"name\":\"A. G., STA\",\"@id\":\"https:\/\/hudo.com\/si\/#\/schema\/person\/2391667a63ea075ba94f2f2dc6b77537\"},\"headline\":\"Janja Garnbret ostala brez stopni\u010dk\",\"datePublished\":\"2019-10-20T14:37:20+00:00\",\"dateModified\":\"2019-10-20T14:37:20+00:00\",\"mainEntityOfPage\":{\"@id\":\"https:\/\/hudo.com\/si\/aktualno\/janja-garnbret-ostala-brez-stopnick\/\"},\"wordCount\":317,\"publisher\":{\"@id\":\"https:\/\/hudo.com\/si\/#organization\"},\"keywords\":[\"Janja Garnbret\",\"Lu\u010dka Rakovec\",\"Slovenija\",\"\u0161portno plezanje\"],\"articleSection\":[\"Aktualno\"],\"inLanguage\":\"sl-SI\"},{\"@type\":\"WebPage\",\"@id\":\"https:\/\/hudo.com\/si\/aktualno\/janja-garnbret-ostala-brez-stopnick\/\",\"url\":\"https:\/\/hudo.com\/si\/aktualno\/janja-garnbret-ostala-brez-stopnick\/\",\"name\":\"Janja Garnbret ostala brez stopni\u010dk - Hudo Slovenija\",\"isPartOf\":{\"@id\":\"https:\/\/hudo.com\/si\/#website\"},\"datePublished\":\"2019-10-20T14:37:20+00:00\",\"dateModified\":\"2019-10-20T14:37:20+00:00\",\"breadcrumb\":{\"@id\":\"https:\/\/hudo.com\/si\/aktualno\/janja-garnbret-ostala-brez-stopnick\/#breadcrumb\"},\"inLanguage\":\"sl-SI\",\"potentialAction\":[{\"@type\":\"ReadAction\",\"target\":[\"https:\/\/hudo.com\/si\/aktualno\/janja-garnbret-ostala-brez-stopnick\/\"]}]},{\"@type\":\"BreadcrumbList\",\"@id\":\"https:\/\/hudo.com\/si\/aktualno\/janja-garnbret-ostala-brez-stopnick\/#breadcrumb\",\"itemListElement\":[{\"@type\":\"ListItem\",\"position\":1,\"name\":\"Home\",\"item\":\"https:\/\/hudo.com\/si\/\"},{\"@type\":\"ListItem\",\"position\":2,\"name\":\"Janja Garnbret ostala brez stopni\u010dk\"}]},{\"@type\":\"WebSite\",\"@id\":\"https:\/\/hudo.com\/si\/#website\",\"url\":\"https:\/\/hudo.com\/si\/\",\"name\":\"Hudo Slovenija\",\"description\":\"Vse novice iz Slovenije in sveta\",\"publisher\":{\"@id\":\"https:\/\/hudo.com\/si\/#organization\"},\"potentialAction\":[{\"@type\":\"SearchAction\",\"target\":{\"@type\":\"EntryPoint\",\"urlTemplate\":\"https:\/\/hudo.com\/si\/?s={search_term_string}\"},\"query-input\":\"required name=search_term_string\"}],\"inLanguage\":\"sl-SI\"},{\"@type\":\"Organization\",\"@id\":\"https:\/\/hudo.com\/si\/#organization\",\"name\":\"VSN Media\",\"url\":\"https:\/\/hudo.com\/si\/\",\"logo\":{\"@type\":\"ImageObject\",\"inLanguage\":\"sl-SI\",\"@id\":\"https:\/\/hudo.com\/si\/#\/schema\/logo\/image\/\",\"url\":\"https:\/\/hudo.com\/si\/wp-content\/uploads\/sites\/2\/2021\/03\/hudo-app-2.png\",\"contentUrl\":\"https:\/\/hudo.com\/si\/wp-content\/uploads\/sites\/2\/2021\/03\/hudo-app-2.png\",\"width\":2185,\"height\":2167,\"caption\":\"VSN Media\"},\"image\":{\"@id\":\"https:\/\/hudo.com\/si\/#\/schema\/logo\/image\/\"},\"sameAs\":[\"https:\/\/www.facebook.com\/hudo.si\",\"https:\/\/twitter.com\/hudo_si\"]},{\"@type\":\"Person\",\"@id\":\"https:\/\/hudo.com\/si\/#\/schema\/person\/2391667a63ea075ba94f2f2dc6b77537\",\"name\":\"A. G., STA\",\"image\":{\"@type\":\"ImageObject\",\"inLanguage\":\"sl-SI\",\"@id\":\"https:\/\/hudo.com\/si\/#\/schema\/person\/image\/\",\"url\":\"https:\/\/secure.gravatar.com\/avatar\/e13d22ac3e442658d5025fbbe6238a79?s=96&d=mm&r=g\",\"contentUrl\":\"https:\/\/secure.gravatar.com\/avatar\/e13d22ac3e442658d5025fbbe6238a79?s=96&d=mm&r=g\",\"caption\":\"A. G., STA\"},\"url\":\"https:\/\/hudo.com\/si\/author\/alenka\/\"}]}<\/script>\n<!-- \/ Yoast SEO plugin. -->","yoast_head_json":{"title":"Janja Garnbret ostala brez stopni\u010dk - Hudo Slovenija","robots":{"index":"index","follow":"follow","max-snippet":"max-snippet:-1","max-image-preview":"max-image-preview:large","max-video-preview":"max-video-preview:-1"},"canonical":"https:\/\/hudo.com\/si\/aktualno\/janja-garnbret-ostala-brez-stopnick\/","og_locale":"sl_SI","og_type":"article","og_title":"Janja Garnbret ostala brez stopni\u010dk - Hudo Slovenija","og_description":"Predzadnja tekma sezone svetovnega pokala v \u0161portnem plezanju v disciplini te\u017eavnost v Xiamenu je minila brez slovenskih stopni\u010dk. Janja Garnbret je z vi\u0161ino 37+ osvojila \u010detrto mesto, Lu\u010dka Rakovec, ki je padla na istem gibu, je slovenske nastope v finalu zaokro\u017eila s \u0161estim mestom.","og_url":"https:\/\/hudo.com\/si\/aktualno\/janja-garnbret-ostala-brez-stopnick\/","og_site_name":"Hudo Slovenija","article_publisher":"https:\/\/www.facebook.com\/hudo.si","article_published_time":"2019-10-20T14:37:20+00:00","og_image":[{"width":1250,"height":834,"url":"https:\/\/hudo.com\/si\/wp-content\/uploads\/sites\/2\/2018\/09\/profimedia-0333295290.jpg","type":"image\/jpeg"}],"author":"A. G., STA","twitter_card":"summary_large_image","twitter_creator":"@hudo_si","twitter_site":"@hudo_si","twitter_misc":{"Written by":"A. G., STA","Est. reading time":"2 minuti"},"schema":{"@context":"https:\/\/schema.org","@graph":[{"@type":"Article","@id":"https:\/\/hudo.com\/si\/aktualno\/janja-garnbret-ostala-brez-stopnick\/#article","isPartOf":{"@id":"https:\/\/hudo.com\/si\/aktualno\/janja-garnbret-ostala-brez-stopnick\/"},"author":{"name":"A. G., STA","@id":"https:\/\/hudo.com\/si\/#\/schema\/person\/2391667a63ea075ba94f2f2dc6b77537"},"headline":"Janja Garnbret ostala brez stopni\u010dk","datePublished":"2019-10-20T14:37:20+00:00","dateModified":"2019-10-20T14:37:20+00:00","mainEntityOfPage":{"@id":"https:\/\/hudo.com\/si\/aktualno\/janja-garnbret-ostala-brez-stopnick\/"},"wordCount":317,"publisher":{"@id":"https:\/\/hudo.com\/si\/#organization"},"keywords":["Janja Garnbret","Lu\u010dka Rakovec","Slovenija","\u0161portno plezanje"],"articleSection":["Aktualno"],"inLanguage":"sl-SI"},{"@type":"WebPage","@id":"https:\/\/hudo.com\/si\/aktualno\/janja-garnbret-ostala-brez-stopnick\/","url":"https:\/\/hudo.com\/si\/aktualno\/janja-garnbret-ostala-brez-stopnick\/","name":"Janja Garnbret ostala brez stopni\u010dk - Hudo Slovenija","isPartOf":{"@id":"https:\/\/hudo.com\/si\/#website"},"datePublished":"2019-10-20T14:37:20+00:00","dateModified":"2019-10-20T14:37:20+00:00","breadcrumb":{"@id":"https:\/\/hudo.com\/si\/aktualno\/janja-garnbret-ostala-brez-stopnick\/#breadcrumb"},"inLanguage":"sl-SI","potentialAction":[{"@type":"ReadAction","target":["https:\/\/hudo.com\/si\/aktualno\/janja-garnbret-ostala-brez-stopnick\/"]}]},{"@type":"BreadcrumbList","@id":"https:\/\/hudo.com\/si\/aktualno\/janja-garnbret-ostala-brez-stopnick\/#breadcrumb","itemListElement":[{"@type":"ListItem","position":1,"name":"Home","item":"https:\/\/hudo.com\/si\/"},{"@type":"ListItem","position":2,"name":"Janja Garnbret ostala brez stopni\u010dk"}]},{"@type":"WebSite","@id":"https:\/\/hudo.com\/si\/#website","url":"https:\/\/hudo.com\/si\/","name":"Hudo Slovenija","description":"Vse novice iz Slovenije in sveta","publisher":{"@id":"https:\/\/hudo.com\/si\/#organization"},"potentialAction":[{"@type":"SearchAction","target":{"@type":"EntryPoint","urlTemplate":"https:\/\/hudo.com\/si\/?s={search_term_string}"},"query-input":"required name=search_term_string"}],"inLanguage":"sl-SI"},{"@type":"Organization","@id":"https:\/\/hudo.com\/si\/#organization","name":"VSN Media","url":"https:\/\/hudo.com\/si\/","logo":{"@type":"ImageObject","inLanguage":"sl-SI","@id":"https:\/\/hudo.com\/si\/#\/schema\/logo\/image\/","url":"https:\/\/hudo.com\/si\/wp-content\/uploads\/sites\/2\/2021\/03\/hudo-app-2.png","contentUrl":"https:\/\/hudo.com\/si\/wp-content\/uploads\/sites\/2\/2021\/03\/hudo-app-2.png","width":2185,"height":2167,"caption":"VSN Media"},"image":{"@id":"https:\/\/hudo.com\/si\/#\/schema\/logo\/image\/"},"sameAs":["https:\/\/www.facebook.com\/hudo.si","https:\/\/twitter.com\/hudo_si"]},{"@type":"Person","@id":"https:\/\/hudo.com\/si\/#\/schema\/person\/2391667a63ea075ba94f2f2dc6b77537","name":"A. G., STA","image":{"@type":"ImageObject","inLanguage":"sl-SI","@id":"https:\/\/hudo.com\/si\/#\/schema\/person\/image\/","url":"https:\/\/secure.gravatar.com\/avatar\/e13d22ac3e442658d5025fbbe6238a79?s=96&d=mm&r=g","contentUrl":"https:\/\/secure.gravatar.com\/avatar\/e13d22ac3e442658d5025fbbe6238a79?s=96&d=mm&r=g","caption":"A. G., STA"},"url":"https:\/\/hudo.com\/si\/author\/alenka\/"}]}},"amp_enabled":true,"_links":{"self":[{"href":"https:\/\/hudo.com\/si\/wp-json\/wp\/v2\/posts\/408700"}],"collection":[{"href":"https:\/\/hudo.com\/si\/wp-json\/wp\/v2\/posts"}],"about":[{"href":"https:\/\/hudo.com\/si\/wp-json\/wp\/v2\/types\/post"}],"author":[{"embeddable":true,"href":"https:\/\/hudo.com\/si\/wp-json\/wp\/v2\/users\/5"}],"replies":[{"embeddable":true,"href":"https:\/\/hudo.com\/si\/wp-json\/wp\/v2\/comments?post=408700"}],"version-history":[{"count":1,"href":"https:\/\/hudo.com\/si\/wp-json\/wp\/v2\/posts\/408700\/revisions"}],"predecessor-version":[{"id":408701,"href":"https:\/\/hudo.com\/si\/wp-json\/wp\/v2\/posts\/408700\/revisions\/408701"}],"wp:featuredmedia":[{"embeddable":true,"href":"https:\/\/hudo.com\/si\/wp-json\/wp\/v2\/media\/377416"}],"wp:attachment":[{"href":"https:\/\/hudo.com\/si\/wp-json\/wp\/v2\/media?parent=408700"}],"wp:term":[{"taxonomy":"category","embeddable":true,"href":"https:\/\/hudo.com\/si\/wp-json\/wp\/v2\/categories?post=408700"},{"taxonomy":"post_tag","embeddable":true,"href":"https:\/\/hudo.com\/si\/wp-json\/wp\/v2\/tags?post=408700"},{"taxonomy":"source","embeddable":true,"href":"https:\/\/hudo.com\/si\/wp-json\/wp\/v2\/source?post=408700"},{"taxonomy":"supertag","embeddable":true,"href":"https:\/\/hudo.com\/si\/wp-json\/wp\/v2\/supertag?post=408700"}],"curies":[{"name":"wp","href":"https:\/\/api.w.org\/{rel}","templated":true}]}}