{"id":409055,"date":"2019-10-25T21:48:25","date_gmt":"2019-10-25T19:48:25","guid":{"rendered":"http:\/\/hudo.com\/si\/?p=409055"},"modified":"2019-10-25T21:48:25","modified_gmt":"2019-10-25T19:48:25","slug":"poslanec-kordis-znova-vzbudil-pozornost-z-zapisom-na-facebooku-kdor-luknjo-polni-z-jemanjem-200-evrov-dodatka-revno-zaposleni-materi-samohranilki-je-navadna-svinja","status":"publish","type":"post","link":"https:\/\/hudo.com\/si\/aktualno\/poslanec-kordis-znova-vzbudil-pozornost-z-zapisom-na-facebooku-kdor-luknjo-polni-z-jemanjem-200-evrov-dodatka-revno-zaposleni-materi-samohranilki-je-navadna-svinja\/","title":{"rendered":"Poslanec Kordi\u0161 znova vzbudil pozornost z zapisom na Facebooku: &#8220;Kdor luknjo polni z jemanjem 200 evrov dodatka revno zaposleni materi samohranilki &#8211; je navadna svinja&#8221;"},"content":{"rendered":"<p>&#8220;Kdor od poslank in poslancev je v\u010deraj podprl zvi\u0161anje lastne pla\u010de za 700 evrov letno in zato zavrtal 135 milijonov evrov luknje v prora\u010dun &#8211; danes pa to luknjo polni z jemanjem 200 evrov dodatka revno zaposleni materi samohranilki &#8211; je navadna svinja,&#8221; je Kordi\u0161 v \u010detrtek navedel na svojem Facebook profilu. Dodal je: &#8220;Za najbolj\u0161e pla\u010de dav\u010dni privilegiji, za revne zaposlene prazen kro\u017enik. Besen sem bolj, kot znam zapisati.&#8221;<\/p>\n<p>Kordi\u0161 je v odzivu za STA danes ponovil vsebinske razloge za ta zapis in navedel: &#8220;Bil sem jezen, \u0161e vedno sem. To preprosto ni fer.&#8221; Na vpra\u0161anje, ali se mu zdi tak zapis primeren, ali ga ob\u017ealuje, pa je odgovoril z besedami, da bi se morali poslanci opravi\u010diti tako, da zavrtijo kolo nazaj pri ukinitvi dodatka za delovno aktivnost in dohodninski reformi. &#8220;Neprimerno je to, da se jemlje tistim, ki \u017ee tako ni\u010d nimajo. \u010ce kaj, bi morale biti v medijskem fokusu ne svinje, ampak svinjarije,&#8221; je dodal in zatrdil, da zapisa na Facebooku ne bo umaknil.<\/p>\n<p>Med poslanci je sli\u0161ati tudi opazke glede Kordi\u0161evega izra\u017eanja na sejah, v preteklosti pa je \u017ee vzbudil pozornost z zapisi na dru\u017eabnih omre\u017ejih, zlasti glede podjetnikov in kapitala. Marca se je tudi premier Marjan \u0160arec v odgovorih na poslanska vpra\u0161anja obregnil ob Kordi\u0161ev zapis na Facebooku, da je Levica izstavila zabeljen ra\u010dun za podporo prora\u010dunu.<\/p>\n<p>V izjavi novinarjem v DZ se je danes odzval tudi vodja poslanske skupine Levice Vatovec. Dejal je, da je bila \u010detrtkova razprava &#8220;o ukinitvi dodatka za delovno aktivnost za revne zaposlene, tiste, ki \u017ee tako te\u017eko shajajo skozi mesec, naporna&#8221;. Neokusen pa je bil po njegovem mnenju tudi del razprave oz. argumenti, ki so prihajali predvsem od ministrstva in tudi od poslancev SMC, ki so branili svojo ministrico.<\/p>\n<p>Pozneje je pojasnil, da so glede teh zapisov ve\u010dkrat posku\u0161ali &#8220;sanirati te zadeve, a o\u010ditno pa\u010d v\u010dasih varovalke popustijo&#8221;. Na vpra\u0161anje, ali to obsoja, pa je odgovoril, &#8220;da se mu tak\u0161en na\u010din komunikacije preko javnih socialnih omre\u017eij, ki so dostopna vsem in delujejo kot javni kanal, ne zdi primeren&#8221;.<\/p>\n<p>Ob tem je komentiral tudi \u010detrtkove izjave premierja \u0160arca, ki je ob oceni odnosov z Levico dejal, da je &#8220;z vsakdanjim ustvarjanjem nemira in tiskovnimi konferencami te\u017eko delati v miru. \u010ce ste kdaj cvrli krofe, veste, kako je treba imeti kuhinjo zaprto, toplo&#8221;.<\/p>\n<p>Po mnenju Vatovca je nekoliko nenavadno, da se politi\u010dne odnose primerja s peko krofov. &#8220;Problem politike v tej dr\u017eavi zadnjih 20 let je verjetno to, da se vse preve\u010d stvari dela za zaprtimi vrati, v toploti kuhinje. Ampak v\u010dasih v tak\u0161ni kuhinji tudi zmanjka zraka in tudi razsodnost odpove,&#8221; je dodal.<\/p>\n","protected":false},"excerpt":{"rendered":"<p>Poslanec Levice Miha Kordi\u0161 je znova vzbudil pozornost z zapisi na Facebooku. Poslance, ki so v sredo podprli spremembe dohodninske lestvice, v \u010detrtek pa zagovarjali ukinitev dodatka za delovno aktivnost, je ozna\u010dil za &#8220;navadne svinje&#8221;. Vodja poslancev Levice Matej T. Vatovec priznava, da se mu tak\u0161na komunikacija ne zdi primerna.<\/p>\n","protected":false},"author":8,"featured_media":404896,"comment_status":"closed","ping_status":"closed","sticky":false,"template":"","format":"standard","meta":{"footnotes":""},"categories":[1179],"tags":[14984,2053,8983,9643,1595],"source":[4511],"supertag":[],"acf":[],"yoast_head":"<!-- This site is optimized with the Yoast SEO plugin v21.3 - https:\/\/yoast.com\/wordpress\/plugins\/seo\/ -->\n<title>Poslanec Kordi\u0161 znova vzbudil pozornost z zapisom na Facebooku: &quot;Kdor luknjo polni z jemanjem 200 evrov dodatka revno zaposleni materi samohranilki - je navadna svinja&quot; - Hudo Slovenija<\/title>\n<meta name=\"robots\" content=\"index, follow, max-snippet:-1, max-image-preview:large, max-video-preview:-1\" \/>\n<link rel=\"canonical\" href=\"https:\/\/hudo.com\/si\/aktualno\/poslanec-kordis-znova-vzbudil-pozornost-z-zapisom-na-facebooku-kdor-luknjo-polni-z-jemanjem-200-evrov-dodatka-revno-zaposleni-materi-samohranilki-je-navadna-svinja\/\" \/>\n<meta property=\"og:locale\" content=\"sl_SI\" \/>\n<meta property=\"og:type\" content=\"article\" \/>\n<meta property=\"og:title\" content=\"Poslanec Kordi\u0161 znova vzbudil pozornost z zapisom na Facebooku: &quot;Kdor luknjo polni z jemanjem 200 evrov dodatka revno zaposleni materi samohranilki - je navadna svinja&quot; - Hudo Slovenija\" \/>\n<meta property=\"og:description\" content=\"Poslanec Levice Miha Kordi\u0161 je znova vzbudil pozornost z zapisi na Facebooku. Poslance, ki so v sredo podprli spremembe dohodninske lestvice, v \u010detrtek pa zagovarjali ukinitev dodatka za delovno aktivnost, je ozna\u010dil za &quot;navadne svinje&quot;. Vodja poslancev Levice Matej T. Vatovec priznava, da se mu tak\u0161na komunikacija ne zdi primerna.\" \/>\n<meta property=\"og:url\" content=\"https:\/\/hudo.com\/si\/aktualno\/poslanec-kordis-znova-vzbudil-pozornost-z-zapisom-na-facebooku-kdor-luknjo-polni-z-jemanjem-200-evrov-dodatka-revno-zaposleni-materi-samohranilki-je-navadna-svinja\/\" \/>\n<meta property=\"og:site_name\" content=\"Hudo Slovenija\" \/>\n<meta property=\"article:publisher\" content=\"https:\/\/www.facebook.com\/hudo.si\" \/>\n<meta property=\"article:published_time\" content=\"2019-10-25T19:48:25+00:00\" \/>\n<meta property=\"og:image\" content=\"https:\/\/hudo.com\/si\/wp-content\/uploads\/sites\/2\/2019\/08\/profimedia-0013633801.jpg\" \/>\n\t<meta property=\"og:image:width\" content=\"1250\" \/>\n\t<meta property=\"og:image:height\" content=\"829\" \/>\n\t<meta property=\"og:image:type\" content=\"image\/jpeg\" \/>\n<meta name=\"author\" content=\"M. N., STA\" \/>\n<meta name=\"twitter:card\" content=\"summary_large_image\" \/>\n<meta name=\"twitter:creator\" content=\"@hudo_si\" \/>\n<meta name=\"twitter:site\" content=\"@hudo_si\" \/>\n<meta name=\"twitter:label1\" content=\"Written by\" \/>\n\t<meta name=\"twitter:data1\" content=\"M. N., STA\" \/>\n\t<meta name=\"twitter:label2\" content=\"Est. reading time\" \/>\n\t<meta name=\"twitter:data2\" content=\"2 minuti\" \/>\n<script type=\"application\/ld+json\" class=\"yoast-schema-graph\">{\"@context\":\"https:\/\/schema.org\",\"@graph\":[{\"@type\":\"Article\",\"@id\":\"https:\/\/hudo.com\/si\/aktualno\/poslanec-kordis-znova-vzbudil-pozornost-z-zapisom-na-facebooku-kdor-luknjo-polni-z-jemanjem-200-evrov-dodatka-revno-zaposleni-materi-samohranilki-je-navadna-svinja\/#article\",\"isPartOf\":{\"@id\":\"https:\/\/hudo.com\/si\/aktualno\/poslanec-kordis-znova-vzbudil-pozornost-z-zapisom-na-facebooku-kdor-luknjo-polni-z-jemanjem-200-evrov-dodatka-revno-zaposleni-materi-samohranilki-je-navadna-svinja\/\"},\"author\":{\"name\":\"M. N., STA\",\"@id\":\"https:\/\/hudo.com\/si\/#\/schema\/person\/c2f10ce65d2e6ede2aeda5be2a0611fa\"},\"headline\":\"Poslanec Kordi\u0161 znova vzbudil pozornost z zapisom na Facebooku: &#8220;Kdor luknjo polni z jemanjem 200 evrov dodatka revno zaposleni materi samohranilki &#8211; je navadna svinja&#8221;\",\"datePublished\":\"2019-10-25T19:48:25+00:00\",\"dateModified\":\"2019-10-25T19:48:25+00:00\",\"mainEntityOfPage\":{\"@id\":\"https:\/\/hudo.com\/si\/aktualno\/poslanec-kordis-znova-vzbudil-pozornost-z-zapisom-na-facebooku-kdor-luknjo-polni-z-jemanjem-200-evrov-dodatka-revno-zaposleni-materi-samohranilki-je-navadna-svinja\/\"},\"wordCount\":487,\"publisher\":{\"@id\":\"https:\/\/hudo.com\/si\/#organization\"},\"keywords\":[\"dodatek za delovno aktivnost\",\"Facebook\",\"levica\",\"miha kordi\u0161\",\"Slovenija\"],\"articleSection\":[\"Aktualno\"],\"inLanguage\":\"sl-SI\"},{\"@type\":\"WebPage\",\"@id\":\"https:\/\/hudo.com\/si\/aktualno\/poslanec-kordis-znova-vzbudil-pozornost-z-zapisom-na-facebooku-kdor-luknjo-polni-z-jemanjem-200-evrov-dodatka-revno-zaposleni-materi-samohranilki-je-navadna-svinja\/\",\"url\":\"https:\/\/hudo.com\/si\/aktualno\/poslanec-kordis-znova-vzbudil-pozornost-z-zapisom-na-facebooku-kdor-luknjo-polni-z-jemanjem-200-evrov-dodatka-revno-zaposleni-materi-samohranilki-je-navadna-svinja\/\",\"name\":\"Poslanec Kordi\u0161 znova vzbudil pozornost z zapisom na Facebooku: \\\"Kdor luknjo polni z jemanjem 200 evrov dodatka revno zaposleni materi samohranilki - je navadna svinja\\\" - Hudo Slovenija\",\"isPartOf\":{\"@id\":\"https:\/\/hudo.com\/si\/#website\"},\"datePublished\":\"2019-10-25T19:48:25+00:00\",\"dateModified\":\"2019-10-25T19:48:25+00:00\",\"breadcrumb\":{\"@id\":\"https:\/\/hudo.com\/si\/aktualno\/poslanec-kordis-znova-vzbudil-pozornost-z-zapisom-na-facebooku-kdor-luknjo-polni-z-jemanjem-200-evrov-dodatka-revno-zaposleni-materi-samohranilki-je-navadna-svinja\/#breadcrumb\"},\"inLanguage\":\"sl-SI\",\"potentialAction\":[{\"@type\":\"ReadAction\",\"target\":[\"https:\/\/hudo.com\/si\/aktualno\/poslanec-kordis-znova-vzbudil-pozornost-z-zapisom-na-facebooku-kdor-luknjo-polni-z-jemanjem-200-evrov-dodatka-revno-zaposleni-materi-samohranilki-je-navadna-svinja\/\"]}]},{\"@type\":\"BreadcrumbList\",\"@id\":\"https:\/\/hudo.com\/si\/aktualno\/poslanec-kordis-znova-vzbudil-pozornost-z-zapisom-na-facebooku-kdor-luknjo-polni-z-jemanjem-200-evrov-dodatka-revno-zaposleni-materi-samohranilki-je-navadna-svinja\/#breadcrumb\",\"itemListElement\":[{\"@type\":\"ListItem\",\"position\":1,\"name\":\"Home\",\"item\":\"https:\/\/hudo.com\/si\/\"},{\"@type\":\"ListItem\",\"position\":2,\"name\":\"Poslanec Kordi\u0161 znova vzbudil pozornost z zapisom na Facebooku: &#8220;Kdor luknjo polni z jemanjem 200 evrov dodatka revno zaposleni materi samohranilki &#8211; je navadna svinja&#8221;\"}]},{\"@type\":\"WebSite\",\"@id\":\"https:\/\/hudo.com\/si\/#website\",\"url\":\"https:\/\/hudo.com\/si\/\",\"name\":\"Hudo Slovenija\",\"description\":\"Vse novice iz Slovenije in sveta\",\"publisher\":{\"@id\":\"https:\/\/hudo.com\/si\/#organization\"},\"potentialAction\":[{\"@type\":\"SearchAction\",\"target\":{\"@type\":\"EntryPoint\",\"urlTemplate\":\"https:\/\/hudo.com\/si\/?s={search_term_string}\"},\"query-input\":\"required name=search_term_string\"}],\"inLanguage\":\"sl-SI\"},{\"@type\":\"Organization\",\"@id\":\"https:\/\/hudo.com\/si\/#organization\",\"name\":\"VSN Media\",\"url\":\"https:\/\/hudo.com\/si\/\",\"logo\":{\"@type\":\"ImageObject\",\"inLanguage\":\"sl-SI\",\"@id\":\"https:\/\/hudo.com\/si\/#\/schema\/logo\/image\/\",\"url\":\"https:\/\/hudo.com\/si\/wp-content\/uploads\/sites\/2\/2021\/03\/hudo-app-2.png\",\"contentUrl\":\"https:\/\/hudo.com\/si\/wp-content\/uploads\/sites\/2\/2021\/03\/hudo-app-2.png\",\"width\":2185,\"height\":2167,\"caption\":\"VSN Media\"},\"image\":{\"@id\":\"https:\/\/hudo.com\/si\/#\/schema\/logo\/image\/\"},\"sameAs\":[\"https:\/\/www.facebook.com\/hudo.si\",\"https:\/\/twitter.com\/hudo_si\"]},{\"@type\":\"Person\",\"@id\":\"https:\/\/hudo.com\/si\/#\/schema\/person\/c2f10ce65d2e6ede2aeda5be2a0611fa\",\"name\":\"M. N., STA\",\"image\":{\"@type\":\"ImageObject\",\"inLanguage\":\"sl-SI\",\"@id\":\"https:\/\/hudo.com\/si\/#\/schema\/person\/image\/\",\"url\":\"https:\/\/secure.gravatar.com\/avatar\/f370d38daa10467f755c5c766a4cac20?s=96&d=mm&r=g\",\"contentUrl\":\"https:\/\/secure.gravatar.com\/avatar\/f370d38daa10467f755c5c766a4cac20?s=96&d=mm&r=g\",\"caption\":\"M. N., STA\"},\"url\":\"https:\/\/hudo.com\/si\/author\/mana\/\"}]}<\/script>\n<!-- \/ Yoast SEO plugin. -->","yoast_head_json":{"title":"Poslanec Kordi\u0161 znova vzbudil pozornost z zapisom na Facebooku: \"Kdor luknjo polni z jemanjem 200 evrov dodatka revno zaposleni materi samohranilki - je navadna svinja\" - Hudo Slovenija","robots":{"index":"index","follow":"follow","max-snippet":"max-snippet:-1","max-image-preview":"max-image-preview:large","max-video-preview":"max-video-preview:-1"},"canonical":"https:\/\/hudo.com\/si\/aktualno\/poslanec-kordis-znova-vzbudil-pozornost-z-zapisom-na-facebooku-kdor-luknjo-polni-z-jemanjem-200-evrov-dodatka-revno-zaposleni-materi-samohranilki-je-navadna-svinja\/","og_locale":"sl_SI","og_type":"article","og_title":"Poslanec Kordi\u0161 znova vzbudil pozornost z zapisom na Facebooku: \"Kdor luknjo polni z jemanjem 200 evrov dodatka revno zaposleni materi samohranilki - je navadna svinja\" - Hudo Slovenija","og_description":"Poslanec Levice Miha Kordi\u0161 je znova vzbudil pozornost z zapisi na Facebooku. Poslance, ki so v sredo podprli spremembe dohodninske lestvice, v \u010detrtek pa zagovarjali ukinitev dodatka za delovno aktivnost, je ozna\u010dil za \"navadne svinje\". Vodja poslancev Levice Matej T. Vatovec priznava, da se mu tak\u0161na komunikacija ne zdi primerna.","og_url":"https:\/\/hudo.com\/si\/aktualno\/poslanec-kordis-znova-vzbudil-pozornost-z-zapisom-na-facebooku-kdor-luknjo-polni-z-jemanjem-200-evrov-dodatka-revno-zaposleni-materi-samohranilki-je-navadna-svinja\/","og_site_name":"Hudo Slovenija","article_publisher":"https:\/\/www.facebook.com\/hudo.si","article_published_time":"2019-10-25T19:48:25+00:00","og_image":[{"width":1250,"height":829,"url":"https:\/\/hudo.com\/si\/wp-content\/uploads\/sites\/2\/2019\/08\/profimedia-0013633801.jpg","type":"image\/jpeg"}],"author":"M. N., STA","twitter_card":"summary_large_image","twitter_creator":"@hudo_si","twitter_site":"@hudo_si","twitter_misc":{"Written by":"M. N., STA","Est. reading time":"2 minuti"},"schema":{"@context":"https:\/\/schema.org","@graph":[{"@type":"Article","@id":"https:\/\/hudo.com\/si\/aktualno\/poslanec-kordis-znova-vzbudil-pozornost-z-zapisom-na-facebooku-kdor-luknjo-polni-z-jemanjem-200-evrov-dodatka-revno-zaposleni-materi-samohranilki-je-navadna-svinja\/#article","isPartOf":{"@id":"https:\/\/hudo.com\/si\/aktualno\/poslanec-kordis-znova-vzbudil-pozornost-z-zapisom-na-facebooku-kdor-luknjo-polni-z-jemanjem-200-evrov-dodatka-revno-zaposleni-materi-samohranilki-je-navadna-svinja\/"},"author":{"name":"M. N., STA","@id":"https:\/\/hudo.com\/si\/#\/schema\/person\/c2f10ce65d2e6ede2aeda5be2a0611fa"},"headline":"Poslanec Kordi\u0161 znova vzbudil pozornost z zapisom na Facebooku: &#8220;Kdor luknjo polni z jemanjem 200 evrov dodatka revno zaposleni materi samohranilki &#8211; je navadna svinja&#8221;","datePublished":"2019-10-25T19:48:25+00:00","dateModified":"2019-10-25T19:48:25+00:00","mainEntityOfPage":{"@id":"https:\/\/hudo.com\/si\/aktualno\/poslanec-kordis-znova-vzbudil-pozornost-z-zapisom-na-facebooku-kdor-luknjo-polni-z-jemanjem-200-evrov-dodatka-revno-zaposleni-materi-samohranilki-je-navadna-svinja\/"},"wordCount":487,"publisher":{"@id":"https:\/\/hudo.com\/si\/#organization"},"keywords":["dodatek za delovno aktivnost","Facebook","levica","miha kordi\u0161","Slovenija"],"articleSection":["Aktualno"],"inLanguage":"sl-SI"},{"@type":"WebPage","@id":"https:\/\/hudo.com\/si\/aktualno\/poslanec-kordis-znova-vzbudil-pozornost-z-zapisom-na-facebooku-kdor-luknjo-polni-z-jemanjem-200-evrov-dodatka-revno-zaposleni-materi-samohranilki-je-navadna-svinja\/","url":"https:\/\/hudo.com\/si\/aktualno\/poslanec-kordis-znova-vzbudil-pozornost-z-zapisom-na-facebooku-kdor-luknjo-polni-z-jemanjem-200-evrov-dodatka-revno-zaposleni-materi-samohranilki-je-navadna-svinja\/","name":"Poslanec Kordi\u0161 znova vzbudil pozornost z zapisom na Facebooku: \"Kdor luknjo polni z jemanjem 200 evrov dodatka revno zaposleni materi samohranilki - je navadna svinja\" - Hudo Slovenija","isPartOf":{"@id":"https:\/\/hudo.com\/si\/#website"},"datePublished":"2019-10-25T19:48:25+00:00","dateModified":"2019-10-25T19:48:25+00:00","breadcrumb":{"@id":"https:\/\/hudo.com\/si\/aktualno\/poslanec-kordis-znova-vzbudil-pozornost-z-zapisom-na-facebooku-kdor-luknjo-polni-z-jemanjem-200-evrov-dodatka-revno-zaposleni-materi-samohranilki-je-navadna-svinja\/#breadcrumb"},"inLanguage":"sl-SI","potentialAction":[{"@type":"ReadAction","target":["https:\/\/hudo.com\/si\/aktualno\/poslanec-kordis-znova-vzbudil-pozornost-z-zapisom-na-facebooku-kdor-luknjo-polni-z-jemanjem-200-evrov-dodatka-revno-zaposleni-materi-samohranilki-je-navadna-svinja\/"]}]},{"@type":"BreadcrumbList","@id":"https:\/\/hudo.com\/si\/aktualno\/poslanec-kordis-znova-vzbudil-pozornost-z-zapisom-na-facebooku-kdor-luknjo-polni-z-jemanjem-200-evrov-dodatka-revno-zaposleni-materi-samohranilki-je-navadna-svinja\/#breadcrumb","itemListElement":[{"@type":"ListItem","position":1,"name":"Home","item":"https:\/\/hudo.com\/si\/"},{"@type":"ListItem","position":2,"name":"Poslanec Kordi\u0161 znova vzbudil pozornost z zapisom na Facebooku: &#8220;Kdor luknjo polni z jemanjem 200 evrov dodatka revno zaposleni materi samohranilki &#8211; je navadna svinja&#8221;"}]},{"@type":"WebSite","@id":"https:\/\/hudo.com\/si\/#website","url":"https:\/\/hudo.com\/si\/","name":"Hudo Slovenija","description":"Vse novice iz Slovenije in sveta","publisher":{"@id":"https:\/\/hudo.com\/si\/#organization"},"potentialAction":[{"@type":"SearchAction","target":{"@type":"EntryPoint","urlTemplate":"https:\/\/hudo.com\/si\/?s={search_term_string}"},"query-input":"required name=search_term_string"}],"inLanguage":"sl-SI"},{"@type":"Organization","@id":"https:\/\/hudo.com\/si\/#organization","name":"VSN Media","url":"https:\/\/hudo.com\/si\/","logo":{"@type":"ImageObject","inLanguage":"sl-SI","@id":"https:\/\/hudo.com\/si\/#\/schema\/logo\/image\/","url":"https:\/\/hudo.com\/si\/wp-content\/uploads\/sites\/2\/2021\/03\/hudo-app-2.png","contentUrl":"https:\/\/hudo.com\/si\/wp-content\/uploads\/sites\/2\/2021\/03\/hudo-app-2.png","width":2185,"height":2167,"caption":"VSN Media"},"image":{"@id":"https:\/\/hudo.com\/si\/#\/schema\/logo\/image\/"},"sameAs":["https:\/\/www.facebook.com\/hudo.si","https:\/\/twitter.com\/hudo_si"]},{"@type":"Person","@id":"https:\/\/hudo.com\/si\/#\/schema\/person\/c2f10ce65d2e6ede2aeda5be2a0611fa","name":"M. N., STA","image":{"@type":"ImageObject","inLanguage":"sl-SI","@id":"https:\/\/hudo.com\/si\/#\/schema\/person\/image\/","url":"https:\/\/secure.gravatar.com\/avatar\/f370d38daa10467f755c5c766a4cac20?s=96&d=mm&r=g","contentUrl":"https:\/\/secure.gravatar.com\/avatar\/f370d38daa10467f755c5c766a4cac20?s=96&d=mm&r=g","caption":"M. N., STA"},"url":"https:\/\/hudo.com\/si\/author\/mana\/"}]}},"amp_enabled":true,"_links":{"self":[{"href":"https:\/\/hudo.com\/si\/wp-json\/wp\/v2\/posts\/409055"}],"collection":[{"href":"https:\/\/hudo.com\/si\/wp-json\/wp\/v2\/posts"}],"about":[{"href":"https:\/\/hudo.com\/si\/wp-json\/wp\/v2\/types\/post"}],"author":[{"embeddable":true,"href":"https:\/\/hudo.com\/si\/wp-json\/wp\/v2\/users\/8"}],"replies":[{"embeddable":true,"href":"https:\/\/hudo.com\/si\/wp-json\/wp\/v2\/comments?post=409055"}],"version-history":[{"count":1,"href":"https:\/\/hudo.com\/si\/wp-json\/wp\/v2\/posts\/409055\/revisions"}],"predecessor-version":[{"id":409056,"href":"https:\/\/hudo.com\/si\/wp-json\/wp\/v2\/posts\/409055\/revisions\/409056"}],"wp:featuredmedia":[{"embeddable":true,"href":"https:\/\/hudo.com\/si\/wp-json\/wp\/v2\/media\/404896"}],"wp:attachment":[{"href":"https:\/\/hudo.com\/si\/wp-json\/wp\/v2\/media?parent=409055"}],"wp:term":[{"taxonomy":"category","embeddable":true,"href":"https:\/\/hudo.com\/si\/wp-json\/wp\/v2\/categories?post=409055"},{"taxonomy":"post_tag","embeddable":true,"href":"https:\/\/hudo.com\/si\/wp-json\/wp\/v2\/tags?post=409055"},{"taxonomy":"source","embeddable":true,"href":"https:\/\/hudo.com\/si\/wp-json\/wp\/v2\/source?post=409055"},{"taxonomy":"supertag","embeddable":true,"href":"https:\/\/hudo.com\/si\/wp-json\/wp\/v2\/supertag?post=409055"}],"curies":[{"name":"wp","href":"https:\/\/api.w.org\/{rel}","templated":true}]}}