{"id":409059,"date":"2019-10-26T08:38:41","date_gmt":"2019-10-26T06:38:41","guid":{"rendered":"http:\/\/hudo.com\/si\/?p=409059"},"modified":"2019-10-26T08:38:41","modified_gmt":"2019-10-26T06:38:41","slug":"v-20-krajih-po-sloveniji-se-zacenja-akcija-manj-sveck-za-manj-grobov","status":"publish","type":"post","link":"https:\/\/hudo.com\/si\/aktualno\/v-20-krajih-po-sloveniji-se-zacenja-akcija-manj-sveck-za-manj-grobov\/","title":{"rendered":"V 20 krajih po Sloveniji se za\u010denja akcija Manj sve\u010dk za manj grobov"},"content":{"rendered":"<p>V projektu sodeluje 140 organizacij iz vse Slovenije in ve\u010d kot 500 prostovoljcev. Slednji bodo od danes do sobote, 2. novembra, s stojnicami prisotni na pokopali\u0161\u010dih v sodelujo\u010dih ob\u010dinah in krajih.<\/p>\n<p>https:\/\/zenska.hudo.com\/zanimivo\/zanimivosti\/ekoloske-svece\/<\/p>\n<p>Obiskovalci pokopali\u0161\u010d imajo mo\u017enost pri\u017egati virtualne sve\u010dke s poslanim SMS sporo\u010dilom s klju\u010dno besedo SVECKA na 1919 in tako prispevajo pet evrov. V zameno za prostovoljni dar darovalci prejmejo ro\u010dno izdelano zastavico so\u010dutja, s katero se lahko na okolju prijazen na\u010din poklonijo spominu na preminule.<\/p>\n<p>Fundacija Sve\u010dka bo vsa zbrana sredstva namenila prejemnikom iz krajev, ki sodelujejo v projektu. Letos v akciji sodeluje \u017ee 20 krajev, in sicer Litija, Maribor, Murska Sobota, Zagorje ob Savi, Trbovlje, Hrastnik, Celje, Dobrepolje, Dol pri Ljubljani, Dom\u017eale, Grosuplje, Ivan\u010dna Gorica, Sava, \u0160entjur, \u0160kofja Loka, Logatec, \u0160martno pri Litiji, Vojnik, Koper in Vuzenica, so sporo\u010dili s fundacije.<\/p>\n<p>Projekt, ki so ga leta 2009 zasnovali mladi, je prejel priznanje Mladinskega sveta Slovenije za posebne dose\u017eke ter nagrado za naj prostovoljca, ki jo podeljuje dr\u017eavni svet. V preteklih letih so skupaj zbrali \u017ee skoraj 300.000 evrov, so \u0161e zapisali v sporo\u010dilu.<\/p>\n<p>Podrobnej\u0161e informacije o terminih in lokacijah zbiranja prispevkov ter njihovih prejemnikih so na voljo na spletni strani akcije\u00a0<a href=\"https:\/\/manjsveck-manjgrobov.si\/akcija2019\/\" target=\"_blank\" rel=\"noopener noreferrer\">https:\/\/manjsveck-manjgrobov.si\/akcija2019\/<\/a>.<\/p>\n","protected":false},"excerpt":{"rendered":"<p>Dobrodelno dru\u0161tvo Fundacija Sve\u010dka v 20 krajih po Sloveniji danes za\u010denja \u017ee 11. ekolo\u0161ko humanitarno akcijo Manj sve\u010dk za manj grobov. S projektom \u017eelijo organizatorji na eni strani zmanj\u0161ati pretirano okra\u0161evanje grobov ob 1. novembru, na drugi strani pa zbrati sredstva za nakup opreme, ki re\u0161uje \u017eivljenja, so sporo\u010dili s fundacije.<\/p>\n","protected":false},"author":8,"featured_media":409060,"comment_status":"closed","ping_status":"closed","sticky":false,"template":"","format":"standard","meta":{"footnotes":""},"categories":[1179],"tags":[14985,14986,6838,1595],"source":[4511],"supertag":[],"acf":[],"yoast_head":"<!-- This site is optimized with the Yoast SEO plugin v21.3 - https:\/\/yoast.com\/wordpress\/plugins\/seo\/ -->\n<title>V 20 krajih po Sloveniji se za\u010denja akcija Manj sve\u010dk za manj grobov - Hudo Slovenija<\/title>\n<meta name=\"robots\" content=\"index, follow, max-snippet:-1, max-image-preview:large, max-video-preview:-1\" \/>\n<link rel=\"canonical\" href=\"https:\/\/hudo.com\/si\/aktualno\/v-20-krajih-po-sloveniji-se-zacenja-akcija-manj-sveck-za-manj-grobov\/\" \/>\n<meta property=\"og:locale\" content=\"sl_SI\" \/>\n<meta property=\"og:type\" content=\"article\" \/>\n<meta property=\"og:title\" content=\"V 20 krajih po Sloveniji se za\u010denja akcija Manj sve\u010dk za manj grobov - Hudo Slovenija\" \/>\n<meta property=\"og:description\" content=\"Dobrodelno dru\u0161tvo Fundacija Sve\u010dka v 20 krajih po Sloveniji danes za\u010denja \u017ee 11. ekolo\u0161ko humanitarno akcijo Manj sve\u010dk za manj grobov. S projektom \u017eelijo organizatorji na eni strani zmanj\u0161ati pretirano okra\u0161evanje grobov ob 1. novembru, na drugi strani pa zbrati sredstva za nakup opreme, ki re\u0161uje \u017eivljenja, so sporo\u010dili s fundacije.\" \/>\n<meta property=\"og:url\" content=\"https:\/\/hudo.com\/si\/aktualno\/v-20-krajih-po-sloveniji-se-zacenja-akcija-manj-sveck-za-manj-grobov\/\" \/>\n<meta property=\"og:site_name\" content=\"Hudo Slovenija\" \/>\n<meta property=\"article:publisher\" content=\"https:\/\/www.facebook.com\/hudo.si\" \/>\n<meta property=\"article:published_time\" content=\"2019-10-26T06:38:41+00:00\" \/>\n<meta property=\"og:image\" content=\"https:\/\/hudo.com\/si\/wp-content\/uploads\/sites\/2\/2019\/10\/profimedia-0313604698.jpg\" \/>\n\t<meta property=\"og:image:width\" content=\"1250\" \/>\n\t<meta property=\"og:image:height\" content=\"833\" \/>\n\t<meta property=\"og:image:type\" content=\"image\/jpeg\" \/>\n<meta name=\"author\" content=\"M. N., STA\" \/>\n<meta name=\"twitter:card\" content=\"summary_large_image\" \/>\n<meta name=\"twitter:creator\" content=\"@hudo_si\" \/>\n<meta name=\"twitter:site\" content=\"@hudo_si\" \/>\n<meta name=\"twitter:label1\" content=\"Written by\" \/>\n\t<meta name=\"twitter:data1\" content=\"M. N., STA\" \/>\n\t<meta name=\"twitter:label2\" content=\"Est. reading time\" \/>\n\t<meta name=\"twitter:data2\" content=\"1 minuta\" \/>\n<script type=\"application\/ld+json\" class=\"yoast-schema-graph\">{\"@context\":\"https:\/\/schema.org\",\"@graph\":[{\"@type\":\"Article\",\"@id\":\"https:\/\/hudo.com\/si\/aktualno\/v-20-krajih-po-sloveniji-se-zacenja-akcija-manj-sveck-za-manj-grobov\/#article\",\"isPartOf\":{\"@id\":\"https:\/\/hudo.com\/si\/aktualno\/v-20-krajih-po-sloveniji-se-zacenja-akcija-manj-sveck-za-manj-grobov\/\"},\"author\":{\"name\":\"M. N., STA\",\"@id\":\"https:\/\/hudo.com\/si\/#\/schema\/person\/c2f10ce65d2e6ede2aeda5be2a0611fa\"},\"headline\":\"V 20 krajih po Sloveniji se za\u010denja akcija Manj sve\u010dk za manj grobov\",\"datePublished\":\"2019-10-26T06:38:41+00:00\",\"dateModified\":\"2019-10-26T06:38:41+00:00\",\"mainEntityOfPage\":{\"@id\":\"https:\/\/hudo.com\/si\/aktualno\/v-20-krajih-po-sloveniji-se-zacenja-akcija-manj-sveck-za-manj-grobov\/\"},\"wordCount\":230,\"publisher\":{\"@id\":\"https:\/\/hudo.com\/si\/#organization\"},\"keywords\":[\"humanitarna akcija\",\"manj sve\u010dk za manj grobov\",\"nagrobne sve\u010de\",\"Slovenija\"],\"articleSection\":[\"Aktualno\"],\"inLanguage\":\"sl-SI\"},{\"@type\":\"WebPage\",\"@id\":\"https:\/\/hudo.com\/si\/aktualno\/v-20-krajih-po-sloveniji-se-zacenja-akcija-manj-sveck-za-manj-grobov\/\",\"url\":\"https:\/\/hudo.com\/si\/aktualno\/v-20-krajih-po-sloveniji-se-zacenja-akcija-manj-sveck-za-manj-grobov\/\",\"name\":\"V 20 krajih po Sloveniji se za\u010denja akcija Manj sve\u010dk za manj grobov - Hudo Slovenija\",\"isPartOf\":{\"@id\":\"https:\/\/hudo.com\/si\/#website\"},\"datePublished\":\"2019-10-26T06:38:41+00:00\",\"dateModified\":\"2019-10-26T06:38:41+00:00\",\"breadcrumb\":{\"@id\":\"https:\/\/hudo.com\/si\/aktualno\/v-20-krajih-po-sloveniji-se-zacenja-akcija-manj-sveck-za-manj-grobov\/#breadcrumb\"},\"inLanguage\":\"sl-SI\",\"potentialAction\":[{\"@type\":\"ReadAction\",\"target\":[\"https:\/\/hudo.com\/si\/aktualno\/v-20-krajih-po-sloveniji-se-zacenja-akcija-manj-sveck-za-manj-grobov\/\"]}]},{\"@type\":\"BreadcrumbList\",\"@id\":\"https:\/\/hudo.com\/si\/aktualno\/v-20-krajih-po-sloveniji-se-zacenja-akcija-manj-sveck-za-manj-grobov\/#breadcrumb\",\"itemListElement\":[{\"@type\":\"ListItem\",\"position\":1,\"name\":\"Home\",\"item\":\"https:\/\/hudo.com\/si\/\"},{\"@type\":\"ListItem\",\"position\":2,\"name\":\"V 20 krajih po Sloveniji se za\u010denja akcija Manj sve\u010dk za manj grobov\"}]},{\"@type\":\"WebSite\",\"@id\":\"https:\/\/hudo.com\/si\/#website\",\"url\":\"https:\/\/hudo.com\/si\/\",\"name\":\"Hudo Slovenija\",\"description\":\"Vse novice iz Slovenije in sveta\",\"publisher\":{\"@id\":\"https:\/\/hudo.com\/si\/#organization\"},\"potentialAction\":[{\"@type\":\"SearchAction\",\"target\":{\"@type\":\"EntryPoint\",\"urlTemplate\":\"https:\/\/hudo.com\/si\/?s={search_term_string}\"},\"query-input\":\"required name=search_term_string\"}],\"inLanguage\":\"sl-SI\"},{\"@type\":\"Organization\",\"@id\":\"https:\/\/hudo.com\/si\/#organization\",\"name\":\"VSN Media\",\"url\":\"https:\/\/hudo.com\/si\/\",\"logo\":{\"@type\":\"ImageObject\",\"inLanguage\":\"sl-SI\",\"@id\":\"https:\/\/hudo.com\/si\/#\/schema\/logo\/image\/\",\"url\":\"https:\/\/hudo.com\/si\/wp-content\/uploads\/sites\/2\/2021\/03\/hudo-app-2.png\",\"contentUrl\":\"https:\/\/hudo.com\/si\/wp-content\/uploads\/sites\/2\/2021\/03\/hudo-app-2.png\",\"width\":2185,\"height\":2167,\"caption\":\"VSN Media\"},\"image\":{\"@id\":\"https:\/\/hudo.com\/si\/#\/schema\/logo\/image\/\"},\"sameAs\":[\"https:\/\/www.facebook.com\/hudo.si\",\"https:\/\/twitter.com\/hudo_si\"]},{\"@type\":\"Person\",\"@id\":\"https:\/\/hudo.com\/si\/#\/schema\/person\/c2f10ce65d2e6ede2aeda5be2a0611fa\",\"name\":\"M. N., STA\",\"image\":{\"@type\":\"ImageObject\",\"inLanguage\":\"sl-SI\",\"@id\":\"https:\/\/hudo.com\/si\/#\/schema\/person\/image\/\",\"url\":\"https:\/\/secure.gravatar.com\/avatar\/f370d38daa10467f755c5c766a4cac20?s=96&d=mm&r=g\",\"contentUrl\":\"https:\/\/secure.gravatar.com\/avatar\/f370d38daa10467f755c5c766a4cac20?s=96&d=mm&r=g\",\"caption\":\"M. N., STA\"},\"url\":\"https:\/\/hudo.com\/si\/author\/mana\/\"}]}<\/script>\n<!-- \/ Yoast SEO plugin. -->","yoast_head_json":{"title":"V 20 krajih po Sloveniji se za\u010denja akcija Manj sve\u010dk za manj grobov - Hudo Slovenija","robots":{"index":"index","follow":"follow","max-snippet":"max-snippet:-1","max-image-preview":"max-image-preview:large","max-video-preview":"max-video-preview:-1"},"canonical":"https:\/\/hudo.com\/si\/aktualno\/v-20-krajih-po-sloveniji-se-zacenja-akcija-manj-sveck-za-manj-grobov\/","og_locale":"sl_SI","og_type":"article","og_title":"V 20 krajih po Sloveniji se za\u010denja akcija Manj sve\u010dk za manj grobov - Hudo Slovenija","og_description":"Dobrodelno dru\u0161tvo Fundacija Sve\u010dka v 20 krajih po Sloveniji danes za\u010denja \u017ee 11. ekolo\u0161ko humanitarno akcijo Manj sve\u010dk za manj grobov. S projektom \u017eelijo organizatorji na eni strani zmanj\u0161ati pretirano okra\u0161evanje grobov ob 1. novembru, na drugi strani pa zbrati sredstva za nakup opreme, ki re\u0161uje \u017eivljenja, so sporo\u010dili s fundacije.","og_url":"https:\/\/hudo.com\/si\/aktualno\/v-20-krajih-po-sloveniji-se-zacenja-akcija-manj-sveck-za-manj-grobov\/","og_site_name":"Hudo Slovenija","article_publisher":"https:\/\/www.facebook.com\/hudo.si","article_published_time":"2019-10-26T06:38:41+00:00","og_image":[{"width":1250,"height":833,"url":"https:\/\/hudo.com\/si\/wp-content\/uploads\/sites\/2\/2019\/10\/profimedia-0313604698.jpg","type":"image\/jpeg"}],"author":"M. N., STA","twitter_card":"summary_large_image","twitter_creator":"@hudo_si","twitter_site":"@hudo_si","twitter_misc":{"Written by":"M. N., STA","Est. reading time":"1 minuta"},"schema":{"@context":"https:\/\/schema.org","@graph":[{"@type":"Article","@id":"https:\/\/hudo.com\/si\/aktualno\/v-20-krajih-po-sloveniji-se-zacenja-akcija-manj-sveck-za-manj-grobov\/#article","isPartOf":{"@id":"https:\/\/hudo.com\/si\/aktualno\/v-20-krajih-po-sloveniji-se-zacenja-akcija-manj-sveck-za-manj-grobov\/"},"author":{"name":"M. N., STA","@id":"https:\/\/hudo.com\/si\/#\/schema\/person\/c2f10ce65d2e6ede2aeda5be2a0611fa"},"headline":"V 20 krajih po Sloveniji se za\u010denja akcija Manj sve\u010dk za manj grobov","datePublished":"2019-10-26T06:38:41+00:00","dateModified":"2019-10-26T06:38:41+00:00","mainEntityOfPage":{"@id":"https:\/\/hudo.com\/si\/aktualno\/v-20-krajih-po-sloveniji-se-zacenja-akcija-manj-sveck-za-manj-grobov\/"},"wordCount":230,"publisher":{"@id":"https:\/\/hudo.com\/si\/#organization"},"keywords":["humanitarna akcija","manj sve\u010dk za manj grobov","nagrobne sve\u010de","Slovenija"],"articleSection":["Aktualno"],"inLanguage":"sl-SI"},{"@type":"WebPage","@id":"https:\/\/hudo.com\/si\/aktualno\/v-20-krajih-po-sloveniji-se-zacenja-akcija-manj-sveck-za-manj-grobov\/","url":"https:\/\/hudo.com\/si\/aktualno\/v-20-krajih-po-sloveniji-se-zacenja-akcija-manj-sveck-za-manj-grobov\/","name":"V 20 krajih po Sloveniji se za\u010denja akcija Manj sve\u010dk za manj grobov - Hudo Slovenija","isPartOf":{"@id":"https:\/\/hudo.com\/si\/#website"},"datePublished":"2019-10-26T06:38:41+00:00","dateModified":"2019-10-26T06:38:41+00:00","breadcrumb":{"@id":"https:\/\/hudo.com\/si\/aktualno\/v-20-krajih-po-sloveniji-se-zacenja-akcija-manj-sveck-za-manj-grobov\/#breadcrumb"},"inLanguage":"sl-SI","potentialAction":[{"@type":"ReadAction","target":["https:\/\/hudo.com\/si\/aktualno\/v-20-krajih-po-sloveniji-se-zacenja-akcija-manj-sveck-za-manj-grobov\/"]}]},{"@type":"BreadcrumbList","@id":"https:\/\/hudo.com\/si\/aktualno\/v-20-krajih-po-sloveniji-se-zacenja-akcija-manj-sveck-za-manj-grobov\/#breadcrumb","itemListElement":[{"@type":"ListItem","position":1,"name":"Home","item":"https:\/\/hudo.com\/si\/"},{"@type":"ListItem","position":2,"name":"V 20 krajih po Sloveniji se za\u010denja akcija Manj sve\u010dk za manj grobov"}]},{"@type":"WebSite","@id":"https:\/\/hudo.com\/si\/#website","url":"https:\/\/hudo.com\/si\/","name":"Hudo Slovenija","description":"Vse novice iz Slovenije in sveta","publisher":{"@id":"https:\/\/hudo.com\/si\/#organization"},"potentialAction":[{"@type":"SearchAction","target":{"@type":"EntryPoint","urlTemplate":"https:\/\/hudo.com\/si\/?s={search_term_string}"},"query-input":"required name=search_term_string"}],"inLanguage":"sl-SI"},{"@type":"Organization","@id":"https:\/\/hudo.com\/si\/#organization","name":"VSN Media","url":"https:\/\/hudo.com\/si\/","logo":{"@type":"ImageObject","inLanguage":"sl-SI","@id":"https:\/\/hudo.com\/si\/#\/schema\/logo\/image\/","url":"https:\/\/hudo.com\/si\/wp-content\/uploads\/sites\/2\/2021\/03\/hudo-app-2.png","contentUrl":"https:\/\/hudo.com\/si\/wp-content\/uploads\/sites\/2\/2021\/03\/hudo-app-2.png","width":2185,"height":2167,"caption":"VSN Media"},"image":{"@id":"https:\/\/hudo.com\/si\/#\/schema\/logo\/image\/"},"sameAs":["https:\/\/www.facebook.com\/hudo.si","https:\/\/twitter.com\/hudo_si"]},{"@type":"Person","@id":"https:\/\/hudo.com\/si\/#\/schema\/person\/c2f10ce65d2e6ede2aeda5be2a0611fa","name":"M. N., STA","image":{"@type":"ImageObject","inLanguage":"sl-SI","@id":"https:\/\/hudo.com\/si\/#\/schema\/person\/image\/","url":"https:\/\/secure.gravatar.com\/avatar\/f370d38daa10467f755c5c766a4cac20?s=96&d=mm&r=g","contentUrl":"https:\/\/secure.gravatar.com\/avatar\/f370d38daa10467f755c5c766a4cac20?s=96&d=mm&r=g","caption":"M. N., STA"},"url":"https:\/\/hudo.com\/si\/author\/mana\/"}]}},"amp_enabled":true,"_links":{"self":[{"href":"https:\/\/hudo.com\/si\/wp-json\/wp\/v2\/posts\/409059"}],"collection":[{"href":"https:\/\/hudo.com\/si\/wp-json\/wp\/v2\/posts"}],"about":[{"href":"https:\/\/hudo.com\/si\/wp-json\/wp\/v2\/types\/post"}],"author":[{"embeddable":true,"href":"https:\/\/hudo.com\/si\/wp-json\/wp\/v2\/users\/8"}],"replies":[{"embeddable":true,"href":"https:\/\/hudo.com\/si\/wp-json\/wp\/v2\/comments?post=409059"}],"version-history":[{"count":1,"href":"https:\/\/hudo.com\/si\/wp-json\/wp\/v2\/posts\/409059\/revisions"}],"predecessor-version":[{"id":409061,"href":"https:\/\/hudo.com\/si\/wp-json\/wp\/v2\/posts\/409059\/revisions\/409061"}],"wp:featuredmedia":[{"embeddable":true,"href":"https:\/\/hudo.com\/si\/wp-json\/wp\/v2\/media\/409060"}],"wp:attachment":[{"href":"https:\/\/hudo.com\/si\/wp-json\/wp\/v2\/media?parent=409059"}],"wp:term":[{"taxonomy":"category","embeddable":true,"href":"https:\/\/hudo.com\/si\/wp-json\/wp\/v2\/categories?post=409059"},{"taxonomy":"post_tag","embeddable":true,"href":"https:\/\/hudo.com\/si\/wp-json\/wp\/v2\/tags?post=409059"},{"taxonomy":"source","embeddable":true,"href":"https:\/\/hudo.com\/si\/wp-json\/wp\/v2\/source?post=409059"},{"taxonomy":"supertag","embeddable":true,"href":"https:\/\/hudo.com\/si\/wp-json\/wp\/v2\/supertag?post=409059"}],"curies":[{"name":"wp","href":"https:\/\/api.w.org\/{rel}","templated":true}]}}