{"id":409421,"date":"2019-11-02T11:23:11","date_gmt":"2019-11-02T10:23:11","guid":{"rendered":"http:\/\/hudo.com\/si\/?p=409421"},"modified":"2019-11-02T11:23:11","modified_gmt":"2019-11-02T10:23:11","slug":"nekdanja-slovenska-veleposlanica-v-parizu-bo-morala-pred-sodnika","status":"publish","type":"post","link":"https:\/\/hudo.com\/si\/aktualno\/nekdanja-slovenska-veleposlanica-v-parizu-bo-morala-pred-sodnika\/","title":{"rendered":"Nekdanja slovenska veleposlanica v Parizu bo morala pred sodnika"},"content":{"rendered":"<p>Obto\u017enica, vlo\u017eena 14. januarja, pravnomo\u010dna pa je postala 23. avgusta, veleposlanico bremeni kaznivega dejanja zlorabe uradnega polo\u017eaja in uradnih pravic ter poneverbe in neupravi\u010dene uporabe tujega premo\u017eenja. Glede na glavni o\u010ditek je na \u010dek z od\u0161kodnino za 5000 evrov zaradi obnovitvenih del in posledi\u010dnega izliva vode v rezidenco, naslovljen na veleposlani\u0161tvo, dopisala svoje ime, denar pa je bil nakazan na njen osebni ra\u010dun, navaja Delo.<\/p>\n<p>Interni nadzor ministrstva za zunanje zadeve je ugotovil, da &#8220;obstajajo razlogi za sum&#8221;, da ima ravnanje veleposlanice v tej zadevi &#8220;znake kaznivih dejanj zlorabe uradnega polo\u017eaja, poneverbe, goljufije, o\u0161kodovanja javnih sredstev ali zatajitve&#8221;. Nadzor je pri tem priporo\u010dil, naj zadevo preu\u010di \u0161e finan\u010dno-ra\u010dunovodska slu\u017eba ministrstva, in \u010de ugotovi, da so bili znaki kaznivega dejanja, naznani dejanje pristojnim organom.<\/p>\n<p>Medtem ko so zadevo na ministrstvu \u0161e preu\u010devali, jih je s prijavo na policijo prehitel anonimni prijavitelj. Tudi opozorilo pred odpovedjo delovnega razmerja je veleposlanica dobila \u0161ele po tem, ko je policija na podlagi anonimne prijave ministrstvo zaprosila za podatke, navaja \u010dasnik.<\/p>\n<p>Na ministrstvu so pred dvema letoma navedli, da je Stabejeva vrnila finan\u010dna sredstva, ki so ji bila neupravi\u010deno izpla\u010dana, tako da ministrstvo nima nikakr\u0161nih finan\u010dnih zahtev do nje.<\/p>\n<p>Poleg omenjenega \u010deka je nadzor med drugim Stabejevi o\u010dital, da je slu\u017ebeno kartico uporabljala za potovanja in nastanitev h\u010derke, v zasebni namen pa naj bi porabljala tudi sredstva za reprezentanco.<\/p>\n<p>Stabejeva je bila avgusta 2015 pred\u010dasno odpoklicana s polo\u017eaja veleposlanice, potem ko je nadzor veleposlani\u0161tva v Parizu razkril ve\u010d nepravilnosti. Okro\u017eno sodi\u0161\u010de v Ljubljani je uvedlo sodno preiskavo zaradi suma zlorabe uradnega polo\u017eaja ali uradnih pravic in kaznivega dejanja poneverbe in neupravi\u010dene uporabe tujega premo\u017eenja po tem, ko jo je februarja 2017 zahtevalo to\u017eilstvo.<\/p>\n","protected":false},"excerpt":{"rendered":"<p>Nekdanja slovenska veleposlanica v Parizu Veronika Stabej, obto\u017eena kaznivega dejanja zlorabe uradnega polo\u017eaja, bo morala stopiti pred sodnika. Predobravnavni narok je na ljubljanskem okro\u017enem sodi\u0161\u010du razpisan za 6. december, poro\u010da dana\u0161nje Delo.<\/p>\n","protected":false},"author":7,"featured_media":409422,"comment_status":"closed","ping_status":"closed","sticky":false,"template":"","format":"standard","meta":{"footnotes":""},"categories":[1179],"tags":[5129,1595,15025],"source":[4511],"supertag":[],"acf":[],"yoast_head":"<!-- This site is optimized with the Yoast SEO plugin v21.3 - https:\/\/yoast.com\/wordpress\/plugins\/seo\/ -->\n<title>Nekdanja slovenska veleposlanica v Parizu bo morala pred sodnika - Hudo Slovenija<\/title>\n<meta name=\"robots\" content=\"index, follow, max-snippet:-1, max-image-preview:large, max-video-preview:-1\" \/>\n<link rel=\"canonical\" href=\"https:\/\/hudo.com\/si\/aktualno\/nekdanja-slovenska-veleposlanica-v-parizu-bo-morala-pred-sodnika\/\" \/>\n<meta property=\"og:locale\" content=\"sl_SI\" \/>\n<meta property=\"og:type\" content=\"article\" \/>\n<meta property=\"og:title\" content=\"Nekdanja slovenska veleposlanica v Parizu bo morala pred sodnika - Hudo Slovenija\" \/>\n<meta property=\"og:description\" content=\"Nekdanja slovenska veleposlanica v Parizu Veronika Stabej, obto\u017eena kaznivega dejanja zlorabe uradnega polo\u017eaja, bo morala stopiti pred sodnika. Predobravnavni narok je na ljubljanskem okro\u017enem sodi\u0161\u010du razpisan za 6. december, poro\u010da dana\u0161nje Delo.\" \/>\n<meta property=\"og:url\" content=\"https:\/\/hudo.com\/si\/aktualno\/nekdanja-slovenska-veleposlanica-v-parizu-bo-morala-pred-sodnika\/\" \/>\n<meta property=\"og:site_name\" content=\"Hudo Slovenija\" \/>\n<meta property=\"article:publisher\" content=\"https:\/\/www.facebook.com\/hudo.si\" \/>\n<meta property=\"article:published_time\" content=\"2019-11-02T10:23:11+00:00\" \/>\n<meta property=\"og:image\" content=\"https:\/\/hudo.com\/si\/wp-content\/uploads\/sites\/2\/2019\/11\/20090723-00142675.jpg\" \/>\n\t<meta property=\"og:image:width\" content=\"640\" \/>\n\t<meta property=\"og:image:height\" content=\"445\" \/>\n\t<meta property=\"og:image:type\" content=\"image\/jpeg\" \/>\n<meta name=\"author\" content=\"A. P., STA\" \/>\n<meta name=\"twitter:card\" content=\"summary_large_image\" \/>\n<meta name=\"twitter:creator\" content=\"@hudo_si\" \/>\n<meta name=\"twitter:site\" content=\"@hudo_si\" \/>\n<meta name=\"twitter:label1\" content=\"Written by\" \/>\n\t<meta name=\"twitter:data1\" content=\"A. P., STA\" \/>\n\t<meta name=\"twitter:label2\" content=\"Est. reading time\" \/>\n\t<meta name=\"twitter:data2\" content=\"2 minuti\" \/>\n<script type=\"application\/ld+json\" class=\"yoast-schema-graph\">{\"@context\":\"https:\/\/schema.org\",\"@graph\":[{\"@type\":\"Article\",\"@id\":\"https:\/\/hudo.com\/si\/aktualno\/nekdanja-slovenska-veleposlanica-v-parizu-bo-morala-pred-sodnika\/#article\",\"isPartOf\":{\"@id\":\"https:\/\/hudo.com\/si\/aktualno\/nekdanja-slovenska-veleposlanica-v-parizu-bo-morala-pred-sodnika\/\"},\"author\":{\"name\":\"A. P., STA\",\"@id\":\"https:\/\/hudo.com\/si\/#\/schema\/person\/18f09c02475ba9e606e941a565b80cff\"},\"headline\":\"Nekdanja slovenska veleposlanica v Parizu bo morala pred sodnika\",\"datePublished\":\"2019-11-02T10:23:11+00:00\",\"dateModified\":\"2019-11-02T10:23:11+00:00\",\"mainEntityOfPage\":{\"@id\":\"https:\/\/hudo.com\/si\/aktualno\/nekdanja-slovenska-veleposlanica-v-parizu-bo-morala-pred-sodnika\/\"},\"wordCount\":317,\"publisher\":{\"@id\":\"https:\/\/hudo.com\/si\/#organization\"},\"keywords\":[\"diplomacija\",\"Slovenija\",\"Veronika Stabej\"],\"articleSection\":[\"Aktualno\"],\"inLanguage\":\"sl-SI\"},{\"@type\":\"WebPage\",\"@id\":\"https:\/\/hudo.com\/si\/aktualno\/nekdanja-slovenska-veleposlanica-v-parizu-bo-morala-pred-sodnika\/\",\"url\":\"https:\/\/hudo.com\/si\/aktualno\/nekdanja-slovenska-veleposlanica-v-parizu-bo-morala-pred-sodnika\/\",\"name\":\"Nekdanja slovenska veleposlanica v Parizu bo morala pred sodnika - Hudo Slovenija\",\"isPartOf\":{\"@id\":\"https:\/\/hudo.com\/si\/#website\"},\"datePublished\":\"2019-11-02T10:23:11+00:00\",\"dateModified\":\"2019-11-02T10:23:11+00:00\",\"breadcrumb\":{\"@id\":\"https:\/\/hudo.com\/si\/aktualno\/nekdanja-slovenska-veleposlanica-v-parizu-bo-morala-pred-sodnika\/#breadcrumb\"},\"inLanguage\":\"sl-SI\",\"potentialAction\":[{\"@type\":\"ReadAction\",\"target\":[\"https:\/\/hudo.com\/si\/aktualno\/nekdanja-slovenska-veleposlanica-v-parizu-bo-morala-pred-sodnika\/\"]}]},{\"@type\":\"BreadcrumbList\",\"@id\":\"https:\/\/hudo.com\/si\/aktualno\/nekdanja-slovenska-veleposlanica-v-parizu-bo-morala-pred-sodnika\/#breadcrumb\",\"itemListElement\":[{\"@type\":\"ListItem\",\"position\":1,\"name\":\"Home\",\"item\":\"https:\/\/hudo.com\/si\/\"},{\"@type\":\"ListItem\",\"position\":2,\"name\":\"Nekdanja slovenska veleposlanica v Parizu bo morala pred sodnika\"}]},{\"@type\":\"WebSite\",\"@id\":\"https:\/\/hudo.com\/si\/#website\",\"url\":\"https:\/\/hudo.com\/si\/\",\"name\":\"Hudo Slovenija\",\"description\":\"Vse novice iz Slovenije in sveta\",\"publisher\":{\"@id\":\"https:\/\/hudo.com\/si\/#organization\"},\"potentialAction\":[{\"@type\":\"SearchAction\",\"target\":{\"@type\":\"EntryPoint\",\"urlTemplate\":\"https:\/\/hudo.com\/si\/?s={search_term_string}\"},\"query-input\":\"required name=search_term_string\"}],\"inLanguage\":\"sl-SI\"},{\"@type\":\"Organization\",\"@id\":\"https:\/\/hudo.com\/si\/#organization\",\"name\":\"VSN Media\",\"url\":\"https:\/\/hudo.com\/si\/\",\"logo\":{\"@type\":\"ImageObject\",\"inLanguage\":\"sl-SI\",\"@id\":\"https:\/\/hudo.com\/si\/#\/schema\/logo\/image\/\",\"url\":\"https:\/\/hudo.com\/si\/wp-content\/uploads\/sites\/2\/2021\/03\/hudo-app-2.png\",\"contentUrl\":\"https:\/\/hudo.com\/si\/wp-content\/uploads\/sites\/2\/2021\/03\/hudo-app-2.png\",\"width\":2185,\"height\":2167,\"caption\":\"VSN Media\"},\"image\":{\"@id\":\"https:\/\/hudo.com\/si\/#\/schema\/logo\/image\/\"},\"sameAs\":[\"https:\/\/www.facebook.com\/hudo.si\",\"https:\/\/twitter.com\/hudo_si\"]},{\"@type\":\"Person\",\"@id\":\"https:\/\/hudo.com\/si\/#\/schema\/person\/18f09c02475ba9e606e941a565b80cff\",\"name\":\"A. P., STA\",\"image\":{\"@type\":\"ImageObject\",\"inLanguage\":\"sl-SI\",\"@id\":\"https:\/\/hudo.com\/si\/#\/schema\/person\/image\/\",\"url\":\"https:\/\/secure.gravatar.com\/avatar\/03eac8e609f5f04383125d80eaeaaf3e?s=96&d=mm&r=g\",\"contentUrl\":\"https:\/\/secure.gravatar.com\/avatar\/03eac8e609f5f04383125d80eaeaaf3e?s=96&d=mm&r=g\",\"caption\":\"A. P., STA\"},\"url\":\"https:\/\/hudo.com\/si\/author\/lubu\/\"}]}<\/script>\n<!-- \/ Yoast SEO plugin. -->","yoast_head_json":{"title":"Nekdanja slovenska veleposlanica v Parizu bo morala pred sodnika - Hudo Slovenija","robots":{"index":"index","follow":"follow","max-snippet":"max-snippet:-1","max-image-preview":"max-image-preview:large","max-video-preview":"max-video-preview:-1"},"canonical":"https:\/\/hudo.com\/si\/aktualno\/nekdanja-slovenska-veleposlanica-v-parizu-bo-morala-pred-sodnika\/","og_locale":"sl_SI","og_type":"article","og_title":"Nekdanja slovenska veleposlanica v Parizu bo morala pred sodnika - Hudo Slovenija","og_description":"Nekdanja slovenska veleposlanica v Parizu Veronika Stabej, obto\u017eena kaznivega dejanja zlorabe uradnega polo\u017eaja, bo morala stopiti pred sodnika. Predobravnavni narok je na ljubljanskem okro\u017enem sodi\u0161\u010du razpisan za 6. december, poro\u010da dana\u0161nje Delo.","og_url":"https:\/\/hudo.com\/si\/aktualno\/nekdanja-slovenska-veleposlanica-v-parizu-bo-morala-pred-sodnika\/","og_site_name":"Hudo Slovenija","article_publisher":"https:\/\/www.facebook.com\/hudo.si","article_published_time":"2019-11-02T10:23:11+00:00","og_image":[{"width":640,"height":445,"url":"https:\/\/hudo.com\/si\/wp-content\/uploads\/sites\/2\/2019\/11\/20090723-00142675.jpg","type":"image\/jpeg"}],"author":"A. P., STA","twitter_card":"summary_large_image","twitter_creator":"@hudo_si","twitter_site":"@hudo_si","twitter_misc":{"Written by":"A. P., STA","Est. reading time":"2 minuti"},"schema":{"@context":"https:\/\/schema.org","@graph":[{"@type":"Article","@id":"https:\/\/hudo.com\/si\/aktualno\/nekdanja-slovenska-veleposlanica-v-parizu-bo-morala-pred-sodnika\/#article","isPartOf":{"@id":"https:\/\/hudo.com\/si\/aktualno\/nekdanja-slovenska-veleposlanica-v-parizu-bo-morala-pred-sodnika\/"},"author":{"name":"A. P., STA","@id":"https:\/\/hudo.com\/si\/#\/schema\/person\/18f09c02475ba9e606e941a565b80cff"},"headline":"Nekdanja slovenska veleposlanica v Parizu bo morala pred sodnika","datePublished":"2019-11-02T10:23:11+00:00","dateModified":"2019-11-02T10:23:11+00:00","mainEntityOfPage":{"@id":"https:\/\/hudo.com\/si\/aktualno\/nekdanja-slovenska-veleposlanica-v-parizu-bo-morala-pred-sodnika\/"},"wordCount":317,"publisher":{"@id":"https:\/\/hudo.com\/si\/#organization"},"keywords":["diplomacija","Slovenija","Veronika Stabej"],"articleSection":["Aktualno"],"inLanguage":"sl-SI"},{"@type":"WebPage","@id":"https:\/\/hudo.com\/si\/aktualno\/nekdanja-slovenska-veleposlanica-v-parizu-bo-morala-pred-sodnika\/","url":"https:\/\/hudo.com\/si\/aktualno\/nekdanja-slovenska-veleposlanica-v-parizu-bo-morala-pred-sodnika\/","name":"Nekdanja slovenska veleposlanica v Parizu bo morala pred sodnika - Hudo Slovenija","isPartOf":{"@id":"https:\/\/hudo.com\/si\/#website"},"datePublished":"2019-11-02T10:23:11+00:00","dateModified":"2019-11-02T10:23:11+00:00","breadcrumb":{"@id":"https:\/\/hudo.com\/si\/aktualno\/nekdanja-slovenska-veleposlanica-v-parizu-bo-morala-pred-sodnika\/#breadcrumb"},"inLanguage":"sl-SI","potentialAction":[{"@type":"ReadAction","target":["https:\/\/hudo.com\/si\/aktualno\/nekdanja-slovenska-veleposlanica-v-parizu-bo-morala-pred-sodnika\/"]}]},{"@type":"BreadcrumbList","@id":"https:\/\/hudo.com\/si\/aktualno\/nekdanja-slovenska-veleposlanica-v-parizu-bo-morala-pred-sodnika\/#breadcrumb","itemListElement":[{"@type":"ListItem","position":1,"name":"Home","item":"https:\/\/hudo.com\/si\/"},{"@type":"ListItem","position":2,"name":"Nekdanja slovenska veleposlanica v Parizu bo morala pred sodnika"}]},{"@type":"WebSite","@id":"https:\/\/hudo.com\/si\/#website","url":"https:\/\/hudo.com\/si\/","name":"Hudo Slovenija","description":"Vse novice iz Slovenije in sveta","publisher":{"@id":"https:\/\/hudo.com\/si\/#organization"},"potentialAction":[{"@type":"SearchAction","target":{"@type":"EntryPoint","urlTemplate":"https:\/\/hudo.com\/si\/?s={search_term_string}"},"query-input":"required name=search_term_string"}],"inLanguage":"sl-SI"},{"@type":"Organization","@id":"https:\/\/hudo.com\/si\/#organization","name":"VSN Media","url":"https:\/\/hudo.com\/si\/","logo":{"@type":"ImageObject","inLanguage":"sl-SI","@id":"https:\/\/hudo.com\/si\/#\/schema\/logo\/image\/","url":"https:\/\/hudo.com\/si\/wp-content\/uploads\/sites\/2\/2021\/03\/hudo-app-2.png","contentUrl":"https:\/\/hudo.com\/si\/wp-content\/uploads\/sites\/2\/2021\/03\/hudo-app-2.png","width":2185,"height":2167,"caption":"VSN Media"},"image":{"@id":"https:\/\/hudo.com\/si\/#\/schema\/logo\/image\/"},"sameAs":["https:\/\/www.facebook.com\/hudo.si","https:\/\/twitter.com\/hudo_si"]},{"@type":"Person","@id":"https:\/\/hudo.com\/si\/#\/schema\/person\/18f09c02475ba9e606e941a565b80cff","name":"A. P., STA","image":{"@type":"ImageObject","inLanguage":"sl-SI","@id":"https:\/\/hudo.com\/si\/#\/schema\/person\/image\/","url":"https:\/\/secure.gravatar.com\/avatar\/03eac8e609f5f04383125d80eaeaaf3e?s=96&d=mm&r=g","contentUrl":"https:\/\/secure.gravatar.com\/avatar\/03eac8e609f5f04383125d80eaeaaf3e?s=96&d=mm&r=g","caption":"A. P., STA"},"url":"https:\/\/hudo.com\/si\/author\/lubu\/"}]}},"amp_enabled":true,"_links":{"self":[{"href":"https:\/\/hudo.com\/si\/wp-json\/wp\/v2\/posts\/409421"}],"collection":[{"href":"https:\/\/hudo.com\/si\/wp-json\/wp\/v2\/posts"}],"about":[{"href":"https:\/\/hudo.com\/si\/wp-json\/wp\/v2\/types\/post"}],"author":[{"embeddable":true,"href":"https:\/\/hudo.com\/si\/wp-json\/wp\/v2\/users\/7"}],"replies":[{"embeddable":true,"href":"https:\/\/hudo.com\/si\/wp-json\/wp\/v2\/comments?post=409421"}],"version-history":[{"count":1,"href":"https:\/\/hudo.com\/si\/wp-json\/wp\/v2\/posts\/409421\/revisions"}],"predecessor-version":[{"id":409423,"href":"https:\/\/hudo.com\/si\/wp-json\/wp\/v2\/posts\/409421\/revisions\/409423"}],"wp:featuredmedia":[{"embeddable":true,"href":"https:\/\/hudo.com\/si\/wp-json\/wp\/v2\/media\/409422"}],"wp:attachment":[{"href":"https:\/\/hudo.com\/si\/wp-json\/wp\/v2\/media?parent=409421"}],"wp:term":[{"taxonomy":"category","embeddable":true,"href":"https:\/\/hudo.com\/si\/wp-json\/wp\/v2\/categories?post=409421"},{"taxonomy":"post_tag","embeddable":true,"href":"https:\/\/hudo.com\/si\/wp-json\/wp\/v2\/tags?post=409421"},{"taxonomy":"source","embeddable":true,"href":"https:\/\/hudo.com\/si\/wp-json\/wp\/v2\/source?post=409421"},{"taxonomy":"supertag","embeddable":true,"href":"https:\/\/hudo.com\/si\/wp-json\/wp\/v2\/supertag?post=409421"}],"curies":[{"name":"wp","href":"https:\/\/api.w.org\/{rel}","templated":true}]}}