{"id":409520,"date":"2019-11-04T11:01:50","date_gmt":"2019-11-04T10:01:50","guid":{"rendered":"http:\/\/hudo.com\/si\/?p=409520"},"modified":"2019-11-04T11:01:50","modified_gmt":"2019-11-04T10:01:50","slug":"zaradi-afere-s-sodelavko-odstavili-prvega-moza-mcdonaldsa","status":"publish","type":"post","link":"https:\/\/hudo.com\/si\/aktualno\/zaradi-afere-s-sodelavko-odstavili-prvega-moza-mcdonaldsa\/","title":{"rendered":"Zaradi afere s sodelavko odstavili prvega mo\u017ea McDonald&#8217;sa"},"content":{"rendered":"<p>McDonald&#8217;s bo sedaj vodil Chris Kempczinski, ki je bil doslej na \u010delu ameri\u0161ke veje priljubljene verige.<\/p>\n<p>&#8220;Easterbrook &#8230; se je odlo\u010dil zapustiti podjetje, potem ko je upravni odbor sklenil, da je kr\u0161il politiko podjetja in izkazal slabo presojo z nedavnim sporazumnim razmerjem z zaposleno,&#8221; so zapisali v podjetju. &#8220;Podjetje potrjuje, da zamenjava vodstva ni povezana z operativnim ali finan\u010dnim vidikom poslovanja.&#8221;<\/p>\n<p>V elektronskem sporo\u010dilu, ki ga je poslal zaposlenim, je Easterbrook svoje razmerje ozna\u010dil za &#8220;napako&#8221; in v neskladju s politiko podjetja. &#8220;Glede na vrednote podjetja se strinjam z upravnim odborom, da je \u010das za nove izzive,&#8221; je dodal.<\/p>\n<p>McDonald&#8217;s je pred dvema tednoma sporo\u010dil, da je v tretjem leto\u0161njem \u010detrtletju ustvaril 1,6 milijarde dolarjev dobi\u010dka, kar je 1,8 odstotka manj kot pred letom dni. Prihodki dru\u017ebe, ki ima v ve\u010d kot 100 dr\u017eavah 38.000 restavracij, so porasli za 1,1 odstotka na 5,4 milijarde dolarjev.<\/p>\n<p>V primerljivih razmerah &#8211; brez upo\u0161tevanja novih in zaprtih restavracij &#8211; je McDonald&#8217;s bele\u017eil zdravo 5,9-odstotno rast, tudi na doma\u010dem, ameri\u0161kem trgu. Dobi\u010dek so sicer du\u0161ili izdatki za tehnologijo, raziskave in razvoj.<\/p>\n<p>McDonald&#8217;s je v zadnjih letih veliko vlagal v re\u0161itve za dostavo na dom in mobilno pla\u010devanje. Letos je napovedal vrsto prevzemov, ki naj bi okrepili njegovo ponudbo prevzema hrane v restavracijah neposredno iz avtomobila.<\/p>\n<p>Kempczinski je v nedeljo za Wall Street Journal poudaril, da se namerava \u0161e naprej osredoto\u010dati na tehnologijo. &#8220;Ne bo radikalnega strate\u0161kega obrata. Na\u010drt deluje,&#8221; je zatrdil.<\/p>\n<p>Easterbrook je bil glavni izvr\u0161ni direktor McDonald&#8217;sa od leta 2015. Pod njegovim vodstvom se je vrednost delnice podjetja podvojila, so pa upadali prihodki verige. Tako kot njegovi glavni konkurenti se tudi McDonald&#8217;s soo\u010da z zahtevami kupcev po bolj zdravih mo\u017enostih prehrane.<\/p>\n<p>Skupaj z vrednostjo delnic se je zvi\u0161evala tudi Easterbrookova pla\u010da. Leta 2017 je v \u017eep pospravil 21,8 milijona dolarjev.<\/p>\n<p>V zadnjem \u010dasu je zaradi neprimernih razmerij na delovnem mestu delo izgubilo ve\u010d vidnih ameri\u0161kih mened\u017eerjev. Intelov glavni izvr\u0161ni direktor Brian Krzanich in prvi mo\u017e znamke \u0161portnih obla\u010dil Lululemon Laurent Potdevin sta iz tega razloga odstopila lani. Leta 2016 je enaka usoda doletela glavnega izvr\u0161nega direktorja dru\u017ebe Priceline Darrena Hustona, leta 2012 pa direktorja Bestbuyja Briana Dunna, \u0161e dodaja AFP.<\/p>\n","protected":false},"excerpt":{"rendered":"<p>Ameri\u0161ka veriga restavracij s hitro prehrano McDonald&#8217;s je v nedeljo napovedala zamenjavo na \u010delu podjetja. Z mesta predsednika in glavnega izvr\u0161nega direktorja se poslavlja Steve Easterbrook, ki se je zapletel v razmerje z zaposleno in s tem izkazal &#8220;slabo presojo&#8221;, poro\u010da francoska tiskovna agencija AFP.<\/p>\n","protected":false},"author":8,"featured_media":285423,"comment_status":"closed","ping_status":"closed","sticky":false,"template":"","format":"standard","meta":{"footnotes":""},"categories":[1179],"tags":[2143,15028],"source":[4511],"supertag":[6103],"acf":[],"yoast_head":"<!-- This site is optimized with the Yoast SEO plugin v21.3 - https:\/\/yoast.com\/wordpress\/plugins\/seo\/ -->\n<title>Zaradi afere s sodelavko odstavili prvega mo\u017ea McDonald&#039;sa - Hudo Slovenija<\/title>\n<meta name=\"robots\" content=\"index, follow, max-snippet:-1, max-image-preview:large, max-video-preview:-1\" \/>\n<link rel=\"canonical\" href=\"https:\/\/hudo.com\/si\/aktualno\/zaradi-afere-s-sodelavko-odstavili-prvega-moza-mcdonaldsa\/\" \/>\n<meta property=\"og:locale\" content=\"sl_SI\" \/>\n<meta property=\"og:type\" content=\"article\" \/>\n<meta property=\"og:title\" content=\"Zaradi afere s sodelavko odstavili prvega mo\u017ea McDonald&#039;sa - Hudo Slovenija\" \/>\n<meta property=\"og:description\" content=\"Ameri\u0161ka veriga restavracij s hitro prehrano McDonald&#039;s je v nedeljo napovedala zamenjavo na \u010delu podjetja. Z mesta predsednika in glavnega izvr\u0161nega direktorja se poslavlja Steve Easterbrook, ki se je zapletel v razmerje z zaposleno in s tem izkazal &quot;slabo presojo&quot;, poro\u010da francoska tiskovna agencija AFP.\" \/>\n<meta property=\"og:url\" content=\"https:\/\/hudo.com\/si\/aktualno\/zaradi-afere-s-sodelavko-odstavili-prvega-moza-mcdonaldsa\/\" \/>\n<meta property=\"og:site_name\" content=\"Hudo Slovenija\" \/>\n<meta property=\"article:publisher\" content=\"https:\/\/www.facebook.com\/hudo.si\" \/>\n<meta property=\"article:published_time\" content=\"2019-11-04T10:01:50+00:00\" \/>\n<meta property=\"og:image\" content=\"https:\/\/hudo.com\/si\/wp-content\/uploads\/sites\/2\/2017\/08\/profimedia-0001721917.jpg\" \/>\n\t<meta property=\"og:image:width\" content=\"1250\" \/>\n\t<meta property=\"og:image:height\" content=\"833\" \/>\n\t<meta property=\"og:image:type\" content=\"image\/jpeg\" \/>\n<meta name=\"author\" content=\"M. N., STA\" \/>\n<meta name=\"twitter:card\" content=\"summary_large_image\" \/>\n<meta name=\"twitter:creator\" content=\"@hudo_si\" \/>\n<meta name=\"twitter:site\" content=\"@hudo_si\" \/>\n<meta name=\"twitter:label1\" content=\"Written by\" \/>\n\t<meta name=\"twitter:data1\" content=\"M. N., STA\" \/>\n\t<meta name=\"twitter:label2\" content=\"Est. reading time\" \/>\n\t<meta name=\"twitter:data2\" content=\"2 minuti\" \/>\n<script type=\"application\/ld+json\" class=\"yoast-schema-graph\">{\"@context\":\"https:\/\/schema.org\",\"@graph\":[{\"@type\":\"Article\",\"@id\":\"https:\/\/hudo.com\/si\/aktualno\/zaradi-afere-s-sodelavko-odstavili-prvega-moza-mcdonaldsa\/#article\",\"isPartOf\":{\"@id\":\"https:\/\/hudo.com\/si\/aktualno\/zaradi-afere-s-sodelavko-odstavili-prvega-moza-mcdonaldsa\/\"},\"author\":{\"name\":\"M. N., STA\",\"@id\":\"https:\/\/hudo.com\/si\/#\/schema\/person\/c2f10ce65d2e6ede2aeda5be2a0611fa\"},\"headline\":\"Zaradi afere s sodelavko odstavili prvega mo\u017ea McDonald&#8217;sa\",\"datePublished\":\"2019-11-04T10:01:50+00:00\",\"dateModified\":\"2019-11-04T10:01:50+00:00\",\"mainEntityOfPage\":{\"@id\":\"https:\/\/hudo.com\/si\/aktualno\/zaradi-afere-s-sodelavko-odstavili-prvega-moza-mcdonaldsa\/\"},\"wordCount\":387,\"publisher\":{\"@id\":\"https:\/\/hudo.com\/si\/#organization\"},\"keywords\":[\"McDonald's\",\"Steve Easterbrook\"],\"articleSection\":[\"Aktualno\"],\"inLanguage\":\"sl-SI\"},{\"@type\":\"WebPage\",\"@id\":\"https:\/\/hudo.com\/si\/aktualno\/zaradi-afere-s-sodelavko-odstavili-prvega-moza-mcdonaldsa\/\",\"url\":\"https:\/\/hudo.com\/si\/aktualno\/zaradi-afere-s-sodelavko-odstavili-prvega-moza-mcdonaldsa\/\",\"name\":\"Zaradi afere s sodelavko odstavili prvega mo\u017ea McDonald'sa - Hudo Slovenija\",\"isPartOf\":{\"@id\":\"https:\/\/hudo.com\/si\/#website\"},\"datePublished\":\"2019-11-04T10:01:50+00:00\",\"dateModified\":\"2019-11-04T10:01:50+00:00\",\"breadcrumb\":{\"@id\":\"https:\/\/hudo.com\/si\/aktualno\/zaradi-afere-s-sodelavko-odstavili-prvega-moza-mcdonaldsa\/#breadcrumb\"},\"inLanguage\":\"sl-SI\",\"potentialAction\":[{\"@type\":\"ReadAction\",\"target\":[\"https:\/\/hudo.com\/si\/aktualno\/zaradi-afere-s-sodelavko-odstavili-prvega-moza-mcdonaldsa\/\"]}]},{\"@type\":\"BreadcrumbList\",\"@id\":\"https:\/\/hudo.com\/si\/aktualno\/zaradi-afere-s-sodelavko-odstavili-prvega-moza-mcdonaldsa\/#breadcrumb\",\"itemListElement\":[{\"@type\":\"ListItem\",\"position\":1,\"name\":\"Home\",\"item\":\"https:\/\/hudo.com\/si\/\"},{\"@type\":\"ListItem\",\"position\":2,\"name\":\"Zaradi afere s sodelavko odstavili prvega mo\u017ea McDonald&#8217;sa\"}]},{\"@type\":\"WebSite\",\"@id\":\"https:\/\/hudo.com\/si\/#website\",\"url\":\"https:\/\/hudo.com\/si\/\",\"name\":\"Hudo Slovenija\",\"description\":\"Vse novice iz Slovenije in sveta\",\"publisher\":{\"@id\":\"https:\/\/hudo.com\/si\/#organization\"},\"potentialAction\":[{\"@type\":\"SearchAction\",\"target\":{\"@type\":\"EntryPoint\",\"urlTemplate\":\"https:\/\/hudo.com\/si\/?s={search_term_string}\"},\"query-input\":\"required name=search_term_string\"}],\"inLanguage\":\"sl-SI\"},{\"@type\":\"Organization\",\"@id\":\"https:\/\/hudo.com\/si\/#organization\",\"name\":\"VSN Media\",\"url\":\"https:\/\/hudo.com\/si\/\",\"logo\":{\"@type\":\"ImageObject\",\"inLanguage\":\"sl-SI\",\"@id\":\"https:\/\/hudo.com\/si\/#\/schema\/logo\/image\/\",\"url\":\"https:\/\/hudo.com\/si\/wp-content\/uploads\/sites\/2\/2021\/03\/hudo-app-2.png\",\"contentUrl\":\"https:\/\/hudo.com\/si\/wp-content\/uploads\/sites\/2\/2021\/03\/hudo-app-2.png\",\"width\":2185,\"height\":2167,\"caption\":\"VSN Media\"},\"image\":{\"@id\":\"https:\/\/hudo.com\/si\/#\/schema\/logo\/image\/\"},\"sameAs\":[\"https:\/\/www.facebook.com\/hudo.si\",\"https:\/\/twitter.com\/hudo_si\"]},{\"@type\":\"Person\",\"@id\":\"https:\/\/hudo.com\/si\/#\/schema\/person\/c2f10ce65d2e6ede2aeda5be2a0611fa\",\"name\":\"M. N., STA\",\"image\":{\"@type\":\"ImageObject\",\"inLanguage\":\"sl-SI\",\"@id\":\"https:\/\/hudo.com\/si\/#\/schema\/person\/image\/\",\"url\":\"https:\/\/secure.gravatar.com\/avatar\/f370d38daa10467f755c5c766a4cac20?s=96&d=mm&r=g\",\"contentUrl\":\"https:\/\/secure.gravatar.com\/avatar\/f370d38daa10467f755c5c766a4cac20?s=96&d=mm&r=g\",\"caption\":\"M. N., STA\"},\"url\":\"https:\/\/hudo.com\/si\/author\/mana\/\"}]}<\/script>\n<!-- \/ Yoast SEO plugin. -->","yoast_head_json":{"title":"Zaradi afere s sodelavko odstavili prvega mo\u017ea McDonald'sa - Hudo Slovenija","robots":{"index":"index","follow":"follow","max-snippet":"max-snippet:-1","max-image-preview":"max-image-preview:large","max-video-preview":"max-video-preview:-1"},"canonical":"https:\/\/hudo.com\/si\/aktualno\/zaradi-afere-s-sodelavko-odstavili-prvega-moza-mcdonaldsa\/","og_locale":"sl_SI","og_type":"article","og_title":"Zaradi afere s sodelavko odstavili prvega mo\u017ea McDonald'sa - Hudo Slovenija","og_description":"Ameri\u0161ka veriga restavracij s hitro prehrano McDonald's je v nedeljo napovedala zamenjavo na \u010delu podjetja. Z mesta predsednika in glavnega izvr\u0161nega direktorja se poslavlja Steve Easterbrook, ki se je zapletel v razmerje z zaposleno in s tem izkazal \"slabo presojo\", poro\u010da francoska tiskovna agencija AFP.","og_url":"https:\/\/hudo.com\/si\/aktualno\/zaradi-afere-s-sodelavko-odstavili-prvega-moza-mcdonaldsa\/","og_site_name":"Hudo Slovenija","article_publisher":"https:\/\/www.facebook.com\/hudo.si","article_published_time":"2019-11-04T10:01:50+00:00","og_image":[{"width":1250,"height":833,"url":"https:\/\/hudo.com\/si\/wp-content\/uploads\/sites\/2\/2017\/08\/profimedia-0001721917.jpg","type":"image\/jpeg"}],"author":"M. N., STA","twitter_card":"summary_large_image","twitter_creator":"@hudo_si","twitter_site":"@hudo_si","twitter_misc":{"Written by":"M. N., STA","Est. reading time":"2 minuti"},"schema":{"@context":"https:\/\/schema.org","@graph":[{"@type":"Article","@id":"https:\/\/hudo.com\/si\/aktualno\/zaradi-afere-s-sodelavko-odstavili-prvega-moza-mcdonaldsa\/#article","isPartOf":{"@id":"https:\/\/hudo.com\/si\/aktualno\/zaradi-afere-s-sodelavko-odstavili-prvega-moza-mcdonaldsa\/"},"author":{"name":"M. N., STA","@id":"https:\/\/hudo.com\/si\/#\/schema\/person\/c2f10ce65d2e6ede2aeda5be2a0611fa"},"headline":"Zaradi afere s sodelavko odstavili prvega mo\u017ea McDonald&#8217;sa","datePublished":"2019-11-04T10:01:50+00:00","dateModified":"2019-11-04T10:01:50+00:00","mainEntityOfPage":{"@id":"https:\/\/hudo.com\/si\/aktualno\/zaradi-afere-s-sodelavko-odstavili-prvega-moza-mcdonaldsa\/"},"wordCount":387,"publisher":{"@id":"https:\/\/hudo.com\/si\/#organization"},"keywords":["McDonald's","Steve Easterbrook"],"articleSection":["Aktualno"],"inLanguage":"sl-SI"},{"@type":"WebPage","@id":"https:\/\/hudo.com\/si\/aktualno\/zaradi-afere-s-sodelavko-odstavili-prvega-moza-mcdonaldsa\/","url":"https:\/\/hudo.com\/si\/aktualno\/zaradi-afere-s-sodelavko-odstavili-prvega-moza-mcdonaldsa\/","name":"Zaradi afere s sodelavko odstavili prvega mo\u017ea McDonald'sa - Hudo Slovenija","isPartOf":{"@id":"https:\/\/hudo.com\/si\/#website"},"datePublished":"2019-11-04T10:01:50+00:00","dateModified":"2019-11-04T10:01:50+00:00","breadcrumb":{"@id":"https:\/\/hudo.com\/si\/aktualno\/zaradi-afere-s-sodelavko-odstavili-prvega-moza-mcdonaldsa\/#breadcrumb"},"inLanguage":"sl-SI","potentialAction":[{"@type":"ReadAction","target":["https:\/\/hudo.com\/si\/aktualno\/zaradi-afere-s-sodelavko-odstavili-prvega-moza-mcdonaldsa\/"]}]},{"@type":"BreadcrumbList","@id":"https:\/\/hudo.com\/si\/aktualno\/zaradi-afere-s-sodelavko-odstavili-prvega-moza-mcdonaldsa\/#breadcrumb","itemListElement":[{"@type":"ListItem","position":1,"name":"Home","item":"https:\/\/hudo.com\/si\/"},{"@type":"ListItem","position":2,"name":"Zaradi afere s sodelavko odstavili prvega mo\u017ea McDonald&#8217;sa"}]},{"@type":"WebSite","@id":"https:\/\/hudo.com\/si\/#website","url":"https:\/\/hudo.com\/si\/","name":"Hudo Slovenija","description":"Vse novice iz Slovenije in sveta","publisher":{"@id":"https:\/\/hudo.com\/si\/#organization"},"potentialAction":[{"@type":"SearchAction","target":{"@type":"EntryPoint","urlTemplate":"https:\/\/hudo.com\/si\/?s={search_term_string}"},"query-input":"required name=search_term_string"}],"inLanguage":"sl-SI"},{"@type":"Organization","@id":"https:\/\/hudo.com\/si\/#organization","name":"VSN Media","url":"https:\/\/hudo.com\/si\/","logo":{"@type":"ImageObject","inLanguage":"sl-SI","@id":"https:\/\/hudo.com\/si\/#\/schema\/logo\/image\/","url":"https:\/\/hudo.com\/si\/wp-content\/uploads\/sites\/2\/2021\/03\/hudo-app-2.png","contentUrl":"https:\/\/hudo.com\/si\/wp-content\/uploads\/sites\/2\/2021\/03\/hudo-app-2.png","width":2185,"height":2167,"caption":"VSN Media"},"image":{"@id":"https:\/\/hudo.com\/si\/#\/schema\/logo\/image\/"},"sameAs":["https:\/\/www.facebook.com\/hudo.si","https:\/\/twitter.com\/hudo_si"]},{"@type":"Person","@id":"https:\/\/hudo.com\/si\/#\/schema\/person\/c2f10ce65d2e6ede2aeda5be2a0611fa","name":"M. N., STA","image":{"@type":"ImageObject","inLanguage":"sl-SI","@id":"https:\/\/hudo.com\/si\/#\/schema\/person\/image\/","url":"https:\/\/secure.gravatar.com\/avatar\/f370d38daa10467f755c5c766a4cac20?s=96&d=mm&r=g","contentUrl":"https:\/\/secure.gravatar.com\/avatar\/f370d38daa10467f755c5c766a4cac20?s=96&d=mm&r=g","caption":"M. N., STA"},"url":"https:\/\/hudo.com\/si\/author\/mana\/"}]}},"amp_enabled":true,"_links":{"self":[{"href":"https:\/\/hudo.com\/si\/wp-json\/wp\/v2\/posts\/409520"}],"collection":[{"href":"https:\/\/hudo.com\/si\/wp-json\/wp\/v2\/posts"}],"about":[{"href":"https:\/\/hudo.com\/si\/wp-json\/wp\/v2\/types\/post"}],"author":[{"embeddable":true,"href":"https:\/\/hudo.com\/si\/wp-json\/wp\/v2\/users\/8"}],"replies":[{"embeddable":true,"href":"https:\/\/hudo.com\/si\/wp-json\/wp\/v2\/comments?post=409520"}],"version-history":[{"count":1,"href":"https:\/\/hudo.com\/si\/wp-json\/wp\/v2\/posts\/409520\/revisions"}],"predecessor-version":[{"id":409524,"href":"https:\/\/hudo.com\/si\/wp-json\/wp\/v2\/posts\/409520\/revisions\/409524"}],"wp:featuredmedia":[{"embeddable":true,"href":"https:\/\/hudo.com\/si\/wp-json\/wp\/v2\/media\/285423"}],"wp:attachment":[{"href":"https:\/\/hudo.com\/si\/wp-json\/wp\/v2\/media?parent=409520"}],"wp:term":[{"taxonomy":"category","embeddable":true,"href":"https:\/\/hudo.com\/si\/wp-json\/wp\/v2\/categories?post=409520"},{"taxonomy":"post_tag","embeddable":true,"href":"https:\/\/hudo.com\/si\/wp-json\/wp\/v2\/tags?post=409520"},{"taxonomy":"source","embeddable":true,"href":"https:\/\/hudo.com\/si\/wp-json\/wp\/v2\/source?post=409520"},{"taxonomy":"supertag","embeddable":true,"href":"https:\/\/hudo.com\/si\/wp-json\/wp\/v2\/supertag?post=409520"}],"curies":[{"name":"wp","href":"https:\/\/api.w.org\/{rel}","templated":true}]}}