{"id":409644,"date":"2019-11-05T12:09:12","date_gmt":"2019-11-05T11:09:12","guid":{"rendered":"https:\/\/hudo.com\/si\/2019\/11\/05\/slovenija-se-pri-predelavi-plasticne-embalaze-uvrsca-visoko-nad-povprecje-eu\/"},"modified":"2019-11-05T12:09:12","modified_gmt":"2019-11-05T11:09:12","slug":"slovenija-se-pri-predelavi-plasticne-embalaze-uvrsca-visoko-nad-povprecje-eu","status":"publish","type":"post","link":"https:\/\/hudo.com\/si\/aktualno\/mnenja\/slovenija-se-pri-predelavi-plasticne-embalaze-uvrsca-visoko-nad-povprecje-eu\/","title":{"rendered":"Slovenija se pri predelavi plasti\u010dne embala\u017ee uvr\u0161\u010da visoko nad povpre\u010dje EU"},"content":{"rendered":"<figure>\n\t\t\t\t\t<img loading=\"lazy\" decoding=\"async\" width=\"660\" height=\"320\" src=\"image\/gif;base64,R0lGODlhAQABAAAAACH5BAEKAAEALAAAAAABAAEAAAICTAEAOw==\" class=\"lazyload\" \/><figcaption>foto:Profimedia<\/figcaption><\/figure>\n<p>Vrh lestvice dr\u017eav, ki najbolj prizadevno predelujejo odpadno plasti\u010dno embala\u017eo, zaseda Litva, kjer se ponovno uporabi 74 odstotkov tovrstnih odpadkov. Sledijo Bolgarija (65 odstotkov), Ciper (62 odstotkov), Slovenija, \u010ce\u0161ka (59 odstotkov), Slova\u0161ka (52 odstotkov) in Nizozemska (50 odstotkov).<\/p>\n<p>Na spodnjem delu lestvice so se zna\u0161le Avstrija (33 odstotkov), Mad\u017earska (32 odstotkov), Irska (31 odstotkov), Estonija, Finska in Francija (vsaka po 27 odstotkov) in Malta (24 odstotkov).<\/p>\n<p>V evropskem povpre\u010dju se dele\u017e predelave odpadne plasti\u010dne embala\u017ee v zadnjih letih zvi\u0161uje. Leta 2006 je bil \u0161e pri 26,4 odstotka, leta 2016 je dosegel \u017ee 42,4 odstotka, nato pa se je leta 2017 malenkost zmanj\u0161al.<\/p>\n<p>V absolutnih \u0161tevilkah je Slovenija v letu 2017 proizvedla okoli 50.164 ton plasti\u010dnih odpadkov, od \u010desar je bilo ponovno uporabljenih 30.275 ton.<\/p>\n","protected":false},"excerpt":{"rendered":"<p>Slovenija se pri predelavi odpadne plasti\u010dne embala\u017ee uvr\u0161\u010da visoko nad povpre\u010dje EU. Medtem ko se po podatkih za leto 2017 v uniji v povpre\u010dju ponovno uporabi 42 odstotkov vse odpadne embala\u017ee iz plasti\u010dnih materialov, je v Sloveniji ta dele\u017e pri 60 odstotkih, ka\u017eejo podatki evropskega statisti\u010dnega urada Eurostat.<\/p>\n","protected":false},"author":1,"featured_media":0,"comment_status":"closed","ping_status":"closed","sticky":false,"template":"","format":"standard","meta":{"footnotes":""},"categories":[1605],"tags":[2171,4229,4244,1595,4505],"source":[1607,1518],"supertag":[7541],"acf":[],"yoast_head":"<!-- This site is optimized with the Yoast SEO plugin v21.3 - https:\/\/yoast.com\/wordpress\/plugins\/seo\/ -->\n<title>Slovenija se pri predelavi plasti\u010dne embala\u017ee uvr\u0161\u010da visoko nad povpre\u010dje EU - Hudo Slovenija<\/title>\n<meta name=\"robots\" content=\"index, follow, max-snippet:-1, max-image-preview:large, max-video-preview:-1\" \/>\n<link rel=\"canonical\" href=\"https:\/\/hudo.com\/si\/aktualno\/mnenja\/slovenija-se-pri-predelavi-plasticne-embalaze-uvrsca-visoko-nad-povprecje-eu\/\" \/>\n<meta property=\"og:locale\" content=\"sl_SI\" \/>\n<meta property=\"og:type\" content=\"article\" \/>\n<meta property=\"og:title\" content=\"Slovenija se pri predelavi plasti\u010dne embala\u017ee uvr\u0161\u010da visoko nad povpre\u010dje EU - Hudo Slovenija\" \/>\n<meta property=\"og:description\" content=\"Slovenija se pri predelavi odpadne plasti\u010dne embala\u017ee uvr\u0161\u010da visoko nad povpre\u010dje EU. Medtem ko se po podatkih za leto 2017 v uniji v povpre\u010dju ponovno uporabi 42 odstotkov vse odpadne embala\u017ee iz plasti\u010dnih materialov, je v Sloveniji ta dele\u017e pri 60 odstotkih, ka\u017eejo podatki evropskega statisti\u010dnega urada Eurostat.\" \/>\n<meta property=\"og:url\" content=\"https:\/\/hudo.com\/si\/aktualno\/mnenja\/slovenija-se-pri-predelavi-plasticne-embalaze-uvrsca-visoko-nad-povprecje-eu\/\" \/>\n<meta property=\"og:site_name\" content=\"Hudo Slovenija\" \/>\n<meta property=\"article:publisher\" content=\"https:\/\/www.facebook.com\/hudo.si\" \/>\n<meta property=\"article:published_time\" content=\"2019-11-05T11:09:12+00:00\" \/>\n<meta property=\"og:image\" content=\"https:\/\/hudo.com\/si\/wp-content\/uploads\/sites\/2\/2019\/11\/profimedia-0103019850-1.jpg\" \/>\n\t<meta property=\"og:image:width\" content=\"1250\" \/>\n\t<meta property=\"og:image:height\" content=\"864\" \/>\n\t<meta property=\"og:image:type\" content=\"image\/jpeg\" \/>\n<meta name=\"author\" content=\"hudo\" \/>\n<meta name=\"twitter:card\" content=\"summary_large_image\" \/>\n<meta name=\"twitter:creator\" content=\"@hudo_si\" \/>\n<meta name=\"twitter:site\" content=\"@hudo_si\" \/>\n<meta name=\"twitter:label1\" content=\"Written by\" \/>\n\t<meta name=\"twitter:data1\" content=\"hudo\" \/>\n\t<meta name=\"twitter:label2\" content=\"Est. reading time\" \/>\n\t<meta name=\"twitter:data2\" content=\"1 minuta\" \/>\n<script type=\"application\/ld+json\" class=\"yoast-schema-graph\">{\"@context\":\"https:\/\/schema.org\",\"@graph\":[{\"@type\":\"Article\",\"@id\":\"https:\/\/hudo.com\/si\/aktualno\/mnenja\/slovenija-se-pri-predelavi-plasticne-embalaze-uvrsca-visoko-nad-povprecje-eu\/#article\",\"isPartOf\":{\"@id\":\"https:\/\/hudo.com\/si\/aktualno\/mnenja\/slovenija-se-pri-predelavi-plasticne-embalaze-uvrsca-visoko-nad-povprecje-eu\/\"},\"author\":{\"name\":\"hudo\",\"@id\":\"https:\/\/hudo.com\/si\/#\/schema\/person\/601cf3379633985b20f7e50f2bb47707\"},\"headline\":\"Slovenija se pri predelavi plasti\u010dne embala\u017ee uvr\u0161\u010da visoko nad povpre\u010dje EU\",\"datePublished\":\"2019-11-05T11:09:12+00:00\",\"dateModified\":\"2019-11-05T11:09:12+00:00\",\"mainEntityOfPage\":{\"@id\":\"https:\/\/hudo.com\/si\/aktualno\/mnenja\/slovenija-se-pri-predelavi-plasticne-embalaze-uvrsca-visoko-nad-povprecje-eu\/\"},\"wordCount\":135,\"publisher\":{\"@id\":\"https:\/\/hudo.com\/si\/#organization\"},\"keywords\":[\"ekologija\",\"plastika\",\"recikliranje\",\"Slovenija\",\"statistika\"],\"articleSection\":[\"Mnenja\"],\"inLanguage\":\"sl-SI\"},{\"@type\":\"WebPage\",\"@id\":\"https:\/\/hudo.com\/si\/aktualno\/mnenja\/slovenija-se-pri-predelavi-plasticne-embalaze-uvrsca-visoko-nad-povprecje-eu\/\",\"url\":\"https:\/\/hudo.com\/si\/aktualno\/mnenja\/slovenija-se-pri-predelavi-plasticne-embalaze-uvrsca-visoko-nad-povprecje-eu\/\",\"name\":\"Slovenija se pri predelavi plasti\u010dne embala\u017ee uvr\u0161\u010da visoko nad povpre\u010dje EU - Hudo Slovenija\",\"isPartOf\":{\"@id\":\"https:\/\/hudo.com\/si\/#website\"},\"datePublished\":\"2019-11-05T11:09:12+00:00\",\"dateModified\":\"2019-11-05T11:09:12+00:00\",\"breadcrumb\":{\"@id\":\"https:\/\/hudo.com\/si\/aktualno\/mnenja\/slovenija-se-pri-predelavi-plasticne-embalaze-uvrsca-visoko-nad-povprecje-eu\/#breadcrumb\"},\"inLanguage\":\"sl-SI\",\"potentialAction\":[{\"@type\":\"ReadAction\",\"target\":[\"https:\/\/hudo.com\/si\/aktualno\/mnenja\/slovenija-se-pri-predelavi-plasticne-embalaze-uvrsca-visoko-nad-povprecje-eu\/\"]}]},{\"@type\":\"BreadcrumbList\",\"@id\":\"https:\/\/hudo.com\/si\/aktualno\/mnenja\/slovenija-se-pri-predelavi-plasticne-embalaze-uvrsca-visoko-nad-povprecje-eu\/#breadcrumb\",\"itemListElement\":[{\"@type\":\"ListItem\",\"position\":1,\"name\":\"Home\",\"item\":\"https:\/\/hudo.com\/si\/\"},{\"@type\":\"ListItem\",\"position\":2,\"name\":\"Slovenija se pri predelavi plasti\u010dne embala\u017ee uvr\u0161\u010da visoko nad povpre\u010dje EU\"}]},{\"@type\":\"WebSite\",\"@id\":\"https:\/\/hudo.com\/si\/#website\",\"url\":\"https:\/\/hudo.com\/si\/\",\"name\":\"Hudo Slovenija\",\"description\":\"Vse novice iz Slovenije in sveta\",\"publisher\":{\"@id\":\"https:\/\/hudo.com\/si\/#organization\"},\"potentialAction\":[{\"@type\":\"SearchAction\",\"target\":{\"@type\":\"EntryPoint\",\"urlTemplate\":\"https:\/\/hudo.com\/si\/?s={search_term_string}\"},\"query-input\":\"required name=search_term_string\"}],\"inLanguage\":\"sl-SI\"},{\"@type\":\"Organization\",\"@id\":\"https:\/\/hudo.com\/si\/#organization\",\"name\":\"VSN Media\",\"url\":\"https:\/\/hudo.com\/si\/\",\"logo\":{\"@type\":\"ImageObject\",\"inLanguage\":\"sl-SI\",\"@id\":\"https:\/\/hudo.com\/si\/#\/schema\/logo\/image\/\",\"url\":\"https:\/\/hudo.com\/si\/wp-content\/uploads\/sites\/2\/2021\/03\/hudo-app-2.png\",\"contentUrl\":\"https:\/\/hudo.com\/si\/wp-content\/uploads\/sites\/2\/2021\/03\/hudo-app-2.png\",\"width\":2185,\"height\":2167,\"caption\":\"VSN Media\"},\"image\":{\"@id\":\"https:\/\/hudo.com\/si\/#\/schema\/logo\/image\/\"},\"sameAs\":[\"https:\/\/www.facebook.com\/hudo.si\",\"https:\/\/twitter.com\/hudo_si\"]},{\"@type\":\"Person\",\"@id\":\"https:\/\/hudo.com\/si\/#\/schema\/person\/601cf3379633985b20f7e50f2bb47707\",\"name\":\"hudo\",\"image\":{\"@type\":\"ImageObject\",\"inLanguage\":\"sl-SI\",\"@id\":\"https:\/\/hudo.com\/si\/#\/schema\/person\/image\/\",\"url\":\"https:\/\/secure.gravatar.com\/avatar\/c4ca25fa72cace7a696b52ff5db9e095?s=96&d=mm&r=g\",\"contentUrl\":\"https:\/\/secure.gravatar.com\/avatar\/c4ca25fa72cace7a696b52ff5db9e095?s=96&d=mm&r=g\",\"caption\":\"hudo\"},\"url\":\"https:\/\/hudo.com\/si\/author\/hudo\/\"}]}<\/script>\n<!-- \/ Yoast SEO plugin. -->","yoast_head_json":{"title":"Slovenija se pri predelavi plasti\u010dne embala\u017ee uvr\u0161\u010da visoko nad povpre\u010dje EU - Hudo Slovenija","robots":{"index":"index","follow":"follow","max-snippet":"max-snippet:-1","max-image-preview":"max-image-preview:large","max-video-preview":"max-video-preview:-1"},"canonical":"https:\/\/hudo.com\/si\/aktualno\/mnenja\/slovenija-se-pri-predelavi-plasticne-embalaze-uvrsca-visoko-nad-povprecje-eu\/","og_locale":"sl_SI","og_type":"article","og_title":"Slovenija se pri predelavi plasti\u010dne embala\u017ee uvr\u0161\u010da visoko nad povpre\u010dje EU - Hudo Slovenija","og_description":"Slovenija se pri predelavi odpadne plasti\u010dne embala\u017ee uvr\u0161\u010da visoko nad povpre\u010dje EU. Medtem ko se po podatkih za leto 2017 v uniji v povpre\u010dju ponovno uporabi 42 odstotkov vse odpadne embala\u017ee iz plasti\u010dnih materialov, je v Sloveniji ta dele\u017e pri 60 odstotkih, ka\u017eejo podatki evropskega statisti\u010dnega urada Eurostat.","og_url":"https:\/\/hudo.com\/si\/aktualno\/mnenja\/slovenija-se-pri-predelavi-plasticne-embalaze-uvrsca-visoko-nad-povprecje-eu\/","og_site_name":"Hudo Slovenija","article_publisher":"https:\/\/www.facebook.com\/hudo.si","article_published_time":"2019-11-05T11:09:12+00:00","og_image":[{"width":1250,"height":864,"url":"https:\/\/hudo.com\/si\/wp-content\/uploads\/sites\/2\/2019\/11\/profimedia-0103019850-1.jpg","type":"image\/jpeg"}],"author":"hudo","twitter_card":"summary_large_image","twitter_creator":"@hudo_si","twitter_site":"@hudo_si","twitter_misc":{"Written by":"hudo","Est. reading time":"1 minuta"},"schema":{"@context":"https:\/\/schema.org","@graph":[{"@type":"Article","@id":"https:\/\/hudo.com\/si\/aktualno\/mnenja\/slovenija-se-pri-predelavi-plasticne-embalaze-uvrsca-visoko-nad-povprecje-eu\/#article","isPartOf":{"@id":"https:\/\/hudo.com\/si\/aktualno\/mnenja\/slovenija-se-pri-predelavi-plasticne-embalaze-uvrsca-visoko-nad-povprecje-eu\/"},"author":{"name":"hudo","@id":"https:\/\/hudo.com\/si\/#\/schema\/person\/601cf3379633985b20f7e50f2bb47707"},"headline":"Slovenija se pri predelavi plasti\u010dne embala\u017ee uvr\u0161\u010da visoko nad povpre\u010dje EU","datePublished":"2019-11-05T11:09:12+00:00","dateModified":"2019-11-05T11:09:12+00:00","mainEntityOfPage":{"@id":"https:\/\/hudo.com\/si\/aktualno\/mnenja\/slovenija-se-pri-predelavi-plasticne-embalaze-uvrsca-visoko-nad-povprecje-eu\/"},"wordCount":135,"publisher":{"@id":"https:\/\/hudo.com\/si\/#organization"},"keywords":["ekologija","plastika","recikliranje","Slovenija","statistika"],"articleSection":["Mnenja"],"inLanguage":"sl-SI"},{"@type":"WebPage","@id":"https:\/\/hudo.com\/si\/aktualno\/mnenja\/slovenija-se-pri-predelavi-plasticne-embalaze-uvrsca-visoko-nad-povprecje-eu\/","url":"https:\/\/hudo.com\/si\/aktualno\/mnenja\/slovenija-se-pri-predelavi-plasticne-embalaze-uvrsca-visoko-nad-povprecje-eu\/","name":"Slovenija se pri predelavi plasti\u010dne embala\u017ee uvr\u0161\u010da visoko nad povpre\u010dje EU - Hudo Slovenija","isPartOf":{"@id":"https:\/\/hudo.com\/si\/#website"},"datePublished":"2019-11-05T11:09:12+00:00","dateModified":"2019-11-05T11:09:12+00:00","breadcrumb":{"@id":"https:\/\/hudo.com\/si\/aktualno\/mnenja\/slovenija-se-pri-predelavi-plasticne-embalaze-uvrsca-visoko-nad-povprecje-eu\/#breadcrumb"},"inLanguage":"sl-SI","potentialAction":[{"@type":"ReadAction","target":["https:\/\/hudo.com\/si\/aktualno\/mnenja\/slovenija-se-pri-predelavi-plasticne-embalaze-uvrsca-visoko-nad-povprecje-eu\/"]}]},{"@type":"BreadcrumbList","@id":"https:\/\/hudo.com\/si\/aktualno\/mnenja\/slovenija-se-pri-predelavi-plasticne-embalaze-uvrsca-visoko-nad-povprecje-eu\/#breadcrumb","itemListElement":[{"@type":"ListItem","position":1,"name":"Home","item":"https:\/\/hudo.com\/si\/"},{"@type":"ListItem","position":2,"name":"Slovenija se pri predelavi plasti\u010dne embala\u017ee uvr\u0161\u010da visoko nad povpre\u010dje EU"}]},{"@type":"WebSite","@id":"https:\/\/hudo.com\/si\/#website","url":"https:\/\/hudo.com\/si\/","name":"Hudo Slovenija","description":"Vse novice iz Slovenije in sveta","publisher":{"@id":"https:\/\/hudo.com\/si\/#organization"},"potentialAction":[{"@type":"SearchAction","target":{"@type":"EntryPoint","urlTemplate":"https:\/\/hudo.com\/si\/?s={search_term_string}"},"query-input":"required name=search_term_string"}],"inLanguage":"sl-SI"},{"@type":"Organization","@id":"https:\/\/hudo.com\/si\/#organization","name":"VSN Media","url":"https:\/\/hudo.com\/si\/","logo":{"@type":"ImageObject","inLanguage":"sl-SI","@id":"https:\/\/hudo.com\/si\/#\/schema\/logo\/image\/","url":"https:\/\/hudo.com\/si\/wp-content\/uploads\/sites\/2\/2021\/03\/hudo-app-2.png","contentUrl":"https:\/\/hudo.com\/si\/wp-content\/uploads\/sites\/2\/2021\/03\/hudo-app-2.png","width":2185,"height":2167,"caption":"VSN Media"},"image":{"@id":"https:\/\/hudo.com\/si\/#\/schema\/logo\/image\/"},"sameAs":["https:\/\/www.facebook.com\/hudo.si","https:\/\/twitter.com\/hudo_si"]},{"@type":"Person","@id":"https:\/\/hudo.com\/si\/#\/schema\/person\/601cf3379633985b20f7e50f2bb47707","name":"hudo","image":{"@type":"ImageObject","inLanguage":"sl-SI","@id":"https:\/\/hudo.com\/si\/#\/schema\/person\/image\/","url":"https:\/\/secure.gravatar.com\/avatar\/c4ca25fa72cace7a696b52ff5db9e095?s=96&d=mm&r=g","contentUrl":"https:\/\/secure.gravatar.com\/avatar\/c4ca25fa72cace7a696b52ff5db9e095?s=96&d=mm&r=g","caption":"hudo"},"url":"https:\/\/hudo.com\/si\/author\/hudo\/"}]}},"amp_enabled":true,"_links":{"self":[{"href":"https:\/\/hudo.com\/si\/wp-json\/wp\/v2\/posts\/409644"}],"collection":[{"href":"https:\/\/hudo.com\/si\/wp-json\/wp\/v2\/posts"}],"about":[{"href":"https:\/\/hudo.com\/si\/wp-json\/wp\/v2\/types\/post"}],"author":[{"embeddable":true,"href":"https:\/\/hudo.com\/si\/wp-json\/wp\/v2\/users\/1"}],"replies":[{"embeddable":true,"href":"https:\/\/hudo.com\/si\/wp-json\/wp\/v2\/comments?post=409644"}],"version-history":[{"count":0,"href":"https:\/\/hudo.com\/si\/wp-json\/wp\/v2\/posts\/409644\/revisions"}],"wp:attachment":[{"href":"https:\/\/hudo.com\/si\/wp-json\/wp\/v2\/media?parent=409644"}],"wp:term":[{"taxonomy":"category","embeddable":true,"href":"https:\/\/hudo.com\/si\/wp-json\/wp\/v2\/categories?post=409644"},{"taxonomy":"post_tag","embeddable":true,"href":"https:\/\/hudo.com\/si\/wp-json\/wp\/v2\/tags?post=409644"},{"taxonomy":"source","embeddable":true,"href":"https:\/\/hudo.com\/si\/wp-json\/wp\/v2\/source?post=409644"},{"taxonomy":"supertag","embeddable":true,"href":"https:\/\/hudo.com\/si\/wp-json\/wp\/v2\/supertag?post=409644"}],"curies":[{"name":"wp","href":"https:\/\/api.w.org\/{rel}","templated":true}]}}