{"id":409646,"date":"2019-11-05T14:03:19","date_gmt":"2019-11-05T13:03:19","guid":{"rendered":"http:\/\/hudo.com\/si\/?p=409646"},"modified":"2019-11-05T14:03:19","modified_gmt":"2019-11-05T13:03:19","slug":"kek-povabil-nekaj-novih-imen-za-latvijo-poljsko-po-oktobrskem-razocaranju-je-cas-za-novo-akcijo","status":"publish","type":"post","link":"https:\/\/hudo.com\/si\/aktualno\/kek-povabil-nekaj-novih-imen-za-latvijo-poljsko-po-oktobrskem-razocaranju-je-cas-za-novo-akcijo\/","title":{"rendered":"Kek povabil nekaj novih imen za Latvijo in Poljsko: &#8220;Po oktobrskem razo\u010daranju je \u010das za novo akcijo&#8221;"},"content":{"rendered":"<p>&#8220;Po oktobrskem razo\u010daranju je \u010das za novo akcijo. \u010ce je bil september tisti, ki je vlil neko upanje, je bil oktober zame in za vse veliko razo\u010daranje. Velika pri\u010dakovanja v\u010dasih pa\u010d nosijo velika razo\u010daranja. Te\u017eava pa je bila v nas. Toda \u017eivljenje gre naprej. Na teh tekmah se bo videlo, \u010de smo sposobni obrniti vse skupaj v pozitivo. Ker za preboj na veliko tekmovanje rabi\u0161 konstantnost, ne pa nihanja, kot so bila pri nas,&#8221; je na novinarski konferenci dejal Kek.<\/p>\n<p>Tokrat na seznamu ni Domna \u010crnigoja, Romana Bezjaka in Luke Zahovi\u0107a, prav tako tudi ne kaznovanega Denisa Popovi\u0107a. Novinci pa so Milec, Vu\u010dki\u0107, Rep in Vetrih.<\/p>\n<p>&#8220;Imamo te\u017eave na obeh bokih in tu vidim eno od mo\u017enih re\u0161itev Milca, ki redno igra v zadnjem obdobju. Vetrih igra s polno minuta\u017eo v tur\u0161ki ligi in si zaslu\u017ei prilo\u017enost, Rep igra v avstrijski ligi in igra \u017ee nekaj \u010dasa dobro, lahko je dobra alternativa za Bezjaka, ki je po\u0161kodovan. O Vu\u010dki\u0107u pa ste tako ali tako \u017ee vse napisali. Vesel sem, da se je tak talent po te\u017ekem obdobju s po\u0161kodbami vrnil. Zaslu\u017ei si prilo\u017enost,&#8221; pa je novince pokomentiral selektor.<\/p>\n<p>Dodal je, da bi si \u0161e marsikdo zaslu\u017eil prilo\u017enost, ampak je pa\u010d treba narediti dolo\u010den izbor. &#8220;\u017delimo pa ta cikel kon\u010dati s tistimi, ki so bili nosilci v teh kvalifikacijah,&#8221; pojasnjuje Kek.<\/p>\n<p>Ta sicer ni \u017eelel komentirati te\u017eenj navija\u010dev Hajduka, ki si ga \u017eelijo za trenerja splitskega kluba. &#8220;Bilo bi deplasirano, da bi na na tej novinarski konferenci komentiral karkoli drugega kot reprezentanco. V tem trenutku me zanimata zgolj tekmi z Latvijo in Poljsko,&#8221; je dejal Kek.<\/p>\n<p>Reprezentanca se bo zbrala v ponedeljek v Kopru, kjer bo tudi opravila priprave. Tekma z Latvijo bo v soboto, 16. novembra, v Sto\u017eicah, s Poljsko pa v torek, 19. novembra, v Var\u0161avi. Z Latvijo je Slovenija igrala \u0161tirikrat in trikrat zmagala, nazadnje v teh kvalifikacijah v Rigi s 5:0, s Poljsko pa sedemkrat, dvakrat je zmagala, tudi septembra v teh kvalifikacijah z 2:0.<\/p>\n<p>Slovenija je v skupini G na tretjem mestu z 11 to\u010dkami, kolikor jih imata tudi Izrael in Severna Makedonija. Vodi Poljska, ki si je \u017ee zagotovila EP, z 19, na dobri poti proti kon\u010dnemu drugemu mestu in drugi vozovnici za Euro 2020 pa je Avstrija s 16 to\u010dkami.<\/p>\n<p>* Seznam za Latvijo in Poljsko:<br \/>\n&#8211; vratarji: Jan Oblak (Atletico Madrid), Vid Belec (Apoel), Nejc Vidmar (Olimpija);<br \/>\n&#8211; branilci: Bojan Joki\u0107 (Ufa), Miha Mevlja (So\u010di), Alja\u017e Struna (Houston Dynamo), Petar Stojanovi\u0107 (Dinamo Zagreb), Martin Milec (Maribor), Jure Balkovec (Empoli), Miha Bla\u017ei\u010d (Ferencvaros), Uro\u0161 Korun (Piast Gliwice);<br \/>\n&#8211; vezisti: Josip Ili\u010di\u0107 (Atalanta), Jasmin Kurti\u0107 (Spal), Rene Krhin (Nantes), Benjamin Verbi\u010d (Dinamo Kijev), Miha Zajc (Fenerbahce), Jaka Bijol (CSKA Moskva), Amedej Vetrih (Rizespor), \u017dan Majer (Lecce), Rajko Rep (Hartberg);<br \/>\n&#8211; napadalci: Tim Matav\u017e (Vitesse), Robert Beri\u0107 (St. Etienne), Andra\u017e \u0160porar (Slovan Bratislava), Haris Vu\u010dki\u0107 (Twente).<\/p>\n","protected":false},"excerpt":{"rendered":"<p>Selektor slovenske nogometne reprezentance Matja\u017e Kek je na Brdu pri Kranju predstavil seznam igralcev, na katere bo ra\u010dunal na zadnjih dveh tekmah kvalifikacij za evropsko prvenstvo 2020 proti Latviji in Poljski. Na seznamu je nekaj &#8220;novih&#8221; imen, med njimi Martin Milec, Haris Vu\u010dki\u0107, Rajko Rep in Amedej Vetrih.<\/p>\n","protected":false},"author":5,"featured_media":408159,"comment_status":"closed","ping_status":"closed","sticky":false,"template":"","format":"standard","meta":{"footnotes":""},"categories":[1179],"tags":[6618,8891,3600,1595],"source":[4511],"supertag":[6098],"acf":[],"yoast_head":"<!-- This site is optimized with the Yoast SEO plugin v21.3 - https:\/\/yoast.com\/wordpress\/plugins\/seo\/ -->\n<title>Kek povabil nekaj novih imen za Latvijo in Poljsko: &quot;Po oktobrskem razo\u010daranju je \u010das za novo akcijo&quot; - Hudo Slovenija<\/title>\n<meta name=\"robots\" content=\"index, follow, max-snippet:-1, max-image-preview:large, max-video-preview:-1\" \/>\n<link rel=\"canonical\" href=\"https:\/\/hudo.com\/si\/aktualno\/kek-povabil-nekaj-novih-imen-za-latvijo-poljsko-po-oktobrskem-razocaranju-je-cas-za-novo-akcijo\/\" \/>\n<meta property=\"og:locale\" content=\"sl_SI\" \/>\n<meta property=\"og:type\" content=\"article\" \/>\n<meta property=\"og:title\" content=\"Kek povabil nekaj novih imen za Latvijo in Poljsko: &quot;Po oktobrskem razo\u010daranju je \u010das za novo akcijo&quot; - Hudo Slovenija\" \/>\n<meta property=\"og:description\" content=\"Selektor slovenske nogometne reprezentance Matja\u017e Kek je na Brdu pri Kranju predstavil seznam igralcev, na katere bo ra\u010dunal na zadnjih dveh tekmah kvalifikacij za evropsko prvenstvo 2020 proti Latviji in Poljski. Na seznamu je nekaj &quot;novih&quot; imen, med njimi Martin Milec, Haris Vu\u010dki\u0107, Rajko Rep in Amedej Vetrih.\" \/>\n<meta property=\"og:url\" content=\"https:\/\/hudo.com\/si\/aktualno\/kek-povabil-nekaj-novih-imen-za-latvijo-poljsko-po-oktobrskem-razocaranju-je-cas-za-novo-akcijo\/\" \/>\n<meta property=\"og:site_name\" content=\"Hudo Slovenija\" \/>\n<meta property=\"article:publisher\" content=\"https:\/\/www.facebook.com\/hudo.si\" \/>\n<meta property=\"article:published_time\" content=\"2019-11-05T13:03:19+00:00\" \/>\n<meta property=\"og:image\" content=\"https:\/\/hudo.com\/si\/wp-content\/uploads\/sites\/2\/2019\/10\/profimedia-0446996224.jpg\" \/>\n\t<meta property=\"og:image:width\" content=\"1250\" \/>\n\t<meta property=\"og:image:height\" content=\"834\" \/>\n\t<meta property=\"og:image:type\" content=\"image\/jpeg\" \/>\n<meta name=\"author\" content=\"A. G., STA\" \/>\n<meta name=\"twitter:card\" content=\"summary_large_image\" \/>\n<meta name=\"twitter:creator\" content=\"@hudo_si\" \/>\n<meta name=\"twitter:site\" content=\"@hudo_si\" \/>\n<meta name=\"twitter:label1\" content=\"Written by\" \/>\n\t<meta name=\"twitter:data1\" content=\"A. G., STA\" \/>\n\t<meta name=\"twitter:label2\" content=\"Est. reading time\" \/>\n\t<meta name=\"twitter:data2\" content=\"2 minuti\" \/>\n<script type=\"application\/ld+json\" class=\"yoast-schema-graph\">{\"@context\":\"https:\/\/schema.org\",\"@graph\":[{\"@type\":\"Article\",\"@id\":\"https:\/\/hudo.com\/si\/aktualno\/kek-povabil-nekaj-novih-imen-za-latvijo-poljsko-po-oktobrskem-razocaranju-je-cas-za-novo-akcijo\/#article\",\"isPartOf\":{\"@id\":\"https:\/\/hudo.com\/si\/aktualno\/kek-povabil-nekaj-novih-imen-za-latvijo-poljsko-po-oktobrskem-razocaranju-je-cas-za-novo-akcijo\/\"},\"author\":{\"name\":\"A. G., STA\",\"@id\":\"https:\/\/hudo.com\/si\/#\/schema\/person\/2391667a63ea075ba94f2f2dc6b77537\"},\"headline\":\"Kek povabil nekaj novih imen za Latvijo in Poljsko: &#8220;Po oktobrskem razo\u010daranju je \u010das za novo akcijo&#8221;\",\"datePublished\":\"2019-11-05T13:03:19+00:00\",\"dateModified\":\"2019-11-05T13:03:19+00:00\",\"mainEntityOfPage\":{\"@id\":\"https:\/\/hudo.com\/si\/aktualno\/kek-povabil-nekaj-novih-imen-za-latvijo-poljsko-po-oktobrskem-razocaranju-je-cas-za-novo-akcijo\/\"},\"wordCount\":517,\"publisher\":{\"@id\":\"https:\/\/hudo.com\/si\/#organization\"},\"keywords\":[\"kvalifikacije\",\"Matja\u017e Kek\",\"nogomet\",\"Slovenija\"],\"articleSection\":[\"Aktualno\"],\"inLanguage\":\"sl-SI\"},{\"@type\":\"WebPage\",\"@id\":\"https:\/\/hudo.com\/si\/aktualno\/kek-povabil-nekaj-novih-imen-za-latvijo-poljsko-po-oktobrskem-razocaranju-je-cas-za-novo-akcijo\/\",\"url\":\"https:\/\/hudo.com\/si\/aktualno\/kek-povabil-nekaj-novih-imen-za-latvijo-poljsko-po-oktobrskem-razocaranju-je-cas-za-novo-akcijo\/\",\"name\":\"Kek povabil nekaj novih imen za Latvijo in Poljsko: \\\"Po oktobrskem razo\u010daranju je \u010das za novo akcijo\\\" - Hudo Slovenija\",\"isPartOf\":{\"@id\":\"https:\/\/hudo.com\/si\/#website\"},\"datePublished\":\"2019-11-05T13:03:19+00:00\",\"dateModified\":\"2019-11-05T13:03:19+00:00\",\"breadcrumb\":{\"@id\":\"https:\/\/hudo.com\/si\/aktualno\/kek-povabil-nekaj-novih-imen-za-latvijo-poljsko-po-oktobrskem-razocaranju-je-cas-za-novo-akcijo\/#breadcrumb\"},\"inLanguage\":\"sl-SI\",\"potentialAction\":[{\"@type\":\"ReadAction\",\"target\":[\"https:\/\/hudo.com\/si\/aktualno\/kek-povabil-nekaj-novih-imen-za-latvijo-poljsko-po-oktobrskem-razocaranju-je-cas-za-novo-akcijo\/\"]}]},{\"@type\":\"BreadcrumbList\",\"@id\":\"https:\/\/hudo.com\/si\/aktualno\/kek-povabil-nekaj-novih-imen-za-latvijo-poljsko-po-oktobrskem-razocaranju-je-cas-za-novo-akcijo\/#breadcrumb\",\"itemListElement\":[{\"@type\":\"ListItem\",\"position\":1,\"name\":\"Home\",\"item\":\"https:\/\/hudo.com\/si\/\"},{\"@type\":\"ListItem\",\"position\":2,\"name\":\"Kek povabil nekaj novih imen za Latvijo in Poljsko: &#8220;Po oktobrskem razo\u010daranju je \u010das za novo akcijo&#8221;\"}]},{\"@type\":\"WebSite\",\"@id\":\"https:\/\/hudo.com\/si\/#website\",\"url\":\"https:\/\/hudo.com\/si\/\",\"name\":\"Hudo Slovenija\",\"description\":\"Vse novice iz Slovenije in sveta\",\"publisher\":{\"@id\":\"https:\/\/hudo.com\/si\/#organization\"},\"potentialAction\":[{\"@type\":\"SearchAction\",\"target\":{\"@type\":\"EntryPoint\",\"urlTemplate\":\"https:\/\/hudo.com\/si\/?s={search_term_string}\"},\"query-input\":\"required name=search_term_string\"}],\"inLanguage\":\"sl-SI\"},{\"@type\":\"Organization\",\"@id\":\"https:\/\/hudo.com\/si\/#organization\",\"name\":\"VSN Media\",\"url\":\"https:\/\/hudo.com\/si\/\",\"logo\":{\"@type\":\"ImageObject\",\"inLanguage\":\"sl-SI\",\"@id\":\"https:\/\/hudo.com\/si\/#\/schema\/logo\/image\/\",\"url\":\"https:\/\/hudo.com\/si\/wp-content\/uploads\/sites\/2\/2021\/03\/hudo-app-2.png\",\"contentUrl\":\"https:\/\/hudo.com\/si\/wp-content\/uploads\/sites\/2\/2021\/03\/hudo-app-2.png\",\"width\":2185,\"height\":2167,\"caption\":\"VSN Media\"},\"image\":{\"@id\":\"https:\/\/hudo.com\/si\/#\/schema\/logo\/image\/\"},\"sameAs\":[\"https:\/\/www.facebook.com\/hudo.si\",\"https:\/\/twitter.com\/hudo_si\"]},{\"@type\":\"Person\",\"@id\":\"https:\/\/hudo.com\/si\/#\/schema\/person\/2391667a63ea075ba94f2f2dc6b77537\",\"name\":\"A. G., STA\",\"image\":{\"@type\":\"ImageObject\",\"inLanguage\":\"sl-SI\",\"@id\":\"https:\/\/hudo.com\/si\/#\/schema\/person\/image\/\",\"url\":\"https:\/\/secure.gravatar.com\/avatar\/e13d22ac3e442658d5025fbbe6238a79?s=96&d=mm&r=g\",\"contentUrl\":\"https:\/\/secure.gravatar.com\/avatar\/e13d22ac3e442658d5025fbbe6238a79?s=96&d=mm&r=g\",\"caption\":\"A. G., STA\"},\"url\":\"https:\/\/hudo.com\/si\/author\/alenka\/\"}]}<\/script>\n<!-- \/ Yoast SEO plugin. -->","yoast_head_json":{"title":"Kek povabil nekaj novih imen za Latvijo in Poljsko: \"Po oktobrskem razo\u010daranju je \u010das za novo akcijo\" - Hudo Slovenija","robots":{"index":"index","follow":"follow","max-snippet":"max-snippet:-1","max-image-preview":"max-image-preview:large","max-video-preview":"max-video-preview:-1"},"canonical":"https:\/\/hudo.com\/si\/aktualno\/kek-povabil-nekaj-novih-imen-za-latvijo-poljsko-po-oktobrskem-razocaranju-je-cas-za-novo-akcijo\/","og_locale":"sl_SI","og_type":"article","og_title":"Kek povabil nekaj novih imen za Latvijo in Poljsko: \"Po oktobrskem razo\u010daranju je \u010das za novo akcijo\" - Hudo Slovenija","og_description":"Selektor slovenske nogometne reprezentance Matja\u017e Kek je na Brdu pri Kranju predstavil seznam igralcev, na katere bo ra\u010dunal na zadnjih dveh tekmah kvalifikacij za evropsko prvenstvo 2020 proti Latviji in Poljski. Na seznamu je nekaj \"novih\" imen, med njimi Martin Milec, Haris Vu\u010dki\u0107, Rajko Rep in Amedej Vetrih.","og_url":"https:\/\/hudo.com\/si\/aktualno\/kek-povabil-nekaj-novih-imen-za-latvijo-poljsko-po-oktobrskem-razocaranju-je-cas-za-novo-akcijo\/","og_site_name":"Hudo Slovenija","article_publisher":"https:\/\/www.facebook.com\/hudo.si","article_published_time":"2019-11-05T13:03:19+00:00","og_image":[{"width":1250,"height":834,"url":"https:\/\/hudo.com\/si\/wp-content\/uploads\/sites\/2\/2019\/10\/profimedia-0446996224.jpg","type":"image\/jpeg"}],"author":"A. G., STA","twitter_card":"summary_large_image","twitter_creator":"@hudo_si","twitter_site":"@hudo_si","twitter_misc":{"Written by":"A. G., STA","Est. reading time":"2 minuti"},"schema":{"@context":"https:\/\/schema.org","@graph":[{"@type":"Article","@id":"https:\/\/hudo.com\/si\/aktualno\/kek-povabil-nekaj-novih-imen-za-latvijo-poljsko-po-oktobrskem-razocaranju-je-cas-za-novo-akcijo\/#article","isPartOf":{"@id":"https:\/\/hudo.com\/si\/aktualno\/kek-povabil-nekaj-novih-imen-za-latvijo-poljsko-po-oktobrskem-razocaranju-je-cas-za-novo-akcijo\/"},"author":{"name":"A. G., STA","@id":"https:\/\/hudo.com\/si\/#\/schema\/person\/2391667a63ea075ba94f2f2dc6b77537"},"headline":"Kek povabil nekaj novih imen za Latvijo in Poljsko: &#8220;Po oktobrskem razo\u010daranju je \u010das za novo akcijo&#8221;","datePublished":"2019-11-05T13:03:19+00:00","dateModified":"2019-11-05T13:03:19+00:00","mainEntityOfPage":{"@id":"https:\/\/hudo.com\/si\/aktualno\/kek-povabil-nekaj-novih-imen-za-latvijo-poljsko-po-oktobrskem-razocaranju-je-cas-za-novo-akcijo\/"},"wordCount":517,"publisher":{"@id":"https:\/\/hudo.com\/si\/#organization"},"keywords":["kvalifikacije","Matja\u017e Kek","nogomet","Slovenija"],"articleSection":["Aktualno"],"inLanguage":"sl-SI"},{"@type":"WebPage","@id":"https:\/\/hudo.com\/si\/aktualno\/kek-povabil-nekaj-novih-imen-za-latvijo-poljsko-po-oktobrskem-razocaranju-je-cas-za-novo-akcijo\/","url":"https:\/\/hudo.com\/si\/aktualno\/kek-povabil-nekaj-novih-imen-za-latvijo-poljsko-po-oktobrskem-razocaranju-je-cas-za-novo-akcijo\/","name":"Kek povabil nekaj novih imen za Latvijo in Poljsko: \"Po oktobrskem razo\u010daranju je \u010das za novo akcijo\" - Hudo Slovenija","isPartOf":{"@id":"https:\/\/hudo.com\/si\/#website"},"datePublished":"2019-11-05T13:03:19+00:00","dateModified":"2019-11-05T13:03:19+00:00","breadcrumb":{"@id":"https:\/\/hudo.com\/si\/aktualno\/kek-povabil-nekaj-novih-imen-za-latvijo-poljsko-po-oktobrskem-razocaranju-je-cas-za-novo-akcijo\/#breadcrumb"},"inLanguage":"sl-SI","potentialAction":[{"@type":"ReadAction","target":["https:\/\/hudo.com\/si\/aktualno\/kek-povabil-nekaj-novih-imen-za-latvijo-poljsko-po-oktobrskem-razocaranju-je-cas-za-novo-akcijo\/"]}]},{"@type":"BreadcrumbList","@id":"https:\/\/hudo.com\/si\/aktualno\/kek-povabil-nekaj-novih-imen-za-latvijo-poljsko-po-oktobrskem-razocaranju-je-cas-za-novo-akcijo\/#breadcrumb","itemListElement":[{"@type":"ListItem","position":1,"name":"Home","item":"https:\/\/hudo.com\/si\/"},{"@type":"ListItem","position":2,"name":"Kek povabil nekaj novih imen za Latvijo in Poljsko: &#8220;Po oktobrskem razo\u010daranju je \u010das za novo akcijo&#8221;"}]},{"@type":"WebSite","@id":"https:\/\/hudo.com\/si\/#website","url":"https:\/\/hudo.com\/si\/","name":"Hudo Slovenija","description":"Vse novice iz Slovenije in sveta","publisher":{"@id":"https:\/\/hudo.com\/si\/#organization"},"potentialAction":[{"@type":"SearchAction","target":{"@type":"EntryPoint","urlTemplate":"https:\/\/hudo.com\/si\/?s={search_term_string}"},"query-input":"required name=search_term_string"}],"inLanguage":"sl-SI"},{"@type":"Organization","@id":"https:\/\/hudo.com\/si\/#organization","name":"VSN Media","url":"https:\/\/hudo.com\/si\/","logo":{"@type":"ImageObject","inLanguage":"sl-SI","@id":"https:\/\/hudo.com\/si\/#\/schema\/logo\/image\/","url":"https:\/\/hudo.com\/si\/wp-content\/uploads\/sites\/2\/2021\/03\/hudo-app-2.png","contentUrl":"https:\/\/hudo.com\/si\/wp-content\/uploads\/sites\/2\/2021\/03\/hudo-app-2.png","width":2185,"height":2167,"caption":"VSN Media"},"image":{"@id":"https:\/\/hudo.com\/si\/#\/schema\/logo\/image\/"},"sameAs":["https:\/\/www.facebook.com\/hudo.si","https:\/\/twitter.com\/hudo_si"]},{"@type":"Person","@id":"https:\/\/hudo.com\/si\/#\/schema\/person\/2391667a63ea075ba94f2f2dc6b77537","name":"A. G., STA","image":{"@type":"ImageObject","inLanguage":"sl-SI","@id":"https:\/\/hudo.com\/si\/#\/schema\/person\/image\/","url":"https:\/\/secure.gravatar.com\/avatar\/e13d22ac3e442658d5025fbbe6238a79?s=96&d=mm&r=g","contentUrl":"https:\/\/secure.gravatar.com\/avatar\/e13d22ac3e442658d5025fbbe6238a79?s=96&d=mm&r=g","caption":"A. G., STA"},"url":"https:\/\/hudo.com\/si\/author\/alenka\/"}]}},"amp_enabled":true,"_links":{"self":[{"href":"https:\/\/hudo.com\/si\/wp-json\/wp\/v2\/posts\/409646"}],"collection":[{"href":"https:\/\/hudo.com\/si\/wp-json\/wp\/v2\/posts"}],"about":[{"href":"https:\/\/hudo.com\/si\/wp-json\/wp\/v2\/types\/post"}],"author":[{"embeddable":true,"href":"https:\/\/hudo.com\/si\/wp-json\/wp\/v2\/users\/5"}],"replies":[{"embeddable":true,"href":"https:\/\/hudo.com\/si\/wp-json\/wp\/v2\/comments?post=409646"}],"version-history":[{"count":1,"href":"https:\/\/hudo.com\/si\/wp-json\/wp\/v2\/posts\/409646\/revisions"}],"predecessor-version":[{"id":409647,"href":"https:\/\/hudo.com\/si\/wp-json\/wp\/v2\/posts\/409646\/revisions\/409647"}],"wp:featuredmedia":[{"embeddable":true,"href":"https:\/\/hudo.com\/si\/wp-json\/wp\/v2\/media\/408159"}],"wp:attachment":[{"href":"https:\/\/hudo.com\/si\/wp-json\/wp\/v2\/media?parent=409646"}],"wp:term":[{"taxonomy":"category","embeddable":true,"href":"https:\/\/hudo.com\/si\/wp-json\/wp\/v2\/categories?post=409646"},{"taxonomy":"post_tag","embeddable":true,"href":"https:\/\/hudo.com\/si\/wp-json\/wp\/v2\/tags?post=409646"},{"taxonomy":"source","embeddable":true,"href":"https:\/\/hudo.com\/si\/wp-json\/wp\/v2\/source?post=409646"},{"taxonomy":"supertag","embeddable":true,"href":"https:\/\/hudo.com\/si\/wp-json\/wp\/v2\/supertag?post=409646"}],"curies":[{"name":"wp","href":"https:\/\/api.w.org\/{rel}","templated":true}]}}