{"id":410445,"date":"2019-11-17T10:20:30","date_gmt":"2019-11-17T09:20:30","guid":{"rendered":"http:\/\/hudo.com\/si\/?p=410445"},"modified":"2019-11-17T10:20:30","modified_gmt":"2019-11-17T09:20:30","slug":"morje-je-danes-zjutraj-ponovno-zacelo-poplavljati-nizje-dele-obale-pretoki-rek-upadajo","status":"publish","type":"post","link":"https:\/\/hudo.com\/si\/aktualno\/morje-je-danes-zjutraj-ponovno-zacelo-poplavljati-nizje-dele-obale-pretoki-rek-upadajo\/","title":{"rendered":"Morje je danes zjutraj ponovno za\u010delo poplavljati ni\u017eje dele obale, pretoki rek upadajo"},"content":{"rendered":"<p>Po podatkih oddelka za hidrolo\u0161ke napovedi Arsa ima Drava na meji z Avstrijo pretok okoli 900 kubi\u010dnih metrov na sekundo, v stari strugi dolvodno od pregrade Markovci okoli 800 kubi\u010dnih metrov na sekundo. Preko dneva in zve\u010der se bo pretok Drave pove\u010deval in na meji z Avstrijo danes zve\u010der in v no\u010di na ponedeljek dosegel predvidoma 1510 kubi\u010dnih metrov na sekundo. Pono\u010di se bodo pove\u010dala tudi vodnatost pritokov Drave v Sloveniji. Drava bo ob tem poplavljala na ve\u010d mestih ob strugi.<\/p>\n<p>Danes bo na zahodu prete\u017eno obla\u010dno, ob\u010dasno bo ponekod de\u017eevalo. Na vzhodu bo ob\u010dasno nekaj sonca. De\u017e se bo popoldne na zahodu okrepil in \u0161e \u0161iril proti vzhodu. Vmes bodo tudi posamezne nevihte z nalivi. Ob morju bo pihal jugo, drugod jugovzhodni veter, ki bo mo\u010dnej\u0161i na Primorskem. Temperature bodo od 11 do 16, ob morju okoli 18, v gornjesavski dolini okoli 6 stopinj Celzija.<\/p>\n<p>De\u017e bo do jutra povsod ponehal, od zahoda se bo jasnilo. Ponekod bo zapihal jugozahodnik. Najni\u017eje jutranje temperature bodo od 3 do 9, v Gornjesavski dolini okoli 0 stopinj.<\/p>\n<p>V ponedeljek bo sprva povsod dokaj son\u010dno, \u010dez dan bo spet ve\u010d obla\u010dnosti v zahodni in osrednji Sloveniji. Na Primorskem in Notranjskem bo ob\u010dasno rahlo de\u017eevalo. V Prekmurju in na \u0160tajerskem ter ponekod v vi\u0161jih legah bo pihal jugozahodnik. Najvi\u0161je dnevne temperature bodo od 9 do 15, na severozahodu okoli 7 stopinj.<\/p>\n<p>V torek bo v zahodni in deloma osrednji Sloveniji ob\u010dasno de\u017eevalo, na vzhodu pa bo dokaj son\u010dno vreme. Ob morju bo pihal jugo. V sredo bo obla\u010dno. Padavine bodo na zahodu oslabele, kak\u0161na kaplja bo mo\u017ena tudi na vzhodu.<\/p>\n","protected":false},"excerpt":{"rendered":"<p>V naslednjih urah bo poplavilo obalo predvidoma v vi\u0161ini od 30 do 50 centimetrov, opozarja Agencija RS za okolje (Arso). Danes sredi dneva in popoldne bodo v zahodni polovici Slovenije nastajali mo\u010dnej\u0161i krajevni nalivi. Pretoki Drave in tudi ostalih rek padajo, navaja Arso.<\/p>\n","protected":false},"author":8,"featured_media":410446,"comment_status":"closed","ping_status":"closed","sticky":false,"template":"","format":"standard","meta":{"footnotes":""},"categories":[1179],"tags":[5405,15141,1595,2149],"source":[4511],"supertag":[],"acf":[],"yoast_head":"<!-- This site is optimized with the Yoast SEO plugin v21.3 - https:\/\/yoast.com\/wordpress\/plugins\/seo\/ -->\n<title>Morje je danes zjutraj ponovno za\u010delo poplavljati ni\u017eje dele obale, pretoki rek upadajo - Hudo Slovenija<\/title>\n<meta name=\"robots\" content=\"index, follow, max-snippet:-1, max-image-preview:large, max-video-preview:-1\" \/>\n<link rel=\"canonical\" href=\"https:\/\/hudo.com\/si\/aktualno\/morje-je-danes-zjutraj-ponovno-zacelo-poplavljati-nizje-dele-obale-pretoki-rek-upadajo\/\" \/>\n<meta property=\"og:locale\" content=\"sl_SI\" \/>\n<meta property=\"og:type\" content=\"article\" \/>\n<meta property=\"og:title\" content=\"Morje je danes zjutraj ponovno za\u010delo poplavljati ni\u017eje dele obale, pretoki rek upadajo - Hudo Slovenija\" \/>\n<meta property=\"og:description\" content=\"V naslednjih urah bo poplavilo obalo predvidoma v vi\u0161ini od 30 do 50 centimetrov, opozarja Agencija RS za okolje (Arso). Danes sredi dneva in popoldne bodo v zahodni polovici Slovenije nastajali mo\u010dnej\u0161i krajevni nalivi. Pretoki Drave in tudi ostalih rek padajo, navaja Arso.\" \/>\n<meta property=\"og:url\" content=\"https:\/\/hudo.com\/si\/aktualno\/morje-je-danes-zjutraj-ponovno-zacelo-poplavljati-nizje-dele-obale-pretoki-rek-upadajo\/\" \/>\n<meta property=\"og:site_name\" content=\"Hudo Slovenija\" \/>\n<meta property=\"article:publisher\" content=\"https:\/\/www.facebook.com\/hudo.si\" \/>\n<meta property=\"article:published_time\" content=\"2019-11-17T09:20:30+00:00\" \/>\n<meta property=\"og:image\" content=\"https:\/\/hudo.com\/si\/wp-content\/uploads\/sites\/2\/2019\/11\/20191115-00974796.jpg\" \/>\n\t<meta property=\"og:image:width\" content=\"640\" \/>\n\t<meta property=\"og:image:height\" content=\"480\" \/>\n\t<meta property=\"og:image:type\" content=\"image\/jpeg\" \/>\n<meta name=\"author\" content=\"M. N., STA\" \/>\n<meta name=\"twitter:card\" content=\"summary_large_image\" \/>\n<meta name=\"twitter:creator\" content=\"@hudo_si\" \/>\n<meta name=\"twitter:site\" content=\"@hudo_si\" \/>\n<meta name=\"twitter:label1\" content=\"Written by\" \/>\n\t<meta name=\"twitter:data1\" content=\"M. N., STA\" \/>\n\t<meta name=\"twitter:label2\" content=\"Est. reading time\" \/>\n\t<meta name=\"twitter:data2\" content=\"1 minuta\" \/>\n<script type=\"application\/ld+json\" class=\"yoast-schema-graph\">{\"@context\":\"https:\/\/schema.org\",\"@graph\":[{\"@type\":\"Article\",\"@id\":\"https:\/\/hudo.com\/si\/aktualno\/morje-je-danes-zjutraj-ponovno-zacelo-poplavljati-nizje-dele-obale-pretoki-rek-upadajo\/#article\",\"isPartOf\":{\"@id\":\"https:\/\/hudo.com\/si\/aktualno\/morje-je-danes-zjutraj-ponovno-zacelo-poplavljati-nizje-dele-obale-pretoki-rek-upadajo\/\"},\"author\":{\"name\":\"M. N., STA\",\"@id\":\"https:\/\/hudo.com\/si\/#\/schema\/person\/c2f10ce65d2e6ede2aeda5be2a0611fa\"},\"headline\":\"Morje je danes zjutraj ponovno za\u010delo poplavljati ni\u017eje dele obale, pretoki rek upadajo\",\"datePublished\":\"2019-11-17T09:20:30+00:00\",\"dateModified\":\"2019-11-17T09:20:30+00:00\",\"mainEntityOfPage\":{\"@id\":\"https:\/\/hudo.com\/si\/aktualno\/morje-je-danes-zjutraj-ponovno-zacelo-poplavljati-nizje-dele-obale-pretoki-rek-upadajo\/\"},\"wordCount\":298,\"publisher\":{\"@id\":\"https:\/\/hudo.com\/si\/#organization\"},\"keywords\":[\"poplave\",\"poplavljanje morja\",\"Slovenija\",\"vreme\"],\"articleSection\":[\"Aktualno\"],\"inLanguage\":\"sl-SI\"},{\"@type\":\"WebPage\",\"@id\":\"https:\/\/hudo.com\/si\/aktualno\/morje-je-danes-zjutraj-ponovno-zacelo-poplavljati-nizje-dele-obale-pretoki-rek-upadajo\/\",\"url\":\"https:\/\/hudo.com\/si\/aktualno\/morje-je-danes-zjutraj-ponovno-zacelo-poplavljati-nizje-dele-obale-pretoki-rek-upadajo\/\",\"name\":\"Morje je danes zjutraj ponovno za\u010delo poplavljati ni\u017eje dele obale, pretoki rek upadajo - Hudo Slovenija\",\"isPartOf\":{\"@id\":\"https:\/\/hudo.com\/si\/#website\"},\"datePublished\":\"2019-11-17T09:20:30+00:00\",\"dateModified\":\"2019-11-17T09:20:30+00:00\",\"breadcrumb\":{\"@id\":\"https:\/\/hudo.com\/si\/aktualno\/morje-je-danes-zjutraj-ponovno-zacelo-poplavljati-nizje-dele-obale-pretoki-rek-upadajo\/#breadcrumb\"},\"inLanguage\":\"sl-SI\",\"potentialAction\":[{\"@type\":\"ReadAction\",\"target\":[\"https:\/\/hudo.com\/si\/aktualno\/morje-je-danes-zjutraj-ponovno-zacelo-poplavljati-nizje-dele-obale-pretoki-rek-upadajo\/\"]}]},{\"@type\":\"BreadcrumbList\",\"@id\":\"https:\/\/hudo.com\/si\/aktualno\/morje-je-danes-zjutraj-ponovno-zacelo-poplavljati-nizje-dele-obale-pretoki-rek-upadajo\/#breadcrumb\",\"itemListElement\":[{\"@type\":\"ListItem\",\"position\":1,\"name\":\"Home\",\"item\":\"https:\/\/hudo.com\/si\/\"},{\"@type\":\"ListItem\",\"position\":2,\"name\":\"Morje je danes zjutraj ponovno za\u010delo poplavljati ni\u017eje dele obale, pretoki rek upadajo\"}]},{\"@type\":\"WebSite\",\"@id\":\"https:\/\/hudo.com\/si\/#website\",\"url\":\"https:\/\/hudo.com\/si\/\",\"name\":\"Hudo Slovenija\",\"description\":\"Vse novice iz Slovenije in sveta\",\"publisher\":{\"@id\":\"https:\/\/hudo.com\/si\/#organization\"},\"potentialAction\":[{\"@type\":\"SearchAction\",\"target\":{\"@type\":\"EntryPoint\",\"urlTemplate\":\"https:\/\/hudo.com\/si\/?s={search_term_string}\"},\"query-input\":\"required name=search_term_string\"}],\"inLanguage\":\"sl-SI\"},{\"@type\":\"Organization\",\"@id\":\"https:\/\/hudo.com\/si\/#organization\",\"name\":\"VSN Media\",\"url\":\"https:\/\/hudo.com\/si\/\",\"logo\":{\"@type\":\"ImageObject\",\"inLanguage\":\"sl-SI\",\"@id\":\"https:\/\/hudo.com\/si\/#\/schema\/logo\/image\/\",\"url\":\"https:\/\/hudo.com\/si\/wp-content\/uploads\/sites\/2\/2021\/03\/hudo-app-2.png\",\"contentUrl\":\"https:\/\/hudo.com\/si\/wp-content\/uploads\/sites\/2\/2021\/03\/hudo-app-2.png\",\"width\":2185,\"height\":2167,\"caption\":\"VSN Media\"},\"image\":{\"@id\":\"https:\/\/hudo.com\/si\/#\/schema\/logo\/image\/\"},\"sameAs\":[\"https:\/\/www.facebook.com\/hudo.si\",\"https:\/\/twitter.com\/hudo_si\"]},{\"@type\":\"Person\",\"@id\":\"https:\/\/hudo.com\/si\/#\/schema\/person\/c2f10ce65d2e6ede2aeda5be2a0611fa\",\"name\":\"M. N., STA\",\"image\":{\"@type\":\"ImageObject\",\"inLanguage\":\"sl-SI\",\"@id\":\"https:\/\/hudo.com\/si\/#\/schema\/person\/image\/\",\"url\":\"https:\/\/secure.gravatar.com\/avatar\/f370d38daa10467f755c5c766a4cac20?s=96&d=mm&r=g\",\"contentUrl\":\"https:\/\/secure.gravatar.com\/avatar\/f370d38daa10467f755c5c766a4cac20?s=96&d=mm&r=g\",\"caption\":\"M. N., STA\"},\"url\":\"https:\/\/hudo.com\/si\/author\/mana\/\"}]}<\/script>\n<!-- \/ Yoast SEO plugin. -->","yoast_head_json":{"title":"Morje je danes zjutraj ponovno za\u010delo poplavljati ni\u017eje dele obale, pretoki rek upadajo - Hudo Slovenija","robots":{"index":"index","follow":"follow","max-snippet":"max-snippet:-1","max-image-preview":"max-image-preview:large","max-video-preview":"max-video-preview:-1"},"canonical":"https:\/\/hudo.com\/si\/aktualno\/morje-je-danes-zjutraj-ponovno-zacelo-poplavljati-nizje-dele-obale-pretoki-rek-upadajo\/","og_locale":"sl_SI","og_type":"article","og_title":"Morje je danes zjutraj ponovno za\u010delo poplavljati ni\u017eje dele obale, pretoki rek upadajo - Hudo Slovenija","og_description":"V naslednjih urah bo poplavilo obalo predvidoma v vi\u0161ini od 30 do 50 centimetrov, opozarja Agencija RS za okolje (Arso). Danes sredi dneva in popoldne bodo v zahodni polovici Slovenije nastajali mo\u010dnej\u0161i krajevni nalivi. Pretoki Drave in tudi ostalih rek padajo, navaja Arso.","og_url":"https:\/\/hudo.com\/si\/aktualno\/morje-je-danes-zjutraj-ponovno-zacelo-poplavljati-nizje-dele-obale-pretoki-rek-upadajo\/","og_site_name":"Hudo Slovenija","article_publisher":"https:\/\/www.facebook.com\/hudo.si","article_published_time":"2019-11-17T09:20:30+00:00","og_image":[{"width":640,"height":480,"url":"https:\/\/hudo.com\/si\/wp-content\/uploads\/sites\/2\/2019\/11\/20191115-00974796.jpg","type":"image\/jpeg"}],"author":"M. N., STA","twitter_card":"summary_large_image","twitter_creator":"@hudo_si","twitter_site":"@hudo_si","twitter_misc":{"Written by":"M. N., STA","Est. reading time":"1 minuta"},"schema":{"@context":"https:\/\/schema.org","@graph":[{"@type":"Article","@id":"https:\/\/hudo.com\/si\/aktualno\/morje-je-danes-zjutraj-ponovno-zacelo-poplavljati-nizje-dele-obale-pretoki-rek-upadajo\/#article","isPartOf":{"@id":"https:\/\/hudo.com\/si\/aktualno\/morje-je-danes-zjutraj-ponovno-zacelo-poplavljati-nizje-dele-obale-pretoki-rek-upadajo\/"},"author":{"name":"M. N., STA","@id":"https:\/\/hudo.com\/si\/#\/schema\/person\/c2f10ce65d2e6ede2aeda5be2a0611fa"},"headline":"Morje je danes zjutraj ponovno za\u010delo poplavljati ni\u017eje dele obale, pretoki rek upadajo","datePublished":"2019-11-17T09:20:30+00:00","dateModified":"2019-11-17T09:20:30+00:00","mainEntityOfPage":{"@id":"https:\/\/hudo.com\/si\/aktualno\/morje-je-danes-zjutraj-ponovno-zacelo-poplavljati-nizje-dele-obale-pretoki-rek-upadajo\/"},"wordCount":298,"publisher":{"@id":"https:\/\/hudo.com\/si\/#organization"},"keywords":["poplave","poplavljanje morja","Slovenija","vreme"],"articleSection":["Aktualno"],"inLanguage":"sl-SI"},{"@type":"WebPage","@id":"https:\/\/hudo.com\/si\/aktualno\/morje-je-danes-zjutraj-ponovno-zacelo-poplavljati-nizje-dele-obale-pretoki-rek-upadajo\/","url":"https:\/\/hudo.com\/si\/aktualno\/morje-je-danes-zjutraj-ponovno-zacelo-poplavljati-nizje-dele-obale-pretoki-rek-upadajo\/","name":"Morje je danes zjutraj ponovno za\u010delo poplavljati ni\u017eje dele obale, pretoki rek upadajo - Hudo Slovenija","isPartOf":{"@id":"https:\/\/hudo.com\/si\/#website"},"datePublished":"2019-11-17T09:20:30+00:00","dateModified":"2019-11-17T09:20:30+00:00","breadcrumb":{"@id":"https:\/\/hudo.com\/si\/aktualno\/morje-je-danes-zjutraj-ponovno-zacelo-poplavljati-nizje-dele-obale-pretoki-rek-upadajo\/#breadcrumb"},"inLanguage":"sl-SI","potentialAction":[{"@type":"ReadAction","target":["https:\/\/hudo.com\/si\/aktualno\/morje-je-danes-zjutraj-ponovno-zacelo-poplavljati-nizje-dele-obale-pretoki-rek-upadajo\/"]}]},{"@type":"BreadcrumbList","@id":"https:\/\/hudo.com\/si\/aktualno\/morje-je-danes-zjutraj-ponovno-zacelo-poplavljati-nizje-dele-obale-pretoki-rek-upadajo\/#breadcrumb","itemListElement":[{"@type":"ListItem","position":1,"name":"Home","item":"https:\/\/hudo.com\/si\/"},{"@type":"ListItem","position":2,"name":"Morje je danes zjutraj ponovno za\u010delo poplavljati ni\u017eje dele obale, pretoki rek upadajo"}]},{"@type":"WebSite","@id":"https:\/\/hudo.com\/si\/#website","url":"https:\/\/hudo.com\/si\/","name":"Hudo Slovenija","description":"Vse novice iz Slovenije in sveta","publisher":{"@id":"https:\/\/hudo.com\/si\/#organization"},"potentialAction":[{"@type":"SearchAction","target":{"@type":"EntryPoint","urlTemplate":"https:\/\/hudo.com\/si\/?s={search_term_string}"},"query-input":"required name=search_term_string"}],"inLanguage":"sl-SI"},{"@type":"Organization","@id":"https:\/\/hudo.com\/si\/#organization","name":"VSN Media","url":"https:\/\/hudo.com\/si\/","logo":{"@type":"ImageObject","inLanguage":"sl-SI","@id":"https:\/\/hudo.com\/si\/#\/schema\/logo\/image\/","url":"https:\/\/hudo.com\/si\/wp-content\/uploads\/sites\/2\/2021\/03\/hudo-app-2.png","contentUrl":"https:\/\/hudo.com\/si\/wp-content\/uploads\/sites\/2\/2021\/03\/hudo-app-2.png","width":2185,"height":2167,"caption":"VSN Media"},"image":{"@id":"https:\/\/hudo.com\/si\/#\/schema\/logo\/image\/"},"sameAs":["https:\/\/www.facebook.com\/hudo.si","https:\/\/twitter.com\/hudo_si"]},{"@type":"Person","@id":"https:\/\/hudo.com\/si\/#\/schema\/person\/c2f10ce65d2e6ede2aeda5be2a0611fa","name":"M. N., STA","image":{"@type":"ImageObject","inLanguage":"sl-SI","@id":"https:\/\/hudo.com\/si\/#\/schema\/person\/image\/","url":"https:\/\/secure.gravatar.com\/avatar\/f370d38daa10467f755c5c766a4cac20?s=96&d=mm&r=g","contentUrl":"https:\/\/secure.gravatar.com\/avatar\/f370d38daa10467f755c5c766a4cac20?s=96&d=mm&r=g","caption":"M. N., STA"},"url":"https:\/\/hudo.com\/si\/author\/mana\/"}]}},"amp_enabled":true,"_links":{"self":[{"href":"https:\/\/hudo.com\/si\/wp-json\/wp\/v2\/posts\/410445"}],"collection":[{"href":"https:\/\/hudo.com\/si\/wp-json\/wp\/v2\/posts"}],"about":[{"href":"https:\/\/hudo.com\/si\/wp-json\/wp\/v2\/types\/post"}],"author":[{"embeddable":true,"href":"https:\/\/hudo.com\/si\/wp-json\/wp\/v2\/users\/8"}],"replies":[{"embeddable":true,"href":"https:\/\/hudo.com\/si\/wp-json\/wp\/v2\/comments?post=410445"}],"version-history":[{"count":1,"href":"https:\/\/hudo.com\/si\/wp-json\/wp\/v2\/posts\/410445\/revisions"}],"predecessor-version":[{"id":410447,"href":"https:\/\/hudo.com\/si\/wp-json\/wp\/v2\/posts\/410445\/revisions\/410447"}],"wp:featuredmedia":[{"embeddable":true,"href":"https:\/\/hudo.com\/si\/wp-json\/wp\/v2\/media\/410446"}],"wp:attachment":[{"href":"https:\/\/hudo.com\/si\/wp-json\/wp\/v2\/media?parent=410445"}],"wp:term":[{"taxonomy":"category","embeddable":true,"href":"https:\/\/hudo.com\/si\/wp-json\/wp\/v2\/categories?post=410445"},{"taxonomy":"post_tag","embeddable":true,"href":"https:\/\/hudo.com\/si\/wp-json\/wp\/v2\/tags?post=410445"},{"taxonomy":"source","embeddable":true,"href":"https:\/\/hudo.com\/si\/wp-json\/wp\/v2\/source?post=410445"},{"taxonomy":"supertag","embeddable":true,"href":"https:\/\/hudo.com\/si\/wp-json\/wp\/v2\/supertag?post=410445"}],"curies":[{"name":"wp","href":"https:\/\/api.w.org\/{rel}","templated":true}]}}