{"id":410603,"date":"2019-11-19T08:49:22","date_gmt":"2019-11-19T07:49:22","guid":{"rendered":"https:\/\/hudo.com\/si\/2019\/11\/19\/v-zadnjem-letu-je-bilo-unicenega-toliko-amazonskega-pragozda-kot-ze-dobrih-10-let-ne\/"},"modified":"2019-11-19T08:49:22","modified_gmt":"2019-11-19T07:49:22","slug":"v-zadnjem-letu-je-bilo-unicenega-toliko-amazonskega-pragozda-kot-ze-dobrih-10-let-ne","status":"publish","type":"post","link":"https:\/\/hudo.com\/si\/aktualno\/mnenja\/v-zadnjem-letu-je-bilo-unicenega-toliko-amazonskega-pragozda-kot-ze-dobrih-10-let-ne\/","title":{"rendered":"V zadnjem letu je bilo uni\u010denega toliko amazonskega pragozda, kot \u017ee dobrih 10 let ne"},"content":{"rendered":"<figure>\n\t\t\t\t\t<img loading=\"lazy\" decoding=\"async\" width=\"660\" height=\"320\" src=\"image\/gif;base64,R0lGODlhAQABAAAAACH5BAEKAAEALAAAAAABAAEAAAICTAEAOw==\" class=\"lazyload\" \/><figcaption>foto:Profimedia<\/figcaption><\/figure>\n<p>Deforestacija je bila najhuj\u0161a v zvezni dr\u017eavi Para, kjer je izginilo skoraj 4000 kvadratnih kilometrov gozda, je poro\u010dala francoska tiskovna agencija AFP.<\/p>\n<h2>Nepopravljiva \u0161koda<\/h2>\n<p>Kr\u010denje gozdov je v Amazoniji drasti\u010dno naraslo med letoma 1991 in 2003, nato se je za\u010delo zmanj\u0161evati. V zadnjem \u010dasu pa je spet v porastu, za kar okoljevarstveniki krivijo Bolsonara. Ta namre\u010d po njihovih navedbah spodbuja kr\u010denje pragozda z namenom pospe\u0161itve pridobivanja pa\u0161nih in obdelovalnih povr\u0161in.<\/p>\n<p>Kmetje se deforestacije najpogosteje lotijo s po\u017eiganjem gozdov, kar je letos poleti pripeljalo do obse\u017enih gozdnih po\u017earov, ki so pritegnili pozornost svetovne javnosti. Na Bolsonara se je vsul plaz kritik tudi iz politi\u010dnih krogov, sli\u0161ati je bilo celo pozive h gospodarski osamitvi Brazilije.<\/p>\n","protected":false},"excerpt":{"rendered":"<p>Na obmo\u010dju amazonskega de\u017eevnega gozda je bilo od lanskega do leto\u0161njega julija uni\u010denih 9762 kvadratnih kilometrov gozdnih povr\u0161in, kar je 29,5 odstotka ve\u010d kot v predhodnem obdobju in najve\u010d po letu 2008. Glavni razlog so leto\u0161nji obse\u017eni po\u017eari, zaradi katerih je bil brazilski predsednik Jair Bolsonaro tar\u010da ostrih kritik.<\/p>\n","protected":false},"author":1,"featured_media":0,"comment_status":"closed","ping_status":"closed","sticky":false,"template":"","format":"standard","meta":{"footnotes":""},"categories":[1605],"tags":[9404,2171],"source":[1607,1518],"supertag":[],"acf":[],"yoast_head":"<!-- This site is optimized with the Yoast SEO plugin v21.3 - https:\/\/yoast.com\/wordpress\/plugins\/seo\/ -->\n<title>V zadnjem letu je bilo uni\u010denega toliko amazonskega pragozda, kot \u017ee dobrih 10 let ne - Hudo Slovenija<\/title>\n<meta name=\"robots\" content=\"index, follow, max-snippet:-1, max-image-preview:large, max-video-preview:-1\" \/>\n<link rel=\"canonical\" href=\"https:\/\/hudo.com\/si\/aktualno\/mnenja\/v-zadnjem-letu-je-bilo-unicenega-toliko-amazonskega-pragozda-kot-ze-dobrih-10-let-ne\/\" \/>\n<meta property=\"og:locale\" content=\"sl_SI\" \/>\n<meta property=\"og:type\" content=\"article\" \/>\n<meta property=\"og:title\" content=\"V zadnjem letu je bilo uni\u010denega toliko amazonskega pragozda, kot \u017ee dobrih 10 let ne - Hudo Slovenija\" \/>\n<meta property=\"og:description\" content=\"Na obmo\u010dju amazonskega de\u017eevnega gozda je bilo od lanskega do leto\u0161njega julija uni\u010denih 9762 kvadratnih kilometrov gozdnih povr\u0161in, kar je 29,5 odstotka ve\u010d kot v predhodnem obdobju in najve\u010d po letu 2008. Glavni razlog so leto\u0161nji obse\u017eni po\u017eari, zaradi katerih je bil brazilski predsednik Jair Bolsonaro tar\u010da ostrih kritik.\" \/>\n<meta property=\"og:url\" content=\"https:\/\/hudo.com\/si\/aktualno\/mnenja\/v-zadnjem-letu-je-bilo-unicenega-toliko-amazonskega-pragozda-kot-ze-dobrih-10-let-ne\/\" \/>\n<meta property=\"og:site_name\" content=\"Hudo Slovenija\" \/>\n<meta property=\"article:publisher\" content=\"https:\/\/www.facebook.com\/hudo.si\" \/>\n<meta property=\"article:published_time\" content=\"2019-11-19T07:49:22+00:00\" \/>\n<meta property=\"og:image\" content=\"https:\/\/hudo.com\/si\/wp-content\/uploads\/sites\/2\/2019\/11\/profimedia-0480463711.jpg\" \/>\n\t<meta property=\"og:image:width\" content=\"1250\" \/>\n\t<meta property=\"og:image:height\" content=\"833\" \/>\n\t<meta property=\"og:image:type\" content=\"image\/jpeg\" \/>\n<meta name=\"author\" content=\"hudo\" \/>\n<meta name=\"twitter:card\" content=\"summary_large_image\" \/>\n<meta name=\"twitter:creator\" content=\"@hudo_si\" \/>\n<meta name=\"twitter:site\" content=\"@hudo_si\" \/>\n<meta name=\"twitter:label1\" content=\"Written by\" \/>\n\t<meta name=\"twitter:data1\" content=\"hudo\" \/>\n\t<meta name=\"twitter:label2\" content=\"Est. reading time\" \/>\n\t<meta name=\"twitter:data2\" content=\"1 minuta\" \/>\n<script type=\"application\/ld+json\" class=\"yoast-schema-graph\">{\"@context\":\"https:\/\/schema.org\",\"@graph\":[{\"@type\":\"Article\",\"@id\":\"https:\/\/hudo.com\/si\/aktualno\/mnenja\/v-zadnjem-letu-je-bilo-unicenega-toliko-amazonskega-pragozda-kot-ze-dobrih-10-let-ne\/#article\",\"isPartOf\":{\"@id\":\"https:\/\/hudo.com\/si\/aktualno\/mnenja\/v-zadnjem-letu-je-bilo-unicenega-toliko-amazonskega-pragozda-kot-ze-dobrih-10-let-ne\/\"},\"author\":{\"name\":\"hudo\",\"@id\":\"https:\/\/hudo.com\/si\/#\/schema\/person\/601cf3379633985b20f7e50f2bb47707\"},\"headline\":\"V zadnjem letu je bilo uni\u010denega toliko amazonskega pragozda, kot \u017ee dobrih 10 let ne\",\"datePublished\":\"2019-11-19T07:49:22+00:00\",\"dateModified\":\"2019-11-19T07:49:22+00:00\",\"mainEntityOfPage\":{\"@id\":\"https:\/\/hudo.com\/si\/aktualno\/mnenja\/v-zadnjem-letu-je-bilo-unicenega-toliko-amazonskega-pragozda-kot-ze-dobrih-10-let-ne\/\"},\"wordCount\":143,\"publisher\":{\"@id\":\"https:\/\/hudo.com\/si\/#organization\"},\"keywords\":[\"amazonski pragozd\",\"ekologija\"],\"articleSection\":[\"Mnenja\"],\"inLanguage\":\"sl-SI\"},{\"@type\":\"WebPage\",\"@id\":\"https:\/\/hudo.com\/si\/aktualno\/mnenja\/v-zadnjem-letu-je-bilo-unicenega-toliko-amazonskega-pragozda-kot-ze-dobrih-10-let-ne\/\",\"url\":\"https:\/\/hudo.com\/si\/aktualno\/mnenja\/v-zadnjem-letu-je-bilo-unicenega-toliko-amazonskega-pragozda-kot-ze-dobrih-10-let-ne\/\",\"name\":\"V zadnjem letu je bilo uni\u010denega toliko amazonskega pragozda, kot \u017ee dobrih 10 let ne - Hudo Slovenija\",\"isPartOf\":{\"@id\":\"https:\/\/hudo.com\/si\/#website\"},\"datePublished\":\"2019-11-19T07:49:22+00:00\",\"dateModified\":\"2019-11-19T07:49:22+00:00\",\"breadcrumb\":{\"@id\":\"https:\/\/hudo.com\/si\/aktualno\/mnenja\/v-zadnjem-letu-je-bilo-unicenega-toliko-amazonskega-pragozda-kot-ze-dobrih-10-let-ne\/#breadcrumb\"},\"inLanguage\":\"sl-SI\",\"potentialAction\":[{\"@type\":\"ReadAction\",\"target\":[\"https:\/\/hudo.com\/si\/aktualno\/mnenja\/v-zadnjem-letu-je-bilo-unicenega-toliko-amazonskega-pragozda-kot-ze-dobrih-10-let-ne\/\"]}]},{\"@type\":\"BreadcrumbList\",\"@id\":\"https:\/\/hudo.com\/si\/aktualno\/mnenja\/v-zadnjem-letu-je-bilo-unicenega-toliko-amazonskega-pragozda-kot-ze-dobrih-10-let-ne\/#breadcrumb\",\"itemListElement\":[{\"@type\":\"ListItem\",\"position\":1,\"name\":\"Home\",\"item\":\"https:\/\/hudo.com\/si\/\"},{\"@type\":\"ListItem\",\"position\":2,\"name\":\"V zadnjem letu je bilo uni\u010denega toliko amazonskega pragozda, kot \u017ee dobrih 10 let ne\"}]},{\"@type\":\"WebSite\",\"@id\":\"https:\/\/hudo.com\/si\/#website\",\"url\":\"https:\/\/hudo.com\/si\/\",\"name\":\"Hudo Slovenija\",\"description\":\"Vse novice iz Slovenije in sveta\",\"publisher\":{\"@id\":\"https:\/\/hudo.com\/si\/#organization\"},\"potentialAction\":[{\"@type\":\"SearchAction\",\"target\":{\"@type\":\"EntryPoint\",\"urlTemplate\":\"https:\/\/hudo.com\/si\/?s={search_term_string}\"},\"query-input\":\"required name=search_term_string\"}],\"inLanguage\":\"sl-SI\"},{\"@type\":\"Organization\",\"@id\":\"https:\/\/hudo.com\/si\/#organization\",\"name\":\"VSN Media\",\"url\":\"https:\/\/hudo.com\/si\/\",\"logo\":{\"@type\":\"ImageObject\",\"inLanguage\":\"sl-SI\",\"@id\":\"https:\/\/hudo.com\/si\/#\/schema\/logo\/image\/\",\"url\":\"https:\/\/hudo.com\/si\/wp-content\/uploads\/sites\/2\/2021\/03\/hudo-app-2.png\",\"contentUrl\":\"https:\/\/hudo.com\/si\/wp-content\/uploads\/sites\/2\/2021\/03\/hudo-app-2.png\",\"width\":2185,\"height\":2167,\"caption\":\"VSN Media\"},\"image\":{\"@id\":\"https:\/\/hudo.com\/si\/#\/schema\/logo\/image\/\"},\"sameAs\":[\"https:\/\/www.facebook.com\/hudo.si\",\"https:\/\/twitter.com\/hudo_si\"]},{\"@type\":\"Person\",\"@id\":\"https:\/\/hudo.com\/si\/#\/schema\/person\/601cf3379633985b20f7e50f2bb47707\",\"name\":\"hudo\",\"image\":{\"@type\":\"ImageObject\",\"inLanguage\":\"sl-SI\",\"@id\":\"https:\/\/hudo.com\/si\/#\/schema\/person\/image\/\",\"url\":\"https:\/\/secure.gravatar.com\/avatar\/c4ca25fa72cace7a696b52ff5db9e095?s=96&d=mm&r=g\",\"contentUrl\":\"https:\/\/secure.gravatar.com\/avatar\/c4ca25fa72cace7a696b52ff5db9e095?s=96&d=mm&r=g\",\"caption\":\"hudo\"},\"url\":\"https:\/\/hudo.com\/si\/author\/hudo\/\"}]}<\/script>\n<!-- \/ Yoast SEO plugin. -->","yoast_head_json":{"title":"V zadnjem letu je bilo uni\u010denega toliko amazonskega pragozda, kot \u017ee dobrih 10 let ne - Hudo Slovenija","robots":{"index":"index","follow":"follow","max-snippet":"max-snippet:-1","max-image-preview":"max-image-preview:large","max-video-preview":"max-video-preview:-1"},"canonical":"https:\/\/hudo.com\/si\/aktualno\/mnenja\/v-zadnjem-letu-je-bilo-unicenega-toliko-amazonskega-pragozda-kot-ze-dobrih-10-let-ne\/","og_locale":"sl_SI","og_type":"article","og_title":"V zadnjem letu je bilo uni\u010denega toliko amazonskega pragozda, kot \u017ee dobrih 10 let ne - Hudo Slovenija","og_description":"Na obmo\u010dju amazonskega de\u017eevnega gozda je bilo od lanskega do leto\u0161njega julija uni\u010denih 9762 kvadratnih kilometrov gozdnih povr\u0161in, kar je 29,5 odstotka ve\u010d kot v predhodnem obdobju in najve\u010d po letu 2008. Glavni razlog so leto\u0161nji obse\u017eni po\u017eari, zaradi katerih je bil brazilski predsednik Jair Bolsonaro tar\u010da ostrih kritik.","og_url":"https:\/\/hudo.com\/si\/aktualno\/mnenja\/v-zadnjem-letu-je-bilo-unicenega-toliko-amazonskega-pragozda-kot-ze-dobrih-10-let-ne\/","og_site_name":"Hudo Slovenija","article_publisher":"https:\/\/www.facebook.com\/hudo.si","article_published_time":"2019-11-19T07:49:22+00:00","og_image":[{"width":1250,"height":833,"url":"https:\/\/hudo.com\/si\/wp-content\/uploads\/sites\/2\/2019\/11\/profimedia-0480463711.jpg","type":"image\/jpeg"}],"author":"hudo","twitter_card":"summary_large_image","twitter_creator":"@hudo_si","twitter_site":"@hudo_si","twitter_misc":{"Written by":"hudo","Est. reading time":"1 minuta"},"schema":{"@context":"https:\/\/schema.org","@graph":[{"@type":"Article","@id":"https:\/\/hudo.com\/si\/aktualno\/mnenja\/v-zadnjem-letu-je-bilo-unicenega-toliko-amazonskega-pragozda-kot-ze-dobrih-10-let-ne\/#article","isPartOf":{"@id":"https:\/\/hudo.com\/si\/aktualno\/mnenja\/v-zadnjem-letu-je-bilo-unicenega-toliko-amazonskega-pragozda-kot-ze-dobrih-10-let-ne\/"},"author":{"name":"hudo","@id":"https:\/\/hudo.com\/si\/#\/schema\/person\/601cf3379633985b20f7e50f2bb47707"},"headline":"V zadnjem letu je bilo uni\u010denega toliko amazonskega pragozda, kot \u017ee dobrih 10 let ne","datePublished":"2019-11-19T07:49:22+00:00","dateModified":"2019-11-19T07:49:22+00:00","mainEntityOfPage":{"@id":"https:\/\/hudo.com\/si\/aktualno\/mnenja\/v-zadnjem-letu-je-bilo-unicenega-toliko-amazonskega-pragozda-kot-ze-dobrih-10-let-ne\/"},"wordCount":143,"publisher":{"@id":"https:\/\/hudo.com\/si\/#organization"},"keywords":["amazonski pragozd","ekologija"],"articleSection":["Mnenja"],"inLanguage":"sl-SI"},{"@type":"WebPage","@id":"https:\/\/hudo.com\/si\/aktualno\/mnenja\/v-zadnjem-letu-je-bilo-unicenega-toliko-amazonskega-pragozda-kot-ze-dobrih-10-let-ne\/","url":"https:\/\/hudo.com\/si\/aktualno\/mnenja\/v-zadnjem-letu-je-bilo-unicenega-toliko-amazonskega-pragozda-kot-ze-dobrih-10-let-ne\/","name":"V zadnjem letu je bilo uni\u010denega toliko amazonskega pragozda, kot \u017ee dobrih 10 let ne - Hudo Slovenija","isPartOf":{"@id":"https:\/\/hudo.com\/si\/#website"},"datePublished":"2019-11-19T07:49:22+00:00","dateModified":"2019-11-19T07:49:22+00:00","breadcrumb":{"@id":"https:\/\/hudo.com\/si\/aktualno\/mnenja\/v-zadnjem-letu-je-bilo-unicenega-toliko-amazonskega-pragozda-kot-ze-dobrih-10-let-ne\/#breadcrumb"},"inLanguage":"sl-SI","potentialAction":[{"@type":"ReadAction","target":["https:\/\/hudo.com\/si\/aktualno\/mnenja\/v-zadnjem-letu-je-bilo-unicenega-toliko-amazonskega-pragozda-kot-ze-dobrih-10-let-ne\/"]}]},{"@type":"BreadcrumbList","@id":"https:\/\/hudo.com\/si\/aktualno\/mnenja\/v-zadnjem-letu-je-bilo-unicenega-toliko-amazonskega-pragozda-kot-ze-dobrih-10-let-ne\/#breadcrumb","itemListElement":[{"@type":"ListItem","position":1,"name":"Home","item":"https:\/\/hudo.com\/si\/"},{"@type":"ListItem","position":2,"name":"V zadnjem letu je bilo uni\u010denega toliko amazonskega pragozda, kot \u017ee dobrih 10 let ne"}]},{"@type":"WebSite","@id":"https:\/\/hudo.com\/si\/#website","url":"https:\/\/hudo.com\/si\/","name":"Hudo Slovenija","description":"Vse novice iz Slovenije in sveta","publisher":{"@id":"https:\/\/hudo.com\/si\/#organization"},"potentialAction":[{"@type":"SearchAction","target":{"@type":"EntryPoint","urlTemplate":"https:\/\/hudo.com\/si\/?s={search_term_string}"},"query-input":"required name=search_term_string"}],"inLanguage":"sl-SI"},{"@type":"Organization","@id":"https:\/\/hudo.com\/si\/#organization","name":"VSN Media","url":"https:\/\/hudo.com\/si\/","logo":{"@type":"ImageObject","inLanguage":"sl-SI","@id":"https:\/\/hudo.com\/si\/#\/schema\/logo\/image\/","url":"https:\/\/hudo.com\/si\/wp-content\/uploads\/sites\/2\/2021\/03\/hudo-app-2.png","contentUrl":"https:\/\/hudo.com\/si\/wp-content\/uploads\/sites\/2\/2021\/03\/hudo-app-2.png","width":2185,"height":2167,"caption":"VSN Media"},"image":{"@id":"https:\/\/hudo.com\/si\/#\/schema\/logo\/image\/"},"sameAs":["https:\/\/www.facebook.com\/hudo.si","https:\/\/twitter.com\/hudo_si"]},{"@type":"Person","@id":"https:\/\/hudo.com\/si\/#\/schema\/person\/601cf3379633985b20f7e50f2bb47707","name":"hudo","image":{"@type":"ImageObject","inLanguage":"sl-SI","@id":"https:\/\/hudo.com\/si\/#\/schema\/person\/image\/","url":"https:\/\/secure.gravatar.com\/avatar\/c4ca25fa72cace7a696b52ff5db9e095?s=96&d=mm&r=g","contentUrl":"https:\/\/secure.gravatar.com\/avatar\/c4ca25fa72cace7a696b52ff5db9e095?s=96&d=mm&r=g","caption":"hudo"},"url":"https:\/\/hudo.com\/si\/author\/hudo\/"}]}},"amp_enabled":true,"_links":{"self":[{"href":"https:\/\/hudo.com\/si\/wp-json\/wp\/v2\/posts\/410603"}],"collection":[{"href":"https:\/\/hudo.com\/si\/wp-json\/wp\/v2\/posts"}],"about":[{"href":"https:\/\/hudo.com\/si\/wp-json\/wp\/v2\/types\/post"}],"author":[{"embeddable":true,"href":"https:\/\/hudo.com\/si\/wp-json\/wp\/v2\/users\/1"}],"replies":[{"embeddable":true,"href":"https:\/\/hudo.com\/si\/wp-json\/wp\/v2\/comments?post=410603"}],"version-history":[{"count":0,"href":"https:\/\/hudo.com\/si\/wp-json\/wp\/v2\/posts\/410603\/revisions"}],"wp:attachment":[{"href":"https:\/\/hudo.com\/si\/wp-json\/wp\/v2\/media?parent=410603"}],"wp:term":[{"taxonomy":"category","embeddable":true,"href":"https:\/\/hudo.com\/si\/wp-json\/wp\/v2\/categories?post=410603"},{"taxonomy":"post_tag","embeddable":true,"href":"https:\/\/hudo.com\/si\/wp-json\/wp\/v2\/tags?post=410603"},{"taxonomy":"source","embeddable":true,"href":"https:\/\/hudo.com\/si\/wp-json\/wp\/v2\/source?post=410603"},{"taxonomy":"supertag","embeddable":true,"href":"https:\/\/hudo.com\/si\/wp-json\/wp\/v2\/supertag?post=410603"}],"curies":[{"name":"wp","href":"https:\/\/api.w.org\/{rel}","templated":true}]}}