{"id":410709,"date":"2019-11-20T12:48:24","date_gmt":"2019-11-20T11:48:24","guid":{"rendered":"http:\/\/hudo.com\/si\/?p=410709"},"modified":"2019-11-20T12:48:24","modified_gmt":"2019-11-20T11:48:24","slug":"v-rojstno-hiso-adolfa-hitlerja-se-bo-vselila-avstrijska-policija-na-tak-nacin-preprecila-da-bi-postala-romarski-kraj-za-neonaciste","status":"publish","type":"post","link":"https:\/\/hudo.com\/si\/aktualno\/v-rojstno-hiso-adolfa-hitlerja-se-bo-vselila-avstrijska-policija-na-tak-nacin-preprecila-da-bi-postala-romarski-kraj-za-neonaciste\/","title":{"rendered":"V rojstno hi\u0161o Adolfa Hitlerja se bo vselila avstrijska policija in na tak na\u010din prepre\u010dila, da bi postala romarski kraj za neonaciste"},"content":{"rendered":"<p>Z vselitvijo policije v Hitlerjevo rojstno hi\u0161o v kraju Braunau am Inn v Zgornji Avstriji se bo zaklju\u010dil dolgoletni pravni spor med avstrijsko dr\u017eavo in lastnico hi\u0161e. Avstrijski parlament je leta 2016 sprejel odlo\u010ditev o razlastitvi hi\u0161e. Lastnica se je prito\u017eila tako zaradi razlastitve kot vi\u0161ine od\u0161kodnine. To\u017enica je sicer avgusta letos dokon\u010dno izgubila primer na vrhovnem sodi\u0161\u010du na Dunaju, poro\u010da avstrijska tiskovna agencija APA.<\/p>\n<p>Zaklju\u010dek sodnega postopa je omogo\u010dil avstrijski dr\u017eavi, da sprejme dokon\u010dno odlo\u010ditev o nadaljnji usodi hi\u0161e, ki bo postala sede\u017e okrajnega policijskega poveljstva ter policijskega in\u0161pektorata Braunau. Potem ko so nekdanji lastnici izpla\u010dali 812.000 evrov od\u0161kodnine, se je notranje ministrstvo odlo\u010dilo za objavo arhitekturnega nate\u010daja za obnovo hi\u0161e.<\/p>\n<p>Po navedbah doma\u010dinov so neonacisti doslej pogosto pripotovali v Braunau, da bi se fotografirali pred Hitlerjevo rojstno hi\u0161o, poro\u010da nem\u0161ka tiskovna agencija dpa.<\/p>\n<p>&#8220;To, da bo hi\u0161o v prihodnje uporabljala policija, bi moralo poslati jasen znak, da ta stavba ne bi smela nikoli slu\u017eiti kot kraj za komemoracijo nacionalsocializma,&#8221; je na torkovi novinarski konferenci poudaril avstrijski notranji minister Wolfgang Peschorn.<\/p>\n<p>Arhitekturne predloge za obnove hi\u0161e, ki bodo prispeli na nate\u010daj, bo ocenjevala neodvisna skupina strokovnjakov, v kateri bodo poleg arhitektov \u0161e predstavniki mesta Braunau, dr\u017eavnega stanovanjskega sklada ter narodnega sklada za \u017ertve nacionalsocializma. Rezultati arhitekturnega nate\u010daja naj bi bili znani v prvi polovici leta 2020.<\/p>\n<p>Hitler (1889-1945) je v trinadstropni hi\u0161i v sredi\u0161\u010du mesta, ki le\u017ei na meji z Nem\u010dijo, pre\u017eivel prve mesece svojega \u017eivljenja. V preteklosti so imeli v Avstriji tudi na\u010drte, da bi njegovo rojstno hi\u0161o poru\u0161ili.<\/p>\n","protected":false},"excerpt":{"rendered":"<p>Kot je sporo\u010dilo avstrijsko notranje ministrstvo, bodo hi\u0161o pred vselitvijo policije prenovili. Arhitekturni nate\u010daj na ravni EU bo objavljen \u0161e ta mesec.<\/p>\n","protected":false},"author":8,"featured_media":156339,"comment_status":"closed","ping_status":"closed","sticky":false,"template":"","format":"standard","meta":{"footnotes":""},"categories":[1179],"tags":[2181,1934,7345],"source":[4511],"supertag":[6103],"acf":[],"yoast_head":"<!-- This site is optimized with the Yoast SEO plugin v21.3 - https:\/\/yoast.com\/wordpress\/plugins\/seo\/ -->\n<title>V rojstno hi\u0161o Adolfa Hitlerja se bo vselila avstrijska policija in na tak na\u010din prepre\u010dila, da bi postala romarski kraj za neonaciste - Hudo Slovenija<\/title>\n<meta name=\"robots\" content=\"index, follow, max-snippet:-1, max-image-preview:large, max-video-preview:-1\" \/>\n<link rel=\"canonical\" href=\"https:\/\/hudo.com\/si\/aktualno\/v-rojstno-hiso-adolfa-hitlerja-se-bo-vselila-avstrijska-policija-na-tak-nacin-preprecila-da-bi-postala-romarski-kraj-za-neonaciste\/\" \/>\n<meta property=\"og:locale\" content=\"sl_SI\" \/>\n<meta property=\"og:type\" content=\"article\" \/>\n<meta property=\"og:title\" content=\"V rojstno hi\u0161o Adolfa Hitlerja se bo vselila avstrijska policija in na tak na\u010din prepre\u010dila, da bi postala romarski kraj za neonaciste - Hudo Slovenija\" \/>\n<meta property=\"og:description\" content=\"Kot je sporo\u010dilo avstrijsko notranje ministrstvo, bodo hi\u0161o pred vselitvijo policije prenovili. Arhitekturni nate\u010daj na ravni EU bo objavljen \u0161e ta mesec.\" \/>\n<meta property=\"og:url\" content=\"https:\/\/hudo.com\/si\/aktualno\/v-rojstno-hiso-adolfa-hitlerja-se-bo-vselila-avstrijska-policija-na-tak-nacin-preprecila-da-bi-postala-romarski-kraj-za-neonaciste\/\" \/>\n<meta property=\"og:site_name\" content=\"Hudo Slovenija\" \/>\n<meta property=\"article:publisher\" content=\"https:\/\/www.facebook.com\/hudo.si\" \/>\n<meta property=\"article:published_time\" content=\"2019-11-20T11:48:24+00:00\" \/>\n<meta property=\"og:image\" content=\"https:\/\/hudo.com\/si\/wp-content\/uploads\/sites\/2\/2016\/10\/profimedia-0281059254.jpg\" \/>\n\t<meta property=\"og:image:width\" content=\"1250\" \/>\n\t<meta property=\"og:image:height\" content=\"937\" \/>\n\t<meta property=\"og:image:type\" content=\"image\/jpeg\" \/>\n<meta name=\"author\" content=\"M. N., STA\" \/>\n<meta name=\"twitter:card\" content=\"summary_large_image\" \/>\n<meta name=\"twitter:creator\" content=\"@hudo_si\" \/>\n<meta name=\"twitter:site\" content=\"@hudo_si\" \/>\n<meta name=\"twitter:label1\" content=\"Written by\" \/>\n\t<meta name=\"twitter:data1\" content=\"M. N., STA\" \/>\n\t<meta name=\"twitter:label2\" content=\"Est. reading time\" \/>\n\t<meta name=\"twitter:data2\" content=\"1 minuta\" \/>\n<script type=\"application\/ld+json\" class=\"yoast-schema-graph\">{\"@context\":\"https:\/\/schema.org\",\"@graph\":[{\"@type\":\"Article\",\"@id\":\"https:\/\/hudo.com\/si\/aktualno\/v-rojstno-hiso-adolfa-hitlerja-se-bo-vselila-avstrijska-policija-na-tak-nacin-preprecila-da-bi-postala-romarski-kraj-za-neonaciste\/#article\",\"isPartOf\":{\"@id\":\"https:\/\/hudo.com\/si\/aktualno\/v-rojstno-hiso-adolfa-hitlerja-se-bo-vselila-avstrijska-policija-na-tak-nacin-preprecila-da-bi-postala-romarski-kraj-za-neonaciste\/\"},\"author\":{\"name\":\"M. N., STA\",\"@id\":\"https:\/\/hudo.com\/si\/#\/schema\/person\/c2f10ce65d2e6ede2aeda5be2a0611fa\"},\"headline\":\"V rojstno hi\u0161o Adolfa Hitlerja se bo vselila avstrijska policija in na tak na\u010din prepre\u010dila, da bi postala romarski kraj za neonaciste\",\"datePublished\":\"2019-11-20T11:48:24+00:00\",\"dateModified\":\"2019-11-20T11:48:24+00:00\",\"mainEntityOfPage\":{\"@id\":\"https:\/\/hudo.com\/si\/aktualno\/v-rojstno-hiso-adolfa-hitlerja-se-bo-vselila-avstrijska-policija-na-tak-nacin-preprecila-da-bi-postala-romarski-kraj-za-neonaciste\/\"},\"wordCount\":316,\"publisher\":{\"@id\":\"https:\/\/hudo.com\/si\/#organization\"},\"keywords\":[\"Adolf Hitler\",\"Avstrija\",\"hitlerjeva rojstna hi\u0161a\"],\"articleSection\":[\"Aktualno\"],\"inLanguage\":\"sl-SI\"},{\"@type\":\"WebPage\",\"@id\":\"https:\/\/hudo.com\/si\/aktualno\/v-rojstno-hiso-adolfa-hitlerja-se-bo-vselila-avstrijska-policija-na-tak-nacin-preprecila-da-bi-postala-romarski-kraj-za-neonaciste\/\",\"url\":\"https:\/\/hudo.com\/si\/aktualno\/v-rojstno-hiso-adolfa-hitlerja-se-bo-vselila-avstrijska-policija-na-tak-nacin-preprecila-da-bi-postala-romarski-kraj-za-neonaciste\/\",\"name\":\"V rojstno hi\u0161o Adolfa Hitlerja se bo vselila avstrijska policija in na tak na\u010din prepre\u010dila, da bi postala romarski kraj za neonaciste - Hudo Slovenija\",\"isPartOf\":{\"@id\":\"https:\/\/hudo.com\/si\/#website\"},\"datePublished\":\"2019-11-20T11:48:24+00:00\",\"dateModified\":\"2019-11-20T11:48:24+00:00\",\"breadcrumb\":{\"@id\":\"https:\/\/hudo.com\/si\/aktualno\/v-rojstno-hiso-adolfa-hitlerja-se-bo-vselila-avstrijska-policija-na-tak-nacin-preprecila-da-bi-postala-romarski-kraj-za-neonaciste\/#breadcrumb\"},\"inLanguage\":\"sl-SI\",\"potentialAction\":[{\"@type\":\"ReadAction\",\"target\":[\"https:\/\/hudo.com\/si\/aktualno\/v-rojstno-hiso-adolfa-hitlerja-se-bo-vselila-avstrijska-policija-na-tak-nacin-preprecila-da-bi-postala-romarski-kraj-za-neonaciste\/\"]}]},{\"@type\":\"BreadcrumbList\",\"@id\":\"https:\/\/hudo.com\/si\/aktualno\/v-rojstno-hiso-adolfa-hitlerja-se-bo-vselila-avstrijska-policija-na-tak-nacin-preprecila-da-bi-postala-romarski-kraj-za-neonaciste\/#breadcrumb\",\"itemListElement\":[{\"@type\":\"ListItem\",\"position\":1,\"name\":\"Home\",\"item\":\"https:\/\/hudo.com\/si\/\"},{\"@type\":\"ListItem\",\"position\":2,\"name\":\"V rojstno hi\u0161o Adolfa Hitlerja se bo vselila avstrijska policija in na tak na\u010din prepre\u010dila, da bi postala romarski kraj za neonaciste\"}]},{\"@type\":\"WebSite\",\"@id\":\"https:\/\/hudo.com\/si\/#website\",\"url\":\"https:\/\/hudo.com\/si\/\",\"name\":\"Hudo Slovenija\",\"description\":\"Vse novice iz Slovenije in sveta\",\"publisher\":{\"@id\":\"https:\/\/hudo.com\/si\/#organization\"},\"potentialAction\":[{\"@type\":\"SearchAction\",\"target\":{\"@type\":\"EntryPoint\",\"urlTemplate\":\"https:\/\/hudo.com\/si\/?s={search_term_string}\"},\"query-input\":\"required name=search_term_string\"}],\"inLanguage\":\"sl-SI\"},{\"@type\":\"Organization\",\"@id\":\"https:\/\/hudo.com\/si\/#organization\",\"name\":\"VSN Media\",\"url\":\"https:\/\/hudo.com\/si\/\",\"logo\":{\"@type\":\"ImageObject\",\"inLanguage\":\"sl-SI\",\"@id\":\"https:\/\/hudo.com\/si\/#\/schema\/logo\/image\/\",\"url\":\"https:\/\/hudo.com\/si\/wp-content\/uploads\/sites\/2\/2021\/03\/hudo-app-2.png\",\"contentUrl\":\"https:\/\/hudo.com\/si\/wp-content\/uploads\/sites\/2\/2021\/03\/hudo-app-2.png\",\"width\":2185,\"height\":2167,\"caption\":\"VSN Media\"},\"image\":{\"@id\":\"https:\/\/hudo.com\/si\/#\/schema\/logo\/image\/\"},\"sameAs\":[\"https:\/\/www.facebook.com\/hudo.si\",\"https:\/\/twitter.com\/hudo_si\"]},{\"@type\":\"Person\",\"@id\":\"https:\/\/hudo.com\/si\/#\/schema\/person\/c2f10ce65d2e6ede2aeda5be2a0611fa\",\"name\":\"M. N., STA\",\"image\":{\"@type\":\"ImageObject\",\"inLanguage\":\"sl-SI\",\"@id\":\"https:\/\/hudo.com\/si\/#\/schema\/person\/image\/\",\"url\":\"https:\/\/secure.gravatar.com\/avatar\/f370d38daa10467f755c5c766a4cac20?s=96&d=mm&r=g\",\"contentUrl\":\"https:\/\/secure.gravatar.com\/avatar\/f370d38daa10467f755c5c766a4cac20?s=96&d=mm&r=g\",\"caption\":\"M. N., STA\"},\"url\":\"https:\/\/hudo.com\/si\/author\/mana\/\"}]}<\/script>\n<!-- \/ Yoast SEO plugin. -->","yoast_head_json":{"title":"V rojstno hi\u0161o Adolfa Hitlerja se bo vselila avstrijska policija in na tak na\u010din prepre\u010dila, da bi postala romarski kraj za neonaciste - Hudo Slovenija","robots":{"index":"index","follow":"follow","max-snippet":"max-snippet:-1","max-image-preview":"max-image-preview:large","max-video-preview":"max-video-preview:-1"},"canonical":"https:\/\/hudo.com\/si\/aktualno\/v-rojstno-hiso-adolfa-hitlerja-se-bo-vselila-avstrijska-policija-na-tak-nacin-preprecila-da-bi-postala-romarski-kraj-za-neonaciste\/","og_locale":"sl_SI","og_type":"article","og_title":"V rojstno hi\u0161o Adolfa Hitlerja se bo vselila avstrijska policija in na tak na\u010din prepre\u010dila, da bi postala romarski kraj za neonaciste - Hudo Slovenija","og_description":"Kot je sporo\u010dilo avstrijsko notranje ministrstvo, bodo hi\u0161o pred vselitvijo policije prenovili. Arhitekturni nate\u010daj na ravni EU bo objavljen \u0161e ta mesec.","og_url":"https:\/\/hudo.com\/si\/aktualno\/v-rojstno-hiso-adolfa-hitlerja-se-bo-vselila-avstrijska-policija-na-tak-nacin-preprecila-da-bi-postala-romarski-kraj-za-neonaciste\/","og_site_name":"Hudo Slovenija","article_publisher":"https:\/\/www.facebook.com\/hudo.si","article_published_time":"2019-11-20T11:48:24+00:00","og_image":[{"width":1250,"height":937,"url":"https:\/\/hudo.com\/si\/wp-content\/uploads\/sites\/2\/2016\/10\/profimedia-0281059254.jpg","type":"image\/jpeg"}],"author":"M. N., STA","twitter_card":"summary_large_image","twitter_creator":"@hudo_si","twitter_site":"@hudo_si","twitter_misc":{"Written by":"M. N., STA","Est. reading time":"1 minuta"},"schema":{"@context":"https:\/\/schema.org","@graph":[{"@type":"Article","@id":"https:\/\/hudo.com\/si\/aktualno\/v-rojstno-hiso-adolfa-hitlerja-se-bo-vselila-avstrijska-policija-na-tak-nacin-preprecila-da-bi-postala-romarski-kraj-za-neonaciste\/#article","isPartOf":{"@id":"https:\/\/hudo.com\/si\/aktualno\/v-rojstno-hiso-adolfa-hitlerja-se-bo-vselila-avstrijska-policija-na-tak-nacin-preprecila-da-bi-postala-romarski-kraj-za-neonaciste\/"},"author":{"name":"M. N., STA","@id":"https:\/\/hudo.com\/si\/#\/schema\/person\/c2f10ce65d2e6ede2aeda5be2a0611fa"},"headline":"V rojstno hi\u0161o Adolfa Hitlerja se bo vselila avstrijska policija in na tak na\u010din prepre\u010dila, da bi postala romarski kraj za neonaciste","datePublished":"2019-11-20T11:48:24+00:00","dateModified":"2019-11-20T11:48:24+00:00","mainEntityOfPage":{"@id":"https:\/\/hudo.com\/si\/aktualno\/v-rojstno-hiso-adolfa-hitlerja-se-bo-vselila-avstrijska-policija-na-tak-nacin-preprecila-da-bi-postala-romarski-kraj-za-neonaciste\/"},"wordCount":316,"publisher":{"@id":"https:\/\/hudo.com\/si\/#organization"},"keywords":["Adolf Hitler","Avstrija","hitlerjeva rojstna hi\u0161a"],"articleSection":["Aktualno"],"inLanguage":"sl-SI"},{"@type":"WebPage","@id":"https:\/\/hudo.com\/si\/aktualno\/v-rojstno-hiso-adolfa-hitlerja-se-bo-vselila-avstrijska-policija-na-tak-nacin-preprecila-da-bi-postala-romarski-kraj-za-neonaciste\/","url":"https:\/\/hudo.com\/si\/aktualno\/v-rojstno-hiso-adolfa-hitlerja-se-bo-vselila-avstrijska-policija-na-tak-nacin-preprecila-da-bi-postala-romarski-kraj-za-neonaciste\/","name":"V rojstno hi\u0161o Adolfa Hitlerja se bo vselila avstrijska policija in na tak na\u010din prepre\u010dila, da bi postala romarski kraj za neonaciste - Hudo Slovenija","isPartOf":{"@id":"https:\/\/hudo.com\/si\/#website"},"datePublished":"2019-11-20T11:48:24+00:00","dateModified":"2019-11-20T11:48:24+00:00","breadcrumb":{"@id":"https:\/\/hudo.com\/si\/aktualno\/v-rojstno-hiso-adolfa-hitlerja-se-bo-vselila-avstrijska-policija-na-tak-nacin-preprecila-da-bi-postala-romarski-kraj-za-neonaciste\/#breadcrumb"},"inLanguage":"sl-SI","potentialAction":[{"@type":"ReadAction","target":["https:\/\/hudo.com\/si\/aktualno\/v-rojstno-hiso-adolfa-hitlerja-se-bo-vselila-avstrijska-policija-na-tak-nacin-preprecila-da-bi-postala-romarski-kraj-za-neonaciste\/"]}]},{"@type":"BreadcrumbList","@id":"https:\/\/hudo.com\/si\/aktualno\/v-rojstno-hiso-adolfa-hitlerja-se-bo-vselila-avstrijska-policija-na-tak-nacin-preprecila-da-bi-postala-romarski-kraj-za-neonaciste\/#breadcrumb","itemListElement":[{"@type":"ListItem","position":1,"name":"Home","item":"https:\/\/hudo.com\/si\/"},{"@type":"ListItem","position":2,"name":"V rojstno hi\u0161o Adolfa Hitlerja se bo vselila avstrijska policija in na tak na\u010din prepre\u010dila, da bi postala romarski kraj za neonaciste"}]},{"@type":"WebSite","@id":"https:\/\/hudo.com\/si\/#website","url":"https:\/\/hudo.com\/si\/","name":"Hudo Slovenija","description":"Vse novice iz Slovenije in sveta","publisher":{"@id":"https:\/\/hudo.com\/si\/#organization"},"potentialAction":[{"@type":"SearchAction","target":{"@type":"EntryPoint","urlTemplate":"https:\/\/hudo.com\/si\/?s={search_term_string}"},"query-input":"required name=search_term_string"}],"inLanguage":"sl-SI"},{"@type":"Organization","@id":"https:\/\/hudo.com\/si\/#organization","name":"VSN Media","url":"https:\/\/hudo.com\/si\/","logo":{"@type":"ImageObject","inLanguage":"sl-SI","@id":"https:\/\/hudo.com\/si\/#\/schema\/logo\/image\/","url":"https:\/\/hudo.com\/si\/wp-content\/uploads\/sites\/2\/2021\/03\/hudo-app-2.png","contentUrl":"https:\/\/hudo.com\/si\/wp-content\/uploads\/sites\/2\/2021\/03\/hudo-app-2.png","width":2185,"height":2167,"caption":"VSN Media"},"image":{"@id":"https:\/\/hudo.com\/si\/#\/schema\/logo\/image\/"},"sameAs":["https:\/\/www.facebook.com\/hudo.si","https:\/\/twitter.com\/hudo_si"]},{"@type":"Person","@id":"https:\/\/hudo.com\/si\/#\/schema\/person\/c2f10ce65d2e6ede2aeda5be2a0611fa","name":"M. N., STA","image":{"@type":"ImageObject","inLanguage":"sl-SI","@id":"https:\/\/hudo.com\/si\/#\/schema\/person\/image\/","url":"https:\/\/secure.gravatar.com\/avatar\/f370d38daa10467f755c5c766a4cac20?s=96&d=mm&r=g","contentUrl":"https:\/\/secure.gravatar.com\/avatar\/f370d38daa10467f755c5c766a4cac20?s=96&d=mm&r=g","caption":"M. N., STA"},"url":"https:\/\/hudo.com\/si\/author\/mana\/"}]}},"amp_enabled":true,"_links":{"self":[{"href":"https:\/\/hudo.com\/si\/wp-json\/wp\/v2\/posts\/410709"}],"collection":[{"href":"https:\/\/hudo.com\/si\/wp-json\/wp\/v2\/posts"}],"about":[{"href":"https:\/\/hudo.com\/si\/wp-json\/wp\/v2\/types\/post"}],"author":[{"embeddable":true,"href":"https:\/\/hudo.com\/si\/wp-json\/wp\/v2\/users\/8"}],"replies":[{"embeddable":true,"href":"https:\/\/hudo.com\/si\/wp-json\/wp\/v2\/comments?post=410709"}],"version-history":[{"count":1,"href":"https:\/\/hudo.com\/si\/wp-json\/wp\/v2\/posts\/410709\/revisions"}],"predecessor-version":[{"id":410710,"href":"https:\/\/hudo.com\/si\/wp-json\/wp\/v2\/posts\/410709\/revisions\/410710"}],"wp:featuredmedia":[{"embeddable":true,"href":"https:\/\/hudo.com\/si\/wp-json\/wp\/v2\/media\/156339"}],"wp:attachment":[{"href":"https:\/\/hudo.com\/si\/wp-json\/wp\/v2\/media?parent=410709"}],"wp:term":[{"taxonomy":"category","embeddable":true,"href":"https:\/\/hudo.com\/si\/wp-json\/wp\/v2\/categories?post=410709"},{"taxonomy":"post_tag","embeddable":true,"href":"https:\/\/hudo.com\/si\/wp-json\/wp\/v2\/tags?post=410709"},{"taxonomy":"source","embeddable":true,"href":"https:\/\/hudo.com\/si\/wp-json\/wp\/v2\/source?post=410709"},{"taxonomy":"supertag","embeddable":true,"href":"https:\/\/hudo.com\/si\/wp-json\/wp\/v2\/supertag?post=410709"}],"curies":[{"name":"wp","href":"https:\/\/api.w.org\/{rel}","templated":true}]}}