{"id":410783,"date":"2019-11-21T13:39:06","date_gmt":"2019-11-21T12:39:06","guid":{"rendered":"http:\/\/hudo.com\/si\/?p=410783"},"modified":"2019-11-21T13:39:06","modified_gmt":"2019-11-21T12:39:06","slug":"dars-bo-koncno-zacel-pogajanja-z-gradbinci-za-drugo-cev-karavank","status":"publish","type":"post","link":"https:\/\/hudo.com\/si\/aktualno\/dars-bo-koncno-zacel-pogajanja-z-gradbinci-za-drugo-cev-karavank\/","title":{"rendered":"Dars bo kon\u010dno za\u010del pogajanja z gradbinci za drugo cev Karavank"},"content":{"rendered":"<p>Na Darsu so zadovoljni, da dr\u017eavna revizijska komisija ni ugodila zahtevkoma za revizijo. Kot so za STA pojasnili v upravljavcu avtocest v Sloveniji, so k pripravi protokola za pogajanja \u017ee pristopili, tri ponudnike bodo nanje povabili v prihodnjih dveh tednih. Pogajanja nameravajo izvesti v istem dnevu, nato bo Dars izdal sklep o izbiri izvajalca.<\/p>\n<p>Tudi na ta sklep je sicer \u0161e mo\u017ena zadnja prito\u017eba, a na Darsu upajo, da do nje ne bo pri\u0161lo. \u010ce prito\u017ebe ne bo, bi lahko Dars okoli novega leta z izbranim izvajalcem podpisal pogodbo, nato bi ga, odvisno od vremena, v delo uvedli februarja ali marca prihodnje leto. Tudi v primeru prito\u017ebe ra\u010dunajo, da bi do uvedbe v delo pri\u0161lo najpozneje marca.<\/p>\n<p>Dars bo na pogajanja povabil tur\u0161kega gradbinca Cengiz, ki je oddal najni\u017ejo ponudbo v vrednosti 99,6 milijona evrov, prav tako se bo pogajal s konzorcijem podjetij Kolektor CGP, Riko in tur\u0161ki Yapi Merkezi (121 milijonov evrov) ter konzorcijem podjetij Implenia Avstrija, z Implenia \u0160vica in CGP Novo mesto (121,5 milijona evrov).<\/p>\n<p>Po podpisu pogodbe z izvajalcem se namerava Dars sestati tudi z avstrijskimi kolegi in pregledati \u010dasovnico projekta.<\/p>\n<p>Dars je izvajalca gradnje druge cevi karavan\u0161kega predora sicer za\u010del iskati \u017ee decembra 2017, a so prito\u017ebe oddajo naro\u010dila mo\u010dno zavlekle. S tem se je zamaknila tudi gradnja, katere za\u010detek je bil predviden sredi lanskega leta. Medtem je gradnja avstrijske strani predora stekla \u017ee septembra lani. Sama gradnja naj bi sicer trajala pet let.<\/p>\n","protected":false},"excerpt":{"rendered":"<p>Dr\u017eavna revizijska komisija je kot neutemeljena zavrnila zahtevka za revizijo Kolektorja CPG in Gorenjske gradbene dru\u017ebe glede izbire izvajalca za gradnjo druge cevi predora Karavanke. Dars je z odlo\u010ditvijo zadovoljen, saj lahko za\u010dnejo pogajanja s ponudniki. To se bo zgodilo v dveh tednih, izbranega pa bodo v delo uvedli najpozneje marca.<\/p>\n","protected":false},"author":7,"featured_media":110048,"comment_status":"closed","ping_status":"closed","sticky":false,"template":"","format":"standard","meta":{"footnotes":""},"categories":[1179],"tags":[1934,4942,5622,11963,1595],"source":[4511],"supertag":[],"acf":[],"yoast_head":"<!-- This site is optimized with the Yoast SEO plugin v21.3 - https:\/\/yoast.com\/wordpress\/plugins\/seo\/ -->\n<title>Dars bo kon\u010dno za\u010del pogajanja z gradbinci za drugo cev Karavank - Hudo Slovenija<\/title>\n<meta name=\"robots\" content=\"index, follow, max-snippet:-1, max-image-preview:large, max-video-preview:-1\" \/>\n<link rel=\"canonical\" href=\"https:\/\/hudo.com\/si\/aktualno\/dars-bo-koncno-zacel-pogajanja-z-gradbinci-za-drugo-cev-karavank\/\" \/>\n<meta property=\"og:locale\" content=\"sl_SI\" \/>\n<meta property=\"og:type\" content=\"article\" \/>\n<meta property=\"og:title\" content=\"Dars bo kon\u010dno za\u010del pogajanja z gradbinci za drugo cev Karavank - Hudo Slovenija\" \/>\n<meta property=\"og:description\" content=\"Dr\u017eavna revizijska komisija je kot neutemeljena zavrnila zahtevka za revizijo Kolektorja CPG in Gorenjske gradbene dru\u017ebe glede izbire izvajalca za gradnjo druge cevi predora Karavanke. Dars je z odlo\u010ditvijo zadovoljen, saj lahko za\u010dnejo pogajanja s ponudniki. To se bo zgodilo v dveh tednih, izbranega pa bodo v delo uvedli najpozneje marca.\" \/>\n<meta property=\"og:url\" content=\"https:\/\/hudo.com\/si\/aktualno\/dars-bo-koncno-zacel-pogajanja-z-gradbinci-za-drugo-cev-karavank\/\" \/>\n<meta property=\"og:site_name\" content=\"Hudo Slovenija\" \/>\n<meta property=\"article:publisher\" content=\"https:\/\/www.facebook.com\/hudo.si\" \/>\n<meta property=\"article:published_time\" content=\"2019-11-21T12:39:06+00:00\" \/>\n<meta property=\"og:image\" content=\"https:\/\/hudo.com\/si\/wp-content\/uploads\/sites\/2\/2016\/08\/profimedia-0112824275.jpg\" \/>\n\t<meta property=\"og:image:width\" content=\"1250\" \/>\n\t<meta property=\"og:image:height\" content=\"798\" \/>\n\t<meta property=\"og:image:type\" content=\"image\/jpeg\" \/>\n<meta name=\"author\" content=\"A. P., STA\" \/>\n<meta name=\"twitter:card\" content=\"summary_large_image\" \/>\n<meta name=\"twitter:creator\" content=\"@hudo_si\" \/>\n<meta name=\"twitter:site\" content=\"@hudo_si\" \/>\n<meta name=\"twitter:label1\" content=\"Written by\" \/>\n\t<meta name=\"twitter:data1\" content=\"A. P., STA\" \/>\n\t<meta name=\"twitter:label2\" content=\"Est. reading time\" \/>\n\t<meta name=\"twitter:data2\" content=\"1 minuta\" \/>\n<script type=\"application\/ld+json\" class=\"yoast-schema-graph\">{\"@context\":\"https:\/\/schema.org\",\"@graph\":[{\"@type\":\"Article\",\"@id\":\"https:\/\/hudo.com\/si\/aktualno\/dars-bo-koncno-zacel-pogajanja-z-gradbinci-za-drugo-cev-karavank\/#article\",\"isPartOf\":{\"@id\":\"https:\/\/hudo.com\/si\/aktualno\/dars-bo-koncno-zacel-pogajanja-z-gradbinci-za-drugo-cev-karavank\/\"},\"author\":{\"name\":\"A. P., STA\",\"@id\":\"https:\/\/hudo.com\/si\/#\/schema\/person\/18f09c02475ba9e606e941a565b80cff\"},\"headline\":\"Dars bo kon\u010dno za\u010del pogajanja z gradbinci za drugo cev Karavank\",\"datePublished\":\"2019-11-21T12:39:06+00:00\",\"dateModified\":\"2019-11-21T12:39:06+00:00\",\"mainEntityOfPage\":{\"@id\":\"https:\/\/hudo.com\/si\/aktualno\/dars-bo-koncno-zacel-pogajanja-z-gradbinci-za-drugo-cev-karavank\/\"},\"wordCount\":265,\"publisher\":{\"@id\":\"https:\/\/hudo.com\/si\/#organization\"},\"keywords\":[\"Avstrija\",\"Dars\",\"infrastruktura\",\"predor Karavanke\",\"Slovenija\"],\"articleSection\":[\"Aktualno\"],\"inLanguage\":\"sl-SI\"},{\"@type\":\"WebPage\",\"@id\":\"https:\/\/hudo.com\/si\/aktualno\/dars-bo-koncno-zacel-pogajanja-z-gradbinci-za-drugo-cev-karavank\/\",\"url\":\"https:\/\/hudo.com\/si\/aktualno\/dars-bo-koncno-zacel-pogajanja-z-gradbinci-za-drugo-cev-karavank\/\",\"name\":\"Dars bo kon\u010dno za\u010del pogajanja z gradbinci za drugo cev Karavank - Hudo Slovenija\",\"isPartOf\":{\"@id\":\"https:\/\/hudo.com\/si\/#website\"},\"datePublished\":\"2019-11-21T12:39:06+00:00\",\"dateModified\":\"2019-11-21T12:39:06+00:00\",\"breadcrumb\":{\"@id\":\"https:\/\/hudo.com\/si\/aktualno\/dars-bo-koncno-zacel-pogajanja-z-gradbinci-za-drugo-cev-karavank\/#breadcrumb\"},\"inLanguage\":\"sl-SI\",\"potentialAction\":[{\"@type\":\"ReadAction\",\"target\":[\"https:\/\/hudo.com\/si\/aktualno\/dars-bo-koncno-zacel-pogajanja-z-gradbinci-za-drugo-cev-karavank\/\"]}]},{\"@type\":\"BreadcrumbList\",\"@id\":\"https:\/\/hudo.com\/si\/aktualno\/dars-bo-koncno-zacel-pogajanja-z-gradbinci-za-drugo-cev-karavank\/#breadcrumb\",\"itemListElement\":[{\"@type\":\"ListItem\",\"position\":1,\"name\":\"Home\",\"item\":\"https:\/\/hudo.com\/si\/\"},{\"@type\":\"ListItem\",\"position\":2,\"name\":\"Dars bo kon\u010dno za\u010del pogajanja z gradbinci za drugo cev Karavank\"}]},{\"@type\":\"WebSite\",\"@id\":\"https:\/\/hudo.com\/si\/#website\",\"url\":\"https:\/\/hudo.com\/si\/\",\"name\":\"Hudo Slovenija\",\"description\":\"Vse novice iz Slovenije in sveta\",\"publisher\":{\"@id\":\"https:\/\/hudo.com\/si\/#organization\"},\"potentialAction\":[{\"@type\":\"SearchAction\",\"target\":{\"@type\":\"EntryPoint\",\"urlTemplate\":\"https:\/\/hudo.com\/si\/?s={search_term_string}\"},\"query-input\":\"required name=search_term_string\"}],\"inLanguage\":\"sl-SI\"},{\"@type\":\"Organization\",\"@id\":\"https:\/\/hudo.com\/si\/#organization\",\"name\":\"VSN Media\",\"url\":\"https:\/\/hudo.com\/si\/\",\"logo\":{\"@type\":\"ImageObject\",\"inLanguage\":\"sl-SI\",\"@id\":\"https:\/\/hudo.com\/si\/#\/schema\/logo\/image\/\",\"url\":\"https:\/\/hudo.com\/si\/wp-content\/uploads\/sites\/2\/2021\/03\/hudo-app-2.png\",\"contentUrl\":\"https:\/\/hudo.com\/si\/wp-content\/uploads\/sites\/2\/2021\/03\/hudo-app-2.png\",\"width\":2185,\"height\":2167,\"caption\":\"VSN Media\"},\"image\":{\"@id\":\"https:\/\/hudo.com\/si\/#\/schema\/logo\/image\/\"},\"sameAs\":[\"https:\/\/www.facebook.com\/hudo.si\",\"https:\/\/twitter.com\/hudo_si\"]},{\"@type\":\"Person\",\"@id\":\"https:\/\/hudo.com\/si\/#\/schema\/person\/18f09c02475ba9e606e941a565b80cff\",\"name\":\"A. P., STA\",\"image\":{\"@type\":\"ImageObject\",\"inLanguage\":\"sl-SI\",\"@id\":\"https:\/\/hudo.com\/si\/#\/schema\/person\/image\/\",\"url\":\"https:\/\/secure.gravatar.com\/avatar\/03eac8e609f5f04383125d80eaeaaf3e?s=96&d=mm&r=g\",\"contentUrl\":\"https:\/\/secure.gravatar.com\/avatar\/03eac8e609f5f04383125d80eaeaaf3e?s=96&d=mm&r=g\",\"caption\":\"A. P., STA\"},\"url\":\"https:\/\/hudo.com\/si\/author\/lubu\/\"}]}<\/script>\n<!-- \/ Yoast SEO plugin. -->","yoast_head_json":{"title":"Dars bo kon\u010dno za\u010del pogajanja z gradbinci za drugo cev Karavank - Hudo Slovenija","robots":{"index":"index","follow":"follow","max-snippet":"max-snippet:-1","max-image-preview":"max-image-preview:large","max-video-preview":"max-video-preview:-1"},"canonical":"https:\/\/hudo.com\/si\/aktualno\/dars-bo-koncno-zacel-pogajanja-z-gradbinci-za-drugo-cev-karavank\/","og_locale":"sl_SI","og_type":"article","og_title":"Dars bo kon\u010dno za\u010del pogajanja z gradbinci za drugo cev Karavank - Hudo Slovenija","og_description":"Dr\u017eavna revizijska komisija je kot neutemeljena zavrnila zahtevka za revizijo Kolektorja CPG in Gorenjske gradbene dru\u017ebe glede izbire izvajalca za gradnjo druge cevi predora Karavanke. Dars je z odlo\u010ditvijo zadovoljen, saj lahko za\u010dnejo pogajanja s ponudniki. To se bo zgodilo v dveh tednih, izbranega pa bodo v delo uvedli najpozneje marca.","og_url":"https:\/\/hudo.com\/si\/aktualno\/dars-bo-koncno-zacel-pogajanja-z-gradbinci-za-drugo-cev-karavank\/","og_site_name":"Hudo Slovenija","article_publisher":"https:\/\/www.facebook.com\/hudo.si","article_published_time":"2019-11-21T12:39:06+00:00","og_image":[{"width":1250,"height":798,"url":"https:\/\/hudo.com\/si\/wp-content\/uploads\/sites\/2\/2016\/08\/profimedia-0112824275.jpg","type":"image\/jpeg"}],"author":"A. P., STA","twitter_card":"summary_large_image","twitter_creator":"@hudo_si","twitter_site":"@hudo_si","twitter_misc":{"Written by":"A. P., STA","Est. reading time":"1 minuta"},"schema":{"@context":"https:\/\/schema.org","@graph":[{"@type":"Article","@id":"https:\/\/hudo.com\/si\/aktualno\/dars-bo-koncno-zacel-pogajanja-z-gradbinci-za-drugo-cev-karavank\/#article","isPartOf":{"@id":"https:\/\/hudo.com\/si\/aktualno\/dars-bo-koncno-zacel-pogajanja-z-gradbinci-za-drugo-cev-karavank\/"},"author":{"name":"A. P., STA","@id":"https:\/\/hudo.com\/si\/#\/schema\/person\/18f09c02475ba9e606e941a565b80cff"},"headline":"Dars bo kon\u010dno za\u010del pogajanja z gradbinci za drugo cev Karavank","datePublished":"2019-11-21T12:39:06+00:00","dateModified":"2019-11-21T12:39:06+00:00","mainEntityOfPage":{"@id":"https:\/\/hudo.com\/si\/aktualno\/dars-bo-koncno-zacel-pogajanja-z-gradbinci-za-drugo-cev-karavank\/"},"wordCount":265,"publisher":{"@id":"https:\/\/hudo.com\/si\/#organization"},"keywords":["Avstrija","Dars","infrastruktura","predor Karavanke","Slovenija"],"articleSection":["Aktualno"],"inLanguage":"sl-SI"},{"@type":"WebPage","@id":"https:\/\/hudo.com\/si\/aktualno\/dars-bo-koncno-zacel-pogajanja-z-gradbinci-za-drugo-cev-karavank\/","url":"https:\/\/hudo.com\/si\/aktualno\/dars-bo-koncno-zacel-pogajanja-z-gradbinci-za-drugo-cev-karavank\/","name":"Dars bo kon\u010dno za\u010del pogajanja z gradbinci za drugo cev Karavank - Hudo Slovenija","isPartOf":{"@id":"https:\/\/hudo.com\/si\/#website"},"datePublished":"2019-11-21T12:39:06+00:00","dateModified":"2019-11-21T12:39:06+00:00","breadcrumb":{"@id":"https:\/\/hudo.com\/si\/aktualno\/dars-bo-koncno-zacel-pogajanja-z-gradbinci-za-drugo-cev-karavank\/#breadcrumb"},"inLanguage":"sl-SI","potentialAction":[{"@type":"ReadAction","target":["https:\/\/hudo.com\/si\/aktualno\/dars-bo-koncno-zacel-pogajanja-z-gradbinci-za-drugo-cev-karavank\/"]}]},{"@type":"BreadcrumbList","@id":"https:\/\/hudo.com\/si\/aktualno\/dars-bo-koncno-zacel-pogajanja-z-gradbinci-za-drugo-cev-karavank\/#breadcrumb","itemListElement":[{"@type":"ListItem","position":1,"name":"Home","item":"https:\/\/hudo.com\/si\/"},{"@type":"ListItem","position":2,"name":"Dars bo kon\u010dno za\u010del pogajanja z gradbinci za drugo cev Karavank"}]},{"@type":"WebSite","@id":"https:\/\/hudo.com\/si\/#website","url":"https:\/\/hudo.com\/si\/","name":"Hudo Slovenija","description":"Vse novice iz Slovenije in sveta","publisher":{"@id":"https:\/\/hudo.com\/si\/#organization"},"potentialAction":[{"@type":"SearchAction","target":{"@type":"EntryPoint","urlTemplate":"https:\/\/hudo.com\/si\/?s={search_term_string}"},"query-input":"required name=search_term_string"}],"inLanguage":"sl-SI"},{"@type":"Organization","@id":"https:\/\/hudo.com\/si\/#organization","name":"VSN Media","url":"https:\/\/hudo.com\/si\/","logo":{"@type":"ImageObject","inLanguage":"sl-SI","@id":"https:\/\/hudo.com\/si\/#\/schema\/logo\/image\/","url":"https:\/\/hudo.com\/si\/wp-content\/uploads\/sites\/2\/2021\/03\/hudo-app-2.png","contentUrl":"https:\/\/hudo.com\/si\/wp-content\/uploads\/sites\/2\/2021\/03\/hudo-app-2.png","width":2185,"height":2167,"caption":"VSN Media"},"image":{"@id":"https:\/\/hudo.com\/si\/#\/schema\/logo\/image\/"},"sameAs":["https:\/\/www.facebook.com\/hudo.si","https:\/\/twitter.com\/hudo_si"]},{"@type":"Person","@id":"https:\/\/hudo.com\/si\/#\/schema\/person\/18f09c02475ba9e606e941a565b80cff","name":"A. P., STA","image":{"@type":"ImageObject","inLanguage":"sl-SI","@id":"https:\/\/hudo.com\/si\/#\/schema\/person\/image\/","url":"https:\/\/secure.gravatar.com\/avatar\/03eac8e609f5f04383125d80eaeaaf3e?s=96&d=mm&r=g","contentUrl":"https:\/\/secure.gravatar.com\/avatar\/03eac8e609f5f04383125d80eaeaaf3e?s=96&d=mm&r=g","caption":"A. P., STA"},"url":"https:\/\/hudo.com\/si\/author\/lubu\/"}]}},"amp_enabled":true,"_links":{"self":[{"href":"https:\/\/hudo.com\/si\/wp-json\/wp\/v2\/posts\/410783"}],"collection":[{"href":"https:\/\/hudo.com\/si\/wp-json\/wp\/v2\/posts"}],"about":[{"href":"https:\/\/hudo.com\/si\/wp-json\/wp\/v2\/types\/post"}],"author":[{"embeddable":true,"href":"https:\/\/hudo.com\/si\/wp-json\/wp\/v2\/users\/7"}],"replies":[{"embeddable":true,"href":"https:\/\/hudo.com\/si\/wp-json\/wp\/v2\/comments?post=410783"}],"version-history":[{"count":1,"href":"https:\/\/hudo.com\/si\/wp-json\/wp\/v2\/posts\/410783\/revisions"}],"predecessor-version":[{"id":410784,"href":"https:\/\/hudo.com\/si\/wp-json\/wp\/v2\/posts\/410783\/revisions\/410784"}],"wp:featuredmedia":[{"embeddable":true,"href":"https:\/\/hudo.com\/si\/wp-json\/wp\/v2\/media\/110048"}],"wp:attachment":[{"href":"https:\/\/hudo.com\/si\/wp-json\/wp\/v2\/media?parent=410783"}],"wp:term":[{"taxonomy":"category","embeddable":true,"href":"https:\/\/hudo.com\/si\/wp-json\/wp\/v2\/categories?post=410783"},{"taxonomy":"post_tag","embeddable":true,"href":"https:\/\/hudo.com\/si\/wp-json\/wp\/v2\/tags?post=410783"},{"taxonomy":"source","embeddable":true,"href":"https:\/\/hudo.com\/si\/wp-json\/wp\/v2\/source?post=410783"},{"taxonomy":"supertag","embeddable":true,"href":"https:\/\/hudo.com\/si\/wp-json\/wp\/v2\/supertag?post=410783"}],"curies":[{"name":"wp","href":"https:\/\/api.w.org\/{rel}","templated":true}]}}