{"id":410945,"date":"2019-11-24T09:10:19","date_gmt":"2019-11-24T08:10:19","guid":{"rendered":"http:\/\/hudo.com\/si\/?p=410945"},"modified":"2019-11-24T09:10:19","modified_gmt":"2019-11-24T08:10:19","slug":"po-avgustovskem-pozaru-na-cerju-danes-akcija-sajenja-dreves","status":"publish","type":"post","link":"https:\/\/hudo.com\/si\/aktualno\/po-avgustovskem-pozaru-na-cerju-danes-akcija-sajenja-dreves\/","title":{"rendered":"Po avgustovskem po\u017earu na Cerju danes akcija sajenja dreves"},"content":{"rendered":"<p>&#8220;Odziv je izreden,&#8221; je glede akcije Drevo za Cerje za STA dejala v. d. direktorice zavoda Turizem Miren-Kostanjevica Ariana Suhadolnik.<\/p>\n<p>Doslej so zbrali ve\u010d kot 10.000 evrov za ponovno ozelenitev obmo\u010dja, s katerimi so kupili del sadik, nekaj sadik so jim donatorji podarili, del sredstev pa bodo namenili tudi obnovi kra\u0161kih suhih zidov. Za samo zasaditev imajo trenutno na voljo okoli 950 sadik avtohtonih vrst dreves, kot so hrast, javor, skor\u0161 in brek.<\/p>\n<p>Suhadolnikova danes na akciji sajenja dreves, ki bo potekala ob pomo\u010di Zavoda za gozdove Slovenije, pri\u010dakuje najmanj 200 prostovoljcev. Med njimi bo po napovedih minister za okolje in prostor Simon Zajec, \u017eupani nekaterih severnoprimorskih ob\u010din, predstavniki razli\u010dnih dru\u0161tev, gasilci in pripadniki civilne za\u0161\u010dite, akciji pa se bodo pridru\u017eili tudi predstavniki in\u0161pektorata za gozdarstvo iz Italije.<\/p>\n<p>Pri pomniku miru na Cerju se bodo prostovoljci zbrali ob 9. uri in bodo najprej v nastajajo\u010dem drevoredu hvale\u017enosti posadili okoli 200 dreves. Nato se bodo lotili sajenja dreves v zaledju drevoreda. Na po\u017eganem obmo\u010dju so sicer nekaj dreves v minulih tednih simboli\u010dno \u017ee posadili, dana\u0161nja akcija pa je prva ve\u010dja vseslovenska akcija sajenja dreves na Cerju.<\/p>\n<p>Zavod Turizem Miren-Kostanjevica vse sodelujo\u010de na dana\u0161nji akciji prosi, da s seboj, \u010de lahko, prinesejo potrebno orodje in opremo za sajenje dreves, za okrep\u010dilo pa bodo poskrbeli v zavodu.<\/p>\n<p>Naslednjo tak\u0161no akcijo saditve dreves zavod na\u010drtuje za 21. marec prihodnje leto, nato pa bodo organizirali \u0161e kak\u0161no.<\/p>\n<p>Za sodelovanje pri zasaditvi dreves \u017ee \u010dakajo tudi razli\u010dna dru\u0161tva, prav tako skupine iz ve\u010d podjetij, ki \u017eelijo novoletna dru\u017eenja povezati z akcijo zasaditve dreves, je povedala Suhadolnikova. V okviru prihodnjih akcij bodo tako posadili tudi 10.000 sadik dreves, ki jih je oz. jih \u0161e bo priskrbel Zavod za gozdove Slovenije. Medtem se nadaljuje tudi sama akcija zbiranja sredstev in sadik Drevo za Cerje.<\/p>\n","protected":false},"excerpt":{"rendered":"<p>Potem ko je velik gozdni po\u017ear avgusta letos na Cerju prizadel blizu 100 hektarjev gozda in za seboj pustil opusto\u0161enje, je stekla akcija Drevo za Cerje, v kateri s pomo\u010djo donatorjev zbirajo sredstva za obnovo obmo\u010dja. Trenutno je za zasaditev na voljo okoli 950 sadik dreves, ki jih bodo prostovoljci danes prvi\u010d organizirano sadili.<\/p>\n","protected":false},"author":7,"featured_media":410946,"comment_status":"closed","ping_status":"closed","sticky":false,"template":"","format":"standard","meta":{"footnotes":""},"categories":[1179],"tags":[3705,3722,12184,1595],"source":[4511],"supertag":[],"acf":[],"yoast_head":"<!-- This site is optimized with the Yoast SEO plugin v21.3 - https:\/\/yoast.com\/wordpress\/plugins\/seo\/ -->\n<title>Po avgustovskem po\u017earu na Cerju danes akcija sajenja dreves - Hudo Slovenija<\/title>\n<meta name=\"robots\" content=\"index, follow, max-snippet:-1, max-image-preview:large, max-video-preview:-1\" \/>\n<link rel=\"canonical\" href=\"https:\/\/hudo.com\/si\/aktualno\/po-avgustovskem-pozaru-na-cerju-danes-akcija-sajenja-dreves\/\" \/>\n<meta property=\"og:locale\" content=\"sl_SI\" \/>\n<meta property=\"og:type\" content=\"article\" \/>\n<meta property=\"og:title\" content=\"Po avgustovskem po\u017earu na Cerju danes akcija sajenja dreves - Hudo Slovenija\" \/>\n<meta property=\"og:description\" content=\"Potem ko je velik gozdni po\u017ear avgusta letos na Cerju prizadel blizu 100 hektarjev gozda in za seboj pustil opusto\u0161enje, je stekla akcija Drevo za Cerje, v kateri s pomo\u010djo donatorjev zbirajo sredstva za obnovo obmo\u010dja. Trenutno je za zasaditev na voljo okoli 950 sadik dreves, ki jih bodo prostovoljci danes prvi\u010d organizirano sadili.\" \/>\n<meta property=\"og:url\" content=\"https:\/\/hudo.com\/si\/aktualno\/po-avgustovskem-pozaru-na-cerju-danes-akcija-sajenja-dreves\/\" \/>\n<meta property=\"og:site_name\" content=\"Hudo Slovenija\" \/>\n<meta property=\"article:publisher\" content=\"https:\/\/www.facebook.com\/hudo.si\" \/>\n<meta property=\"article:published_time\" content=\"2019-11-24T08:10:19+00:00\" \/>\n<meta property=\"og:image\" content=\"https:\/\/hudo.com\/si\/wp-content\/uploads\/sites\/2\/2019\/11\/profimedia-0004574152.jpg\" \/>\n\t<meta property=\"og:image:width\" content=\"1250\" \/>\n\t<meta property=\"og:image:height\" content=\"1234\" \/>\n\t<meta property=\"og:image:type\" content=\"image\/jpeg\" \/>\n<meta name=\"author\" content=\"A. P., STA\" \/>\n<meta name=\"twitter:card\" content=\"summary_large_image\" \/>\n<meta name=\"twitter:creator\" content=\"@hudo_si\" \/>\n<meta name=\"twitter:site\" content=\"@hudo_si\" \/>\n<meta name=\"twitter:label1\" content=\"Written by\" \/>\n\t<meta name=\"twitter:data1\" content=\"A. P., STA\" \/>\n\t<meta name=\"twitter:label2\" content=\"Est. reading time\" \/>\n\t<meta name=\"twitter:data2\" content=\"2 minuti\" \/>\n<script type=\"application\/ld+json\" class=\"yoast-schema-graph\">{\"@context\":\"https:\/\/schema.org\",\"@graph\":[{\"@type\":\"Article\",\"@id\":\"https:\/\/hudo.com\/si\/aktualno\/po-avgustovskem-pozaru-na-cerju-danes-akcija-sajenja-dreves\/#article\",\"isPartOf\":{\"@id\":\"https:\/\/hudo.com\/si\/aktualno\/po-avgustovskem-pozaru-na-cerju-danes-akcija-sajenja-dreves\/\"},\"author\":{\"name\":\"A. P., STA\",\"@id\":\"https:\/\/hudo.com\/si\/#\/schema\/person\/18f09c02475ba9e606e941a565b80cff\"},\"headline\":\"Po avgustovskem po\u017earu na Cerju danes akcija sajenja dreves\",\"datePublished\":\"2019-11-24T08:10:19+00:00\",\"dateModified\":\"2019-11-24T08:10:19+00:00\",\"mainEntityOfPage\":{\"@id\":\"https:\/\/hudo.com\/si\/aktualno\/po-avgustovskem-pozaru-na-cerju-danes-akcija-sajenja-dreves\/\"},\"wordCount\":325,\"publisher\":{\"@id\":\"https:\/\/hudo.com\/si\/#organization\"},\"keywords\":[\"gozd\",\"narava\",\"pogozdovanje\",\"Slovenija\"],\"articleSection\":[\"Aktualno\"],\"inLanguage\":\"sl-SI\"},{\"@type\":\"WebPage\",\"@id\":\"https:\/\/hudo.com\/si\/aktualno\/po-avgustovskem-pozaru-na-cerju-danes-akcija-sajenja-dreves\/\",\"url\":\"https:\/\/hudo.com\/si\/aktualno\/po-avgustovskem-pozaru-na-cerju-danes-akcija-sajenja-dreves\/\",\"name\":\"Po avgustovskem po\u017earu na Cerju danes akcija sajenja dreves - Hudo Slovenija\",\"isPartOf\":{\"@id\":\"https:\/\/hudo.com\/si\/#website\"},\"datePublished\":\"2019-11-24T08:10:19+00:00\",\"dateModified\":\"2019-11-24T08:10:19+00:00\",\"breadcrumb\":{\"@id\":\"https:\/\/hudo.com\/si\/aktualno\/po-avgustovskem-pozaru-na-cerju-danes-akcija-sajenja-dreves\/#breadcrumb\"},\"inLanguage\":\"sl-SI\",\"potentialAction\":[{\"@type\":\"ReadAction\",\"target\":[\"https:\/\/hudo.com\/si\/aktualno\/po-avgustovskem-pozaru-na-cerju-danes-akcija-sajenja-dreves\/\"]}]},{\"@type\":\"BreadcrumbList\",\"@id\":\"https:\/\/hudo.com\/si\/aktualno\/po-avgustovskem-pozaru-na-cerju-danes-akcija-sajenja-dreves\/#breadcrumb\",\"itemListElement\":[{\"@type\":\"ListItem\",\"position\":1,\"name\":\"Home\",\"item\":\"https:\/\/hudo.com\/si\/\"},{\"@type\":\"ListItem\",\"position\":2,\"name\":\"Po avgustovskem po\u017earu na Cerju danes akcija sajenja dreves\"}]},{\"@type\":\"WebSite\",\"@id\":\"https:\/\/hudo.com\/si\/#website\",\"url\":\"https:\/\/hudo.com\/si\/\",\"name\":\"Hudo Slovenija\",\"description\":\"Vse novice iz Slovenije in sveta\",\"publisher\":{\"@id\":\"https:\/\/hudo.com\/si\/#organization\"},\"potentialAction\":[{\"@type\":\"SearchAction\",\"target\":{\"@type\":\"EntryPoint\",\"urlTemplate\":\"https:\/\/hudo.com\/si\/?s={search_term_string}\"},\"query-input\":\"required name=search_term_string\"}],\"inLanguage\":\"sl-SI\"},{\"@type\":\"Organization\",\"@id\":\"https:\/\/hudo.com\/si\/#organization\",\"name\":\"VSN Media\",\"url\":\"https:\/\/hudo.com\/si\/\",\"logo\":{\"@type\":\"ImageObject\",\"inLanguage\":\"sl-SI\",\"@id\":\"https:\/\/hudo.com\/si\/#\/schema\/logo\/image\/\",\"url\":\"https:\/\/hudo.com\/si\/wp-content\/uploads\/sites\/2\/2021\/03\/hudo-app-2.png\",\"contentUrl\":\"https:\/\/hudo.com\/si\/wp-content\/uploads\/sites\/2\/2021\/03\/hudo-app-2.png\",\"width\":2185,\"height\":2167,\"caption\":\"VSN Media\"},\"image\":{\"@id\":\"https:\/\/hudo.com\/si\/#\/schema\/logo\/image\/\"},\"sameAs\":[\"https:\/\/www.facebook.com\/hudo.si\",\"https:\/\/twitter.com\/hudo_si\"]},{\"@type\":\"Person\",\"@id\":\"https:\/\/hudo.com\/si\/#\/schema\/person\/18f09c02475ba9e606e941a565b80cff\",\"name\":\"A. P., STA\",\"image\":{\"@type\":\"ImageObject\",\"inLanguage\":\"sl-SI\",\"@id\":\"https:\/\/hudo.com\/si\/#\/schema\/person\/image\/\",\"url\":\"https:\/\/secure.gravatar.com\/avatar\/03eac8e609f5f04383125d80eaeaaf3e?s=96&d=mm&r=g\",\"contentUrl\":\"https:\/\/secure.gravatar.com\/avatar\/03eac8e609f5f04383125d80eaeaaf3e?s=96&d=mm&r=g\",\"caption\":\"A. P., STA\"},\"url\":\"https:\/\/hudo.com\/si\/author\/lubu\/\"}]}<\/script>\n<!-- \/ Yoast SEO plugin. -->","yoast_head_json":{"title":"Po avgustovskem po\u017earu na Cerju danes akcija sajenja dreves - Hudo Slovenija","robots":{"index":"index","follow":"follow","max-snippet":"max-snippet:-1","max-image-preview":"max-image-preview:large","max-video-preview":"max-video-preview:-1"},"canonical":"https:\/\/hudo.com\/si\/aktualno\/po-avgustovskem-pozaru-na-cerju-danes-akcija-sajenja-dreves\/","og_locale":"sl_SI","og_type":"article","og_title":"Po avgustovskem po\u017earu na Cerju danes akcija sajenja dreves - Hudo Slovenija","og_description":"Potem ko je velik gozdni po\u017ear avgusta letos na Cerju prizadel blizu 100 hektarjev gozda in za seboj pustil opusto\u0161enje, je stekla akcija Drevo za Cerje, v kateri s pomo\u010djo donatorjev zbirajo sredstva za obnovo obmo\u010dja. Trenutno je za zasaditev na voljo okoli 950 sadik dreves, ki jih bodo prostovoljci danes prvi\u010d organizirano sadili.","og_url":"https:\/\/hudo.com\/si\/aktualno\/po-avgustovskem-pozaru-na-cerju-danes-akcija-sajenja-dreves\/","og_site_name":"Hudo Slovenija","article_publisher":"https:\/\/www.facebook.com\/hudo.si","article_published_time":"2019-11-24T08:10:19+00:00","og_image":[{"width":1250,"height":1234,"url":"https:\/\/hudo.com\/si\/wp-content\/uploads\/sites\/2\/2019\/11\/profimedia-0004574152.jpg","type":"image\/jpeg"}],"author":"A. P., STA","twitter_card":"summary_large_image","twitter_creator":"@hudo_si","twitter_site":"@hudo_si","twitter_misc":{"Written by":"A. P., STA","Est. reading time":"2 minuti"},"schema":{"@context":"https:\/\/schema.org","@graph":[{"@type":"Article","@id":"https:\/\/hudo.com\/si\/aktualno\/po-avgustovskem-pozaru-na-cerju-danes-akcija-sajenja-dreves\/#article","isPartOf":{"@id":"https:\/\/hudo.com\/si\/aktualno\/po-avgustovskem-pozaru-na-cerju-danes-akcija-sajenja-dreves\/"},"author":{"name":"A. P., STA","@id":"https:\/\/hudo.com\/si\/#\/schema\/person\/18f09c02475ba9e606e941a565b80cff"},"headline":"Po avgustovskem po\u017earu na Cerju danes akcija sajenja dreves","datePublished":"2019-11-24T08:10:19+00:00","dateModified":"2019-11-24T08:10:19+00:00","mainEntityOfPage":{"@id":"https:\/\/hudo.com\/si\/aktualno\/po-avgustovskem-pozaru-na-cerju-danes-akcija-sajenja-dreves\/"},"wordCount":325,"publisher":{"@id":"https:\/\/hudo.com\/si\/#organization"},"keywords":["gozd","narava","pogozdovanje","Slovenija"],"articleSection":["Aktualno"],"inLanguage":"sl-SI"},{"@type":"WebPage","@id":"https:\/\/hudo.com\/si\/aktualno\/po-avgustovskem-pozaru-na-cerju-danes-akcija-sajenja-dreves\/","url":"https:\/\/hudo.com\/si\/aktualno\/po-avgustovskem-pozaru-na-cerju-danes-akcija-sajenja-dreves\/","name":"Po avgustovskem po\u017earu na Cerju danes akcija sajenja dreves - Hudo Slovenija","isPartOf":{"@id":"https:\/\/hudo.com\/si\/#website"},"datePublished":"2019-11-24T08:10:19+00:00","dateModified":"2019-11-24T08:10:19+00:00","breadcrumb":{"@id":"https:\/\/hudo.com\/si\/aktualno\/po-avgustovskem-pozaru-na-cerju-danes-akcija-sajenja-dreves\/#breadcrumb"},"inLanguage":"sl-SI","potentialAction":[{"@type":"ReadAction","target":["https:\/\/hudo.com\/si\/aktualno\/po-avgustovskem-pozaru-na-cerju-danes-akcija-sajenja-dreves\/"]}]},{"@type":"BreadcrumbList","@id":"https:\/\/hudo.com\/si\/aktualno\/po-avgustovskem-pozaru-na-cerju-danes-akcija-sajenja-dreves\/#breadcrumb","itemListElement":[{"@type":"ListItem","position":1,"name":"Home","item":"https:\/\/hudo.com\/si\/"},{"@type":"ListItem","position":2,"name":"Po avgustovskem po\u017earu na Cerju danes akcija sajenja dreves"}]},{"@type":"WebSite","@id":"https:\/\/hudo.com\/si\/#website","url":"https:\/\/hudo.com\/si\/","name":"Hudo Slovenija","description":"Vse novice iz Slovenije in sveta","publisher":{"@id":"https:\/\/hudo.com\/si\/#organization"},"potentialAction":[{"@type":"SearchAction","target":{"@type":"EntryPoint","urlTemplate":"https:\/\/hudo.com\/si\/?s={search_term_string}"},"query-input":"required name=search_term_string"}],"inLanguage":"sl-SI"},{"@type":"Organization","@id":"https:\/\/hudo.com\/si\/#organization","name":"VSN Media","url":"https:\/\/hudo.com\/si\/","logo":{"@type":"ImageObject","inLanguage":"sl-SI","@id":"https:\/\/hudo.com\/si\/#\/schema\/logo\/image\/","url":"https:\/\/hudo.com\/si\/wp-content\/uploads\/sites\/2\/2021\/03\/hudo-app-2.png","contentUrl":"https:\/\/hudo.com\/si\/wp-content\/uploads\/sites\/2\/2021\/03\/hudo-app-2.png","width":2185,"height":2167,"caption":"VSN Media"},"image":{"@id":"https:\/\/hudo.com\/si\/#\/schema\/logo\/image\/"},"sameAs":["https:\/\/www.facebook.com\/hudo.si","https:\/\/twitter.com\/hudo_si"]},{"@type":"Person","@id":"https:\/\/hudo.com\/si\/#\/schema\/person\/18f09c02475ba9e606e941a565b80cff","name":"A. P., STA","image":{"@type":"ImageObject","inLanguage":"sl-SI","@id":"https:\/\/hudo.com\/si\/#\/schema\/person\/image\/","url":"https:\/\/secure.gravatar.com\/avatar\/03eac8e609f5f04383125d80eaeaaf3e?s=96&d=mm&r=g","contentUrl":"https:\/\/secure.gravatar.com\/avatar\/03eac8e609f5f04383125d80eaeaaf3e?s=96&d=mm&r=g","caption":"A. P., STA"},"url":"https:\/\/hudo.com\/si\/author\/lubu\/"}]}},"amp_enabled":true,"_links":{"self":[{"href":"https:\/\/hudo.com\/si\/wp-json\/wp\/v2\/posts\/410945"}],"collection":[{"href":"https:\/\/hudo.com\/si\/wp-json\/wp\/v2\/posts"}],"about":[{"href":"https:\/\/hudo.com\/si\/wp-json\/wp\/v2\/types\/post"}],"author":[{"embeddable":true,"href":"https:\/\/hudo.com\/si\/wp-json\/wp\/v2\/users\/7"}],"replies":[{"embeddable":true,"href":"https:\/\/hudo.com\/si\/wp-json\/wp\/v2\/comments?post=410945"}],"version-history":[{"count":1,"href":"https:\/\/hudo.com\/si\/wp-json\/wp\/v2\/posts\/410945\/revisions"}],"predecessor-version":[{"id":410947,"href":"https:\/\/hudo.com\/si\/wp-json\/wp\/v2\/posts\/410945\/revisions\/410947"}],"wp:featuredmedia":[{"embeddable":true,"href":"https:\/\/hudo.com\/si\/wp-json\/wp\/v2\/media\/410946"}],"wp:attachment":[{"href":"https:\/\/hudo.com\/si\/wp-json\/wp\/v2\/media?parent=410945"}],"wp:term":[{"taxonomy":"category","embeddable":true,"href":"https:\/\/hudo.com\/si\/wp-json\/wp\/v2\/categories?post=410945"},{"taxonomy":"post_tag","embeddable":true,"href":"https:\/\/hudo.com\/si\/wp-json\/wp\/v2\/tags?post=410945"},{"taxonomy":"source","embeddable":true,"href":"https:\/\/hudo.com\/si\/wp-json\/wp\/v2\/source?post=410945"},{"taxonomy":"supertag","embeddable":true,"href":"https:\/\/hudo.com\/si\/wp-json\/wp\/v2\/supertag?post=410945"}],"curies":[{"name":"wp","href":"https:\/\/api.w.org\/{rel}","templated":true}]}}