{"id":411197,"date":"2019-11-27T11:18:26","date_gmt":"2019-11-27T10:18:26","guid":{"rendered":"https:\/\/hudo.com\/si\/2019\/11\/27\/v-decebru-se-bodo-otroci-lahko-z-muzejskim-vlakom-in-bozickom-potepali-po-razlicnih-koncih-slovenije\/"},"modified":"2019-11-27T11:18:26","modified_gmt":"2019-11-27T10:18:26","slug":"v-decebru-se-bodo-otroci-lahko-z-muzejskim-vlakom-in-bozickom-potepali-po-razlicnih-koncih-slovenije","status":"publish","type":"post","link":"https:\/\/hudo.com\/si\/zabava\/v-decebru-se-bodo-otroci-lahko-z-muzejskim-vlakom-in-bozickom-potepali-po-razlicnih-koncih-slovenije\/","title":{"rendered":"V decebru se bodo otroci lahko z muzejskim vlakom in Bo\u017ei\u010dkom potepali po razli\u010dnih koncih Slovenije"},"content":{"rendered":"<figure>\n\t\t\t\t\t<img loading=\"lazy\" decoding=\"async\" width=\"660\" height=\"320\" src=\"image\/gif;base64,R0lGODlhAQABAAAAACH5BAEKAAEALAAAAAABAAEAAAICTAEAOw==\" class=\"lazyload\" \/><figcaption>Foto: Profimedia<\/figcaption><\/figure>\n<p>Na plo\u0161\u010dadi so zbrani skupaj z otroki po\u010dakali vlak s pravlji\u010dnimi junaki. Otroke so pozdravili Bo\u017ei\u010dek, ki bo potoval s sto let starim muzejskim vlakom, in pravlji\u010dne vile, ki bodo najmlaj\u0161e spremljale na potovanjih z vlaki v Pravlji\u010dno de\u017eelo Celje. Otroci so se posladkali s sla\u0161\u010dicami peka Sladkega Tonija in se dru\u017eili z navihanim \u0161kratom. Z muzejskega vlaka priklicani Bo\u017ei\u010dek je otroke obdaroval in jih povabil na prazni\u010dne vo\u017enje.<\/p>\n<p>Pravlji\u010dna de\u017eela bo letos sicer odprla vrata \u017ee v soboto ob 17. uri, dogodki pa se bodo vrstili vse do 31. decembra, je dejala koordinatorka Pravlji\u010dne de\u017eele Celje Vladimira Skale. V dneh pravlji\u010dnih do\u017eivetij, ko se bodo zbudili \u0161tevilni pravlji\u010dni junaki, ko bodo najmlaj\u0161e pobo\u017eale pravlji\u010dne pal\u010dice in vile, bosta otroke obiskala tudi Bo\u017ei\u010dek in dedek Mraz.<\/p>\n<p>&#8220;\u017de to soboto se na potovanje po Sloveniji z muzejskim vlakom odpravlja Bo\u017ei\u010dek, na rednih vlakih pa boste lahko sre\u010dali pravlji\u010dne vile,&#8221; je zbranim na postaji povedala Petra Priv\u0161ek iz Potni\u0161kega prometa Slovenskih \u017eeleznic. Veseli december pomeni tudi obisk adventnih sejmov v Ljubljani, Celju, Mariboru in Kopru, kamor se je mogo\u010de zapeljati z vlakom. Z direktnimi vlaki se lahko zapeljejo tudi v Beljak, Gradec, Dunaj, Salzburg, Zagreb in Reko, je dodala in poudarila, da so cene za vozovnico \u017ee od osem evrov dalje.<\/p>\n<p>\u017de to soboto bo muzejski vlak z Bo\u017ei\u010dkom zapeljal med Ljubljano in Postojno ter med Se\u017eano in Novo Gorico. Med drugim bo med Novo Gorico in Ajdov\u0161\u010dino oz. Jesenicami potoval 1. decembra, 4. decembra med Ljubljano in Borovnico, 5., 6., in 7. decembra med Mariborom in Dravogradom ter Zidanim mostom in Dobovo, med Novim mestom in \u010crnomljem 8. decembra, med Ljubljano in Postojno ter Ptujem in Pragerskim 15. in 16. decembra, med Ljubljano in Grosupljem ter Litijo pa 21., 22. in 23. decembra.<\/p>\n<p>Priv\u0161kova je opozorila na vozni red, ki se 15. decembra spreminja in prina\u0161a kar nekaj novosti. Tako so z vlaki proti Kopru in Budimpe\u0161ti ob\u010dutno skraj\u0161ali potovalne \u010dase, med Zidanim mostom in La\u0161kim so dodali sedem nadomestnih prevozov z vlaki. Potni\u0161ki promet Slovenskih \u017eeleznic je po njenih besedah v obdobju celovite modernizacije in digitalizacije. tako bo do konca meseca vzpostavljeno brez\u017ei\u010dno omre\u017eje na kar 28 vlakih.<\/p>\n<p>Slovenske \u017eeleznice bodo tako bogatej\u0161e za kar 52 novih vlakov, prvi bo pripeljal \u017ee v za\u010detku prihodnjega leta, je \u0161e dodala vodja slu\u017ebe za prodajo in marketing.<\/p>\n","protected":false},"excerpt":{"rendered":"<p>Slovenske \u017eeleznice so danes na glavni \u017eelezni\u0161ki postaji s predstavo za otroke odprle mesec prazni\u010dnih vo\u017eenj z vlaki in pravlji\u010dnimi junaki. Z muzejskim vlakom in Bo\u017ei\u010dkom se bodo lahko potepali po razli\u010dnih koncih Slovenije. Pravlji\u010dne vile bodo v Celje potovale z rednimi vlaki iz smeri Maribora, Velenja in Ljubljane.<\/p>\n","protected":false},"author":1,"featured_media":0,"comment_status":"closed","ping_status":"closed","sticky":false,"template":"","format":"standard","meta":{"footnotes":""},"categories":[1095],"tags":[15229,15230,6225,2917],"source":[1351,1466,1334],"supertag":[],"acf":[],"yoast_head":"<!-- This site is optimized with the Yoast SEO plugin v21.3 - https:\/\/yoast.com\/wordpress\/plugins\/seo\/ -->\n<title>V decebru se bodo otroci lahko z muzejskim vlakom in Bo\u017ei\u010dkom potepali po razli\u010dnih koncih Slovenije - Hudo Slovenija<\/title>\n<meta name=\"robots\" content=\"index, follow, max-snippet:-1, max-image-preview:large, max-video-preview:-1\" \/>\n<link rel=\"canonical\" href=\"https:\/\/hudo.com\/si\/zabava\/v-decebru-se-bodo-otroci-lahko-z-muzejskim-vlakom-in-bozickom-potepali-po-razlicnih-koncih-slovenije\/\" \/>\n<meta property=\"og:locale\" content=\"sl_SI\" \/>\n<meta property=\"og:type\" content=\"article\" \/>\n<meta property=\"og:title\" content=\"V decebru se bodo otroci lahko z muzejskim vlakom in Bo\u017ei\u010dkom potepali po razli\u010dnih koncih Slovenije - Hudo Slovenija\" \/>\n<meta property=\"og:description\" content=\"Slovenske \u017eeleznice so danes na glavni \u017eelezni\u0161ki postaji s predstavo za otroke odprle mesec prazni\u010dnih vo\u017eenj z vlaki in pravlji\u010dnimi junaki. Z muzejskim vlakom in Bo\u017ei\u010dkom se bodo lahko potepali po razli\u010dnih koncih Slovenije. Pravlji\u010dne vile bodo v Celje potovale z rednimi vlaki iz smeri Maribora, Velenja in Ljubljane.\" \/>\n<meta property=\"og:url\" content=\"https:\/\/hudo.com\/si\/zabava\/v-decebru-se-bodo-otroci-lahko-z-muzejskim-vlakom-in-bozickom-potepali-po-razlicnih-koncih-slovenije\/\" \/>\n<meta property=\"og:site_name\" content=\"Hudo Slovenija\" \/>\n<meta property=\"article:publisher\" content=\"https:\/\/www.facebook.com\/hudo.si\" \/>\n<meta property=\"article:published_time\" content=\"2019-11-27T10:18:26+00:00\" \/>\n<meta property=\"og:image\" content=\"https:\/\/hudo.com\/si\/wp-content\/uploads\/sites\/2\/2019\/11\/profimedia-0213306901.jpg\" \/>\n\t<meta property=\"og:image:width\" content=\"1250\" \/>\n\t<meta property=\"og:image:height\" content=\"1250\" \/>\n\t<meta property=\"og:image:type\" content=\"image\/jpeg\" \/>\n<meta name=\"author\" content=\"hudo\" \/>\n<meta name=\"twitter:card\" content=\"summary_large_image\" \/>\n<meta name=\"twitter:creator\" content=\"@hudo_si\" \/>\n<meta name=\"twitter:site\" content=\"@hudo_si\" \/>\n<meta name=\"twitter:label1\" content=\"Written by\" \/>\n\t<meta name=\"twitter:data1\" content=\"hudo\" \/>\n\t<meta name=\"twitter:label2\" content=\"Est. reading time\" \/>\n\t<meta name=\"twitter:data2\" content=\"2 minuti\" \/>\n<script type=\"application\/ld+json\" class=\"yoast-schema-graph\">{\"@context\":\"https:\/\/schema.org\",\"@graph\":[{\"@type\":\"Article\",\"@id\":\"https:\/\/hudo.com\/si\/zabava\/v-decebru-se-bodo-otroci-lahko-z-muzejskim-vlakom-in-bozickom-potepali-po-razlicnih-koncih-slovenije\/#article\",\"isPartOf\":{\"@id\":\"https:\/\/hudo.com\/si\/zabava\/v-decebru-se-bodo-otroci-lahko-z-muzejskim-vlakom-in-bozickom-potepali-po-razlicnih-koncih-slovenije\/\"},\"author\":{\"name\":\"hudo\",\"@id\":\"https:\/\/hudo.com\/si\/#\/schema\/person\/601cf3379633985b20f7e50f2bb47707\"},\"headline\":\"V decebru se bodo otroci lahko z muzejskim vlakom in Bo\u017ei\u010dkom potepali po razli\u010dnih koncih Slovenije\",\"datePublished\":\"2019-11-27T10:18:26+00:00\",\"dateModified\":\"2019-11-27T10:18:26+00:00\",\"mainEntityOfPage\":{\"@id\":\"https:\/\/hudo.com\/si\/zabava\/v-decebru-se-bodo-otroci-lahko-z-muzejskim-vlakom-in-bozickom-potepali-po-razlicnih-koncih-slovenije\/\"},\"wordCount\":442,\"publisher\":{\"@id\":\"https:\/\/hudo.com\/si\/#organization\"},\"keywords\":[\"december 2019\",\"prazni\u010dna vo\u017enja z vlakom\",\"slovenske \u017eeleznice\",\"veseli december\"],\"articleSection\":[\"Zabava\"],\"inLanguage\":\"sl-SI\"},{\"@type\":\"WebPage\",\"@id\":\"https:\/\/hudo.com\/si\/zabava\/v-decebru-se-bodo-otroci-lahko-z-muzejskim-vlakom-in-bozickom-potepali-po-razlicnih-koncih-slovenije\/\",\"url\":\"https:\/\/hudo.com\/si\/zabava\/v-decebru-se-bodo-otroci-lahko-z-muzejskim-vlakom-in-bozickom-potepali-po-razlicnih-koncih-slovenije\/\",\"name\":\"V decebru se bodo otroci lahko z muzejskim vlakom in Bo\u017ei\u010dkom potepali po razli\u010dnih koncih Slovenije - Hudo Slovenija\",\"isPartOf\":{\"@id\":\"https:\/\/hudo.com\/si\/#website\"},\"datePublished\":\"2019-11-27T10:18:26+00:00\",\"dateModified\":\"2019-11-27T10:18:26+00:00\",\"breadcrumb\":{\"@id\":\"https:\/\/hudo.com\/si\/zabava\/v-decebru-se-bodo-otroci-lahko-z-muzejskim-vlakom-in-bozickom-potepali-po-razlicnih-koncih-slovenije\/#breadcrumb\"},\"inLanguage\":\"sl-SI\",\"potentialAction\":[{\"@type\":\"ReadAction\",\"target\":[\"https:\/\/hudo.com\/si\/zabava\/v-decebru-se-bodo-otroci-lahko-z-muzejskim-vlakom-in-bozickom-potepali-po-razlicnih-koncih-slovenije\/\"]}]},{\"@type\":\"BreadcrumbList\",\"@id\":\"https:\/\/hudo.com\/si\/zabava\/v-decebru-se-bodo-otroci-lahko-z-muzejskim-vlakom-in-bozickom-potepali-po-razlicnih-koncih-slovenije\/#breadcrumb\",\"itemListElement\":[{\"@type\":\"ListItem\",\"position\":1,\"name\":\"Home\",\"item\":\"https:\/\/hudo.com\/si\/\"},{\"@type\":\"ListItem\",\"position\":2,\"name\":\"V decebru se bodo otroci lahko z muzejskim vlakom in Bo\u017ei\u010dkom potepali po razli\u010dnih koncih Slovenije\"}]},{\"@type\":\"WebSite\",\"@id\":\"https:\/\/hudo.com\/si\/#website\",\"url\":\"https:\/\/hudo.com\/si\/\",\"name\":\"Hudo Slovenija\",\"description\":\"Vse novice iz Slovenije in sveta\",\"publisher\":{\"@id\":\"https:\/\/hudo.com\/si\/#organization\"},\"potentialAction\":[{\"@type\":\"SearchAction\",\"target\":{\"@type\":\"EntryPoint\",\"urlTemplate\":\"https:\/\/hudo.com\/si\/?s={search_term_string}\"},\"query-input\":\"required name=search_term_string\"}],\"inLanguage\":\"sl-SI\"},{\"@type\":\"Organization\",\"@id\":\"https:\/\/hudo.com\/si\/#organization\",\"name\":\"VSN Media\",\"url\":\"https:\/\/hudo.com\/si\/\",\"logo\":{\"@type\":\"ImageObject\",\"inLanguage\":\"sl-SI\",\"@id\":\"https:\/\/hudo.com\/si\/#\/schema\/logo\/image\/\",\"url\":\"https:\/\/hudo.com\/si\/wp-content\/uploads\/sites\/2\/2021\/03\/hudo-app-2.png\",\"contentUrl\":\"https:\/\/hudo.com\/si\/wp-content\/uploads\/sites\/2\/2021\/03\/hudo-app-2.png\",\"width\":2185,\"height\":2167,\"caption\":\"VSN Media\"},\"image\":{\"@id\":\"https:\/\/hudo.com\/si\/#\/schema\/logo\/image\/\"},\"sameAs\":[\"https:\/\/www.facebook.com\/hudo.si\",\"https:\/\/twitter.com\/hudo_si\"]},{\"@type\":\"Person\",\"@id\":\"https:\/\/hudo.com\/si\/#\/schema\/person\/601cf3379633985b20f7e50f2bb47707\",\"name\":\"hudo\",\"image\":{\"@type\":\"ImageObject\",\"inLanguage\":\"sl-SI\",\"@id\":\"https:\/\/hudo.com\/si\/#\/schema\/person\/image\/\",\"url\":\"https:\/\/secure.gravatar.com\/avatar\/c4ca25fa72cace7a696b52ff5db9e095?s=96&d=mm&r=g\",\"contentUrl\":\"https:\/\/secure.gravatar.com\/avatar\/c4ca25fa72cace7a696b52ff5db9e095?s=96&d=mm&r=g\",\"caption\":\"hudo\"},\"url\":\"https:\/\/hudo.com\/si\/author\/hudo\/\"}]}<\/script>\n<!-- \/ Yoast SEO plugin. -->","yoast_head_json":{"title":"V decebru se bodo otroci lahko z muzejskim vlakom in Bo\u017ei\u010dkom potepali po razli\u010dnih koncih Slovenije - Hudo Slovenija","robots":{"index":"index","follow":"follow","max-snippet":"max-snippet:-1","max-image-preview":"max-image-preview:large","max-video-preview":"max-video-preview:-1"},"canonical":"https:\/\/hudo.com\/si\/zabava\/v-decebru-se-bodo-otroci-lahko-z-muzejskim-vlakom-in-bozickom-potepali-po-razlicnih-koncih-slovenije\/","og_locale":"sl_SI","og_type":"article","og_title":"V decebru se bodo otroci lahko z muzejskim vlakom in Bo\u017ei\u010dkom potepali po razli\u010dnih koncih Slovenije - Hudo Slovenija","og_description":"Slovenske \u017eeleznice so danes na glavni \u017eelezni\u0161ki postaji s predstavo za otroke odprle mesec prazni\u010dnih vo\u017eenj z vlaki in pravlji\u010dnimi junaki. Z muzejskim vlakom in Bo\u017ei\u010dkom se bodo lahko potepali po razli\u010dnih koncih Slovenije. Pravlji\u010dne vile bodo v Celje potovale z rednimi vlaki iz smeri Maribora, Velenja in Ljubljane.","og_url":"https:\/\/hudo.com\/si\/zabava\/v-decebru-se-bodo-otroci-lahko-z-muzejskim-vlakom-in-bozickom-potepali-po-razlicnih-koncih-slovenije\/","og_site_name":"Hudo Slovenija","article_publisher":"https:\/\/www.facebook.com\/hudo.si","article_published_time":"2019-11-27T10:18:26+00:00","og_image":[{"width":1250,"height":1250,"url":"https:\/\/hudo.com\/si\/wp-content\/uploads\/sites\/2\/2019\/11\/profimedia-0213306901.jpg","type":"image\/jpeg"}],"author":"hudo","twitter_card":"summary_large_image","twitter_creator":"@hudo_si","twitter_site":"@hudo_si","twitter_misc":{"Written by":"hudo","Est. reading time":"2 minuti"},"schema":{"@context":"https:\/\/schema.org","@graph":[{"@type":"Article","@id":"https:\/\/hudo.com\/si\/zabava\/v-decebru-se-bodo-otroci-lahko-z-muzejskim-vlakom-in-bozickom-potepali-po-razlicnih-koncih-slovenije\/#article","isPartOf":{"@id":"https:\/\/hudo.com\/si\/zabava\/v-decebru-se-bodo-otroci-lahko-z-muzejskim-vlakom-in-bozickom-potepali-po-razlicnih-koncih-slovenije\/"},"author":{"name":"hudo","@id":"https:\/\/hudo.com\/si\/#\/schema\/person\/601cf3379633985b20f7e50f2bb47707"},"headline":"V decebru se bodo otroci lahko z muzejskim vlakom in Bo\u017ei\u010dkom potepali po razli\u010dnih koncih Slovenije","datePublished":"2019-11-27T10:18:26+00:00","dateModified":"2019-11-27T10:18:26+00:00","mainEntityOfPage":{"@id":"https:\/\/hudo.com\/si\/zabava\/v-decebru-se-bodo-otroci-lahko-z-muzejskim-vlakom-in-bozickom-potepali-po-razlicnih-koncih-slovenije\/"},"wordCount":442,"publisher":{"@id":"https:\/\/hudo.com\/si\/#organization"},"keywords":["december 2019","prazni\u010dna vo\u017enja z vlakom","slovenske \u017eeleznice","veseli december"],"articleSection":["Zabava"],"inLanguage":"sl-SI"},{"@type":"WebPage","@id":"https:\/\/hudo.com\/si\/zabava\/v-decebru-se-bodo-otroci-lahko-z-muzejskim-vlakom-in-bozickom-potepali-po-razlicnih-koncih-slovenije\/","url":"https:\/\/hudo.com\/si\/zabava\/v-decebru-se-bodo-otroci-lahko-z-muzejskim-vlakom-in-bozickom-potepali-po-razlicnih-koncih-slovenije\/","name":"V decebru se bodo otroci lahko z muzejskim vlakom in Bo\u017ei\u010dkom potepali po razli\u010dnih koncih Slovenije - Hudo Slovenija","isPartOf":{"@id":"https:\/\/hudo.com\/si\/#website"},"datePublished":"2019-11-27T10:18:26+00:00","dateModified":"2019-11-27T10:18:26+00:00","breadcrumb":{"@id":"https:\/\/hudo.com\/si\/zabava\/v-decebru-se-bodo-otroci-lahko-z-muzejskim-vlakom-in-bozickom-potepali-po-razlicnih-koncih-slovenije\/#breadcrumb"},"inLanguage":"sl-SI","potentialAction":[{"@type":"ReadAction","target":["https:\/\/hudo.com\/si\/zabava\/v-decebru-se-bodo-otroci-lahko-z-muzejskim-vlakom-in-bozickom-potepali-po-razlicnih-koncih-slovenije\/"]}]},{"@type":"BreadcrumbList","@id":"https:\/\/hudo.com\/si\/zabava\/v-decebru-se-bodo-otroci-lahko-z-muzejskim-vlakom-in-bozickom-potepali-po-razlicnih-koncih-slovenije\/#breadcrumb","itemListElement":[{"@type":"ListItem","position":1,"name":"Home","item":"https:\/\/hudo.com\/si\/"},{"@type":"ListItem","position":2,"name":"V decebru se bodo otroci lahko z muzejskim vlakom in Bo\u017ei\u010dkom potepali po razli\u010dnih koncih Slovenije"}]},{"@type":"WebSite","@id":"https:\/\/hudo.com\/si\/#website","url":"https:\/\/hudo.com\/si\/","name":"Hudo Slovenija","description":"Vse novice iz Slovenije in sveta","publisher":{"@id":"https:\/\/hudo.com\/si\/#organization"},"potentialAction":[{"@type":"SearchAction","target":{"@type":"EntryPoint","urlTemplate":"https:\/\/hudo.com\/si\/?s={search_term_string}"},"query-input":"required name=search_term_string"}],"inLanguage":"sl-SI"},{"@type":"Organization","@id":"https:\/\/hudo.com\/si\/#organization","name":"VSN Media","url":"https:\/\/hudo.com\/si\/","logo":{"@type":"ImageObject","inLanguage":"sl-SI","@id":"https:\/\/hudo.com\/si\/#\/schema\/logo\/image\/","url":"https:\/\/hudo.com\/si\/wp-content\/uploads\/sites\/2\/2021\/03\/hudo-app-2.png","contentUrl":"https:\/\/hudo.com\/si\/wp-content\/uploads\/sites\/2\/2021\/03\/hudo-app-2.png","width":2185,"height":2167,"caption":"VSN Media"},"image":{"@id":"https:\/\/hudo.com\/si\/#\/schema\/logo\/image\/"},"sameAs":["https:\/\/www.facebook.com\/hudo.si","https:\/\/twitter.com\/hudo_si"]},{"@type":"Person","@id":"https:\/\/hudo.com\/si\/#\/schema\/person\/601cf3379633985b20f7e50f2bb47707","name":"hudo","image":{"@type":"ImageObject","inLanguage":"sl-SI","@id":"https:\/\/hudo.com\/si\/#\/schema\/person\/image\/","url":"https:\/\/secure.gravatar.com\/avatar\/c4ca25fa72cace7a696b52ff5db9e095?s=96&d=mm&r=g","contentUrl":"https:\/\/secure.gravatar.com\/avatar\/c4ca25fa72cace7a696b52ff5db9e095?s=96&d=mm&r=g","caption":"hudo"},"url":"https:\/\/hudo.com\/si\/author\/hudo\/"}]}},"amp_enabled":true,"_links":{"self":[{"href":"https:\/\/hudo.com\/si\/wp-json\/wp\/v2\/posts\/411197"}],"collection":[{"href":"https:\/\/hudo.com\/si\/wp-json\/wp\/v2\/posts"}],"about":[{"href":"https:\/\/hudo.com\/si\/wp-json\/wp\/v2\/types\/post"}],"author":[{"embeddable":true,"href":"https:\/\/hudo.com\/si\/wp-json\/wp\/v2\/users\/1"}],"replies":[{"embeddable":true,"href":"https:\/\/hudo.com\/si\/wp-json\/wp\/v2\/comments?post=411197"}],"version-history":[{"count":0,"href":"https:\/\/hudo.com\/si\/wp-json\/wp\/v2\/posts\/411197\/revisions"}],"wp:attachment":[{"href":"https:\/\/hudo.com\/si\/wp-json\/wp\/v2\/media?parent=411197"}],"wp:term":[{"taxonomy":"category","embeddable":true,"href":"https:\/\/hudo.com\/si\/wp-json\/wp\/v2\/categories?post=411197"},{"taxonomy":"post_tag","embeddable":true,"href":"https:\/\/hudo.com\/si\/wp-json\/wp\/v2\/tags?post=411197"},{"taxonomy":"source","embeddable":true,"href":"https:\/\/hudo.com\/si\/wp-json\/wp\/v2\/source?post=411197"},{"taxonomy":"supertag","embeddable":true,"href":"https:\/\/hudo.com\/si\/wp-json\/wp\/v2\/supertag?post=411197"}],"curies":[{"name":"wp","href":"https:\/\/api.w.org\/{rel}","templated":true}]}}