{"id":411211,"date":"2019-11-27T11:04:00","date_gmt":"2019-11-27T10:04:00","guid":{"rendered":"https:\/\/hudo.com\/si\/2019\/11\/27\/evropejci-za-varstvo-okolja-niso-pripravljeni-seci-v-zep\/"},"modified":"2019-11-27T11:04:00","modified_gmt":"2019-11-27T10:04:00","slug":"evropejci-za-varstvo-okolja-niso-pripravljeni-seci-v-zep","status":"publish","type":"post","link":"https:\/\/hudo.com\/si\/aktualno\/mnenja\/evropejci-za-varstvo-okolja-niso-pripravljeni-seci-v-zep\/","title":{"rendered":"Evropejci za varstvo okolja niso pripravljeni se\u010di v \u017eep"},"content":{"rendered":"<figure>\n\t\t\t\t\t<img loading=\"lazy\" decoding=\"async\" width=\"660\" height=\"320\" src=\"image\/gif;base64,R0lGODlhAQABAAAAACH5BAEKAAEALAAAAAABAAEAAAICTAEAOw==\" class=\"lazyload\" \/><figcaption>foto:Profimedia<\/figcaption><\/figure>\n<p>V odgovorih na vpra\u0161anje, kaj je klju\u010dna prednostna naloga za EU, se je na prvo mesto uvrstilo okolje. Obenem pribli\u017eno polovica vpra\u0161anih izpostavlja, da jih trenutno na osebni ravni najbolj skrbi rast \u017eivljenjskih stro\u0161kov.<\/p>\n<h2>Okolje nam pomeni veliko, a le, \u010de je zastonj<\/h2>\n<p>To je glavna ugotovitev nove javnomnenjske raziskave &#8220;eupinions&#8221;, s katero fundacija Bertelsmann preverja mnenja dr\u017eavljanov o aktualnih temah v EU. Tokratno so opravili junija letos v \u0161estih najve\u010djih \u010dlanicah unije (brez Velike Britanije), izpra\u0161ali so 12.123 ljudi.<\/p>\n<p>Pri preverjanju, kaj so za Evropejce najpomembnej\u0161e prednostne naloge unije, je okolje dobilo 40 odstotkov glasov, sledijo delovna mesta s 34 odstotki in socialna varnost s 23 odstotki.<\/p>\n<p>So pa med \u010dlanicami precej\u0161nje razlike. Medtem ko Nemci, Francozi in Nizozemci postavljajo na prvo mesto za\u0161\u010dito okolja, so za Italijane, \u0160pance in Poljake delovna mesta bistveno pomembnej\u0161a od okolja.<\/p>\n<p>Za okolje skrbi zlasti Evropejce, stare od 16 do 25 let. Mlade zelo skrbi tudi osamljenost, in sicer dvakrat bolj kot Evropejce v starostni skupini od 46 do 65 let. Socialna varnost pa najbolj skrbi Evropejce, stare med 56 in 65 let, mlade pa bistveno manj.<\/p>\n<p>Avtorji raziskave izpostavljajo tudi podatek, da politi\u010den radikalizem skrbi 28 odstotkov Nemcev, kar je bistveno ve\u010d kot v sosedah Nem\u010dije.<\/p>\n<p>Na vrhu seznama osebnih skrbi je vse dra\u017eje \u017eivljenje, ki je temeljna skrb za 51 odstotkov vpra\u0161anih. Najmo\u010dnej\u0161a je ta skrb na Poljskem in v Franciji, naj\u0161ibkej\u0161a pa v Nem\u010diji. Sledijo skrb za zdravje, negotovost glede slu\u017eb in kriminal.<\/p>\n<p>Pogled na EU, sode\u010d po raziskavi, ostaja prete\u017eno pozitiven. 54 odstotkov vpra\u0161anih podpira ve\u010djo integracijo in polovica jih je optimisti\u010dnih glede prihodnosti. Najve\u010d podpore ima EU v dr\u017eavah, kjer ljudi najbolj skrbi za delovna mesta.<\/p>\n<p>Italijani na primer mo\u010dno podpirajo poglabljanje politi\u010dne in gospodarske integracije, vendar pa je zanje najmanj verjetno, da bodo v pogovoru s prijatelji govorili pozitivno o EU, izpostavljajo avtorji kot zanimivost.<\/p>\n<p>Na vpra\u0161anja o prihodnjem razvoju EU je 35 odstotkov vpra\u0161anih &#8211; najve\u010d v Franciji &#8211; odgovorilo, da je verjetnih \u0161e ve\u010d izstopov iz unije po vzoru brexita, 31 odstotkov &#8211; najve\u010d v Nem\u010diji &#8211; jih pri\u010dakuje integracijo razli\u010dnih hitrosti. Petina meni, da bodo stvari ostale enake, devet odstotkov pa, da EU v prihodnje ne bo ve\u010d obstajala.<\/p>\n<p>Avtorica raziskave in vodja projekta &#8220;eupinions&#8221; Isabell Hoffmann izpostavlja, da je Evropejce treba prepri\u010dati, da skupna evropska politika prina\u0161a dodano vrednost, obenem pa pojasniti, da naslavljanje vseh njihovih skrbi ni v pristojnosti Evropske komisije.<\/p>\n<p>Ob tem poudarja, da bo nova komisija morala dokazati zmo\u017enost spopadanja s pere\u010dimi politi\u010dnimi temami, kot so podnebne spremembe, upo\u010dasnjevanje gospodarske rasti, migracije in spodkopavanje vladavine prava, in to v izjemno razdrobljenem politi\u010dnem okolju.<\/p>\n<p>Klju\u010dno pri tem bo odzivanje na skrbi dr\u017eavljanov z vse ve\u010djimi pri\u010dakovanji in vse manj\u0161im zaupanjem v zmo\u017enost politike, da ustrezno odgovori na njihove skrbi, zato je treba najprej razumeti, kaj Evropejci ho\u010dejo, pojasnjujejo avtorji raziskave.<\/p>\n","protected":false},"excerpt":{"rendered":"<p>Evropejci \u017eelijo zavarovati okolje, a na osebni ravni jih skrbijo zlasti vse ve\u010dji \u017eivljenjski stro\u0161ki in slu\u017ebe, ugotavljajo avtorji javnomnenjske raziskave fundacije Bertelsmann o pri\u010dakovanjih Evropejcev ob za\u010detku mandata nove Evropske komisije, ki bo predvidoma za\u010dela delati 1. decembra.<\/p>\n","protected":false},"author":1,"featured_media":0,"comment_status":"closed","ping_status":"closed","sticky":false,"template":"","format":"standard","meta":{"footnotes":""},"categories":[1605],"tags":[2171,1768,1538],"source":[1607,1518],"supertag":[],"acf":[],"yoast_head":"<!-- This site is optimized with the Yoast SEO plugin v21.3 - https:\/\/yoast.com\/wordpress\/plugins\/seo\/ -->\n<title>Evropejci za varstvo okolja niso pripravljeni se\u010di v \u017eep - Hudo Slovenija<\/title>\n<meta name=\"robots\" content=\"index, follow, max-snippet:-1, max-image-preview:large, max-video-preview:-1\" \/>\n<link rel=\"canonical\" href=\"https:\/\/hudo.com\/si\/aktualno\/mnenja\/evropejci-za-varstvo-okolja-niso-pripravljeni-seci-v-zep\/\" \/>\n<meta property=\"og:locale\" content=\"sl_SI\" \/>\n<meta property=\"og:type\" content=\"article\" \/>\n<meta property=\"og:title\" content=\"Evropejci za varstvo okolja niso pripravljeni se\u010di v \u017eep - Hudo Slovenija\" \/>\n<meta property=\"og:description\" content=\"Evropejci \u017eelijo zavarovati okolje, a na osebni ravni jih skrbijo zlasti vse ve\u010dji \u017eivljenjski stro\u0161ki in slu\u017ebe, ugotavljajo avtorji javnomnenjske raziskave fundacije Bertelsmann o pri\u010dakovanjih Evropejcev ob za\u010detku mandata nove Evropske komisije, ki bo predvidoma za\u010dela delati 1. decembra.\" \/>\n<meta property=\"og:url\" content=\"https:\/\/hudo.com\/si\/aktualno\/mnenja\/evropejci-za-varstvo-okolja-niso-pripravljeni-seci-v-zep\/\" \/>\n<meta property=\"og:site_name\" content=\"Hudo Slovenija\" \/>\n<meta property=\"article:publisher\" content=\"https:\/\/www.facebook.com\/hudo.si\" \/>\n<meta property=\"article:published_time\" content=\"2019-11-27T10:04:00+00:00\" \/>\n<meta property=\"og:image\" content=\"https:\/\/hudo.com\/si\/wp-content\/uploads\/sites\/2\/2019\/11\/profimedia-0352361968.jpg\" \/>\n\t<meta property=\"og:image:width\" content=\"1250\" \/>\n\t<meta property=\"og:image:height\" content=\"834\" \/>\n\t<meta property=\"og:image:type\" content=\"image\/jpeg\" \/>\n<meta name=\"author\" content=\"hudo\" \/>\n<meta name=\"twitter:card\" content=\"summary_large_image\" \/>\n<meta name=\"twitter:creator\" content=\"@hudo_si\" \/>\n<meta name=\"twitter:site\" content=\"@hudo_si\" \/>\n<meta name=\"twitter:label1\" content=\"Written by\" \/>\n\t<meta name=\"twitter:data1\" content=\"hudo\" \/>\n\t<meta name=\"twitter:label2\" content=\"Est. reading time\" \/>\n\t<meta name=\"twitter:data2\" content=\"3 minute\" \/>\n<script type=\"application\/ld+json\" class=\"yoast-schema-graph\">{\"@context\":\"https:\/\/schema.org\",\"@graph\":[{\"@type\":\"Article\",\"@id\":\"https:\/\/hudo.com\/si\/aktualno\/mnenja\/evropejci-za-varstvo-okolja-niso-pripravljeni-seci-v-zep\/#article\",\"isPartOf\":{\"@id\":\"https:\/\/hudo.com\/si\/aktualno\/mnenja\/evropejci-za-varstvo-okolja-niso-pripravljeni-seci-v-zep\/\"},\"author\":{\"name\":\"hudo\",\"@id\":\"https:\/\/hudo.com\/si\/#\/schema\/person\/601cf3379633985b20f7e50f2bb47707\"},\"headline\":\"Evropejci za varstvo okolja niso pripravljeni se\u010di v \u017eep\",\"datePublished\":\"2019-11-27T10:04:00+00:00\",\"dateModified\":\"2019-11-27T10:04:00+00:00\",\"mainEntityOfPage\":{\"@id\":\"https:\/\/hudo.com\/si\/aktualno\/mnenja\/evropejci-za-varstvo-okolja-niso-pripravljeni-seci-v-zep\/\"},\"wordCount\":510,\"publisher\":{\"@id\":\"https:\/\/hudo.com\/si\/#organization\"},\"keywords\":[\"ekologija\",\"evropa\",\"raziskava\"],\"articleSection\":[\"Mnenja\"],\"inLanguage\":\"sl-SI\"},{\"@type\":\"WebPage\",\"@id\":\"https:\/\/hudo.com\/si\/aktualno\/mnenja\/evropejci-za-varstvo-okolja-niso-pripravljeni-seci-v-zep\/\",\"url\":\"https:\/\/hudo.com\/si\/aktualno\/mnenja\/evropejci-za-varstvo-okolja-niso-pripravljeni-seci-v-zep\/\",\"name\":\"Evropejci za varstvo okolja niso pripravljeni se\u010di v \u017eep - Hudo Slovenija\",\"isPartOf\":{\"@id\":\"https:\/\/hudo.com\/si\/#website\"},\"datePublished\":\"2019-11-27T10:04:00+00:00\",\"dateModified\":\"2019-11-27T10:04:00+00:00\",\"breadcrumb\":{\"@id\":\"https:\/\/hudo.com\/si\/aktualno\/mnenja\/evropejci-za-varstvo-okolja-niso-pripravljeni-seci-v-zep\/#breadcrumb\"},\"inLanguage\":\"sl-SI\",\"potentialAction\":[{\"@type\":\"ReadAction\",\"target\":[\"https:\/\/hudo.com\/si\/aktualno\/mnenja\/evropejci-za-varstvo-okolja-niso-pripravljeni-seci-v-zep\/\"]}]},{\"@type\":\"BreadcrumbList\",\"@id\":\"https:\/\/hudo.com\/si\/aktualno\/mnenja\/evropejci-za-varstvo-okolja-niso-pripravljeni-seci-v-zep\/#breadcrumb\",\"itemListElement\":[{\"@type\":\"ListItem\",\"position\":1,\"name\":\"Home\",\"item\":\"https:\/\/hudo.com\/si\/\"},{\"@type\":\"ListItem\",\"position\":2,\"name\":\"Evropejci za varstvo okolja niso pripravljeni se\u010di v \u017eep\"}]},{\"@type\":\"WebSite\",\"@id\":\"https:\/\/hudo.com\/si\/#website\",\"url\":\"https:\/\/hudo.com\/si\/\",\"name\":\"Hudo Slovenija\",\"description\":\"Vse novice iz Slovenije in sveta\",\"publisher\":{\"@id\":\"https:\/\/hudo.com\/si\/#organization\"},\"potentialAction\":[{\"@type\":\"SearchAction\",\"target\":{\"@type\":\"EntryPoint\",\"urlTemplate\":\"https:\/\/hudo.com\/si\/?s={search_term_string}\"},\"query-input\":\"required name=search_term_string\"}],\"inLanguage\":\"sl-SI\"},{\"@type\":\"Organization\",\"@id\":\"https:\/\/hudo.com\/si\/#organization\",\"name\":\"VSN Media\",\"url\":\"https:\/\/hudo.com\/si\/\",\"logo\":{\"@type\":\"ImageObject\",\"inLanguage\":\"sl-SI\",\"@id\":\"https:\/\/hudo.com\/si\/#\/schema\/logo\/image\/\",\"url\":\"https:\/\/hudo.com\/si\/wp-content\/uploads\/sites\/2\/2021\/03\/hudo-app-2.png\",\"contentUrl\":\"https:\/\/hudo.com\/si\/wp-content\/uploads\/sites\/2\/2021\/03\/hudo-app-2.png\",\"width\":2185,\"height\":2167,\"caption\":\"VSN Media\"},\"image\":{\"@id\":\"https:\/\/hudo.com\/si\/#\/schema\/logo\/image\/\"},\"sameAs\":[\"https:\/\/www.facebook.com\/hudo.si\",\"https:\/\/twitter.com\/hudo_si\"]},{\"@type\":\"Person\",\"@id\":\"https:\/\/hudo.com\/si\/#\/schema\/person\/601cf3379633985b20f7e50f2bb47707\",\"name\":\"hudo\",\"image\":{\"@type\":\"ImageObject\",\"inLanguage\":\"sl-SI\",\"@id\":\"https:\/\/hudo.com\/si\/#\/schema\/person\/image\/\",\"url\":\"https:\/\/secure.gravatar.com\/avatar\/c4ca25fa72cace7a696b52ff5db9e095?s=96&d=mm&r=g\",\"contentUrl\":\"https:\/\/secure.gravatar.com\/avatar\/c4ca25fa72cace7a696b52ff5db9e095?s=96&d=mm&r=g\",\"caption\":\"hudo\"},\"url\":\"https:\/\/hudo.com\/si\/author\/hudo\/\"}]}<\/script>\n<!-- \/ Yoast SEO plugin. -->","yoast_head_json":{"title":"Evropejci za varstvo okolja niso pripravljeni se\u010di v \u017eep - Hudo Slovenija","robots":{"index":"index","follow":"follow","max-snippet":"max-snippet:-1","max-image-preview":"max-image-preview:large","max-video-preview":"max-video-preview:-1"},"canonical":"https:\/\/hudo.com\/si\/aktualno\/mnenja\/evropejci-za-varstvo-okolja-niso-pripravljeni-seci-v-zep\/","og_locale":"sl_SI","og_type":"article","og_title":"Evropejci za varstvo okolja niso pripravljeni se\u010di v \u017eep - Hudo Slovenija","og_description":"Evropejci \u017eelijo zavarovati okolje, a na osebni ravni jih skrbijo zlasti vse ve\u010dji \u017eivljenjski stro\u0161ki in slu\u017ebe, ugotavljajo avtorji javnomnenjske raziskave fundacije Bertelsmann o pri\u010dakovanjih Evropejcev ob za\u010detku mandata nove Evropske komisije, ki bo predvidoma za\u010dela delati 1. decembra.","og_url":"https:\/\/hudo.com\/si\/aktualno\/mnenja\/evropejci-za-varstvo-okolja-niso-pripravljeni-seci-v-zep\/","og_site_name":"Hudo Slovenija","article_publisher":"https:\/\/www.facebook.com\/hudo.si","article_published_time":"2019-11-27T10:04:00+00:00","og_image":[{"width":1250,"height":834,"url":"https:\/\/hudo.com\/si\/wp-content\/uploads\/sites\/2\/2019\/11\/profimedia-0352361968.jpg","type":"image\/jpeg"}],"author":"hudo","twitter_card":"summary_large_image","twitter_creator":"@hudo_si","twitter_site":"@hudo_si","twitter_misc":{"Written by":"hudo","Est. reading time":"3 minute"},"schema":{"@context":"https:\/\/schema.org","@graph":[{"@type":"Article","@id":"https:\/\/hudo.com\/si\/aktualno\/mnenja\/evropejci-za-varstvo-okolja-niso-pripravljeni-seci-v-zep\/#article","isPartOf":{"@id":"https:\/\/hudo.com\/si\/aktualno\/mnenja\/evropejci-za-varstvo-okolja-niso-pripravljeni-seci-v-zep\/"},"author":{"name":"hudo","@id":"https:\/\/hudo.com\/si\/#\/schema\/person\/601cf3379633985b20f7e50f2bb47707"},"headline":"Evropejci za varstvo okolja niso pripravljeni se\u010di v \u017eep","datePublished":"2019-11-27T10:04:00+00:00","dateModified":"2019-11-27T10:04:00+00:00","mainEntityOfPage":{"@id":"https:\/\/hudo.com\/si\/aktualno\/mnenja\/evropejci-za-varstvo-okolja-niso-pripravljeni-seci-v-zep\/"},"wordCount":510,"publisher":{"@id":"https:\/\/hudo.com\/si\/#organization"},"keywords":["ekologija","evropa","raziskava"],"articleSection":["Mnenja"],"inLanguage":"sl-SI"},{"@type":"WebPage","@id":"https:\/\/hudo.com\/si\/aktualno\/mnenja\/evropejci-za-varstvo-okolja-niso-pripravljeni-seci-v-zep\/","url":"https:\/\/hudo.com\/si\/aktualno\/mnenja\/evropejci-za-varstvo-okolja-niso-pripravljeni-seci-v-zep\/","name":"Evropejci za varstvo okolja niso pripravljeni se\u010di v \u017eep - Hudo Slovenija","isPartOf":{"@id":"https:\/\/hudo.com\/si\/#website"},"datePublished":"2019-11-27T10:04:00+00:00","dateModified":"2019-11-27T10:04:00+00:00","breadcrumb":{"@id":"https:\/\/hudo.com\/si\/aktualno\/mnenja\/evropejci-za-varstvo-okolja-niso-pripravljeni-seci-v-zep\/#breadcrumb"},"inLanguage":"sl-SI","potentialAction":[{"@type":"ReadAction","target":["https:\/\/hudo.com\/si\/aktualno\/mnenja\/evropejci-za-varstvo-okolja-niso-pripravljeni-seci-v-zep\/"]}]},{"@type":"BreadcrumbList","@id":"https:\/\/hudo.com\/si\/aktualno\/mnenja\/evropejci-za-varstvo-okolja-niso-pripravljeni-seci-v-zep\/#breadcrumb","itemListElement":[{"@type":"ListItem","position":1,"name":"Home","item":"https:\/\/hudo.com\/si\/"},{"@type":"ListItem","position":2,"name":"Evropejci za varstvo okolja niso pripravljeni se\u010di v \u017eep"}]},{"@type":"WebSite","@id":"https:\/\/hudo.com\/si\/#website","url":"https:\/\/hudo.com\/si\/","name":"Hudo Slovenija","description":"Vse novice iz Slovenije in sveta","publisher":{"@id":"https:\/\/hudo.com\/si\/#organization"},"potentialAction":[{"@type":"SearchAction","target":{"@type":"EntryPoint","urlTemplate":"https:\/\/hudo.com\/si\/?s={search_term_string}"},"query-input":"required name=search_term_string"}],"inLanguage":"sl-SI"},{"@type":"Organization","@id":"https:\/\/hudo.com\/si\/#organization","name":"VSN Media","url":"https:\/\/hudo.com\/si\/","logo":{"@type":"ImageObject","inLanguage":"sl-SI","@id":"https:\/\/hudo.com\/si\/#\/schema\/logo\/image\/","url":"https:\/\/hudo.com\/si\/wp-content\/uploads\/sites\/2\/2021\/03\/hudo-app-2.png","contentUrl":"https:\/\/hudo.com\/si\/wp-content\/uploads\/sites\/2\/2021\/03\/hudo-app-2.png","width":2185,"height":2167,"caption":"VSN Media"},"image":{"@id":"https:\/\/hudo.com\/si\/#\/schema\/logo\/image\/"},"sameAs":["https:\/\/www.facebook.com\/hudo.si","https:\/\/twitter.com\/hudo_si"]},{"@type":"Person","@id":"https:\/\/hudo.com\/si\/#\/schema\/person\/601cf3379633985b20f7e50f2bb47707","name":"hudo","image":{"@type":"ImageObject","inLanguage":"sl-SI","@id":"https:\/\/hudo.com\/si\/#\/schema\/person\/image\/","url":"https:\/\/secure.gravatar.com\/avatar\/c4ca25fa72cace7a696b52ff5db9e095?s=96&d=mm&r=g","contentUrl":"https:\/\/secure.gravatar.com\/avatar\/c4ca25fa72cace7a696b52ff5db9e095?s=96&d=mm&r=g","caption":"hudo"},"url":"https:\/\/hudo.com\/si\/author\/hudo\/"}]}},"amp_enabled":true,"_links":{"self":[{"href":"https:\/\/hudo.com\/si\/wp-json\/wp\/v2\/posts\/411211"}],"collection":[{"href":"https:\/\/hudo.com\/si\/wp-json\/wp\/v2\/posts"}],"about":[{"href":"https:\/\/hudo.com\/si\/wp-json\/wp\/v2\/types\/post"}],"author":[{"embeddable":true,"href":"https:\/\/hudo.com\/si\/wp-json\/wp\/v2\/users\/1"}],"replies":[{"embeddable":true,"href":"https:\/\/hudo.com\/si\/wp-json\/wp\/v2\/comments?post=411211"}],"version-history":[{"count":0,"href":"https:\/\/hudo.com\/si\/wp-json\/wp\/v2\/posts\/411211\/revisions"}],"wp:attachment":[{"href":"https:\/\/hudo.com\/si\/wp-json\/wp\/v2\/media?parent=411211"}],"wp:term":[{"taxonomy":"category","embeddable":true,"href":"https:\/\/hudo.com\/si\/wp-json\/wp\/v2\/categories?post=411211"},{"taxonomy":"post_tag","embeddable":true,"href":"https:\/\/hudo.com\/si\/wp-json\/wp\/v2\/tags?post=411211"},{"taxonomy":"source","embeddable":true,"href":"https:\/\/hudo.com\/si\/wp-json\/wp\/v2\/source?post=411211"},{"taxonomy":"supertag","embeddable":true,"href":"https:\/\/hudo.com\/si\/wp-json\/wp\/v2\/supertag?post=411211"}],"curies":[{"name":"wp","href":"https:\/\/api.w.org\/{rel}","templated":true}]}}