{"id":411218,"date":"2019-11-27T13:03:06","date_gmt":"2019-11-27T12:03:06","guid":{"rendered":"https:\/\/hudo.com\/si\/2019\/11\/27\/slovenska-smucisca-v-novo-sezono-brez-resnejsih-investicij-v-zastarele-zicnice\/"},"modified":"2019-11-27T13:03:06","modified_gmt":"2019-11-27T12:03:06","slug":"slovenska-smucisca-v-novo-sezono-brez-resnejsih-investicij-v-zastarele-zicnice","status":"publish","type":"post","link":"https:\/\/hudo.com\/si\/aktualno\/mnenja\/slovenska-smucisca-v-novo-sezono-brez-resnejsih-investicij-v-zastarele-zicnice\/","title":{"rendered":"Slovenska smu\u010di\u0161\u010da v novo sezono brez resnej\u0161ih investicij v zastarele \u017ei\u010dnice"},"content":{"rendered":"<figure>\n\t\t\t\t\t<img loading=\"lazy\" decoding=\"async\" width=\"660\" height=\"320\" src=\"image\/gif;base64,R0lGODlhAQABAAAAACH5BAEKAAEALAAAAAABAAEAAAICTAEAOw==\" class=\"lazyload\" \/><figcaption>foto:Profimedia<\/figcaption><\/figure>\n<p>Kot je povedala predsednica Zdru\u017eenja slovenskih \u017ei\u010dni\u010darjev Manuela Bo\u017ei\u010d Badali\u010d, so v poletni sezoni \u017ei\u010dni\u010darji prepeljali ve\u010d kot milijon potnikov in zabele\u017eili 27-odstotno pove\u010danje \u0161tevila obiskovalcev v primerjavi z lanskim letom. &#8220;Poleti sku\u0161amo pridobiti \u010dim ve\u010d gostov, saj je zimska sezona postala prekratka in ne zadostuje za vzdr\u017eevanje velikih gorskih centrov,&#8221; je izpostavila.<\/p>\n<p>Zadovoljna je, da so letos uspeli s predlogom za odprtje zakona o \u017ei\u010dni\u0161kih napravah za prevoz oseb, tako da bi bile tudi \u017ei\u010dnice uvr\u0161\u010dene v javno infrastrukturo in bi jih dr\u017eava sofinancirala. &#8220;Obetamo si, da bo zakon sprejet \u0161e letos in bo v prihodnjem letu dr\u017eava skozi razli\u010dne prora\u010dunske postavke sofinancirala to dejavnost,&#8221; je dejala in pojasnila, da zahodnoevropske dr\u017eave to delajo \u017ee vrsto let, v Sloveniji pa je dolgo veljalo, da to ni mogo\u010de, a so s strokovnjaki dokazali, da pravne podlage obstajajo.<\/p>\n<p>&#8220;Dr\u017eava in politika se bosta morali odlo\u010dili, ali bomo \u0161e naprej imeli smu\u010darijo ali pa ne,&#8221; je poudarila in dodala, da je povpre\u010dna starost slovenskih \u017ei\u010dni\u0161kih naprav ve\u010d kot 30 let, zato je njihovo vzdr\u017eevanje izjemno drago. Nalo\u017eba v novo napravo medtem stane vsaj pet milijonov evrov. Tega upravljavci smu\u010di\u0161\u010d sami ne zmorejo, imajo pa \u017ei\u010dni\u0161ke naprave velik multiplikativen u\u010dinek za celotno turisti\u010dno okolje, v katerem delujejo, je pojasnila.<\/p>\n<p>Tako je minilo prakti\u010dno \u017ee deset let od zadnjih investicij v nove \u017ei\u010dni\u0161ke naprave. &#8220;\u010ce bomo \u0161e naprej odla\u0161ali, bodo naprave za\u010dele izgubljati obratovalna dovoljenja,&#8221; je opozorila Bo\u017ei\u010d Badali\u010deva, direktor Rekreacijsko turisti\u010dnega centra Krvavec Janez Jan\u0161a pa je dodal, da slovenska smu\u010di\u0161\u010da v treh letih potrebujejo za 100 milijonov evrov, za katere bi morala levji dele\u017e zagotoviti dr\u017eava.<\/p>\n<p>\u017de samo na Krvavcu imajo v na\u010drtu za 37 milijonov evrov investicij, pri \u010demer \u017ee imajo gradbeno dovoljenje za novo akumulacijsko jezero in \u0161estsede\u017enico, ki \u010dakata le \u0161e na finan\u010dno spodbudo. Jan\u0161a od dr\u017eave pri\u010dakuje razpise, saj so jim na dr\u017eavi, kot je dejal, dali jasno vedeti, da so, \u010de bodo na\u0161li pravno podlago, \u017ei\u010dni\u010darjem pripravljeni pomagati. &#8220;\u010ce se to ne bo zgodilo, bomo \u010dez nekaj let za\u010deli namesto na ministrstvo za infrastrukturo hoditi na ministrstvo za kulturo, saj bodo \u017ei\u010dnice postale muzejske,&#8221; je opozoril Jan\u0161a.<\/p>\n<p>Medtem ko smu\u010di\u0161\u010da ne zmorejo velikih investicij v \u017ei\u010dnice, pa sku\u0161ajo \u010dim ve\u010d obiskovalcev privabiti z nalo\u017ebami v namestitveno in gostinsko ponudbo ter z razli\u010dnimi prireditvami in podobnimi cenej\u0161imi prijemi. Najve\u010djo investicijo so letos izvedli na Golteh, kjer so vlo\u017eili \u0161tiri milijone evrov v 32 novih apartmajev.<\/p>\n<p>V Cerknem montirajo \u0161tiri nove toplotne \u010drpalke, na Krvavcu so naredili novo smu\u010darsko progo, kupili \u0161tiri nove sne\u017ene topove in adaptirali hotel. Na Rogli so prenovili bar Unior\u010dek, v Cerknem pa prihodnje leto na\u010drtujejo za\u010detek postopne prenove hotela, ki naj bi stala do sedem milijonov evrov.<\/p>\n<p>\u017di\u010dni\u010darji upajo, da bodo lahko \u010dim prej za\u010deli novo smu\u010darsko sezono. Glede na vremenske napovedi ka\u017ee, da bodo prve naprave lahko zagnali sredi decembra, ponekod pa \u017ee prej. Na Kaninu in Krvavcu ra\u010dunajo na 6. december. Obeta se namre\u010d padec temperatur, ki bo omogo\u010dil za\u010detek izdelave tehni\u010dnega snega, napovedanih pa je tudi nekaj sne\u017enih padavin. &#8220;Nadejamo se mrzle zime z naravnim snegom,&#8221; je povzela Bo\u017ei\u010d Badali\u010deva in spomnila, da je bila prej\u0161nja sezona kratka in pretopla.<\/p>\n<p>Na slovenskih smu\u010di\u0161\u010dih je \u0161e vedno 80 odstotkov smu\u010darjev Slovencev, se pa dele\u017e tujih smu\u010darjev pove\u010dujejo. Navade smu\u010darjev so se spremenile tako, da velikokrat prihajajo le na tri ali \u0161tiridnevne smu\u010darske oddihe, zanje pa se odlo\u010dajo v zadnjem trenutku. Prednost slovenskih smu\u010di\u0161\u010d pa je zagotovo \u0161e vedno cena celotne ponudbe, je prepri\u010dana direktorica zdru\u017eenja \u017ei\u010dni\u010darjev.<\/p>\n<p>Omenjeno zdru\u017eenje se je letos vklju\u010dilo tudi v gospodarsko interesno zdru\u017eenje za pohodni\u0161tvo in kolesarjenje, ki se je oktobra preimenovalo v Slovenia Outdoor. Promocijske aktivnosti bodo tako zdru\u017eili pod eno blagovno znamko, glavna cilja povezovanja pa sta ciljno usmerjen marketing in rast prodaje.<\/p>\n","protected":false},"excerpt":{"rendered":"<p>Slovenska smu\u010di\u0161\u010da so pripravljena na zimsko sezono, \u010dakajo le \u0161e na ugodne vremenske razmere, ki se jih nadejajo v prihodnjih tednih. Ve\u010djih nalo\u017eb v \u017ei\u010dni\u0161ko infrastrukturo tudi letos ni bilo in kot so na dana\u0161nji novinarski konferenci na Krvavcu poudarili \u017ei\u010dni\u010darji, se bo morala dr\u017eava odlo\u010diti, ali bo podprla to dejavnost ali pa bo ta zamrla.<\/p>\n","protected":false},"author":1,"featured_media":0,"comment_status":"closed","ping_status":"closed","sticky":false,"template":"","format":"standard","meta":{"footnotes":""},"categories":[1605],"tags":[1595,6640],"source":[1607,1518],"supertag":[],"acf":[],"yoast_head":"<!-- This site is optimized with the Yoast SEO plugin v21.3 - https:\/\/yoast.com\/wordpress\/plugins\/seo\/ -->\n<title>Slovenska smu\u010di\u0161\u010da v novo sezono brez resnej\u0161ih investicij v zastarele \u017ei\u010dnice - Hudo Slovenija<\/title>\n<meta name=\"robots\" content=\"index, follow, max-snippet:-1, max-image-preview:large, max-video-preview:-1\" \/>\n<link rel=\"canonical\" href=\"https:\/\/hudo.com\/si\/aktualno\/mnenja\/slovenska-smucisca-v-novo-sezono-brez-resnejsih-investicij-v-zastarele-zicnice\/\" \/>\n<meta property=\"og:locale\" content=\"sl_SI\" \/>\n<meta property=\"og:type\" content=\"article\" \/>\n<meta property=\"og:title\" content=\"Slovenska smu\u010di\u0161\u010da v novo sezono brez resnej\u0161ih investicij v zastarele \u017ei\u010dnice - Hudo Slovenija\" \/>\n<meta property=\"og:description\" content=\"Slovenska smu\u010di\u0161\u010da so pripravljena na zimsko sezono, \u010dakajo le \u0161e na ugodne vremenske razmere, ki se jih nadejajo v prihodnjih tednih. Ve\u010djih nalo\u017eb v \u017ei\u010dni\u0161ko infrastrukturo tudi letos ni bilo in kot so na dana\u0161nji novinarski konferenci na Krvavcu poudarili \u017ei\u010dni\u010darji, se bo morala dr\u017eava odlo\u010diti, ali bo podprla to dejavnost ali pa bo ta zamrla.\" \/>\n<meta property=\"og:url\" content=\"https:\/\/hudo.com\/si\/aktualno\/mnenja\/slovenska-smucisca-v-novo-sezono-brez-resnejsih-investicij-v-zastarele-zicnice\/\" \/>\n<meta property=\"og:site_name\" content=\"Hudo Slovenija\" \/>\n<meta property=\"article:publisher\" content=\"https:\/\/www.facebook.com\/hudo.si\" \/>\n<meta property=\"article:published_time\" content=\"2019-11-27T12:03:06+00:00\" \/>\n<meta property=\"og:image\" content=\"https:\/\/hudo.com\/si\/wp-content\/uploads\/sites\/2\/2019\/11\/profimedia-0098597304.jpg\" \/>\n\t<meta property=\"og:image:width\" content=\"1250\" \/>\n\t<meta property=\"og:image:height\" content=\"833\" \/>\n\t<meta property=\"og:image:type\" content=\"image\/jpeg\" \/>\n<meta name=\"author\" content=\"hudo\" \/>\n<meta name=\"twitter:card\" content=\"summary_large_image\" \/>\n<meta name=\"twitter:creator\" content=\"@hudo_si\" \/>\n<meta name=\"twitter:site\" content=\"@hudo_si\" \/>\n<meta name=\"twitter:label1\" content=\"Written by\" \/>\n\t<meta name=\"twitter:data1\" content=\"hudo\" \/>\n\t<meta name=\"twitter:label2\" content=\"Est. reading time\" \/>\n\t<meta name=\"twitter:data2\" content=\"4 minute\" \/>\n<script type=\"application\/ld+json\" class=\"yoast-schema-graph\">{\"@context\":\"https:\/\/schema.org\",\"@graph\":[{\"@type\":\"Article\",\"@id\":\"https:\/\/hudo.com\/si\/aktualno\/mnenja\/slovenska-smucisca-v-novo-sezono-brez-resnejsih-investicij-v-zastarele-zicnice\/#article\",\"isPartOf\":{\"@id\":\"https:\/\/hudo.com\/si\/aktualno\/mnenja\/slovenska-smucisca-v-novo-sezono-brez-resnejsih-investicij-v-zastarele-zicnice\/\"},\"author\":{\"name\":\"hudo\",\"@id\":\"https:\/\/hudo.com\/si\/#\/schema\/person\/601cf3379633985b20f7e50f2bb47707\"},\"headline\":\"Slovenska smu\u010di\u0161\u010da v novo sezono brez resnej\u0161ih investicij v zastarele \u017ei\u010dnice\",\"datePublished\":\"2019-11-27T12:03:06+00:00\",\"dateModified\":\"2019-11-27T12:03:06+00:00\",\"mainEntityOfPage\":{\"@id\":\"https:\/\/hudo.com\/si\/aktualno\/mnenja\/slovenska-smucisca-v-novo-sezono-brez-resnejsih-investicij-v-zastarele-zicnice\/\"},\"wordCount\":731,\"publisher\":{\"@id\":\"https:\/\/hudo.com\/si\/#organization\"},\"keywords\":[\"Slovenija\",\"slovenska smu\u010di\u0161\u010da\"],\"articleSection\":[\"Mnenja\"],\"inLanguage\":\"sl-SI\"},{\"@type\":\"WebPage\",\"@id\":\"https:\/\/hudo.com\/si\/aktualno\/mnenja\/slovenska-smucisca-v-novo-sezono-brez-resnejsih-investicij-v-zastarele-zicnice\/\",\"url\":\"https:\/\/hudo.com\/si\/aktualno\/mnenja\/slovenska-smucisca-v-novo-sezono-brez-resnejsih-investicij-v-zastarele-zicnice\/\",\"name\":\"Slovenska smu\u010di\u0161\u010da v novo sezono brez resnej\u0161ih investicij v zastarele \u017ei\u010dnice - Hudo Slovenija\",\"isPartOf\":{\"@id\":\"https:\/\/hudo.com\/si\/#website\"},\"datePublished\":\"2019-11-27T12:03:06+00:00\",\"dateModified\":\"2019-11-27T12:03:06+00:00\",\"breadcrumb\":{\"@id\":\"https:\/\/hudo.com\/si\/aktualno\/mnenja\/slovenska-smucisca-v-novo-sezono-brez-resnejsih-investicij-v-zastarele-zicnice\/#breadcrumb\"},\"inLanguage\":\"sl-SI\",\"potentialAction\":[{\"@type\":\"ReadAction\",\"target\":[\"https:\/\/hudo.com\/si\/aktualno\/mnenja\/slovenska-smucisca-v-novo-sezono-brez-resnejsih-investicij-v-zastarele-zicnice\/\"]}]},{\"@type\":\"BreadcrumbList\",\"@id\":\"https:\/\/hudo.com\/si\/aktualno\/mnenja\/slovenska-smucisca-v-novo-sezono-brez-resnejsih-investicij-v-zastarele-zicnice\/#breadcrumb\",\"itemListElement\":[{\"@type\":\"ListItem\",\"position\":1,\"name\":\"Home\",\"item\":\"https:\/\/hudo.com\/si\/\"},{\"@type\":\"ListItem\",\"position\":2,\"name\":\"Slovenska smu\u010di\u0161\u010da v novo sezono brez resnej\u0161ih investicij v zastarele \u017ei\u010dnice\"}]},{\"@type\":\"WebSite\",\"@id\":\"https:\/\/hudo.com\/si\/#website\",\"url\":\"https:\/\/hudo.com\/si\/\",\"name\":\"Hudo Slovenija\",\"description\":\"Vse novice iz Slovenije in sveta\",\"publisher\":{\"@id\":\"https:\/\/hudo.com\/si\/#organization\"},\"potentialAction\":[{\"@type\":\"SearchAction\",\"target\":{\"@type\":\"EntryPoint\",\"urlTemplate\":\"https:\/\/hudo.com\/si\/?s={search_term_string}\"},\"query-input\":\"required name=search_term_string\"}],\"inLanguage\":\"sl-SI\"},{\"@type\":\"Organization\",\"@id\":\"https:\/\/hudo.com\/si\/#organization\",\"name\":\"VSN Media\",\"url\":\"https:\/\/hudo.com\/si\/\",\"logo\":{\"@type\":\"ImageObject\",\"inLanguage\":\"sl-SI\",\"@id\":\"https:\/\/hudo.com\/si\/#\/schema\/logo\/image\/\",\"url\":\"https:\/\/hudo.com\/si\/wp-content\/uploads\/sites\/2\/2021\/03\/hudo-app-2.png\",\"contentUrl\":\"https:\/\/hudo.com\/si\/wp-content\/uploads\/sites\/2\/2021\/03\/hudo-app-2.png\",\"width\":2185,\"height\":2167,\"caption\":\"VSN Media\"},\"image\":{\"@id\":\"https:\/\/hudo.com\/si\/#\/schema\/logo\/image\/\"},\"sameAs\":[\"https:\/\/www.facebook.com\/hudo.si\",\"https:\/\/twitter.com\/hudo_si\"]},{\"@type\":\"Person\",\"@id\":\"https:\/\/hudo.com\/si\/#\/schema\/person\/601cf3379633985b20f7e50f2bb47707\",\"name\":\"hudo\",\"image\":{\"@type\":\"ImageObject\",\"inLanguage\":\"sl-SI\",\"@id\":\"https:\/\/hudo.com\/si\/#\/schema\/person\/image\/\",\"url\":\"https:\/\/secure.gravatar.com\/avatar\/c4ca25fa72cace7a696b52ff5db9e095?s=96&d=mm&r=g\",\"contentUrl\":\"https:\/\/secure.gravatar.com\/avatar\/c4ca25fa72cace7a696b52ff5db9e095?s=96&d=mm&r=g\",\"caption\":\"hudo\"},\"url\":\"https:\/\/hudo.com\/si\/author\/hudo\/\"}]}<\/script>\n<!-- \/ Yoast SEO plugin. -->","yoast_head_json":{"title":"Slovenska smu\u010di\u0161\u010da v novo sezono brez resnej\u0161ih investicij v zastarele \u017ei\u010dnice - Hudo Slovenija","robots":{"index":"index","follow":"follow","max-snippet":"max-snippet:-1","max-image-preview":"max-image-preview:large","max-video-preview":"max-video-preview:-1"},"canonical":"https:\/\/hudo.com\/si\/aktualno\/mnenja\/slovenska-smucisca-v-novo-sezono-brez-resnejsih-investicij-v-zastarele-zicnice\/","og_locale":"sl_SI","og_type":"article","og_title":"Slovenska smu\u010di\u0161\u010da v novo sezono brez resnej\u0161ih investicij v zastarele \u017ei\u010dnice - Hudo Slovenija","og_description":"Slovenska smu\u010di\u0161\u010da so pripravljena na zimsko sezono, \u010dakajo le \u0161e na ugodne vremenske razmere, ki se jih nadejajo v prihodnjih tednih. Ve\u010djih nalo\u017eb v \u017ei\u010dni\u0161ko infrastrukturo tudi letos ni bilo in kot so na dana\u0161nji novinarski konferenci na Krvavcu poudarili \u017ei\u010dni\u010darji, se bo morala dr\u017eava odlo\u010diti, ali bo podprla to dejavnost ali pa bo ta zamrla.","og_url":"https:\/\/hudo.com\/si\/aktualno\/mnenja\/slovenska-smucisca-v-novo-sezono-brez-resnejsih-investicij-v-zastarele-zicnice\/","og_site_name":"Hudo Slovenija","article_publisher":"https:\/\/www.facebook.com\/hudo.si","article_published_time":"2019-11-27T12:03:06+00:00","og_image":[{"width":1250,"height":833,"url":"https:\/\/hudo.com\/si\/wp-content\/uploads\/sites\/2\/2019\/11\/profimedia-0098597304.jpg","type":"image\/jpeg"}],"author":"hudo","twitter_card":"summary_large_image","twitter_creator":"@hudo_si","twitter_site":"@hudo_si","twitter_misc":{"Written by":"hudo","Est. reading time":"4 minute"},"schema":{"@context":"https:\/\/schema.org","@graph":[{"@type":"Article","@id":"https:\/\/hudo.com\/si\/aktualno\/mnenja\/slovenska-smucisca-v-novo-sezono-brez-resnejsih-investicij-v-zastarele-zicnice\/#article","isPartOf":{"@id":"https:\/\/hudo.com\/si\/aktualno\/mnenja\/slovenska-smucisca-v-novo-sezono-brez-resnejsih-investicij-v-zastarele-zicnice\/"},"author":{"name":"hudo","@id":"https:\/\/hudo.com\/si\/#\/schema\/person\/601cf3379633985b20f7e50f2bb47707"},"headline":"Slovenska smu\u010di\u0161\u010da v novo sezono brez resnej\u0161ih investicij v zastarele \u017ei\u010dnice","datePublished":"2019-11-27T12:03:06+00:00","dateModified":"2019-11-27T12:03:06+00:00","mainEntityOfPage":{"@id":"https:\/\/hudo.com\/si\/aktualno\/mnenja\/slovenska-smucisca-v-novo-sezono-brez-resnejsih-investicij-v-zastarele-zicnice\/"},"wordCount":731,"publisher":{"@id":"https:\/\/hudo.com\/si\/#organization"},"keywords":["Slovenija","slovenska smu\u010di\u0161\u010da"],"articleSection":["Mnenja"],"inLanguage":"sl-SI"},{"@type":"WebPage","@id":"https:\/\/hudo.com\/si\/aktualno\/mnenja\/slovenska-smucisca-v-novo-sezono-brez-resnejsih-investicij-v-zastarele-zicnice\/","url":"https:\/\/hudo.com\/si\/aktualno\/mnenja\/slovenska-smucisca-v-novo-sezono-brez-resnejsih-investicij-v-zastarele-zicnice\/","name":"Slovenska smu\u010di\u0161\u010da v novo sezono brez resnej\u0161ih investicij v zastarele \u017ei\u010dnice - Hudo Slovenija","isPartOf":{"@id":"https:\/\/hudo.com\/si\/#website"},"datePublished":"2019-11-27T12:03:06+00:00","dateModified":"2019-11-27T12:03:06+00:00","breadcrumb":{"@id":"https:\/\/hudo.com\/si\/aktualno\/mnenja\/slovenska-smucisca-v-novo-sezono-brez-resnejsih-investicij-v-zastarele-zicnice\/#breadcrumb"},"inLanguage":"sl-SI","potentialAction":[{"@type":"ReadAction","target":["https:\/\/hudo.com\/si\/aktualno\/mnenja\/slovenska-smucisca-v-novo-sezono-brez-resnejsih-investicij-v-zastarele-zicnice\/"]}]},{"@type":"BreadcrumbList","@id":"https:\/\/hudo.com\/si\/aktualno\/mnenja\/slovenska-smucisca-v-novo-sezono-brez-resnejsih-investicij-v-zastarele-zicnice\/#breadcrumb","itemListElement":[{"@type":"ListItem","position":1,"name":"Home","item":"https:\/\/hudo.com\/si\/"},{"@type":"ListItem","position":2,"name":"Slovenska smu\u010di\u0161\u010da v novo sezono brez resnej\u0161ih investicij v zastarele \u017ei\u010dnice"}]},{"@type":"WebSite","@id":"https:\/\/hudo.com\/si\/#website","url":"https:\/\/hudo.com\/si\/","name":"Hudo Slovenija","description":"Vse novice iz Slovenije in sveta","publisher":{"@id":"https:\/\/hudo.com\/si\/#organization"},"potentialAction":[{"@type":"SearchAction","target":{"@type":"EntryPoint","urlTemplate":"https:\/\/hudo.com\/si\/?s={search_term_string}"},"query-input":"required name=search_term_string"}],"inLanguage":"sl-SI"},{"@type":"Organization","@id":"https:\/\/hudo.com\/si\/#organization","name":"VSN Media","url":"https:\/\/hudo.com\/si\/","logo":{"@type":"ImageObject","inLanguage":"sl-SI","@id":"https:\/\/hudo.com\/si\/#\/schema\/logo\/image\/","url":"https:\/\/hudo.com\/si\/wp-content\/uploads\/sites\/2\/2021\/03\/hudo-app-2.png","contentUrl":"https:\/\/hudo.com\/si\/wp-content\/uploads\/sites\/2\/2021\/03\/hudo-app-2.png","width":2185,"height":2167,"caption":"VSN Media"},"image":{"@id":"https:\/\/hudo.com\/si\/#\/schema\/logo\/image\/"},"sameAs":["https:\/\/www.facebook.com\/hudo.si","https:\/\/twitter.com\/hudo_si"]},{"@type":"Person","@id":"https:\/\/hudo.com\/si\/#\/schema\/person\/601cf3379633985b20f7e50f2bb47707","name":"hudo","image":{"@type":"ImageObject","inLanguage":"sl-SI","@id":"https:\/\/hudo.com\/si\/#\/schema\/person\/image\/","url":"https:\/\/secure.gravatar.com\/avatar\/c4ca25fa72cace7a696b52ff5db9e095?s=96&d=mm&r=g","contentUrl":"https:\/\/secure.gravatar.com\/avatar\/c4ca25fa72cace7a696b52ff5db9e095?s=96&d=mm&r=g","caption":"hudo"},"url":"https:\/\/hudo.com\/si\/author\/hudo\/"}]}},"amp_enabled":true,"_links":{"self":[{"href":"https:\/\/hudo.com\/si\/wp-json\/wp\/v2\/posts\/411218"}],"collection":[{"href":"https:\/\/hudo.com\/si\/wp-json\/wp\/v2\/posts"}],"about":[{"href":"https:\/\/hudo.com\/si\/wp-json\/wp\/v2\/types\/post"}],"author":[{"embeddable":true,"href":"https:\/\/hudo.com\/si\/wp-json\/wp\/v2\/users\/1"}],"replies":[{"embeddable":true,"href":"https:\/\/hudo.com\/si\/wp-json\/wp\/v2\/comments?post=411218"}],"version-history":[{"count":0,"href":"https:\/\/hudo.com\/si\/wp-json\/wp\/v2\/posts\/411218\/revisions"}],"wp:attachment":[{"href":"https:\/\/hudo.com\/si\/wp-json\/wp\/v2\/media?parent=411218"}],"wp:term":[{"taxonomy":"category","embeddable":true,"href":"https:\/\/hudo.com\/si\/wp-json\/wp\/v2\/categories?post=411218"},{"taxonomy":"post_tag","embeddable":true,"href":"https:\/\/hudo.com\/si\/wp-json\/wp\/v2\/tags?post=411218"},{"taxonomy":"source","embeddable":true,"href":"https:\/\/hudo.com\/si\/wp-json\/wp\/v2\/source?post=411218"},{"taxonomy":"supertag","embeddable":true,"href":"https:\/\/hudo.com\/si\/wp-json\/wp\/v2\/supertag?post=411218"}],"curies":[{"name":"wp","href":"https:\/\/api.w.org\/{rel}","templated":true}]}}