{"id":411966,"date":"2019-12-09T17:37:54","date_gmt":"2019-12-09T16:37:54","guid":{"rendered":"http:\/\/hudo.com\/si\/?p=411966"},"modified":"2019-12-09T17:37:54","modified_gmt":"2019-12-09T16:37:54","slug":"sab-bo-za-novo-kohezijsko-ministrico-tudi-uradno-predlagala-angeliko-mlinar","status":"publish","type":"post","link":"https:\/\/hudo.com\/si\/aktualno\/sab-bo-za-novo-kohezijsko-ministrico-tudi-uradno-predlagala-angeliko-mlinar\/","title":{"rendered":"SAB bo za novo kohezijsko ministrico tudi uradno predlagala Angeliko Mlinar"},"content":{"rendered":"<p>SAB je poiskala najbolj\u0161o mo\u017eno kandidatko. V Bruslju ima veliko izku\u0161enj in povezav. Prepri\u010dani smo, da bo lahko s s tem ogromno naredila na tem ministrstvu, je na dana\u0161nji novinarski konferenci v Ljubljani povedala predsednica stranke Alenka Bratu\u0161ek.<\/p>\n<p>Prej\u0161nji teden je Mlinarjeva vlo\u017eila tudi vlogo za slovensko dr\u017eavljanstvo. Ob tem je pojasnila, da od Avstrije \u0161e ni dobila dovoljenja za to, da bi lahko imela dvojno dr\u017eavljanstvo. Kljub temu se je za omenjeni korak odlo\u010dila in se nadeja, da ji bo Avstrija to dovoljenje izdala, oziroma da ji avstrijskega dr\u017eavljanstva ne bo odvzela.<\/p>\n<p>Kaj takega se ji namre\u010d zdi skoraj nemogo\u010de, saj je to po njeni oceni tudi v nasprotju z zakonodajo EU. Kot primer je navedla, da so nazadnje dr\u017eavljanstvo odvzeli biv\u0161emu borcu skrajne skupine Islamska dr\u017eava. Isto\u010dasno pa je bila kriti\u010dna do restriktivne avstrijske zakonodaje na podro\u010dju dvojnih dr\u017eavljanstev.<\/p>\n<p>Zaradi zapleta se je slovenski javnosti opravi\u010dila, glede ministrovanja pa dejala, da to ni le zanjo osebno velika \u010dast, ampak tudi velik korak nasproti narodni skupnosti koro\u0161kih Slovencev. &#8220;V vasi, v kateri sem odra\u0161\u010dala, je to &#8216;\u0161torija&#8217; za celo vas,&#8221; je ponazorila.<\/p>\n<p>V SAB pri\u010dakujejo, da bodo postopki izdaje slovenskega dr\u017eavljanstva re\u0161eni v \u010dim kraj\u0161em \u010dasu. Bratu\u0161kova je tako prepri\u010dana, da bi postopke kljub parlamentarnim po\u010ditnicam lahko izpeljali do 7. januarja, ko je skrajni rok za imenovanje novega ministra. Od predsednika vlade Marjana \u0160arca pa v stranki pri\u010dakujejo, da v DZ zagotovi potrebno ve\u010dino, da bo Mlinarjeva res postala ministrica.<\/p>\n","protected":false},"excerpt":{"rendered":"<p>Izvr\u0161ni odbor SAB se je odlo\u010dil, da tudi uradno predlaga koro\u0161ko Slovenko Angeliko Mlinar za novo ministrico za razvoj, strate\u0161ke projekte in kohezijo. Ta je prej\u0161nji teden \u017ee vlo\u017eila tudi vlogo za slovensko dr\u017eavljanstvo, \u010deprav od Avstrije dovoljenja za to \u0161e ni dobila.<\/p>\n","protected":false},"author":7,"featured_media":395920,"comment_status":"closed","ping_status":"closed","sticky":false,"template":"","format":"standard","meta":{"footnotes":""},"categories":[1179],"tags":[13359,11604,1595],"source":[4511],"supertag":[],"acf":[],"yoast_head":"<!-- This site is optimized with the Yoast SEO plugin v21.3 - https:\/\/yoast.com\/wordpress\/plugins\/seo\/ -->\n<title>SAB bo za novo kohezijsko ministrico tudi uradno predlagala Angeliko Mlinar - Hudo Slovenija<\/title>\n<meta name=\"robots\" content=\"index, follow, max-snippet:-1, max-image-preview:large, max-video-preview:-1\" \/>\n<link rel=\"canonical\" href=\"https:\/\/hudo.com\/si\/aktualno\/sab-bo-za-novo-kohezijsko-ministrico-tudi-uradno-predlagala-angeliko-mlinar\/\" \/>\n<meta property=\"og:locale\" content=\"sl_SI\" \/>\n<meta property=\"og:type\" content=\"article\" \/>\n<meta property=\"og:title\" content=\"SAB bo za novo kohezijsko ministrico tudi uradno predlagala Angeliko Mlinar - Hudo Slovenija\" \/>\n<meta property=\"og:description\" content=\"Izvr\u0161ni odbor SAB se je odlo\u010dil, da tudi uradno predlaga koro\u0161ko Slovenko Angeliko Mlinar za novo ministrico za razvoj, strate\u0161ke projekte in kohezijo. Ta je prej\u0161nji teden \u017ee vlo\u017eila tudi vlogo za slovensko dr\u017eavljanstvo, \u010deprav od Avstrije dovoljenja za to \u0161e ni dobila.\" \/>\n<meta property=\"og:url\" content=\"https:\/\/hudo.com\/si\/aktualno\/sab-bo-za-novo-kohezijsko-ministrico-tudi-uradno-predlagala-angeliko-mlinar\/\" \/>\n<meta property=\"og:site_name\" content=\"Hudo Slovenija\" \/>\n<meta property=\"article:publisher\" content=\"https:\/\/www.facebook.com\/hudo.si\" \/>\n<meta property=\"article:published_time\" content=\"2019-12-09T16:37:54+00:00\" \/>\n<meta property=\"og:image\" content=\"https:\/\/hudo.com\/si\/wp-content\/uploads\/sites\/2\/2019\/03\/20190216-00916132.jpg\" \/>\n\t<meta property=\"og:image:width\" content=\"640\" \/>\n\t<meta property=\"og:image:height\" content=\"427\" \/>\n\t<meta property=\"og:image:type\" content=\"image\/jpeg\" \/>\n<meta name=\"author\" content=\"A. P., STA\" \/>\n<meta name=\"twitter:card\" content=\"summary_large_image\" \/>\n<meta name=\"twitter:creator\" content=\"@hudo_si\" \/>\n<meta name=\"twitter:site\" content=\"@hudo_si\" \/>\n<meta name=\"twitter:label1\" content=\"Written by\" \/>\n\t<meta name=\"twitter:data1\" content=\"A. P., STA\" \/>\n\t<meta name=\"twitter:label2\" content=\"Est. reading time\" \/>\n\t<meta name=\"twitter:data2\" content=\"1 minuta\" \/>\n<script type=\"application\/ld+json\" class=\"yoast-schema-graph\">{\"@context\":\"https:\/\/schema.org\",\"@graph\":[{\"@type\":\"Article\",\"@id\":\"https:\/\/hudo.com\/si\/aktualno\/sab-bo-za-novo-kohezijsko-ministrico-tudi-uradno-predlagala-angeliko-mlinar\/#article\",\"isPartOf\":{\"@id\":\"https:\/\/hudo.com\/si\/aktualno\/sab-bo-za-novo-kohezijsko-ministrico-tudi-uradno-predlagala-angeliko-mlinar\/\"},\"author\":{\"name\":\"A. P., STA\",\"@id\":\"https:\/\/hudo.com\/si\/#\/schema\/person\/18f09c02475ba9e606e941a565b80cff\"},\"headline\":\"SAB bo za novo kohezijsko ministrico tudi uradno predlagala Angeliko Mlinar\",\"datePublished\":\"2019-12-09T16:37:54+00:00\",\"dateModified\":\"2019-12-09T16:37:54+00:00\",\"mainEntityOfPage\":{\"@id\":\"https:\/\/hudo.com\/si\/aktualno\/sab-bo-za-novo-kohezijsko-ministrico-tudi-uradno-predlagala-angeliko-mlinar\/\"},\"wordCount\":284,\"publisher\":{\"@id\":\"https:\/\/hudo.com\/si\/#organization\"},\"keywords\":[\"Angelika Mlinar\",\"sab\",\"Slovenija\"],\"articleSection\":[\"Aktualno\"],\"inLanguage\":\"sl-SI\"},{\"@type\":\"WebPage\",\"@id\":\"https:\/\/hudo.com\/si\/aktualno\/sab-bo-za-novo-kohezijsko-ministrico-tudi-uradno-predlagala-angeliko-mlinar\/\",\"url\":\"https:\/\/hudo.com\/si\/aktualno\/sab-bo-za-novo-kohezijsko-ministrico-tudi-uradno-predlagala-angeliko-mlinar\/\",\"name\":\"SAB bo za novo kohezijsko ministrico tudi uradno predlagala Angeliko Mlinar - Hudo Slovenija\",\"isPartOf\":{\"@id\":\"https:\/\/hudo.com\/si\/#website\"},\"datePublished\":\"2019-12-09T16:37:54+00:00\",\"dateModified\":\"2019-12-09T16:37:54+00:00\",\"breadcrumb\":{\"@id\":\"https:\/\/hudo.com\/si\/aktualno\/sab-bo-za-novo-kohezijsko-ministrico-tudi-uradno-predlagala-angeliko-mlinar\/#breadcrumb\"},\"inLanguage\":\"sl-SI\",\"potentialAction\":[{\"@type\":\"ReadAction\",\"target\":[\"https:\/\/hudo.com\/si\/aktualno\/sab-bo-za-novo-kohezijsko-ministrico-tudi-uradno-predlagala-angeliko-mlinar\/\"]}]},{\"@type\":\"BreadcrumbList\",\"@id\":\"https:\/\/hudo.com\/si\/aktualno\/sab-bo-za-novo-kohezijsko-ministrico-tudi-uradno-predlagala-angeliko-mlinar\/#breadcrumb\",\"itemListElement\":[{\"@type\":\"ListItem\",\"position\":1,\"name\":\"Home\",\"item\":\"https:\/\/hudo.com\/si\/\"},{\"@type\":\"ListItem\",\"position\":2,\"name\":\"SAB bo za novo kohezijsko ministrico tudi uradno predlagala Angeliko Mlinar\"}]},{\"@type\":\"WebSite\",\"@id\":\"https:\/\/hudo.com\/si\/#website\",\"url\":\"https:\/\/hudo.com\/si\/\",\"name\":\"Hudo Slovenija\",\"description\":\"Vse novice iz Slovenije in sveta\",\"publisher\":{\"@id\":\"https:\/\/hudo.com\/si\/#organization\"},\"potentialAction\":[{\"@type\":\"SearchAction\",\"target\":{\"@type\":\"EntryPoint\",\"urlTemplate\":\"https:\/\/hudo.com\/si\/?s={search_term_string}\"},\"query-input\":\"required name=search_term_string\"}],\"inLanguage\":\"sl-SI\"},{\"@type\":\"Organization\",\"@id\":\"https:\/\/hudo.com\/si\/#organization\",\"name\":\"VSN Media\",\"url\":\"https:\/\/hudo.com\/si\/\",\"logo\":{\"@type\":\"ImageObject\",\"inLanguage\":\"sl-SI\",\"@id\":\"https:\/\/hudo.com\/si\/#\/schema\/logo\/image\/\",\"url\":\"https:\/\/hudo.com\/si\/wp-content\/uploads\/sites\/2\/2021\/03\/hudo-app-2.png\",\"contentUrl\":\"https:\/\/hudo.com\/si\/wp-content\/uploads\/sites\/2\/2021\/03\/hudo-app-2.png\",\"width\":2185,\"height\":2167,\"caption\":\"VSN Media\"},\"image\":{\"@id\":\"https:\/\/hudo.com\/si\/#\/schema\/logo\/image\/\"},\"sameAs\":[\"https:\/\/www.facebook.com\/hudo.si\",\"https:\/\/twitter.com\/hudo_si\"]},{\"@type\":\"Person\",\"@id\":\"https:\/\/hudo.com\/si\/#\/schema\/person\/18f09c02475ba9e606e941a565b80cff\",\"name\":\"A. P., STA\",\"image\":{\"@type\":\"ImageObject\",\"inLanguage\":\"sl-SI\",\"@id\":\"https:\/\/hudo.com\/si\/#\/schema\/person\/image\/\",\"url\":\"https:\/\/secure.gravatar.com\/avatar\/03eac8e609f5f04383125d80eaeaaf3e?s=96&d=mm&r=g\",\"contentUrl\":\"https:\/\/secure.gravatar.com\/avatar\/03eac8e609f5f04383125d80eaeaaf3e?s=96&d=mm&r=g\",\"caption\":\"A. P., STA\"},\"url\":\"https:\/\/hudo.com\/si\/author\/lubu\/\"}]}<\/script>\n<!-- \/ Yoast SEO plugin. -->","yoast_head_json":{"title":"SAB bo za novo kohezijsko ministrico tudi uradno predlagala Angeliko Mlinar - Hudo Slovenija","robots":{"index":"index","follow":"follow","max-snippet":"max-snippet:-1","max-image-preview":"max-image-preview:large","max-video-preview":"max-video-preview:-1"},"canonical":"https:\/\/hudo.com\/si\/aktualno\/sab-bo-za-novo-kohezijsko-ministrico-tudi-uradno-predlagala-angeliko-mlinar\/","og_locale":"sl_SI","og_type":"article","og_title":"SAB bo za novo kohezijsko ministrico tudi uradno predlagala Angeliko Mlinar - Hudo Slovenija","og_description":"Izvr\u0161ni odbor SAB se je odlo\u010dil, da tudi uradno predlaga koro\u0161ko Slovenko Angeliko Mlinar za novo ministrico za razvoj, strate\u0161ke projekte in kohezijo. Ta je prej\u0161nji teden \u017ee vlo\u017eila tudi vlogo za slovensko dr\u017eavljanstvo, \u010deprav od Avstrije dovoljenja za to \u0161e ni dobila.","og_url":"https:\/\/hudo.com\/si\/aktualno\/sab-bo-za-novo-kohezijsko-ministrico-tudi-uradno-predlagala-angeliko-mlinar\/","og_site_name":"Hudo Slovenija","article_publisher":"https:\/\/www.facebook.com\/hudo.si","article_published_time":"2019-12-09T16:37:54+00:00","og_image":[{"width":640,"height":427,"url":"https:\/\/hudo.com\/si\/wp-content\/uploads\/sites\/2\/2019\/03\/20190216-00916132.jpg","type":"image\/jpeg"}],"author":"A. P., STA","twitter_card":"summary_large_image","twitter_creator":"@hudo_si","twitter_site":"@hudo_si","twitter_misc":{"Written by":"A. P., STA","Est. reading time":"1 minuta"},"schema":{"@context":"https:\/\/schema.org","@graph":[{"@type":"Article","@id":"https:\/\/hudo.com\/si\/aktualno\/sab-bo-za-novo-kohezijsko-ministrico-tudi-uradno-predlagala-angeliko-mlinar\/#article","isPartOf":{"@id":"https:\/\/hudo.com\/si\/aktualno\/sab-bo-za-novo-kohezijsko-ministrico-tudi-uradno-predlagala-angeliko-mlinar\/"},"author":{"name":"A. P., STA","@id":"https:\/\/hudo.com\/si\/#\/schema\/person\/18f09c02475ba9e606e941a565b80cff"},"headline":"SAB bo za novo kohezijsko ministrico tudi uradno predlagala Angeliko Mlinar","datePublished":"2019-12-09T16:37:54+00:00","dateModified":"2019-12-09T16:37:54+00:00","mainEntityOfPage":{"@id":"https:\/\/hudo.com\/si\/aktualno\/sab-bo-za-novo-kohezijsko-ministrico-tudi-uradno-predlagala-angeliko-mlinar\/"},"wordCount":284,"publisher":{"@id":"https:\/\/hudo.com\/si\/#organization"},"keywords":["Angelika Mlinar","sab","Slovenija"],"articleSection":["Aktualno"],"inLanguage":"sl-SI"},{"@type":"WebPage","@id":"https:\/\/hudo.com\/si\/aktualno\/sab-bo-za-novo-kohezijsko-ministrico-tudi-uradno-predlagala-angeliko-mlinar\/","url":"https:\/\/hudo.com\/si\/aktualno\/sab-bo-za-novo-kohezijsko-ministrico-tudi-uradno-predlagala-angeliko-mlinar\/","name":"SAB bo za novo kohezijsko ministrico tudi uradno predlagala Angeliko Mlinar - Hudo Slovenija","isPartOf":{"@id":"https:\/\/hudo.com\/si\/#website"},"datePublished":"2019-12-09T16:37:54+00:00","dateModified":"2019-12-09T16:37:54+00:00","breadcrumb":{"@id":"https:\/\/hudo.com\/si\/aktualno\/sab-bo-za-novo-kohezijsko-ministrico-tudi-uradno-predlagala-angeliko-mlinar\/#breadcrumb"},"inLanguage":"sl-SI","potentialAction":[{"@type":"ReadAction","target":["https:\/\/hudo.com\/si\/aktualno\/sab-bo-za-novo-kohezijsko-ministrico-tudi-uradno-predlagala-angeliko-mlinar\/"]}]},{"@type":"BreadcrumbList","@id":"https:\/\/hudo.com\/si\/aktualno\/sab-bo-za-novo-kohezijsko-ministrico-tudi-uradno-predlagala-angeliko-mlinar\/#breadcrumb","itemListElement":[{"@type":"ListItem","position":1,"name":"Home","item":"https:\/\/hudo.com\/si\/"},{"@type":"ListItem","position":2,"name":"SAB bo za novo kohezijsko ministrico tudi uradno predlagala Angeliko Mlinar"}]},{"@type":"WebSite","@id":"https:\/\/hudo.com\/si\/#website","url":"https:\/\/hudo.com\/si\/","name":"Hudo Slovenija","description":"Vse novice iz Slovenije in sveta","publisher":{"@id":"https:\/\/hudo.com\/si\/#organization"},"potentialAction":[{"@type":"SearchAction","target":{"@type":"EntryPoint","urlTemplate":"https:\/\/hudo.com\/si\/?s={search_term_string}"},"query-input":"required name=search_term_string"}],"inLanguage":"sl-SI"},{"@type":"Organization","@id":"https:\/\/hudo.com\/si\/#organization","name":"VSN Media","url":"https:\/\/hudo.com\/si\/","logo":{"@type":"ImageObject","inLanguage":"sl-SI","@id":"https:\/\/hudo.com\/si\/#\/schema\/logo\/image\/","url":"https:\/\/hudo.com\/si\/wp-content\/uploads\/sites\/2\/2021\/03\/hudo-app-2.png","contentUrl":"https:\/\/hudo.com\/si\/wp-content\/uploads\/sites\/2\/2021\/03\/hudo-app-2.png","width":2185,"height":2167,"caption":"VSN Media"},"image":{"@id":"https:\/\/hudo.com\/si\/#\/schema\/logo\/image\/"},"sameAs":["https:\/\/www.facebook.com\/hudo.si","https:\/\/twitter.com\/hudo_si"]},{"@type":"Person","@id":"https:\/\/hudo.com\/si\/#\/schema\/person\/18f09c02475ba9e606e941a565b80cff","name":"A. P., STA","image":{"@type":"ImageObject","inLanguage":"sl-SI","@id":"https:\/\/hudo.com\/si\/#\/schema\/person\/image\/","url":"https:\/\/secure.gravatar.com\/avatar\/03eac8e609f5f04383125d80eaeaaf3e?s=96&d=mm&r=g","contentUrl":"https:\/\/secure.gravatar.com\/avatar\/03eac8e609f5f04383125d80eaeaaf3e?s=96&d=mm&r=g","caption":"A. P., STA"},"url":"https:\/\/hudo.com\/si\/author\/lubu\/"}]}},"amp_enabled":true,"_links":{"self":[{"href":"https:\/\/hudo.com\/si\/wp-json\/wp\/v2\/posts\/411966"}],"collection":[{"href":"https:\/\/hudo.com\/si\/wp-json\/wp\/v2\/posts"}],"about":[{"href":"https:\/\/hudo.com\/si\/wp-json\/wp\/v2\/types\/post"}],"author":[{"embeddable":true,"href":"https:\/\/hudo.com\/si\/wp-json\/wp\/v2\/users\/7"}],"replies":[{"embeddable":true,"href":"https:\/\/hudo.com\/si\/wp-json\/wp\/v2\/comments?post=411966"}],"version-history":[{"count":1,"href":"https:\/\/hudo.com\/si\/wp-json\/wp\/v2\/posts\/411966\/revisions"}],"predecessor-version":[{"id":411967,"href":"https:\/\/hudo.com\/si\/wp-json\/wp\/v2\/posts\/411966\/revisions\/411967"}],"wp:featuredmedia":[{"embeddable":true,"href":"https:\/\/hudo.com\/si\/wp-json\/wp\/v2\/media\/395920"}],"wp:attachment":[{"href":"https:\/\/hudo.com\/si\/wp-json\/wp\/v2\/media?parent=411966"}],"wp:term":[{"taxonomy":"category","embeddable":true,"href":"https:\/\/hudo.com\/si\/wp-json\/wp\/v2\/categories?post=411966"},{"taxonomy":"post_tag","embeddable":true,"href":"https:\/\/hudo.com\/si\/wp-json\/wp\/v2\/tags?post=411966"},{"taxonomy":"source","embeddable":true,"href":"https:\/\/hudo.com\/si\/wp-json\/wp\/v2\/source?post=411966"},{"taxonomy":"supertag","embeddable":true,"href":"https:\/\/hudo.com\/si\/wp-json\/wp\/v2\/supertag?post=411966"}],"curies":[{"name":"wp","href":"https:\/\/api.w.org\/{rel}","templated":true}]}}