{"id":412409,"date":"2019-12-14T11:44:21","date_gmt":"2019-12-14T10:44:21","guid":{"rendered":"http:\/\/hudo.com\/si\/?p=412409"},"modified":"2019-12-14T11:44:21","modified_gmt":"2019-12-14T10:44:21","slug":"po-izbruhu-vulkana-na-belem-otoku-v-bolnisnici-umrla-se-ena-oseba","status":"publish","type":"post","link":"https:\/\/hudo.com\/si\/aktualno\/po-izbruhu-vulkana-na-belem-otoku-v-bolnisnici-umrla-se-ena-oseba\/","title":{"rendered":"Po izbruhu vulkana na Belem otoku v bolni\u0161nici umrla \u0161e ena oseba"},"content":{"rendered":"<p>Premierka Jacinda Ardern je danes sporo\u010dila, da bodo \u017ertve v ponedeljek po\u010dastili z minuto molka. &#8220;Kjerkoli ste na Novi Zelandiji ali po svetu, to je trenutek, ko lahko stojimo ob strani tistim, ki so v tej hudi tragediji izgubili ljubljene,&#8221; je dejala.<\/p>\n<p>Potaplja\u010di v morju pred otokom danes v zahtevnih pogojih i\u0161\u010dejo trupli \u0161e dveh pogre\u0161anih, iskanje pa ote\u017euje slaba vidljivost.<\/p>\n<p>&#8220;Voda okoli otoka je onesna\u017eena, zato so potrebni dodatni varnostni ukrepi za zagotovitev varnosti potaplja\u010dev, vklju\u010dno z uporabo posebne za\u0161\u010ditne opreme,&#8221; je dejal predstavnik policije John Tims. Po njegovih besedah policija analizira vse informacije in preu\u010duje morebitne naslednje korake, ki bi jim omogo\u010dili, da se vrnejo na otok in nadaljujejo preiskavo okoli\u0161\u010din.<\/p>\n<p>Posebna ekipa novozelandske vojske je v petek z Belega otoka prepeljala posmrtne ostanke \u0161estih ljudi, ki so v za\u010detku tedna izgubili \u017eivljenje v izbruhu vulkana. Z iskanjem trupel na Belem otoku, znanem tudi po maorskem imenu Whakaari, so bile oblasti prisiljene po\u010dakati zaradi skrbi za varnost \u010dlanov re\u0161evalne ekipe.<\/p>\n<p>V \u010dasu izbruha je bilo na Belem otoku ali v njegovi neposredni bli\u017eini najmanj 48 ljudi.<\/p>\n<p>Verjetnost, da bo vulkan na Belem otoku v prihodnjih 24 urah znova izbruhnil, se je po navedbah novozelandske spletne strani Geonet danes zmanj\u0161ala. Tveganje za ponoven izbruh je danes med 35 do 50 odstotki, medtem ko je bila v petek med 50 in 60 odstotki.<\/p>\n","protected":false},"excerpt":{"rendered":"<p>V eni od bolni\u0161nic na Novi Zelandiji je po ponedeljkovem izbruhu vulkana na Belem otoku danes umrla \u0161e ena oseba, s tem pa se je \u0161tevilo potrjenih \u017ertev povzpelo na 15. Potaplja\u010di posebne policijske enote danes v morju pred otokom i\u0161\u010dejo trupli \u0161e dveh pogre\u0161anih, poro\u010dajo tuje tiskovne agencije.<\/p>\n","protected":false},"author":5,"featured_media":411998,"comment_status":"closed","ping_status":"closed","sticky":false,"template":"","format":"standard","meta":{"footnotes":""},"categories":[1179],"tags":[4043,3496],"source":[4511],"supertag":[],"acf":[],"yoast_head":"<!-- This site is optimized with the Yoast SEO plugin v21.3 - https:\/\/yoast.com\/wordpress\/plugins\/seo\/ -->\n<title>Po izbruhu vulkana na Belem otoku v bolni\u0161nici umrla \u0161e ena oseba - Hudo Slovenija<\/title>\n<meta name=\"robots\" content=\"index, follow, max-snippet:-1, max-image-preview:large, max-video-preview:-1\" \/>\n<link rel=\"canonical\" href=\"https:\/\/hudo.com\/si\/aktualno\/po-izbruhu-vulkana-na-belem-otoku-v-bolnisnici-umrla-se-ena-oseba\/\" \/>\n<meta property=\"og:locale\" content=\"sl_SI\" \/>\n<meta property=\"og:type\" content=\"article\" \/>\n<meta property=\"og:title\" content=\"Po izbruhu vulkana na Belem otoku v bolni\u0161nici umrla \u0161e ena oseba - Hudo Slovenija\" \/>\n<meta property=\"og:description\" content=\"V eni od bolni\u0161nic na Novi Zelandiji je po ponedeljkovem izbruhu vulkana na Belem otoku danes umrla \u0161e ena oseba, s tem pa se je \u0161tevilo potrjenih \u017ertev povzpelo na 15. Potaplja\u010di posebne policijske enote danes v morju pred otokom i\u0161\u010dejo trupli \u0161e dveh pogre\u0161anih, poro\u010dajo tuje tiskovne agencije.\" \/>\n<meta property=\"og:url\" content=\"https:\/\/hudo.com\/si\/aktualno\/po-izbruhu-vulkana-na-belem-otoku-v-bolnisnici-umrla-se-ena-oseba\/\" \/>\n<meta property=\"og:site_name\" content=\"Hudo Slovenija\" \/>\n<meta property=\"article:publisher\" content=\"https:\/\/www.facebook.com\/hudo.si\" \/>\n<meta property=\"article:published_time\" content=\"2019-12-14T10:44:21+00:00\" \/>\n<meta property=\"og:image\" content=\"https:\/\/hudo.com\/si\/wp-content\/uploads\/sites\/2\/2019\/12\/profimedia-0487182611.jpg\" \/>\n\t<meta property=\"og:image:width\" content=\"1250\" \/>\n\t<meta property=\"og:image:height\" content=\"937\" \/>\n\t<meta property=\"og:image:type\" content=\"image\/jpeg\" \/>\n<meta name=\"author\" content=\"A. G., STA\" \/>\n<meta name=\"twitter:card\" content=\"summary_large_image\" \/>\n<meta name=\"twitter:creator\" content=\"@hudo_si\" \/>\n<meta name=\"twitter:site\" content=\"@hudo_si\" \/>\n<meta name=\"twitter:label1\" content=\"Written by\" \/>\n\t<meta name=\"twitter:data1\" content=\"A. G., STA\" \/>\n\t<meta name=\"twitter:label2\" content=\"Est. reading time\" \/>\n\t<meta name=\"twitter:data2\" content=\"1 minuta\" \/>\n<script type=\"application\/ld+json\" class=\"yoast-schema-graph\">{\"@context\":\"https:\/\/schema.org\",\"@graph\":[{\"@type\":\"Article\",\"@id\":\"https:\/\/hudo.com\/si\/aktualno\/po-izbruhu-vulkana-na-belem-otoku-v-bolnisnici-umrla-se-ena-oseba\/#article\",\"isPartOf\":{\"@id\":\"https:\/\/hudo.com\/si\/aktualno\/po-izbruhu-vulkana-na-belem-otoku-v-bolnisnici-umrla-se-ena-oseba\/\"},\"author\":{\"name\":\"A. G., STA\",\"@id\":\"https:\/\/hudo.com\/si\/#\/schema\/person\/2391667a63ea075ba94f2f2dc6b77537\"},\"headline\":\"Po izbruhu vulkana na Belem otoku v bolni\u0161nici umrla \u0161e ena oseba\",\"datePublished\":\"2019-12-14T10:44:21+00:00\",\"dateModified\":\"2019-12-14T10:44:21+00:00\",\"mainEntityOfPage\":{\"@id\":\"https:\/\/hudo.com\/si\/aktualno\/po-izbruhu-vulkana-na-belem-otoku-v-bolnisnici-umrla-se-ena-oseba\/\"},\"wordCount\":248,\"publisher\":{\"@id\":\"https:\/\/hudo.com\/si\/#organization\"},\"keywords\":[\"nova zelandija\",\"vulkan\"],\"articleSection\":[\"Aktualno\"],\"inLanguage\":\"sl-SI\"},{\"@type\":\"WebPage\",\"@id\":\"https:\/\/hudo.com\/si\/aktualno\/po-izbruhu-vulkana-na-belem-otoku-v-bolnisnici-umrla-se-ena-oseba\/\",\"url\":\"https:\/\/hudo.com\/si\/aktualno\/po-izbruhu-vulkana-na-belem-otoku-v-bolnisnici-umrla-se-ena-oseba\/\",\"name\":\"Po izbruhu vulkana na Belem otoku v bolni\u0161nici umrla \u0161e ena oseba - Hudo Slovenija\",\"isPartOf\":{\"@id\":\"https:\/\/hudo.com\/si\/#website\"},\"datePublished\":\"2019-12-14T10:44:21+00:00\",\"dateModified\":\"2019-12-14T10:44:21+00:00\",\"breadcrumb\":{\"@id\":\"https:\/\/hudo.com\/si\/aktualno\/po-izbruhu-vulkana-na-belem-otoku-v-bolnisnici-umrla-se-ena-oseba\/#breadcrumb\"},\"inLanguage\":\"sl-SI\",\"potentialAction\":[{\"@type\":\"ReadAction\",\"target\":[\"https:\/\/hudo.com\/si\/aktualno\/po-izbruhu-vulkana-na-belem-otoku-v-bolnisnici-umrla-se-ena-oseba\/\"]}]},{\"@type\":\"BreadcrumbList\",\"@id\":\"https:\/\/hudo.com\/si\/aktualno\/po-izbruhu-vulkana-na-belem-otoku-v-bolnisnici-umrla-se-ena-oseba\/#breadcrumb\",\"itemListElement\":[{\"@type\":\"ListItem\",\"position\":1,\"name\":\"Home\",\"item\":\"https:\/\/hudo.com\/si\/\"},{\"@type\":\"ListItem\",\"position\":2,\"name\":\"Po izbruhu vulkana na Belem otoku v bolni\u0161nici umrla \u0161e ena oseba\"}]},{\"@type\":\"WebSite\",\"@id\":\"https:\/\/hudo.com\/si\/#website\",\"url\":\"https:\/\/hudo.com\/si\/\",\"name\":\"Hudo Slovenija\",\"description\":\"Vse novice iz Slovenije in sveta\",\"publisher\":{\"@id\":\"https:\/\/hudo.com\/si\/#organization\"},\"potentialAction\":[{\"@type\":\"SearchAction\",\"target\":{\"@type\":\"EntryPoint\",\"urlTemplate\":\"https:\/\/hudo.com\/si\/?s={search_term_string}\"},\"query-input\":\"required name=search_term_string\"}],\"inLanguage\":\"sl-SI\"},{\"@type\":\"Organization\",\"@id\":\"https:\/\/hudo.com\/si\/#organization\",\"name\":\"VSN Media\",\"url\":\"https:\/\/hudo.com\/si\/\",\"logo\":{\"@type\":\"ImageObject\",\"inLanguage\":\"sl-SI\",\"@id\":\"https:\/\/hudo.com\/si\/#\/schema\/logo\/image\/\",\"url\":\"https:\/\/hudo.com\/si\/wp-content\/uploads\/sites\/2\/2021\/03\/hudo-app-2.png\",\"contentUrl\":\"https:\/\/hudo.com\/si\/wp-content\/uploads\/sites\/2\/2021\/03\/hudo-app-2.png\",\"width\":2185,\"height\":2167,\"caption\":\"VSN Media\"},\"image\":{\"@id\":\"https:\/\/hudo.com\/si\/#\/schema\/logo\/image\/\"},\"sameAs\":[\"https:\/\/www.facebook.com\/hudo.si\",\"https:\/\/twitter.com\/hudo_si\"]},{\"@type\":\"Person\",\"@id\":\"https:\/\/hudo.com\/si\/#\/schema\/person\/2391667a63ea075ba94f2f2dc6b77537\",\"name\":\"A. G., STA\",\"image\":{\"@type\":\"ImageObject\",\"inLanguage\":\"sl-SI\",\"@id\":\"https:\/\/hudo.com\/si\/#\/schema\/person\/image\/\",\"url\":\"https:\/\/secure.gravatar.com\/avatar\/e13d22ac3e442658d5025fbbe6238a79?s=96&d=mm&r=g\",\"contentUrl\":\"https:\/\/secure.gravatar.com\/avatar\/e13d22ac3e442658d5025fbbe6238a79?s=96&d=mm&r=g\",\"caption\":\"A. G., STA\"},\"url\":\"https:\/\/hudo.com\/si\/author\/alenka\/\"}]}<\/script>\n<!-- \/ Yoast SEO plugin. -->","yoast_head_json":{"title":"Po izbruhu vulkana na Belem otoku v bolni\u0161nici umrla \u0161e ena oseba - Hudo Slovenija","robots":{"index":"index","follow":"follow","max-snippet":"max-snippet:-1","max-image-preview":"max-image-preview:large","max-video-preview":"max-video-preview:-1"},"canonical":"https:\/\/hudo.com\/si\/aktualno\/po-izbruhu-vulkana-na-belem-otoku-v-bolnisnici-umrla-se-ena-oseba\/","og_locale":"sl_SI","og_type":"article","og_title":"Po izbruhu vulkana na Belem otoku v bolni\u0161nici umrla \u0161e ena oseba - Hudo Slovenija","og_description":"V eni od bolni\u0161nic na Novi Zelandiji je po ponedeljkovem izbruhu vulkana na Belem otoku danes umrla \u0161e ena oseba, s tem pa se je \u0161tevilo potrjenih \u017ertev povzpelo na 15. Potaplja\u010di posebne policijske enote danes v morju pred otokom i\u0161\u010dejo trupli \u0161e dveh pogre\u0161anih, poro\u010dajo tuje tiskovne agencije.","og_url":"https:\/\/hudo.com\/si\/aktualno\/po-izbruhu-vulkana-na-belem-otoku-v-bolnisnici-umrla-se-ena-oseba\/","og_site_name":"Hudo Slovenija","article_publisher":"https:\/\/www.facebook.com\/hudo.si","article_published_time":"2019-12-14T10:44:21+00:00","og_image":[{"width":1250,"height":937,"url":"https:\/\/hudo.com\/si\/wp-content\/uploads\/sites\/2\/2019\/12\/profimedia-0487182611.jpg","type":"image\/jpeg"}],"author":"A. G., STA","twitter_card":"summary_large_image","twitter_creator":"@hudo_si","twitter_site":"@hudo_si","twitter_misc":{"Written by":"A. G., STA","Est. reading time":"1 minuta"},"schema":{"@context":"https:\/\/schema.org","@graph":[{"@type":"Article","@id":"https:\/\/hudo.com\/si\/aktualno\/po-izbruhu-vulkana-na-belem-otoku-v-bolnisnici-umrla-se-ena-oseba\/#article","isPartOf":{"@id":"https:\/\/hudo.com\/si\/aktualno\/po-izbruhu-vulkana-na-belem-otoku-v-bolnisnici-umrla-se-ena-oseba\/"},"author":{"name":"A. G., STA","@id":"https:\/\/hudo.com\/si\/#\/schema\/person\/2391667a63ea075ba94f2f2dc6b77537"},"headline":"Po izbruhu vulkana na Belem otoku v bolni\u0161nici umrla \u0161e ena oseba","datePublished":"2019-12-14T10:44:21+00:00","dateModified":"2019-12-14T10:44:21+00:00","mainEntityOfPage":{"@id":"https:\/\/hudo.com\/si\/aktualno\/po-izbruhu-vulkana-na-belem-otoku-v-bolnisnici-umrla-se-ena-oseba\/"},"wordCount":248,"publisher":{"@id":"https:\/\/hudo.com\/si\/#organization"},"keywords":["nova zelandija","vulkan"],"articleSection":["Aktualno"],"inLanguage":"sl-SI"},{"@type":"WebPage","@id":"https:\/\/hudo.com\/si\/aktualno\/po-izbruhu-vulkana-na-belem-otoku-v-bolnisnici-umrla-se-ena-oseba\/","url":"https:\/\/hudo.com\/si\/aktualno\/po-izbruhu-vulkana-na-belem-otoku-v-bolnisnici-umrla-se-ena-oseba\/","name":"Po izbruhu vulkana na Belem otoku v bolni\u0161nici umrla \u0161e ena oseba - Hudo Slovenija","isPartOf":{"@id":"https:\/\/hudo.com\/si\/#website"},"datePublished":"2019-12-14T10:44:21+00:00","dateModified":"2019-12-14T10:44:21+00:00","breadcrumb":{"@id":"https:\/\/hudo.com\/si\/aktualno\/po-izbruhu-vulkana-na-belem-otoku-v-bolnisnici-umrla-se-ena-oseba\/#breadcrumb"},"inLanguage":"sl-SI","potentialAction":[{"@type":"ReadAction","target":["https:\/\/hudo.com\/si\/aktualno\/po-izbruhu-vulkana-na-belem-otoku-v-bolnisnici-umrla-se-ena-oseba\/"]}]},{"@type":"BreadcrumbList","@id":"https:\/\/hudo.com\/si\/aktualno\/po-izbruhu-vulkana-na-belem-otoku-v-bolnisnici-umrla-se-ena-oseba\/#breadcrumb","itemListElement":[{"@type":"ListItem","position":1,"name":"Home","item":"https:\/\/hudo.com\/si\/"},{"@type":"ListItem","position":2,"name":"Po izbruhu vulkana na Belem otoku v bolni\u0161nici umrla \u0161e ena oseba"}]},{"@type":"WebSite","@id":"https:\/\/hudo.com\/si\/#website","url":"https:\/\/hudo.com\/si\/","name":"Hudo Slovenija","description":"Vse novice iz Slovenije in sveta","publisher":{"@id":"https:\/\/hudo.com\/si\/#organization"},"potentialAction":[{"@type":"SearchAction","target":{"@type":"EntryPoint","urlTemplate":"https:\/\/hudo.com\/si\/?s={search_term_string}"},"query-input":"required name=search_term_string"}],"inLanguage":"sl-SI"},{"@type":"Organization","@id":"https:\/\/hudo.com\/si\/#organization","name":"VSN Media","url":"https:\/\/hudo.com\/si\/","logo":{"@type":"ImageObject","inLanguage":"sl-SI","@id":"https:\/\/hudo.com\/si\/#\/schema\/logo\/image\/","url":"https:\/\/hudo.com\/si\/wp-content\/uploads\/sites\/2\/2021\/03\/hudo-app-2.png","contentUrl":"https:\/\/hudo.com\/si\/wp-content\/uploads\/sites\/2\/2021\/03\/hudo-app-2.png","width":2185,"height":2167,"caption":"VSN Media"},"image":{"@id":"https:\/\/hudo.com\/si\/#\/schema\/logo\/image\/"},"sameAs":["https:\/\/www.facebook.com\/hudo.si","https:\/\/twitter.com\/hudo_si"]},{"@type":"Person","@id":"https:\/\/hudo.com\/si\/#\/schema\/person\/2391667a63ea075ba94f2f2dc6b77537","name":"A. G., STA","image":{"@type":"ImageObject","inLanguage":"sl-SI","@id":"https:\/\/hudo.com\/si\/#\/schema\/person\/image\/","url":"https:\/\/secure.gravatar.com\/avatar\/e13d22ac3e442658d5025fbbe6238a79?s=96&d=mm&r=g","contentUrl":"https:\/\/secure.gravatar.com\/avatar\/e13d22ac3e442658d5025fbbe6238a79?s=96&d=mm&r=g","caption":"A. G., STA"},"url":"https:\/\/hudo.com\/si\/author\/alenka\/"}]}},"amp_enabled":true,"_links":{"self":[{"href":"https:\/\/hudo.com\/si\/wp-json\/wp\/v2\/posts\/412409"}],"collection":[{"href":"https:\/\/hudo.com\/si\/wp-json\/wp\/v2\/posts"}],"about":[{"href":"https:\/\/hudo.com\/si\/wp-json\/wp\/v2\/types\/post"}],"author":[{"embeddable":true,"href":"https:\/\/hudo.com\/si\/wp-json\/wp\/v2\/users\/5"}],"replies":[{"embeddable":true,"href":"https:\/\/hudo.com\/si\/wp-json\/wp\/v2\/comments?post=412409"}],"version-history":[{"count":1,"href":"https:\/\/hudo.com\/si\/wp-json\/wp\/v2\/posts\/412409\/revisions"}],"predecessor-version":[{"id":412410,"href":"https:\/\/hudo.com\/si\/wp-json\/wp\/v2\/posts\/412409\/revisions\/412410"}],"wp:featuredmedia":[{"embeddable":true,"href":"https:\/\/hudo.com\/si\/wp-json\/wp\/v2\/media\/411998"}],"wp:attachment":[{"href":"https:\/\/hudo.com\/si\/wp-json\/wp\/v2\/media?parent=412409"}],"wp:term":[{"taxonomy":"category","embeddable":true,"href":"https:\/\/hudo.com\/si\/wp-json\/wp\/v2\/categories?post=412409"},{"taxonomy":"post_tag","embeddable":true,"href":"https:\/\/hudo.com\/si\/wp-json\/wp\/v2\/tags?post=412409"},{"taxonomy":"source","embeddable":true,"href":"https:\/\/hudo.com\/si\/wp-json\/wp\/v2\/source?post=412409"},{"taxonomy":"supertag","embeddable":true,"href":"https:\/\/hudo.com\/si\/wp-json\/wp\/v2\/supertag?post=412409"}],"curies":[{"name":"wp","href":"https:\/\/api.w.org\/{rel}","templated":true}]}}