{"id":412698,"date":"2019-12-19T09:00:09","date_gmt":"2019-12-19T08:00:09","guid":{"rendered":"http:\/\/hudo.com\/si\/?p=412698"},"modified":"2019-12-19T09:06:14","modified_gmt":"2019-12-19T08:06:14","slug":"ob-prelomu-leta-odnosi-med-slovenijo-hrvasko-bili-v-iztekajocem-se-letu-se-vedno-predvsem-pod-vtisom-hrvaskega-nespostovanja-arbitrazne-odlocbe","status":"publish","type":"post","link":"https:\/\/hudo.com\/si\/aktualno\/ob-prelomu-leta-odnosi-med-slovenijo-hrvasko-bili-v-iztekajocem-se-letu-se-vedno-predvsem-pod-vtisom-hrvaskega-nespostovanja-arbitrazne-odlocbe\/","title":{"rendered":"Ob prelomu leta: Odnosi med Slovenijo in Hrva\u0161ko so bili v iztekajo\u010dem se letu \u0161e vedno predvsem pod vtisom hrva\u0161kega nespo\u0161tovanja arbitra\u017ene odlo\u010dbe"},"content":{"rendered":"<p>Arbitra\u017ena zgodba ne kroji zgolj odnosov med Slovenijo in Hrva\u0161ko, ampak nestabilnost prena\u0161a na celoten Balkan, je za STA menil nekdanji slovenski veleposlanik na Hrva\u0161kem Vojko Volk. Odgovornost pripisuje predvsem Hrva\u0161ki, ki ni sposobna urediti vpra\u0161anja meje z nobeno od sosed.<\/p>\n<p>V tem smislu je presenetljivo, kak\u0161ne naklonjenosti je dele\u017ena Hrva\u0161ka v Evropski komisiji. Prej\u0161nji predsednik Jean-Claude Juncker je bil junija v Zagrebu &#8220;zaljubljen&#8221; v Hrva\u0161ko in njenega premierja Andreja Plenkovi\u0107a, njegova naslednica Ursula von der Leyen jo je na obisku v Zagrebu kmalu po izvolitvi postavila celo za zgled.<\/p>\n<p>To po mnenju Volka pomeni, da Hrva\u0161ka neprimerno bolje komunicira v Bruslju, a je to &#8220;la\u017ena novica&#8221;. &#8220;Hrva\u0161ka je v Bruslju lahko videti kot \u010de\u0161nja na torti, a v resnici to ni. Slovenije, ki spo\u0161tuje mednarodnopravna na\u010dela in tudi sodbe, recimo v primeru Ali\u0161i\u0107, ki je slovenske davkopla\u010devalce stala 400 milijonov evrov, pa nih\u010de no\u010de dati za zgled,&#8221; je dejal.<\/p>\n<p>&#8220;Slovenija pa\u010d verjame v mednarodno pravo, Hrva\u0161ka pa razgla\u0161a, da je nad njihovim saborom samo Bog. In \u010de jim mednarodna razsodba ni v\u0161e\u010d, je pa\u010d ne bodo spo\u0161tovali. To ka\u017ee, da je nekaj narobe z na\u0161im sporo\u010danjem,&#8221; je dodal Volk.<\/p>\n<p>Slovenija sku\u0161a arbitra\u017eno razsodbo o meji, ki jo Hrva\u0161ka zavra\u010da kot sporno, uveljaviti s poudarjanjem, da je treba spo\u0161tovati vladavino prava, in vztraja, da s Hrva\u0161ko lahko pogaja zgolj o implementaciji razsodbe.<\/p>\n<p>V tem smislu slovensko vodstvo odklanja pobude Hrva\u0161ke o obnovitvi dvostranskih pogajanj o meji, se pa v slovenskih vrstah ka\u017eejo razpoke. Predsednik opozicijske SDS Janez Jan\u0161a je \u017ee marca govoril o dvostranskih pogovorih, saj da tudi arbitra\u017ena razsodba, s katero so sicer nezadovoljni, omogo\u010da druga\u010dno dvostransko re\u0161itev.<\/p>\n<p>Nad tovrstnimi stali\u0161\u010di je zgro\u017een zunanji minister Miro Cerar, ki meni, da Jan\u0161a &#8220;paktira s Hrva\u0161ko&#8221; v okviru Evropske ljudske stranke in \u0161kodi nacionalnim interesom. Prepri\u010dan je, da Slovenija iz novih pogajanj s Hrva\u0161ko nikakor ne bi mogla dobiti ve\u010d kot z arbitra\u017eno razsodbo, kve\u010djemu manj.<\/p>\n<p>Cerar je \u0161e opozoril, da bi se lahko kot \u017ee pri sporazumu Drnov\u0161ek-Ra\u010dan zgodilo, da sabor novega sporazuma ne bi ratificiral, Hrva\u0161ka bi poleg tega imela izgovor, da je z vstopom v pogajanja Slovenija odstopila od arbitra\u017ee.<\/p>\n<p>Volk je opozoril \u0161e, da si Hrva\u0161ka prisvaja polovico Piranskega zaliva in zato deli kazni slovenskim ribi\u010dem. &#8220;\u010ce opozicija verjame, da bo sklenila bolj\u0161i sporazum, jim \u017eelim vse najbolj\u0161e. Ampak prej se morajo odpovedati arbitra\u017eni sodbi, kar bodo morali izvesti z dvotretjinsko ve\u010dino v parlamentu ali pa z referendumom,&#8221; je dejal.<\/p>\n<p>Slovenija sku\u0161a pravico dose\u010di na Sodi\u0161\u010du EU s to\u017ebo na podlagi 259. \u010dlena pogodbe o EU, ker da Hrva\u0161ka z neuresni\u010devanjem arbitra\u017ene razsodbe ne spo\u0161tuje vladavine prava, na \u010demer temelji EU, poleg tega onemogo\u010da Sloveniji izvajanje evropskega prava na lastnem ozemlju. Hrva\u0161ka trdi, da spor o meji \u0161e ni re\u0161en, zato Sodi\u0161\u010de EU o tem ni pristojno odlo\u010dati.<\/p>\n<p>Za Slovenijo je bilo prej\u0161nji teden hladen tu\u0161 mnenje generalnega pravobranilca Sodi\u0161\u010da EU Priita Pikam\u00e4eja. Ta se je postavil na hrva\u0161ko stran in predlagal, da se sodi\u0161\u010de razglasi za nepristojno v zadevi. Arbitra\u017eno razsodbo je zaradi hrva\u0161kega nasprotovanja ozna\u010dil za sporno in ker razsodba ni bila izvr\u0161ena, tudi meja po njegovem mnenju ni dolo\u010dena, Sodi\u0161\u010de EU pa ne more odlo\u010dati.<\/p>\n<p>Cerar je mnenje ozna\u010dil za pravno \u0161ibko, v vladi pa upajo, da bo veliki senat 15 sodnikov Sodi\u0161\u010da EU na koncu sprejel druga\u010dno odlo\u010ditev.<\/p>\n<p>Odlo\u010ditev o pristojnosti se pri\u010dakuje v prvih mesecih prihodnjega leta. \u010ce bodo sodniki prisluhnili slovenskim argumentom, se bo nadaljevala vsebinska obravnava. \u010ce bodo sledili argumentom pravobranilca, bo ta zgodba kon\u010dana.<\/p>\n<p>Sloveniji potem v rokavu ostane le \u0161e adut vklju\u010devanja Hrva\u0161ke v schengen. Junckerjeva komisija je oktobra ocenila, da Zagreb \u017ee izpolnjuje vse tehni\u010dne pogoje za vstop, \u010deprav prav preko nje v Slovenijo prihaja ve\u010dina nezakonitih migrantov.<\/p>\n<p>Premier Marjan \u0160arec je napovedal, da bo Slovenija ravnala &#8220;politi\u010dno&#8221;, tako kot je komisija. Hrva\u0161ki premier Plenkovi\u0107 na drugi strani \u017euga, da Slovenija blokade ne bo mogla dolgo vzdr\u017eevati.<\/p>\n<p>Volk vendarle svetuje mirne \u017eivce. &#8220;Ali mora samo nas skrbeti, kako bomo gladili odnose s Hrva\u0161ko, ali bi tudi Hrva\u0161ko lahko kdaj skrbelo, da bo uredila odnose s Slovenijo,&#8221; se je vpra\u0161al. Slovenija mora zgolj vztrajati glede implementacije arbitra\u017ene odlo\u010dbe, je prepri\u010dan diplomat.<\/p>\n<p>Sicer pa je letos aprila na dan pri\u0161lo, da je za prisluhe, ki so privedli do celotnega zapleta z arbitra\u017eo, odgovoren hrva\u0161ki obve\u0161\u010devalec Mehanik Davor oz. Davor Frani\u0107.<\/p>\n<p>Komisija dr\u017eavnega zbora za nadzor nad obve\u0161\u010devalnimi in varnostnimi slu\u017ebami (Knovs) pa je nato preiskovala, kaj je \u0161lo narobe v celotni prislu\u0161kovalni aferi leta 2015.<\/p>\n<p>Knovs je odgovornost pripisal predvsem tedanji slovenski agentki Simoni Drenik, \u010de\u0161 da ni upo\u0161tevala zakona o varovanju tajnih podatkov in se je v nedovoljeno komunikacijo z arbitrom Jernejem Sekolcem podala na lastno pest.<\/p>\n<p>Arbitra\u017ea pa ni edini spor med dr\u017eavama. Na Sodi\u0161\u010du EU poteka tudi slovenska to\u017eba zaradi terana, na Evropskem sodi\u0161\u010du za \u010dlovekove pravice v Strasbourgu pa Slovenija i\u0161\u010de pravico glede terjatev Ljubljanske banke do hrva\u0161kih podjetij. Zahtevek Slovenije zna\u0161a skoraj 430 milijonov evrov, Hrva\u0161ka pa tudi tu oporeka pristojnosti sodi\u0161\u010da odlo\u010dati o zadevi. Omeniti velja \u0161e zaplete glede Agrokorja in prenosa lastni\u0161tva Mercatorja na novo skupino Fortenova.<\/p>\n<p>A vsi ti spori o\u010ditno ne vplivajo veliko na realno sodelovanje med dr\u017eavama. &#8220;Gospodarska menjava se je po vstopu Hrva\u0161ke v EU podvojila na pet milijard evrov,&#8221; je spomnil Volk.<\/p>\n","protected":false},"excerpt":{"rendered":"<p>Sodne bitke so \u017ee v teku, pri \u010demer je Slovenija prej\u0161nji teden do\u017eivela hladen tu\u0161, ki sicer (\u0161e) ni odlo\u010dilen. Za razliko od Hrva\u0161ke je vse bolj izrazita tudi neenotnost v slovenski politiki.<\/p>\n","protected":false},"author":8,"featured_media":352986,"comment_status":"closed","ping_status":"closed","sticky":false,"template":"","format":"standard","meta":{"footnotes":""},"categories":[1179],"tags":[5681,1810,1595],"source":[4511],"supertag":[],"acf":[],"yoast_head":"<!-- This site is optimized with the Yoast SEO plugin v21.3 - https:\/\/yoast.com\/wordpress\/plugins\/seo\/ -->\n<title>Ob prelomu leta: Odnosi med Slovenijo in Hrva\u0161ko so bili v iztekajo\u010dem se letu \u0161e vedno predvsem pod vtisom hrva\u0161kega nespo\u0161tovanja arbitra\u017ene odlo\u010dbe - Hudo Slovenija<\/title>\n<meta name=\"robots\" content=\"index, follow, max-snippet:-1, max-image-preview:large, max-video-preview:-1\" \/>\n<link rel=\"canonical\" href=\"https:\/\/hudo.com\/si\/aktualno\/ob-prelomu-leta-odnosi-med-slovenijo-hrvasko-bili-v-iztekajocem-se-letu-se-vedno-predvsem-pod-vtisom-hrvaskega-nespostovanja-arbitrazne-odlocbe\/\" \/>\n<meta property=\"og:locale\" content=\"sl_SI\" \/>\n<meta property=\"og:type\" content=\"article\" \/>\n<meta property=\"og:title\" content=\"Ob prelomu leta: Odnosi med Slovenijo in Hrva\u0161ko so bili v iztekajo\u010dem se letu \u0161e vedno predvsem pod vtisom hrva\u0161kega nespo\u0161tovanja arbitra\u017ene odlo\u010dbe - Hudo Slovenija\" \/>\n<meta property=\"og:description\" content=\"Sodne bitke so \u017ee v teku, pri \u010demer je Slovenija prej\u0161nji teden do\u017eivela hladen tu\u0161, ki sicer (\u0161e) ni odlo\u010dilen. Za razliko od Hrva\u0161ke je vse bolj izrazita tudi neenotnost v slovenski politiki.\" \/>\n<meta property=\"og:url\" content=\"https:\/\/hudo.com\/si\/aktualno\/ob-prelomu-leta-odnosi-med-slovenijo-hrvasko-bili-v-iztekajocem-se-letu-se-vedno-predvsem-pod-vtisom-hrvaskega-nespostovanja-arbitrazne-odlocbe\/\" \/>\n<meta property=\"og:site_name\" content=\"Hudo Slovenija\" \/>\n<meta property=\"article:publisher\" content=\"https:\/\/www.facebook.com\/hudo.si\" \/>\n<meta property=\"article:published_time\" content=\"2019-12-19T08:00:09+00:00\" \/>\n<meta property=\"article:modified_time\" content=\"2019-12-19T08:06:14+00:00\" \/>\n<meta property=\"og:image\" content=\"https:\/\/hudo.com\/si\/wp-content\/uploads\/sites\/2\/2018\/01\/profimedia-0330746611.jpg\" \/>\n\t<meta property=\"og:image:width\" content=\"1250\" \/>\n\t<meta property=\"og:image:height\" content=\"765\" \/>\n\t<meta property=\"og:image:type\" content=\"image\/jpeg\" \/>\n<meta name=\"author\" content=\"M. N., STA\" \/>\n<meta name=\"twitter:card\" content=\"summary_large_image\" \/>\n<meta name=\"twitter:creator\" content=\"@hudo_si\" \/>\n<meta name=\"twitter:site\" content=\"@hudo_si\" \/>\n<meta name=\"twitter:label1\" content=\"Written by\" \/>\n\t<meta name=\"twitter:data1\" content=\"M. N., STA\" \/>\n\t<meta name=\"twitter:label2\" content=\"Est. reading time\" \/>\n\t<meta name=\"twitter:data2\" content=\"5 minut\" \/>\n<script type=\"application\/ld+json\" class=\"yoast-schema-graph\">{\"@context\":\"https:\/\/schema.org\",\"@graph\":[{\"@type\":\"Article\",\"@id\":\"https:\/\/hudo.com\/si\/aktualno\/ob-prelomu-leta-odnosi-med-slovenijo-hrvasko-bili-v-iztekajocem-se-letu-se-vedno-predvsem-pod-vtisom-hrvaskega-nespostovanja-arbitrazne-odlocbe\/#article\",\"isPartOf\":{\"@id\":\"https:\/\/hudo.com\/si\/aktualno\/ob-prelomu-leta-odnosi-med-slovenijo-hrvasko-bili-v-iztekajocem-se-letu-se-vedno-predvsem-pod-vtisom-hrvaskega-nespostovanja-arbitrazne-odlocbe\/\"},\"author\":{\"name\":\"M. N., STA\",\"@id\":\"https:\/\/hudo.com\/si\/#\/schema\/person\/c2f10ce65d2e6ede2aeda5be2a0611fa\"},\"headline\":\"Ob prelomu leta: Odnosi med Slovenijo in Hrva\u0161ko so bili v iztekajo\u010dem se letu \u0161e vedno predvsem pod vtisom hrva\u0161kega nespo\u0161tovanja arbitra\u017ene odlo\u010dbe\",\"datePublished\":\"2019-12-19T08:00:09+00:00\",\"dateModified\":\"2019-12-19T08:06:14+00:00\",\"mainEntityOfPage\":{\"@id\":\"https:\/\/hudo.com\/si\/aktualno\/ob-prelomu-leta-odnosi-med-slovenijo-hrvasko-bili-v-iztekajocem-se-letu-se-vedno-predvsem-pod-vtisom-hrvaskega-nespostovanja-arbitrazne-odlocbe\/\"},\"wordCount\":1018,\"publisher\":{\"@id\":\"https:\/\/hudo.com\/si\/#organization\"},\"keywords\":[\"arbitra\u017ea\",\"hrva\u0161ka\",\"Slovenija\"],\"articleSection\":[\"Aktualno\"],\"inLanguage\":\"sl-SI\"},{\"@type\":\"WebPage\",\"@id\":\"https:\/\/hudo.com\/si\/aktualno\/ob-prelomu-leta-odnosi-med-slovenijo-hrvasko-bili-v-iztekajocem-se-letu-se-vedno-predvsem-pod-vtisom-hrvaskega-nespostovanja-arbitrazne-odlocbe\/\",\"url\":\"https:\/\/hudo.com\/si\/aktualno\/ob-prelomu-leta-odnosi-med-slovenijo-hrvasko-bili-v-iztekajocem-se-letu-se-vedno-predvsem-pod-vtisom-hrvaskega-nespostovanja-arbitrazne-odlocbe\/\",\"name\":\"Ob prelomu leta: Odnosi med Slovenijo in Hrva\u0161ko so bili v iztekajo\u010dem se letu \u0161e vedno predvsem pod vtisom hrva\u0161kega nespo\u0161tovanja arbitra\u017ene odlo\u010dbe - Hudo Slovenija\",\"isPartOf\":{\"@id\":\"https:\/\/hudo.com\/si\/#website\"},\"datePublished\":\"2019-12-19T08:00:09+00:00\",\"dateModified\":\"2019-12-19T08:06:14+00:00\",\"breadcrumb\":{\"@id\":\"https:\/\/hudo.com\/si\/aktualno\/ob-prelomu-leta-odnosi-med-slovenijo-hrvasko-bili-v-iztekajocem-se-letu-se-vedno-predvsem-pod-vtisom-hrvaskega-nespostovanja-arbitrazne-odlocbe\/#breadcrumb\"},\"inLanguage\":\"sl-SI\",\"potentialAction\":[{\"@type\":\"ReadAction\",\"target\":[\"https:\/\/hudo.com\/si\/aktualno\/ob-prelomu-leta-odnosi-med-slovenijo-hrvasko-bili-v-iztekajocem-se-letu-se-vedno-predvsem-pod-vtisom-hrvaskega-nespostovanja-arbitrazne-odlocbe\/\"]}]},{\"@type\":\"BreadcrumbList\",\"@id\":\"https:\/\/hudo.com\/si\/aktualno\/ob-prelomu-leta-odnosi-med-slovenijo-hrvasko-bili-v-iztekajocem-se-letu-se-vedno-predvsem-pod-vtisom-hrvaskega-nespostovanja-arbitrazne-odlocbe\/#breadcrumb\",\"itemListElement\":[{\"@type\":\"ListItem\",\"position\":1,\"name\":\"Home\",\"item\":\"https:\/\/hudo.com\/si\/\"},{\"@type\":\"ListItem\",\"position\":2,\"name\":\"Ob prelomu leta: Odnosi med Slovenijo in Hrva\u0161ko so bili v iztekajo\u010dem se letu \u0161e vedno predvsem pod vtisom hrva\u0161kega nespo\u0161tovanja arbitra\u017ene odlo\u010dbe\"}]},{\"@type\":\"WebSite\",\"@id\":\"https:\/\/hudo.com\/si\/#website\",\"url\":\"https:\/\/hudo.com\/si\/\",\"name\":\"Hudo Slovenija\",\"description\":\"Vse novice iz Slovenije in sveta\",\"publisher\":{\"@id\":\"https:\/\/hudo.com\/si\/#organization\"},\"potentialAction\":[{\"@type\":\"SearchAction\",\"target\":{\"@type\":\"EntryPoint\",\"urlTemplate\":\"https:\/\/hudo.com\/si\/?s={search_term_string}\"},\"query-input\":\"required name=search_term_string\"}],\"inLanguage\":\"sl-SI\"},{\"@type\":\"Organization\",\"@id\":\"https:\/\/hudo.com\/si\/#organization\",\"name\":\"VSN Media\",\"url\":\"https:\/\/hudo.com\/si\/\",\"logo\":{\"@type\":\"ImageObject\",\"inLanguage\":\"sl-SI\",\"@id\":\"https:\/\/hudo.com\/si\/#\/schema\/logo\/image\/\",\"url\":\"https:\/\/hudo.com\/si\/wp-content\/uploads\/sites\/2\/2021\/03\/hudo-app-2.png\",\"contentUrl\":\"https:\/\/hudo.com\/si\/wp-content\/uploads\/sites\/2\/2021\/03\/hudo-app-2.png\",\"width\":2185,\"height\":2167,\"caption\":\"VSN Media\"},\"image\":{\"@id\":\"https:\/\/hudo.com\/si\/#\/schema\/logo\/image\/\"},\"sameAs\":[\"https:\/\/www.facebook.com\/hudo.si\",\"https:\/\/twitter.com\/hudo_si\"]},{\"@type\":\"Person\",\"@id\":\"https:\/\/hudo.com\/si\/#\/schema\/person\/c2f10ce65d2e6ede2aeda5be2a0611fa\",\"name\":\"M. N., STA\",\"image\":{\"@type\":\"ImageObject\",\"inLanguage\":\"sl-SI\",\"@id\":\"https:\/\/hudo.com\/si\/#\/schema\/person\/image\/\",\"url\":\"https:\/\/secure.gravatar.com\/avatar\/f370d38daa10467f755c5c766a4cac20?s=96&d=mm&r=g\",\"contentUrl\":\"https:\/\/secure.gravatar.com\/avatar\/f370d38daa10467f755c5c766a4cac20?s=96&d=mm&r=g\",\"caption\":\"M. N., STA\"},\"url\":\"https:\/\/hudo.com\/si\/author\/mana\/\"}]}<\/script>\n<!-- \/ Yoast SEO plugin. -->","yoast_head_json":{"title":"Ob prelomu leta: Odnosi med Slovenijo in Hrva\u0161ko so bili v iztekajo\u010dem se letu \u0161e vedno predvsem pod vtisom hrva\u0161kega nespo\u0161tovanja arbitra\u017ene odlo\u010dbe - Hudo Slovenija","robots":{"index":"index","follow":"follow","max-snippet":"max-snippet:-1","max-image-preview":"max-image-preview:large","max-video-preview":"max-video-preview:-1"},"canonical":"https:\/\/hudo.com\/si\/aktualno\/ob-prelomu-leta-odnosi-med-slovenijo-hrvasko-bili-v-iztekajocem-se-letu-se-vedno-predvsem-pod-vtisom-hrvaskega-nespostovanja-arbitrazne-odlocbe\/","og_locale":"sl_SI","og_type":"article","og_title":"Ob prelomu leta: Odnosi med Slovenijo in Hrva\u0161ko so bili v iztekajo\u010dem se letu \u0161e vedno predvsem pod vtisom hrva\u0161kega nespo\u0161tovanja arbitra\u017ene odlo\u010dbe - Hudo Slovenija","og_description":"Sodne bitke so \u017ee v teku, pri \u010demer je Slovenija prej\u0161nji teden do\u017eivela hladen tu\u0161, ki sicer (\u0161e) ni odlo\u010dilen. Za razliko od Hrva\u0161ke je vse bolj izrazita tudi neenotnost v slovenski politiki.","og_url":"https:\/\/hudo.com\/si\/aktualno\/ob-prelomu-leta-odnosi-med-slovenijo-hrvasko-bili-v-iztekajocem-se-letu-se-vedno-predvsem-pod-vtisom-hrvaskega-nespostovanja-arbitrazne-odlocbe\/","og_site_name":"Hudo Slovenija","article_publisher":"https:\/\/www.facebook.com\/hudo.si","article_published_time":"2019-12-19T08:00:09+00:00","article_modified_time":"2019-12-19T08:06:14+00:00","og_image":[{"width":1250,"height":765,"url":"https:\/\/hudo.com\/si\/wp-content\/uploads\/sites\/2\/2018\/01\/profimedia-0330746611.jpg","type":"image\/jpeg"}],"author":"M. N., STA","twitter_card":"summary_large_image","twitter_creator":"@hudo_si","twitter_site":"@hudo_si","twitter_misc":{"Written by":"M. N., STA","Est. reading time":"5 minut"},"schema":{"@context":"https:\/\/schema.org","@graph":[{"@type":"Article","@id":"https:\/\/hudo.com\/si\/aktualno\/ob-prelomu-leta-odnosi-med-slovenijo-hrvasko-bili-v-iztekajocem-se-letu-se-vedno-predvsem-pod-vtisom-hrvaskega-nespostovanja-arbitrazne-odlocbe\/#article","isPartOf":{"@id":"https:\/\/hudo.com\/si\/aktualno\/ob-prelomu-leta-odnosi-med-slovenijo-hrvasko-bili-v-iztekajocem-se-letu-se-vedno-predvsem-pod-vtisom-hrvaskega-nespostovanja-arbitrazne-odlocbe\/"},"author":{"name":"M. N., STA","@id":"https:\/\/hudo.com\/si\/#\/schema\/person\/c2f10ce65d2e6ede2aeda5be2a0611fa"},"headline":"Ob prelomu leta: Odnosi med Slovenijo in Hrva\u0161ko so bili v iztekajo\u010dem se letu \u0161e vedno predvsem pod vtisom hrva\u0161kega nespo\u0161tovanja arbitra\u017ene odlo\u010dbe","datePublished":"2019-12-19T08:00:09+00:00","dateModified":"2019-12-19T08:06:14+00:00","mainEntityOfPage":{"@id":"https:\/\/hudo.com\/si\/aktualno\/ob-prelomu-leta-odnosi-med-slovenijo-hrvasko-bili-v-iztekajocem-se-letu-se-vedno-predvsem-pod-vtisom-hrvaskega-nespostovanja-arbitrazne-odlocbe\/"},"wordCount":1018,"publisher":{"@id":"https:\/\/hudo.com\/si\/#organization"},"keywords":["arbitra\u017ea","hrva\u0161ka","Slovenija"],"articleSection":["Aktualno"],"inLanguage":"sl-SI"},{"@type":"WebPage","@id":"https:\/\/hudo.com\/si\/aktualno\/ob-prelomu-leta-odnosi-med-slovenijo-hrvasko-bili-v-iztekajocem-se-letu-se-vedno-predvsem-pod-vtisom-hrvaskega-nespostovanja-arbitrazne-odlocbe\/","url":"https:\/\/hudo.com\/si\/aktualno\/ob-prelomu-leta-odnosi-med-slovenijo-hrvasko-bili-v-iztekajocem-se-letu-se-vedno-predvsem-pod-vtisom-hrvaskega-nespostovanja-arbitrazne-odlocbe\/","name":"Ob prelomu leta: Odnosi med Slovenijo in Hrva\u0161ko so bili v iztekajo\u010dem se letu \u0161e vedno predvsem pod vtisom hrva\u0161kega nespo\u0161tovanja arbitra\u017ene odlo\u010dbe - Hudo Slovenija","isPartOf":{"@id":"https:\/\/hudo.com\/si\/#website"},"datePublished":"2019-12-19T08:00:09+00:00","dateModified":"2019-12-19T08:06:14+00:00","breadcrumb":{"@id":"https:\/\/hudo.com\/si\/aktualno\/ob-prelomu-leta-odnosi-med-slovenijo-hrvasko-bili-v-iztekajocem-se-letu-se-vedno-predvsem-pod-vtisom-hrvaskega-nespostovanja-arbitrazne-odlocbe\/#breadcrumb"},"inLanguage":"sl-SI","potentialAction":[{"@type":"ReadAction","target":["https:\/\/hudo.com\/si\/aktualno\/ob-prelomu-leta-odnosi-med-slovenijo-hrvasko-bili-v-iztekajocem-se-letu-se-vedno-predvsem-pod-vtisom-hrvaskega-nespostovanja-arbitrazne-odlocbe\/"]}]},{"@type":"BreadcrumbList","@id":"https:\/\/hudo.com\/si\/aktualno\/ob-prelomu-leta-odnosi-med-slovenijo-hrvasko-bili-v-iztekajocem-se-letu-se-vedno-predvsem-pod-vtisom-hrvaskega-nespostovanja-arbitrazne-odlocbe\/#breadcrumb","itemListElement":[{"@type":"ListItem","position":1,"name":"Home","item":"https:\/\/hudo.com\/si\/"},{"@type":"ListItem","position":2,"name":"Ob prelomu leta: Odnosi med Slovenijo in Hrva\u0161ko so bili v iztekajo\u010dem se letu \u0161e vedno predvsem pod vtisom hrva\u0161kega nespo\u0161tovanja arbitra\u017ene odlo\u010dbe"}]},{"@type":"WebSite","@id":"https:\/\/hudo.com\/si\/#website","url":"https:\/\/hudo.com\/si\/","name":"Hudo Slovenija","description":"Vse novice iz Slovenije in sveta","publisher":{"@id":"https:\/\/hudo.com\/si\/#organization"},"potentialAction":[{"@type":"SearchAction","target":{"@type":"EntryPoint","urlTemplate":"https:\/\/hudo.com\/si\/?s={search_term_string}"},"query-input":"required name=search_term_string"}],"inLanguage":"sl-SI"},{"@type":"Organization","@id":"https:\/\/hudo.com\/si\/#organization","name":"VSN Media","url":"https:\/\/hudo.com\/si\/","logo":{"@type":"ImageObject","inLanguage":"sl-SI","@id":"https:\/\/hudo.com\/si\/#\/schema\/logo\/image\/","url":"https:\/\/hudo.com\/si\/wp-content\/uploads\/sites\/2\/2021\/03\/hudo-app-2.png","contentUrl":"https:\/\/hudo.com\/si\/wp-content\/uploads\/sites\/2\/2021\/03\/hudo-app-2.png","width":2185,"height":2167,"caption":"VSN Media"},"image":{"@id":"https:\/\/hudo.com\/si\/#\/schema\/logo\/image\/"},"sameAs":["https:\/\/www.facebook.com\/hudo.si","https:\/\/twitter.com\/hudo_si"]},{"@type":"Person","@id":"https:\/\/hudo.com\/si\/#\/schema\/person\/c2f10ce65d2e6ede2aeda5be2a0611fa","name":"M. N., STA","image":{"@type":"ImageObject","inLanguage":"sl-SI","@id":"https:\/\/hudo.com\/si\/#\/schema\/person\/image\/","url":"https:\/\/secure.gravatar.com\/avatar\/f370d38daa10467f755c5c766a4cac20?s=96&d=mm&r=g","contentUrl":"https:\/\/secure.gravatar.com\/avatar\/f370d38daa10467f755c5c766a4cac20?s=96&d=mm&r=g","caption":"M. N., STA"},"url":"https:\/\/hudo.com\/si\/author\/mana\/"}]}},"amp_enabled":true,"_links":{"self":[{"href":"https:\/\/hudo.com\/si\/wp-json\/wp\/v2\/posts\/412698"}],"collection":[{"href":"https:\/\/hudo.com\/si\/wp-json\/wp\/v2\/posts"}],"about":[{"href":"https:\/\/hudo.com\/si\/wp-json\/wp\/v2\/types\/post"}],"author":[{"embeddable":true,"href":"https:\/\/hudo.com\/si\/wp-json\/wp\/v2\/users\/8"}],"replies":[{"embeddable":true,"href":"https:\/\/hudo.com\/si\/wp-json\/wp\/v2\/comments?post=412698"}],"version-history":[{"count":1,"href":"https:\/\/hudo.com\/si\/wp-json\/wp\/v2\/posts\/412698\/revisions"}],"predecessor-version":[{"id":412699,"href":"https:\/\/hudo.com\/si\/wp-json\/wp\/v2\/posts\/412698\/revisions\/412699"}],"wp:featuredmedia":[{"embeddable":true,"href":"https:\/\/hudo.com\/si\/wp-json\/wp\/v2\/media\/352986"}],"wp:attachment":[{"href":"https:\/\/hudo.com\/si\/wp-json\/wp\/v2\/media?parent=412698"}],"wp:term":[{"taxonomy":"category","embeddable":true,"href":"https:\/\/hudo.com\/si\/wp-json\/wp\/v2\/categories?post=412698"},{"taxonomy":"post_tag","embeddable":true,"href":"https:\/\/hudo.com\/si\/wp-json\/wp\/v2\/tags?post=412698"},{"taxonomy":"source","embeddable":true,"href":"https:\/\/hudo.com\/si\/wp-json\/wp\/v2\/source?post=412698"},{"taxonomy":"supertag","embeddable":true,"href":"https:\/\/hudo.com\/si\/wp-json\/wp\/v2\/supertag?post=412698"}],"curies":[{"name":"wp","href":"https:\/\/api.w.org\/{rel}","templated":true}]}}