{"id":413486,"date":"2020-01-05T17:49:39","date_gmt":"2020-01-05T16:49:39","guid":{"rendered":"http:\/\/hudo.com\/si\/?p=413486"},"modified":"2020-01-05T17:49:39","modified_gmt":"2020-01-05T16:49:39","slug":"zaradi-atentata-na-solejmanija-zaostrovanje-odnosov-med-zda-irakom","status":"publish","type":"post","link":"https:\/\/hudo.com\/si\/aktualno\/zaradi-atentata-na-solejmanija-zaostrovanje-odnosov-med-zda-irakom\/","title":{"rendered":"Zaradi atentata na Solejmanija zaostrovanje odnosov med ZDA in Irakom"},"content":{"rendered":"<p>Ira\u0161ko zunanje ministrstvo je danes ameri\u0161kemu veleposlaniku Matthewu Tuellerju izrazilo uraden protest zaradi ameri\u0161kega napada na ira\u0161kih tleh, v katerem je umrl Solejmani, pa tudi namestnik poveljnika pro-iranske milice v Iraku Sile za mobilizacijo ljudstva (PMF) Abu Mahdi al Muhandis ter ve\u010d drugih borcev, poro\u010da francoska tiskovna agencija AFP.<\/p>\n<p>&#8220;Gre za o\u010ditno kr\u0161enje ira\u0161ke suverenosti,&#8221; je v izjavi zapisalo ministrstvo. Kot je dodalo, je bilo dejanje tudi v nasprotju z &#8220;dogovorjeno misijo mednarodne koalicije&#8221;.<\/p>\n<p>Koalicija pod vodstvom ZDA je medtem danes sporo\u010dila, da je za\u010dasno ustavila svoj boj proti Islamski dr\u017eavi (IS) v Iraku, kjer ameri\u0161ke sile urijo lokalne vojake. Kot razlog so navedli dejstvo, da so zeleno cono v Bagdadu, kjer je med drugim ameri\u0161ko veleposlani\u0161tvo v Iraku, ter opori\u0161\u010de, kjer so name\u0161\u010dene ameri\u0161ke sile, v soboto zadele rakete.<\/p>\n<p>&#8220;To je omejilo na\u0161o sposobnost izvajanja treninga s partnerji in podpore njihovih operacij proti IS in zato smo za\u010dasno ustavili te aktivnosti,&#8221; je v izjavi zapisala koalicija.<\/p>\n<p>Ira\u0161ki parlament pa bi lahko danes glasoval o izklju\u010ditvi na tiso\u010de ameri\u0161kih vojakov iz ira\u0161kih voja\u0161kih baz. Do tega prihaja po sobotnih napadih in opozorila mre\u017ee oboro\u017eenih sil \u0161iitske ve\u010dine Ha\u0161ed, naj se Ira\u010dani odmaknejo od ameri\u0161kih sil. Ob za\u010detku dana\u0161nje seje so imeli sicer poslanci te\u017eave s kvorumom.<\/p>\n<p>Po ira\u0161kih voja\u0161kih bazah je nastanjenih okoli 5200 ameri\u0161kih vojakov. Ira\u0161ka vlada jih je v okviru \u0161ir\u0161e koalicije za boj proti IS povabila leta 2014. Ha\u0161ed, katerega deli so tesno povezani z Iranom in katerega pet borcev je umrlo v ameri\u0161kem napadu, glasno nasprotuje njihovi navzo\u010dnosti v dr\u017eavi in je parlament v preteklosti \u017ee pozval, naj umakne povabilo.<\/p>\n","protected":false},"excerpt":{"rendered":"<p>Zaradi ameri\u0161kega atentata na pomembnega iranskega generala Kasema Solejmanija v petek na ira\u0161kih tleh so se zaostrili tudi odnosi med ZDA in Irakom. Ira\u0161ko zunanje ministrstvo je ameri\u0161kega veleposlanika danes poklicalo na zagovor, koalicija pod vodstvom ZDA pa je sporo\u010dila, da je za\u010dasno ustavila aktivnosti v boju proti Islamski dr\u017eavi.<\/p>\n","protected":false},"author":5,"featured_media":413416,"comment_status":"closed","ping_status":"closed","sticky":false,"template":"","format":"standard","meta":{"footnotes":""},"categories":[1179],"tags":[5702,5704,6784,1682],"source":[4511],"supertag":[],"acf":[],"yoast_head":"<!-- This site is optimized with the Yoast SEO plugin v21.3 - https:\/\/yoast.com\/wordpress\/plugins\/seo\/ -->\n<title>Zaradi atentata na Solejmanija zaostrovanje odnosov med ZDA in Irakom - Hudo Slovenija<\/title>\n<meta name=\"robots\" content=\"index, follow, max-snippet:-1, max-image-preview:large, max-video-preview:-1\" \/>\n<link rel=\"canonical\" href=\"https:\/\/hudo.com\/si\/aktualno\/zaradi-atentata-na-solejmanija-zaostrovanje-odnosov-med-zda-irakom\/\" \/>\n<meta property=\"og:locale\" content=\"sl_SI\" \/>\n<meta property=\"og:type\" content=\"article\" \/>\n<meta property=\"og:title\" content=\"Zaradi atentata na Solejmanija zaostrovanje odnosov med ZDA in Irakom - Hudo Slovenija\" \/>\n<meta property=\"og:description\" content=\"Zaradi ameri\u0161kega atentata na pomembnega iranskega generala Kasema Solejmanija v petek na ira\u0161kih tleh so se zaostrili tudi odnosi med ZDA in Irakom. Ira\u0161ko zunanje ministrstvo je ameri\u0161kega veleposlanika danes poklicalo na zagovor, koalicija pod vodstvom ZDA pa je sporo\u010dila, da je za\u010dasno ustavila aktivnosti v boju proti Islamski dr\u017eavi.\" \/>\n<meta property=\"og:url\" content=\"https:\/\/hudo.com\/si\/aktualno\/zaradi-atentata-na-solejmanija-zaostrovanje-odnosov-med-zda-irakom\/\" \/>\n<meta property=\"og:site_name\" content=\"Hudo Slovenija\" \/>\n<meta property=\"article:publisher\" content=\"https:\/\/www.facebook.com\/hudo.si\" \/>\n<meta property=\"article:published_time\" content=\"2020-01-05T16:49:39+00:00\" \/>\n<meta property=\"og:image\" content=\"https:\/\/hudo.com\/si\/wp-content\/uploads\/sites\/2\/2020\/01\/profimedia-0490821977.jpg\" \/>\n\t<meta property=\"og:image:width\" content=\"1250\" \/>\n\t<meta property=\"og:image:height\" content=\"833\" \/>\n\t<meta property=\"og:image:type\" content=\"image\/jpeg\" \/>\n<meta name=\"author\" content=\"A. G., STA\" \/>\n<meta name=\"twitter:card\" content=\"summary_large_image\" \/>\n<meta name=\"twitter:creator\" content=\"@hudo_si\" \/>\n<meta name=\"twitter:site\" content=\"@hudo_si\" \/>\n<meta name=\"twitter:label1\" content=\"Written by\" \/>\n\t<meta name=\"twitter:data1\" content=\"A. G., STA\" \/>\n\t<meta name=\"twitter:label2\" content=\"Est. reading time\" \/>\n\t<meta name=\"twitter:data2\" content=\"2 minuti\" \/>\n<script type=\"application\/ld+json\" class=\"yoast-schema-graph\">{\"@context\":\"https:\/\/schema.org\",\"@graph\":[{\"@type\":\"Article\",\"@id\":\"https:\/\/hudo.com\/si\/aktualno\/zaradi-atentata-na-solejmanija-zaostrovanje-odnosov-med-zda-irakom\/#article\",\"isPartOf\":{\"@id\":\"https:\/\/hudo.com\/si\/aktualno\/zaradi-atentata-na-solejmanija-zaostrovanje-odnosov-med-zda-irakom\/\"},\"author\":{\"name\":\"A. G., STA\",\"@id\":\"https:\/\/hudo.com\/si\/#\/schema\/person\/2391667a63ea075ba94f2f2dc6b77537\"},\"headline\":\"Zaradi atentata na Solejmanija zaostrovanje odnosov med ZDA in Irakom\",\"datePublished\":\"2020-01-05T16:49:39+00:00\",\"dateModified\":\"2020-01-05T16:49:39+00:00\",\"mainEntityOfPage\":{\"@id\":\"https:\/\/hudo.com\/si\/aktualno\/zaradi-atentata-na-solejmanija-zaostrovanje-odnosov-med-zda-irakom\/\"},\"wordCount\":315,\"publisher\":{\"@id\":\"https:\/\/hudo.com\/si\/#organization\"},\"keywords\":[\"irak\",\"Iran\",\"konflikt\",\"ZDA\"],\"articleSection\":[\"Aktualno\"],\"inLanguage\":\"sl-SI\"},{\"@type\":\"WebPage\",\"@id\":\"https:\/\/hudo.com\/si\/aktualno\/zaradi-atentata-na-solejmanija-zaostrovanje-odnosov-med-zda-irakom\/\",\"url\":\"https:\/\/hudo.com\/si\/aktualno\/zaradi-atentata-na-solejmanija-zaostrovanje-odnosov-med-zda-irakom\/\",\"name\":\"Zaradi atentata na Solejmanija zaostrovanje odnosov med ZDA in Irakom - Hudo Slovenija\",\"isPartOf\":{\"@id\":\"https:\/\/hudo.com\/si\/#website\"},\"datePublished\":\"2020-01-05T16:49:39+00:00\",\"dateModified\":\"2020-01-05T16:49:39+00:00\",\"breadcrumb\":{\"@id\":\"https:\/\/hudo.com\/si\/aktualno\/zaradi-atentata-na-solejmanija-zaostrovanje-odnosov-med-zda-irakom\/#breadcrumb\"},\"inLanguage\":\"sl-SI\",\"potentialAction\":[{\"@type\":\"ReadAction\",\"target\":[\"https:\/\/hudo.com\/si\/aktualno\/zaradi-atentata-na-solejmanija-zaostrovanje-odnosov-med-zda-irakom\/\"]}]},{\"@type\":\"BreadcrumbList\",\"@id\":\"https:\/\/hudo.com\/si\/aktualno\/zaradi-atentata-na-solejmanija-zaostrovanje-odnosov-med-zda-irakom\/#breadcrumb\",\"itemListElement\":[{\"@type\":\"ListItem\",\"position\":1,\"name\":\"Home\",\"item\":\"https:\/\/hudo.com\/si\/\"},{\"@type\":\"ListItem\",\"position\":2,\"name\":\"Zaradi atentata na Solejmanija zaostrovanje odnosov med ZDA in Irakom\"}]},{\"@type\":\"WebSite\",\"@id\":\"https:\/\/hudo.com\/si\/#website\",\"url\":\"https:\/\/hudo.com\/si\/\",\"name\":\"Hudo Slovenija\",\"description\":\"Vse novice iz Slovenije in sveta\",\"publisher\":{\"@id\":\"https:\/\/hudo.com\/si\/#organization\"},\"potentialAction\":[{\"@type\":\"SearchAction\",\"target\":{\"@type\":\"EntryPoint\",\"urlTemplate\":\"https:\/\/hudo.com\/si\/?s={search_term_string}\"},\"query-input\":\"required name=search_term_string\"}],\"inLanguage\":\"sl-SI\"},{\"@type\":\"Organization\",\"@id\":\"https:\/\/hudo.com\/si\/#organization\",\"name\":\"VSN Media\",\"url\":\"https:\/\/hudo.com\/si\/\",\"logo\":{\"@type\":\"ImageObject\",\"inLanguage\":\"sl-SI\",\"@id\":\"https:\/\/hudo.com\/si\/#\/schema\/logo\/image\/\",\"url\":\"https:\/\/hudo.com\/si\/wp-content\/uploads\/sites\/2\/2021\/03\/hudo-app-2.png\",\"contentUrl\":\"https:\/\/hudo.com\/si\/wp-content\/uploads\/sites\/2\/2021\/03\/hudo-app-2.png\",\"width\":2185,\"height\":2167,\"caption\":\"VSN Media\"},\"image\":{\"@id\":\"https:\/\/hudo.com\/si\/#\/schema\/logo\/image\/\"},\"sameAs\":[\"https:\/\/www.facebook.com\/hudo.si\",\"https:\/\/twitter.com\/hudo_si\"]},{\"@type\":\"Person\",\"@id\":\"https:\/\/hudo.com\/si\/#\/schema\/person\/2391667a63ea075ba94f2f2dc6b77537\",\"name\":\"A. G., STA\",\"image\":{\"@type\":\"ImageObject\",\"inLanguage\":\"sl-SI\",\"@id\":\"https:\/\/hudo.com\/si\/#\/schema\/person\/image\/\",\"url\":\"https:\/\/secure.gravatar.com\/avatar\/e13d22ac3e442658d5025fbbe6238a79?s=96&d=mm&r=g\",\"contentUrl\":\"https:\/\/secure.gravatar.com\/avatar\/e13d22ac3e442658d5025fbbe6238a79?s=96&d=mm&r=g\",\"caption\":\"A. G., STA\"},\"url\":\"https:\/\/hudo.com\/si\/author\/alenka\/\"}]}<\/script>\n<!-- \/ Yoast SEO plugin. -->","yoast_head_json":{"title":"Zaradi atentata na Solejmanija zaostrovanje odnosov med ZDA in Irakom - Hudo Slovenija","robots":{"index":"index","follow":"follow","max-snippet":"max-snippet:-1","max-image-preview":"max-image-preview:large","max-video-preview":"max-video-preview:-1"},"canonical":"https:\/\/hudo.com\/si\/aktualno\/zaradi-atentata-na-solejmanija-zaostrovanje-odnosov-med-zda-irakom\/","og_locale":"sl_SI","og_type":"article","og_title":"Zaradi atentata na Solejmanija zaostrovanje odnosov med ZDA in Irakom - Hudo Slovenija","og_description":"Zaradi ameri\u0161kega atentata na pomembnega iranskega generala Kasema Solejmanija v petek na ira\u0161kih tleh so se zaostrili tudi odnosi med ZDA in Irakom. Ira\u0161ko zunanje ministrstvo je ameri\u0161kega veleposlanika danes poklicalo na zagovor, koalicija pod vodstvom ZDA pa je sporo\u010dila, da je za\u010dasno ustavila aktivnosti v boju proti Islamski dr\u017eavi.","og_url":"https:\/\/hudo.com\/si\/aktualno\/zaradi-atentata-na-solejmanija-zaostrovanje-odnosov-med-zda-irakom\/","og_site_name":"Hudo Slovenija","article_publisher":"https:\/\/www.facebook.com\/hudo.si","article_published_time":"2020-01-05T16:49:39+00:00","og_image":[{"width":1250,"height":833,"url":"https:\/\/hudo.com\/si\/wp-content\/uploads\/sites\/2\/2020\/01\/profimedia-0490821977.jpg","type":"image\/jpeg"}],"author":"A. G., STA","twitter_card":"summary_large_image","twitter_creator":"@hudo_si","twitter_site":"@hudo_si","twitter_misc":{"Written by":"A. G., STA","Est. reading time":"2 minuti"},"schema":{"@context":"https:\/\/schema.org","@graph":[{"@type":"Article","@id":"https:\/\/hudo.com\/si\/aktualno\/zaradi-atentata-na-solejmanija-zaostrovanje-odnosov-med-zda-irakom\/#article","isPartOf":{"@id":"https:\/\/hudo.com\/si\/aktualno\/zaradi-atentata-na-solejmanija-zaostrovanje-odnosov-med-zda-irakom\/"},"author":{"name":"A. G., STA","@id":"https:\/\/hudo.com\/si\/#\/schema\/person\/2391667a63ea075ba94f2f2dc6b77537"},"headline":"Zaradi atentata na Solejmanija zaostrovanje odnosov med ZDA in Irakom","datePublished":"2020-01-05T16:49:39+00:00","dateModified":"2020-01-05T16:49:39+00:00","mainEntityOfPage":{"@id":"https:\/\/hudo.com\/si\/aktualno\/zaradi-atentata-na-solejmanija-zaostrovanje-odnosov-med-zda-irakom\/"},"wordCount":315,"publisher":{"@id":"https:\/\/hudo.com\/si\/#organization"},"keywords":["irak","Iran","konflikt","ZDA"],"articleSection":["Aktualno"],"inLanguage":"sl-SI"},{"@type":"WebPage","@id":"https:\/\/hudo.com\/si\/aktualno\/zaradi-atentata-na-solejmanija-zaostrovanje-odnosov-med-zda-irakom\/","url":"https:\/\/hudo.com\/si\/aktualno\/zaradi-atentata-na-solejmanija-zaostrovanje-odnosov-med-zda-irakom\/","name":"Zaradi atentata na Solejmanija zaostrovanje odnosov med ZDA in Irakom - Hudo Slovenija","isPartOf":{"@id":"https:\/\/hudo.com\/si\/#website"},"datePublished":"2020-01-05T16:49:39+00:00","dateModified":"2020-01-05T16:49:39+00:00","breadcrumb":{"@id":"https:\/\/hudo.com\/si\/aktualno\/zaradi-atentata-na-solejmanija-zaostrovanje-odnosov-med-zda-irakom\/#breadcrumb"},"inLanguage":"sl-SI","potentialAction":[{"@type":"ReadAction","target":["https:\/\/hudo.com\/si\/aktualno\/zaradi-atentata-na-solejmanija-zaostrovanje-odnosov-med-zda-irakom\/"]}]},{"@type":"BreadcrumbList","@id":"https:\/\/hudo.com\/si\/aktualno\/zaradi-atentata-na-solejmanija-zaostrovanje-odnosov-med-zda-irakom\/#breadcrumb","itemListElement":[{"@type":"ListItem","position":1,"name":"Home","item":"https:\/\/hudo.com\/si\/"},{"@type":"ListItem","position":2,"name":"Zaradi atentata na Solejmanija zaostrovanje odnosov med ZDA in Irakom"}]},{"@type":"WebSite","@id":"https:\/\/hudo.com\/si\/#website","url":"https:\/\/hudo.com\/si\/","name":"Hudo Slovenija","description":"Vse novice iz Slovenije in sveta","publisher":{"@id":"https:\/\/hudo.com\/si\/#organization"},"potentialAction":[{"@type":"SearchAction","target":{"@type":"EntryPoint","urlTemplate":"https:\/\/hudo.com\/si\/?s={search_term_string}"},"query-input":"required name=search_term_string"}],"inLanguage":"sl-SI"},{"@type":"Organization","@id":"https:\/\/hudo.com\/si\/#organization","name":"VSN Media","url":"https:\/\/hudo.com\/si\/","logo":{"@type":"ImageObject","inLanguage":"sl-SI","@id":"https:\/\/hudo.com\/si\/#\/schema\/logo\/image\/","url":"https:\/\/hudo.com\/si\/wp-content\/uploads\/sites\/2\/2021\/03\/hudo-app-2.png","contentUrl":"https:\/\/hudo.com\/si\/wp-content\/uploads\/sites\/2\/2021\/03\/hudo-app-2.png","width":2185,"height":2167,"caption":"VSN Media"},"image":{"@id":"https:\/\/hudo.com\/si\/#\/schema\/logo\/image\/"},"sameAs":["https:\/\/www.facebook.com\/hudo.si","https:\/\/twitter.com\/hudo_si"]},{"@type":"Person","@id":"https:\/\/hudo.com\/si\/#\/schema\/person\/2391667a63ea075ba94f2f2dc6b77537","name":"A. G., STA","image":{"@type":"ImageObject","inLanguage":"sl-SI","@id":"https:\/\/hudo.com\/si\/#\/schema\/person\/image\/","url":"https:\/\/secure.gravatar.com\/avatar\/e13d22ac3e442658d5025fbbe6238a79?s=96&d=mm&r=g","contentUrl":"https:\/\/secure.gravatar.com\/avatar\/e13d22ac3e442658d5025fbbe6238a79?s=96&d=mm&r=g","caption":"A. G., STA"},"url":"https:\/\/hudo.com\/si\/author\/alenka\/"}]}},"amp_enabled":true,"_links":{"self":[{"href":"https:\/\/hudo.com\/si\/wp-json\/wp\/v2\/posts\/413486"}],"collection":[{"href":"https:\/\/hudo.com\/si\/wp-json\/wp\/v2\/posts"}],"about":[{"href":"https:\/\/hudo.com\/si\/wp-json\/wp\/v2\/types\/post"}],"author":[{"embeddable":true,"href":"https:\/\/hudo.com\/si\/wp-json\/wp\/v2\/users\/5"}],"replies":[{"embeddable":true,"href":"https:\/\/hudo.com\/si\/wp-json\/wp\/v2\/comments?post=413486"}],"version-history":[{"count":1,"href":"https:\/\/hudo.com\/si\/wp-json\/wp\/v2\/posts\/413486\/revisions"}],"predecessor-version":[{"id":413487,"href":"https:\/\/hudo.com\/si\/wp-json\/wp\/v2\/posts\/413486\/revisions\/413487"}],"wp:featuredmedia":[{"embeddable":true,"href":"https:\/\/hudo.com\/si\/wp-json\/wp\/v2\/media\/413416"}],"wp:attachment":[{"href":"https:\/\/hudo.com\/si\/wp-json\/wp\/v2\/media?parent=413486"}],"wp:term":[{"taxonomy":"category","embeddable":true,"href":"https:\/\/hudo.com\/si\/wp-json\/wp\/v2\/categories?post=413486"},{"taxonomy":"post_tag","embeddable":true,"href":"https:\/\/hudo.com\/si\/wp-json\/wp\/v2\/tags?post=413486"},{"taxonomy":"source","embeddable":true,"href":"https:\/\/hudo.com\/si\/wp-json\/wp\/v2\/source?post=413486"},{"taxonomy":"supertag","embeddable":true,"href":"https:\/\/hudo.com\/si\/wp-json\/wp\/v2\/supertag?post=413486"}],"curies":[{"name":"wp","href":"https:\/\/api.w.org\/{rel}","templated":true}]}}