{"id":413661,"date":"2020-01-08T08:12:34","date_gmt":"2020-01-08T07:12:34","guid":{"rendered":"http:\/\/hudo.com\/si\/?p=413661"},"modified":"2020-01-08T08:12:34","modified_gmt":"2020-01-08T07:12:34","slug":"iran-napadel-ameriski-oporisci-v-iraku","status":"publish","type":"post","link":"https:\/\/hudo.com\/si\/aktualno\/iran-napadel-ameriski-oporisci-v-iraku\/","title":{"rendered":"Iran napadel ameri\u0161ki opori\u0161\u010di v Iraku"},"content":{"rendered":"<div class=\"text\">\n<p>Iran je zagrozil s povra\u010dilnimi ukrepi po petkovi usmrtitvi poveljnika elitnih sil iranske revolucionarne garde generala Kasema Solejmanija v Bagdadu, ki ga je raztre\u0161\u010dila raketa iz brezpilotnega letala po ukazu predsednika ZDA Donalda Trumpa.<\/p>\n<p>Bela hi\u0161a je sporo\u010dila, da Trump spremlja polo\u017eaj in se posvetuje s \u010dlani svoje ekipe za nacionalno varnost. Trump je ve\u010d ur po napadu tvitnil, da je vse v redu. &#8220;Vse je v redu! Rakete izstreljene iz Irana na dve voja\u0161ki bazi v Iraku. Ocenjevanje \u017ertev in \u0161kode poteka. Za zdaj je vse v redu. Imamo dale\u010d najmo\u010dnej\u0161o in najbolje opremljeno vojsko kjerkoli na svetu! Jutri zjutraj bom dal izjavo,&#8221; je tvitnil Trump.<\/p>\n<p>Iranska dr\u017eavna televizija je napad potrdila.<\/p>\n<p>Poro\u010dil o \u017ertvah uvodoma \u0161e ni bilo. Tiskovna agencija AFP se sklicuje na vire v Iraku, ki pravijo, da je opori\u0161\u010de Al Asad v provinci Anbar, kjer je okrog 1500 ameri\u0161kih in koalicijskih vojakov, zadelo najmanj devet raket.<\/p>\n<p>Iranska dr\u017eavna televizija poro\u010da le o napadu na bazo Al Asad, ki naj bi bila popolnoma uni\u010dena, Ameri\u010dani pa dodajajo, da je bila napadena tudi baza v Erbilu.<\/p>\n<p>&#8220;Jasno je, da so bile rakete izstreljene iz Irana in so napadle najmanj dve voja\u0161ki opori\u0161\u010di, ki gostita ameri\u0161ke in koalicijske vojake v Al Asadu in Erbilu,&#8221; je dejal Hoffman in dodal, da \u0161kodo \u0161e ocenjujejo.<\/p>\n<p>Hoffman je tudi zagotovil, da je ameri\u0161ka vojska v Iraku \u017ee nekaj dni v stanju pripravljenosti na tak\u0161ne in podobne napade. &#8220;Ko ocenjujemo polo\u017eaj in odgovor, sprejemamo vse potrebne ukrepe za za\u0161\u010dito in obrambo ameri\u0161kih vojakov, partnerjev in zaveznikov,&#8221; je zagotovil.<\/p>\n<p>Iranska revolucionarna garda je ob sporo\u010dilu, da so izvedli operacijo &#8220;Mu\u010denik Solejmani&#8221; zaradi njegovega umora dodala opozorilo ZDA in zaveznikom. &#8220;Svarimo vse ameri\u0161ke zaveznike, ki so dali baze teroristi\u010dni armadi, da bomo merili na vsako ozemlje s katerega bodo pri\u0161la agresivna dejanja proti Iranu&#8221;, prena\u0161ajo sporo\u010dilo revolucionarne garde iranski mediji.<\/p>\n<p>Iranski parlament je prav tako potrdil zakon s katerim je ameri\u0161ki voja\u0161ki vrh in vse, ki so sodelovali pri Solejmanijevi smrti razglasil za teroriste, ki so podvr\u017eeni iranskim sankcijam.<\/p>\n<p>Ameri\u0161ka zvezna uprava za zra\u010dni promet (FAA) je kmalu po napadu v Iraku izdala prepoved poletov vsem ameri\u0161kim civilnim letalom nad Irakom, Iranom in celotnim Perzijskim zalivom.<\/p>\n<p>Tiskovna agencija Reuters v anketi, ki je bila izvedena pred iranskim povra\u010dilnim napadom za usmrtitev Solejmanija ugotavlja, da 53 odstotkov Ameri\u010danov nasprotuje Trumpovi politiki do Irana, kar je devet odstotkov ve\u010d kot v podobni anketi pred mesecem dni.<\/p>\n<p>Anketa je bila izvedena po napadu na Solejmanija in \u0161e pred iranskim raketnim napadom. Nasprotovanje Trumpovi politiki je naraslo med demokrati in neodvisnimi volivci, republikanci pa ostajajo trdni za svojim predsednikom.<\/p>\n<\/div>\n","protected":false},"excerpt":{"rendered":"<p>Tiskovni predstavnik Pentagona Jonathan Hoffman je sporo\u010dil, da je Iran ob 23.30 uri po srednjeevropskem \u010dasu v torek izstrelil ve\u010d kot 12 balisti\u010dnih izstrelkov proti ameri\u0161kim in koalicijskim silam v Iraku. Izstrelki so merili na najmanj dve opori\u0161\u010di z ameri\u0161kimi in koalicijskimi vojaki v Al Asadu in Erbilu.<\/p>\n","protected":false},"author":5,"featured_media":413662,"comment_status":"closed","ping_status":"closed","sticky":false,"template":"","format":"standard","meta":{"footnotes":""},"categories":[1179],"tags":[5702,5704,1682],"source":[4511],"supertag":[],"acf":[],"yoast_head":"<!-- This site is optimized with the Yoast SEO plugin v21.3 - https:\/\/yoast.com\/wordpress\/plugins\/seo\/ -->\n<title>Iran napadel ameri\u0161ki opori\u0161\u010di v Iraku - Hudo Slovenija<\/title>\n<meta name=\"robots\" content=\"index, follow, max-snippet:-1, max-image-preview:large, max-video-preview:-1\" \/>\n<link rel=\"canonical\" href=\"https:\/\/hudo.com\/si\/aktualno\/iran-napadel-ameriski-oporisci-v-iraku\/\" \/>\n<meta property=\"og:locale\" content=\"sl_SI\" \/>\n<meta property=\"og:type\" content=\"article\" \/>\n<meta property=\"og:title\" content=\"Iran napadel ameri\u0161ki opori\u0161\u010di v Iraku - Hudo Slovenija\" \/>\n<meta property=\"og:description\" content=\"Tiskovni predstavnik Pentagona Jonathan Hoffman je sporo\u010dil, da je Iran ob 23.30 uri po srednjeevropskem \u010dasu v torek izstrelil ve\u010d kot 12 balisti\u010dnih izstrelkov proti ameri\u0161kim in koalicijskim silam v Iraku. Izstrelki so merili na najmanj dve opori\u0161\u010di z ameri\u0161kimi in koalicijskimi vojaki v Al Asadu in Erbilu.\" \/>\n<meta property=\"og:url\" content=\"https:\/\/hudo.com\/si\/aktualno\/iran-napadel-ameriski-oporisci-v-iraku\/\" \/>\n<meta property=\"og:site_name\" content=\"Hudo Slovenija\" \/>\n<meta property=\"article:publisher\" content=\"https:\/\/www.facebook.com\/hudo.si\" \/>\n<meta property=\"article:published_time\" content=\"2020-01-08T07:12:34+00:00\" \/>\n<meta property=\"og:image\" content=\"https:\/\/hudo.com\/si\/wp-content\/uploads\/sites\/2\/2020\/01\/profimedia-0491550729.jpg\" \/>\n\t<meta property=\"og:image:width\" content=\"1250\" \/>\n\t<meta property=\"og:image:height\" content=\"833\" \/>\n\t<meta property=\"og:image:type\" content=\"image\/jpeg\" \/>\n<meta name=\"author\" content=\"A. G., STA\" \/>\n<meta name=\"twitter:card\" content=\"summary_large_image\" \/>\n<meta name=\"twitter:creator\" content=\"@hudo_si\" \/>\n<meta name=\"twitter:site\" content=\"@hudo_si\" \/>\n<meta name=\"twitter:label1\" content=\"Written by\" \/>\n\t<meta name=\"twitter:data1\" content=\"A. G., STA\" \/>\n\t<meta name=\"twitter:label2\" content=\"Est. reading time\" \/>\n\t<meta name=\"twitter:data2\" content=\"2 minuti\" \/>\n<script type=\"application\/ld+json\" class=\"yoast-schema-graph\">{\"@context\":\"https:\/\/schema.org\",\"@graph\":[{\"@type\":\"Article\",\"@id\":\"https:\/\/hudo.com\/si\/aktualno\/iran-napadel-ameriski-oporisci-v-iraku\/#article\",\"isPartOf\":{\"@id\":\"https:\/\/hudo.com\/si\/aktualno\/iran-napadel-ameriski-oporisci-v-iraku\/\"},\"author\":{\"name\":\"A. G., STA\",\"@id\":\"https:\/\/hudo.com\/si\/#\/schema\/person\/2391667a63ea075ba94f2f2dc6b77537\"},\"headline\":\"Iran napadel ameri\u0161ki opori\u0161\u010di v Iraku\",\"datePublished\":\"2020-01-08T07:12:34+00:00\",\"dateModified\":\"2020-01-08T07:12:34+00:00\",\"mainEntityOfPage\":{\"@id\":\"https:\/\/hudo.com\/si\/aktualno\/iran-napadel-ameriski-oporisci-v-iraku\/\"},\"wordCount\":476,\"publisher\":{\"@id\":\"https:\/\/hudo.com\/si\/#organization\"},\"keywords\":[\"irak\",\"Iran\",\"ZDA\"],\"articleSection\":[\"Aktualno\"],\"inLanguage\":\"sl-SI\"},{\"@type\":\"WebPage\",\"@id\":\"https:\/\/hudo.com\/si\/aktualno\/iran-napadel-ameriski-oporisci-v-iraku\/\",\"url\":\"https:\/\/hudo.com\/si\/aktualno\/iran-napadel-ameriski-oporisci-v-iraku\/\",\"name\":\"Iran napadel ameri\u0161ki opori\u0161\u010di v Iraku - Hudo Slovenija\",\"isPartOf\":{\"@id\":\"https:\/\/hudo.com\/si\/#website\"},\"datePublished\":\"2020-01-08T07:12:34+00:00\",\"dateModified\":\"2020-01-08T07:12:34+00:00\",\"breadcrumb\":{\"@id\":\"https:\/\/hudo.com\/si\/aktualno\/iran-napadel-ameriski-oporisci-v-iraku\/#breadcrumb\"},\"inLanguage\":\"sl-SI\",\"potentialAction\":[{\"@type\":\"ReadAction\",\"target\":[\"https:\/\/hudo.com\/si\/aktualno\/iran-napadel-ameriski-oporisci-v-iraku\/\"]}]},{\"@type\":\"BreadcrumbList\",\"@id\":\"https:\/\/hudo.com\/si\/aktualno\/iran-napadel-ameriski-oporisci-v-iraku\/#breadcrumb\",\"itemListElement\":[{\"@type\":\"ListItem\",\"position\":1,\"name\":\"Home\",\"item\":\"https:\/\/hudo.com\/si\/\"},{\"@type\":\"ListItem\",\"position\":2,\"name\":\"Iran napadel ameri\u0161ki opori\u0161\u010di v Iraku\"}]},{\"@type\":\"WebSite\",\"@id\":\"https:\/\/hudo.com\/si\/#website\",\"url\":\"https:\/\/hudo.com\/si\/\",\"name\":\"Hudo Slovenija\",\"description\":\"Vse novice iz Slovenije in sveta\",\"publisher\":{\"@id\":\"https:\/\/hudo.com\/si\/#organization\"},\"potentialAction\":[{\"@type\":\"SearchAction\",\"target\":{\"@type\":\"EntryPoint\",\"urlTemplate\":\"https:\/\/hudo.com\/si\/?s={search_term_string}\"},\"query-input\":\"required name=search_term_string\"}],\"inLanguage\":\"sl-SI\"},{\"@type\":\"Organization\",\"@id\":\"https:\/\/hudo.com\/si\/#organization\",\"name\":\"VSN Media\",\"url\":\"https:\/\/hudo.com\/si\/\",\"logo\":{\"@type\":\"ImageObject\",\"inLanguage\":\"sl-SI\",\"@id\":\"https:\/\/hudo.com\/si\/#\/schema\/logo\/image\/\",\"url\":\"https:\/\/hudo.com\/si\/wp-content\/uploads\/sites\/2\/2021\/03\/hudo-app-2.png\",\"contentUrl\":\"https:\/\/hudo.com\/si\/wp-content\/uploads\/sites\/2\/2021\/03\/hudo-app-2.png\",\"width\":2185,\"height\":2167,\"caption\":\"VSN Media\"},\"image\":{\"@id\":\"https:\/\/hudo.com\/si\/#\/schema\/logo\/image\/\"},\"sameAs\":[\"https:\/\/www.facebook.com\/hudo.si\",\"https:\/\/twitter.com\/hudo_si\"]},{\"@type\":\"Person\",\"@id\":\"https:\/\/hudo.com\/si\/#\/schema\/person\/2391667a63ea075ba94f2f2dc6b77537\",\"name\":\"A. G., STA\",\"image\":{\"@type\":\"ImageObject\",\"inLanguage\":\"sl-SI\",\"@id\":\"https:\/\/hudo.com\/si\/#\/schema\/person\/image\/\",\"url\":\"https:\/\/secure.gravatar.com\/avatar\/e13d22ac3e442658d5025fbbe6238a79?s=96&d=mm&r=g\",\"contentUrl\":\"https:\/\/secure.gravatar.com\/avatar\/e13d22ac3e442658d5025fbbe6238a79?s=96&d=mm&r=g\",\"caption\":\"A. G., STA\"},\"url\":\"https:\/\/hudo.com\/si\/author\/alenka\/\"}]}<\/script>\n<!-- \/ Yoast SEO plugin. -->","yoast_head_json":{"title":"Iran napadel ameri\u0161ki opori\u0161\u010di v Iraku - Hudo Slovenija","robots":{"index":"index","follow":"follow","max-snippet":"max-snippet:-1","max-image-preview":"max-image-preview:large","max-video-preview":"max-video-preview:-1"},"canonical":"https:\/\/hudo.com\/si\/aktualno\/iran-napadel-ameriski-oporisci-v-iraku\/","og_locale":"sl_SI","og_type":"article","og_title":"Iran napadel ameri\u0161ki opori\u0161\u010di v Iraku - Hudo Slovenija","og_description":"Tiskovni predstavnik Pentagona Jonathan Hoffman je sporo\u010dil, da je Iran ob 23.30 uri po srednjeevropskem \u010dasu v torek izstrelil ve\u010d kot 12 balisti\u010dnih izstrelkov proti ameri\u0161kim in koalicijskim silam v Iraku. Izstrelki so merili na najmanj dve opori\u0161\u010di z ameri\u0161kimi in koalicijskimi vojaki v Al Asadu in Erbilu.","og_url":"https:\/\/hudo.com\/si\/aktualno\/iran-napadel-ameriski-oporisci-v-iraku\/","og_site_name":"Hudo Slovenija","article_publisher":"https:\/\/www.facebook.com\/hudo.si","article_published_time":"2020-01-08T07:12:34+00:00","og_image":[{"width":1250,"height":833,"url":"https:\/\/hudo.com\/si\/wp-content\/uploads\/sites\/2\/2020\/01\/profimedia-0491550729.jpg","type":"image\/jpeg"}],"author":"A. G., STA","twitter_card":"summary_large_image","twitter_creator":"@hudo_si","twitter_site":"@hudo_si","twitter_misc":{"Written by":"A. G., STA","Est. reading time":"2 minuti"},"schema":{"@context":"https:\/\/schema.org","@graph":[{"@type":"Article","@id":"https:\/\/hudo.com\/si\/aktualno\/iran-napadel-ameriski-oporisci-v-iraku\/#article","isPartOf":{"@id":"https:\/\/hudo.com\/si\/aktualno\/iran-napadel-ameriski-oporisci-v-iraku\/"},"author":{"name":"A. G., STA","@id":"https:\/\/hudo.com\/si\/#\/schema\/person\/2391667a63ea075ba94f2f2dc6b77537"},"headline":"Iran napadel ameri\u0161ki opori\u0161\u010di v Iraku","datePublished":"2020-01-08T07:12:34+00:00","dateModified":"2020-01-08T07:12:34+00:00","mainEntityOfPage":{"@id":"https:\/\/hudo.com\/si\/aktualno\/iran-napadel-ameriski-oporisci-v-iraku\/"},"wordCount":476,"publisher":{"@id":"https:\/\/hudo.com\/si\/#organization"},"keywords":["irak","Iran","ZDA"],"articleSection":["Aktualno"],"inLanguage":"sl-SI"},{"@type":"WebPage","@id":"https:\/\/hudo.com\/si\/aktualno\/iran-napadel-ameriski-oporisci-v-iraku\/","url":"https:\/\/hudo.com\/si\/aktualno\/iran-napadel-ameriski-oporisci-v-iraku\/","name":"Iran napadel ameri\u0161ki opori\u0161\u010di v Iraku - Hudo Slovenija","isPartOf":{"@id":"https:\/\/hudo.com\/si\/#website"},"datePublished":"2020-01-08T07:12:34+00:00","dateModified":"2020-01-08T07:12:34+00:00","breadcrumb":{"@id":"https:\/\/hudo.com\/si\/aktualno\/iran-napadel-ameriski-oporisci-v-iraku\/#breadcrumb"},"inLanguage":"sl-SI","potentialAction":[{"@type":"ReadAction","target":["https:\/\/hudo.com\/si\/aktualno\/iran-napadel-ameriski-oporisci-v-iraku\/"]}]},{"@type":"BreadcrumbList","@id":"https:\/\/hudo.com\/si\/aktualno\/iran-napadel-ameriski-oporisci-v-iraku\/#breadcrumb","itemListElement":[{"@type":"ListItem","position":1,"name":"Home","item":"https:\/\/hudo.com\/si\/"},{"@type":"ListItem","position":2,"name":"Iran napadel ameri\u0161ki opori\u0161\u010di v Iraku"}]},{"@type":"WebSite","@id":"https:\/\/hudo.com\/si\/#website","url":"https:\/\/hudo.com\/si\/","name":"Hudo Slovenija","description":"Vse novice iz Slovenije in sveta","publisher":{"@id":"https:\/\/hudo.com\/si\/#organization"},"potentialAction":[{"@type":"SearchAction","target":{"@type":"EntryPoint","urlTemplate":"https:\/\/hudo.com\/si\/?s={search_term_string}"},"query-input":"required name=search_term_string"}],"inLanguage":"sl-SI"},{"@type":"Organization","@id":"https:\/\/hudo.com\/si\/#organization","name":"VSN Media","url":"https:\/\/hudo.com\/si\/","logo":{"@type":"ImageObject","inLanguage":"sl-SI","@id":"https:\/\/hudo.com\/si\/#\/schema\/logo\/image\/","url":"https:\/\/hudo.com\/si\/wp-content\/uploads\/sites\/2\/2021\/03\/hudo-app-2.png","contentUrl":"https:\/\/hudo.com\/si\/wp-content\/uploads\/sites\/2\/2021\/03\/hudo-app-2.png","width":2185,"height":2167,"caption":"VSN Media"},"image":{"@id":"https:\/\/hudo.com\/si\/#\/schema\/logo\/image\/"},"sameAs":["https:\/\/www.facebook.com\/hudo.si","https:\/\/twitter.com\/hudo_si"]},{"@type":"Person","@id":"https:\/\/hudo.com\/si\/#\/schema\/person\/2391667a63ea075ba94f2f2dc6b77537","name":"A. G., STA","image":{"@type":"ImageObject","inLanguage":"sl-SI","@id":"https:\/\/hudo.com\/si\/#\/schema\/person\/image\/","url":"https:\/\/secure.gravatar.com\/avatar\/e13d22ac3e442658d5025fbbe6238a79?s=96&d=mm&r=g","contentUrl":"https:\/\/secure.gravatar.com\/avatar\/e13d22ac3e442658d5025fbbe6238a79?s=96&d=mm&r=g","caption":"A. G., STA"},"url":"https:\/\/hudo.com\/si\/author\/alenka\/"}]}},"amp_enabled":true,"_links":{"self":[{"href":"https:\/\/hudo.com\/si\/wp-json\/wp\/v2\/posts\/413661"}],"collection":[{"href":"https:\/\/hudo.com\/si\/wp-json\/wp\/v2\/posts"}],"about":[{"href":"https:\/\/hudo.com\/si\/wp-json\/wp\/v2\/types\/post"}],"author":[{"embeddable":true,"href":"https:\/\/hudo.com\/si\/wp-json\/wp\/v2\/users\/5"}],"replies":[{"embeddable":true,"href":"https:\/\/hudo.com\/si\/wp-json\/wp\/v2\/comments?post=413661"}],"version-history":[{"count":1,"href":"https:\/\/hudo.com\/si\/wp-json\/wp\/v2\/posts\/413661\/revisions"}],"predecessor-version":[{"id":413663,"href":"https:\/\/hudo.com\/si\/wp-json\/wp\/v2\/posts\/413661\/revisions\/413663"}],"wp:featuredmedia":[{"embeddable":true,"href":"https:\/\/hudo.com\/si\/wp-json\/wp\/v2\/media\/413662"}],"wp:attachment":[{"href":"https:\/\/hudo.com\/si\/wp-json\/wp\/v2\/media?parent=413661"}],"wp:term":[{"taxonomy":"category","embeddable":true,"href":"https:\/\/hudo.com\/si\/wp-json\/wp\/v2\/categories?post=413661"},{"taxonomy":"post_tag","embeddable":true,"href":"https:\/\/hudo.com\/si\/wp-json\/wp\/v2\/tags?post=413661"},{"taxonomy":"source","embeddable":true,"href":"https:\/\/hudo.com\/si\/wp-json\/wp\/v2\/source?post=413661"},{"taxonomy":"supertag","embeddable":true,"href":"https:\/\/hudo.com\/si\/wp-json\/wp\/v2\/supertag?post=413661"}],"curies":[{"name":"wp","href":"https:\/\/api.w.org\/{rel}","templated":true}]}}