{"id":413791,"date":"2020-01-09T18:35:04","date_gmt":"2020-01-09T17:35:04","guid":{"rendered":"http:\/\/hudo.com\/si\/?p=413791"},"modified":"2020-01-09T18:58:24","modified_gmt":"2020-01-09T17:58:24","slug":"mors-slovenski-vojaki-iz-erbila-ze-na-poti-v-domovino","status":"publish","type":"post","link":"https:\/\/hudo.com\/si\/aktualno\/mors-slovenski-vojaki-iz-erbila-ze-na-poti-v-domovino\/","title":{"rendered":"Mors: Slovenski vojaki iz Erbila \u017ee na poti v domovino"},"content":{"rendered":"<p>Portal poro\u010da, da so vojaki po neuradnih informacijah \u017ee pristali na letali\u0161\u010du v Ankari. \u010caka jih polet z vladnim letalom falcon v Slovenijo, doma pa naj bi bili v ve\u010dernih urah.<\/p>\n<p>Slovenija se je za umik \u0161estih vojakov iz Iraka odlo\u010dila po iranskem raketnem napadu v no\u010di na sredo, v katerem je bila napadena tudi baza v Erbilu, v kateri so bili nastanjeni. Sprva je bila napovedana evakuacija skupaj z njihovimi nem\u0161kimi kolegi, a je Nem\u010dija nato zaradi umirjanja polo\u017eaja v dr\u017eavi to odpovedala.<\/p>\n<p>Obrambni minister Karl Erjavec je nato danes &#8211; \u0161e pred nekaj urami po udele\u017ebi na skupni seji odborov DZ za obrambo in za zunanjo politiko &#8211; dejal, da jih bo Slovenija kljub temu &#8220;relocirala&#8221;. Ve\u010d podrobnosti o tem, kdaj in kako naj bi se to zgodilo, pa ni \u017eelel povedati. Napovedal je le, da bo javnost o tem obve\u0161\u010dena, ko bodo slovenski vojaki na poti.<\/p>\n<p>Je pa tudi zatrdil, da to ne pomeni umika Slovenije iz misije Neomajna odlo\u010denost in ostaja v Iraku in da bo najkasneje do 1. februarja pri\u0161lo tudi do predvidene rotacije kontingenta. Usposabljanje ira\u0161kih vojakov je bilo zdaj po njegovih besedah tako ali tako prekinjeno, zato sedanji kontingent niti ni mogel opravljati nalog. Bo pa nova rotacija, \u010de se bo usposabljanje za\u010delo \u0161e pred 1. februarjem, naloge prevzela tudi prej, je nakazal obrambni minister.<\/p>\n","protected":false},"excerpt":{"rendered":"<p>\u0160est slovenskih vojakov, ki so delovali v misiji Neomajna odlo\u010denost v ira\u0161kem Erbilu, je \u017ee na poti v Slovenijo, so za STA potrdili na ministrstvu za obrambo. Dodali so, da bodo naslednje uradne informacije podali, ko bodo slovenski vojaki v Sloveniji. Po neuradnih informacijah portala 24ur so trenutno v Ankari.<\/p>\n","protected":false},"author":7,"featured_media":403881,"comment_status":"closed","ping_status":"closed","sticky":false,"template":"","format":"standard","meta":{"footnotes":""},"categories":[1179],"tags":[5702,5704,1595,5219,1682],"source":[4511],"supertag":[],"acf":[],"yoast_head":"<!-- This site is optimized with the Yoast SEO plugin v21.3 - https:\/\/yoast.com\/wordpress\/plugins\/seo\/ -->\n<title>Mors: Slovenski vojaki iz Erbila \u017ee na poti v domovino - Hudo Slovenija<\/title>\n<meta name=\"robots\" content=\"index, follow, max-snippet:-1, max-image-preview:large, max-video-preview:-1\" \/>\n<link rel=\"canonical\" href=\"https:\/\/hudo.com\/si\/aktualno\/mors-slovenski-vojaki-iz-erbila-ze-na-poti-v-domovino\/\" \/>\n<meta property=\"og:locale\" content=\"sl_SI\" \/>\n<meta property=\"og:type\" content=\"article\" \/>\n<meta property=\"og:title\" content=\"Mors: Slovenski vojaki iz Erbila \u017ee na poti v domovino - Hudo Slovenija\" \/>\n<meta property=\"og:description\" content=\"\u0160est slovenskih vojakov, ki so delovali v misiji Neomajna odlo\u010denost v ira\u0161kem Erbilu, je \u017ee na poti v Slovenijo, so za STA potrdili na ministrstvu za obrambo. Dodali so, da bodo naslednje uradne informacije podali, ko bodo slovenski vojaki v Sloveniji. Po neuradnih informacijah portala 24ur so trenutno v Ankari.\" \/>\n<meta property=\"og:url\" content=\"https:\/\/hudo.com\/si\/aktualno\/mors-slovenski-vojaki-iz-erbila-ze-na-poti-v-domovino\/\" \/>\n<meta property=\"og:site_name\" content=\"Hudo Slovenija\" \/>\n<meta property=\"article:publisher\" content=\"https:\/\/www.facebook.com\/hudo.si\" \/>\n<meta property=\"article:published_time\" content=\"2020-01-09T17:35:04+00:00\" \/>\n<meta property=\"article:modified_time\" content=\"2020-01-09T17:58:24+00:00\" \/>\n<meta property=\"og:image\" content=\"https:\/\/hudo.com\/si\/wp-content\/uploads\/sites\/2\/2019\/08\/20190306-00919810.jpg\" \/>\n\t<meta property=\"og:image:width\" content=\"640\" \/>\n\t<meta property=\"og:image:height\" content=\"426\" \/>\n\t<meta property=\"og:image:type\" content=\"image\/jpeg\" \/>\n<meta name=\"author\" content=\"A. P., STA\" \/>\n<meta name=\"twitter:card\" content=\"summary_large_image\" \/>\n<meta name=\"twitter:creator\" content=\"@hudo_si\" \/>\n<meta name=\"twitter:site\" content=\"@hudo_si\" \/>\n<meta name=\"twitter:label1\" content=\"Written by\" \/>\n\t<meta name=\"twitter:data1\" content=\"A. P., STA\" \/>\n\t<meta name=\"twitter:label2\" content=\"Est. reading time\" \/>\n\t<meta name=\"twitter:data2\" content=\"1 minuta\" \/>\n<script type=\"application\/ld+json\" class=\"yoast-schema-graph\">{\"@context\":\"https:\/\/schema.org\",\"@graph\":[{\"@type\":\"Article\",\"@id\":\"https:\/\/hudo.com\/si\/aktualno\/mors-slovenski-vojaki-iz-erbila-ze-na-poti-v-domovino\/#article\",\"isPartOf\":{\"@id\":\"https:\/\/hudo.com\/si\/aktualno\/mors-slovenski-vojaki-iz-erbila-ze-na-poti-v-domovino\/\"},\"author\":{\"name\":\"A. P., STA\",\"@id\":\"https:\/\/hudo.com\/si\/#\/schema\/person\/18f09c02475ba9e606e941a565b80cff\"},\"headline\":\"Mors: Slovenski vojaki iz Erbila \u017ee na poti v domovino\",\"datePublished\":\"2020-01-09T17:35:04+00:00\",\"dateModified\":\"2020-01-09T17:58:24+00:00\",\"mainEntityOfPage\":{\"@id\":\"https:\/\/hudo.com\/si\/aktualno\/mors-slovenski-vojaki-iz-erbila-ze-na-poti-v-domovino\/\"},\"wordCount\":245,\"publisher\":{\"@id\":\"https:\/\/hudo.com\/si\/#organization\"},\"keywords\":[\"irak\",\"Iran\",\"Slovenija\",\"Slovenska vojska\",\"ZDA\"],\"articleSection\":[\"Aktualno\"],\"inLanguage\":\"sl-SI\"},{\"@type\":\"WebPage\",\"@id\":\"https:\/\/hudo.com\/si\/aktualno\/mors-slovenski-vojaki-iz-erbila-ze-na-poti-v-domovino\/\",\"url\":\"https:\/\/hudo.com\/si\/aktualno\/mors-slovenski-vojaki-iz-erbila-ze-na-poti-v-domovino\/\",\"name\":\"Mors: Slovenski vojaki iz Erbila \u017ee na poti v domovino - Hudo Slovenija\",\"isPartOf\":{\"@id\":\"https:\/\/hudo.com\/si\/#website\"},\"datePublished\":\"2020-01-09T17:35:04+00:00\",\"dateModified\":\"2020-01-09T17:58:24+00:00\",\"breadcrumb\":{\"@id\":\"https:\/\/hudo.com\/si\/aktualno\/mors-slovenski-vojaki-iz-erbila-ze-na-poti-v-domovino\/#breadcrumb\"},\"inLanguage\":\"sl-SI\",\"potentialAction\":[{\"@type\":\"ReadAction\",\"target\":[\"https:\/\/hudo.com\/si\/aktualno\/mors-slovenski-vojaki-iz-erbila-ze-na-poti-v-domovino\/\"]}]},{\"@type\":\"BreadcrumbList\",\"@id\":\"https:\/\/hudo.com\/si\/aktualno\/mors-slovenski-vojaki-iz-erbila-ze-na-poti-v-domovino\/#breadcrumb\",\"itemListElement\":[{\"@type\":\"ListItem\",\"position\":1,\"name\":\"Home\",\"item\":\"https:\/\/hudo.com\/si\/\"},{\"@type\":\"ListItem\",\"position\":2,\"name\":\"Mors: Slovenski vojaki iz Erbila \u017ee na poti v domovino\"}]},{\"@type\":\"WebSite\",\"@id\":\"https:\/\/hudo.com\/si\/#website\",\"url\":\"https:\/\/hudo.com\/si\/\",\"name\":\"Hudo Slovenija\",\"description\":\"Vse novice iz Slovenije in sveta\",\"publisher\":{\"@id\":\"https:\/\/hudo.com\/si\/#organization\"},\"potentialAction\":[{\"@type\":\"SearchAction\",\"target\":{\"@type\":\"EntryPoint\",\"urlTemplate\":\"https:\/\/hudo.com\/si\/?s={search_term_string}\"},\"query-input\":\"required name=search_term_string\"}],\"inLanguage\":\"sl-SI\"},{\"@type\":\"Organization\",\"@id\":\"https:\/\/hudo.com\/si\/#organization\",\"name\":\"VSN Media\",\"url\":\"https:\/\/hudo.com\/si\/\",\"logo\":{\"@type\":\"ImageObject\",\"inLanguage\":\"sl-SI\",\"@id\":\"https:\/\/hudo.com\/si\/#\/schema\/logo\/image\/\",\"url\":\"https:\/\/hudo.com\/si\/wp-content\/uploads\/sites\/2\/2021\/03\/hudo-app-2.png\",\"contentUrl\":\"https:\/\/hudo.com\/si\/wp-content\/uploads\/sites\/2\/2021\/03\/hudo-app-2.png\",\"width\":2185,\"height\":2167,\"caption\":\"VSN Media\"},\"image\":{\"@id\":\"https:\/\/hudo.com\/si\/#\/schema\/logo\/image\/\"},\"sameAs\":[\"https:\/\/www.facebook.com\/hudo.si\",\"https:\/\/twitter.com\/hudo_si\"]},{\"@type\":\"Person\",\"@id\":\"https:\/\/hudo.com\/si\/#\/schema\/person\/18f09c02475ba9e606e941a565b80cff\",\"name\":\"A. P., STA\",\"image\":{\"@type\":\"ImageObject\",\"inLanguage\":\"sl-SI\",\"@id\":\"https:\/\/hudo.com\/si\/#\/schema\/person\/image\/\",\"url\":\"https:\/\/secure.gravatar.com\/avatar\/03eac8e609f5f04383125d80eaeaaf3e?s=96&d=mm&r=g\",\"contentUrl\":\"https:\/\/secure.gravatar.com\/avatar\/03eac8e609f5f04383125d80eaeaaf3e?s=96&d=mm&r=g\",\"caption\":\"A. P., STA\"},\"url\":\"https:\/\/hudo.com\/si\/author\/lubu\/\"}]}<\/script>\n<!-- \/ Yoast SEO plugin. -->","yoast_head_json":{"title":"Mors: Slovenski vojaki iz Erbila \u017ee na poti v domovino - Hudo Slovenija","robots":{"index":"index","follow":"follow","max-snippet":"max-snippet:-1","max-image-preview":"max-image-preview:large","max-video-preview":"max-video-preview:-1"},"canonical":"https:\/\/hudo.com\/si\/aktualno\/mors-slovenski-vojaki-iz-erbila-ze-na-poti-v-domovino\/","og_locale":"sl_SI","og_type":"article","og_title":"Mors: Slovenski vojaki iz Erbila \u017ee na poti v domovino - Hudo Slovenija","og_description":"\u0160est slovenskih vojakov, ki so delovali v misiji Neomajna odlo\u010denost v ira\u0161kem Erbilu, je \u017ee na poti v Slovenijo, so za STA potrdili na ministrstvu za obrambo. Dodali so, da bodo naslednje uradne informacije podali, ko bodo slovenski vojaki v Sloveniji. Po neuradnih informacijah portala 24ur so trenutno v Ankari.","og_url":"https:\/\/hudo.com\/si\/aktualno\/mors-slovenski-vojaki-iz-erbila-ze-na-poti-v-domovino\/","og_site_name":"Hudo Slovenija","article_publisher":"https:\/\/www.facebook.com\/hudo.si","article_published_time":"2020-01-09T17:35:04+00:00","article_modified_time":"2020-01-09T17:58:24+00:00","og_image":[{"width":640,"height":426,"url":"https:\/\/hudo.com\/si\/wp-content\/uploads\/sites\/2\/2019\/08\/20190306-00919810.jpg","type":"image\/jpeg"}],"author":"A. P., STA","twitter_card":"summary_large_image","twitter_creator":"@hudo_si","twitter_site":"@hudo_si","twitter_misc":{"Written by":"A. P., STA","Est. reading time":"1 minuta"},"schema":{"@context":"https:\/\/schema.org","@graph":[{"@type":"Article","@id":"https:\/\/hudo.com\/si\/aktualno\/mors-slovenski-vojaki-iz-erbila-ze-na-poti-v-domovino\/#article","isPartOf":{"@id":"https:\/\/hudo.com\/si\/aktualno\/mors-slovenski-vojaki-iz-erbila-ze-na-poti-v-domovino\/"},"author":{"name":"A. P., STA","@id":"https:\/\/hudo.com\/si\/#\/schema\/person\/18f09c02475ba9e606e941a565b80cff"},"headline":"Mors: Slovenski vojaki iz Erbila \u017ee na poti v domovino","datePublished":"2020-01-09T17:35:04+00:00","dateModified":"2020-01-09T17:58:24+00:00","mainEntityOfPage":{"@id":"https:\/\/hudo.com\/si\/aktualno\/mors-slovenski-vojaki-iz-erbila-ze-na-poti-v-domovino\/"},"wordCount":245,"publisher":{"@id":"https:\/\/hudo.com\/si\/#organization"},"keywords":["irak","Iran","Slovenija","Slovenska vojska","ZDA"],"articleSection":["Aktualno"],"inLanguage":"sl-SI"},{"@type":"WebPage","@id":"https:\/\/hudo.com\/si\/aktualno\/mors-slovenski-vojaki-iz-erbila-ze-na-poti-v-domovino\/","url":"https:\/\/hudo.com\/si\/aktualno\/mors-slovenski-vojaki-iz-erbila-ze-na-poti-v-domovino\/","name":"Mors: Slovenski vojaki iz Erbila \u017ee na poti v domovino - Hudo Slovenija","isPartOf":{"@id":"https:\/\/hudo.com\/si\/#website"},"datePublished":"2020-01-09T17:35:04+00:00","dateModified":"2020-01-09T17:58:24+00:00","breadcrumb":{"@id":"https:\/\/hudo.com\/si\/aktualno\/mors-slovenski-vojaki-iz-erbila-ze-na-poti-v-domovino\/#breadcrumb"},"inLanguage":"sl-SI","potentialAction":[{"@type":"ReadAction","target":["https:\/\/hudo.com\/si\/aktualno\/mors-slovenski-vojaki-iz-erbila-ze-na-poti-v-domovino\/"]}]},{"@type":"BreadcrumbList","@id":"https:\/\/hudo.com\/si\/aktualno\/mors-slovenski-vojaki-iz-erbila-ze-na-poti-v-domovino\/#breadcrumb","itemListElement":[{"@type":"ListItem","position":1,"name":"Home","item":"https:\/\/hudo.com\/si\/"},{"@type":"ListItem","position":2,"name":"Mors: Slovenski vojaki iz Erbila \u017ee na poti v domovino"}]},{"@type":"WebSite","@id":"https:\/\/hudo.com\/si\/#website","url":"https:\/\/hudo.com\/si\/","name":"Hudo Slovenija","description":"Vse novice iz Slovenije in sveta","publisher":{"@id":"https:\/\/hudo.com\/si\/#organization"},"potentialAction":[{"@type":"SearchAction","target":{"@type":"EntryPoint","urlTemplate":"https:\/\/hudo.com\/si\/?s={search_term_string}"},"query-input":"required name=search_term_string"}],"inLanguage":"sl-SI"},{"@type":"Organization","@id":"https:\/\/hudo.com\/si\/#organization","name":"VSN Media","url":"https:\/\/hudo.com\/si\/","logo":{"@type":"ImageObject","inLanguage":"sl-SI","@id":"https:\/\/hudo.com\/si\/#\/schema\/logo\/image\/","url":"https:\/\/hudo.com\/si\/wp-content\/uploads\/sites\/2\/2021\/03\/hudo-app-2.png","contentUrl":"https:\/\/hudo.com\/si\/wp-content\/uploads\/sites\/2\/2021\/03\/hudo-app-2.png","width":2185,"height":2167,"caption":"VSN Media"},"image":{"@id":"https:\/\/hudo.com\/si\/#\/schema\/logo\/image\/"},"sameAs":["https:\/\/www.facebook.com\/hudo.si","https:\/\/twitter.com\/hudo_si"]},{"@type":"Person","@id":"https:\/\/hudo.com\/si\/#\/schema\/person\/18f09c02475ba9e606e941a565b80cff","name":"A. P., STA","image":{"@type":"ImageObject","inLanguage":"sl-SI","@id":"https:\/\/hudo.com\/si\/#\/schema\/person\/image\/","url":"https:\/\/secure.gravatar.com\/avatar\/03eac8e609f5f04383125d80eaeaaf3e?s=96&d=mm&r=g","contentUrl":"https:\/\/secure.gravatar.com\/avatar\/03eac8e609f5f04383125d80eaeaaf3e?s=96&d=mm&r=g","caption":"A. P., STA"},"url":"https:\/\/hudo.com\/si\/author\/lubu\/"}]}},"amp_enabled":true,"_links":{"self":[{"href":"https:\/\/hudo.com\/si\/wp-json\/wp\/v2\/posts\/413791"}],"collection":[{"href":"https:\/\/hudo.com\/si\/wp-json\/wp\/v2\/posts"}],"about":[{"href":"https:\/\/hudo.com\/si\/wp-json\/wp\/v2\/types\/post"}],"author":[{"embeddable":true,"href":"https:\/\/hudo.com\/si\/wp-json\/wp\/v2\/users\/7"}],"replies":[{"embeddable":true,"href":"https:\/\/hudo.com\/si\/wp-json\/wp\/v2\/comments?post=413791"}],"version-history":[{"count":3,"href":"https:\/\/hudo.com\/si\/wp-json\/wp\/v2\/posts\/413791\/revisions"}],"predecessor-version":[{"id":413794,"href":"https:\/\/hudo.com\/si\/wp-json\/wp\/v2\/posts\/413791\/revisions\/413794"}],"wp:featuredmedia":[{"embeddable":true,"href":"https:\/\/hudo.com\/si\/wp-json\/wp\/v2\/media\/403881"}],"wp:attachment":[{"href":"https:\/\/hudo.com\/si\/wp-json\/wp\/v2\/media?parent=413791"}],"wp:term":[{"taxonomy":"category","embeddable":true,"href":"https:\/\/hudo.com\/si\/wp-json\/wp\/v2\/categories?post=413791"},{"taxonomy":"post_tag","embeddable":true,"href":"https:\/\/hudo.com\/si\/wp-json\/wp\/v2\/tags?post=413791"},{"taxonomy":"source","embeddable":true,"href":"https:\/\/hudo.com\/si\/wp-json\/wp\/v2\/source?post=413791"},{"taxonomy":"supertag","embeddable":true,"href":"https:\/\/hudo.com\/si\/wp-json\/wp\/v2\/supertag?post=413791"}],"curies":[{"name":"wp","href":"https:\/\/api.w.org\/{rel}","templated":true}]}}