{"id":413917,"date":"2020-01-12T09:07:07","date_gmt":"2020-01-12T08:07:07","guid":{"rendered":"http:\/\/hudo.com\/si\/?p=413917"},"modified":"2020-01-12T09:07:07","modified_gmt":"2020-01-12T08:07:07","slug":"na-ravnah-na-koroskem-bodo-gradili-nov-proizvodni-inkubator","status":"publish","type":"post","link":"https:\/\/hudo.com\/si\/aktualno\/na-ravnah-na-koroskem-bodo-gradili-nov-proizvodni-inkubator\/","title":{"rendered":"Na Ravnah na Koro\u0161kem bodo gradili nov proizvodni inkubator"},"content":{"rendered":"<p>Ob\u010dina je gradnjo inkubatorja uvrstila v nabor nalo\u017eb v dogovoru za razvoj regije. Tako za nalo\u017ebo pri\u010dakuje 1,1 milijona evrov evropskih sredstev, je na nedavni novinarski konferenci povedal ravenski \u017eupan Toma\u017e Ro\u017een, ki odlo\u010dbo o dodelitvi evropskih sredstev pri\u010dakuje do marca. Gradbeno dovoljenje za nalo\u017ebo je ob\u010dina \u017ee pridobila.<\/p>\n<p>Glede na zanimanje za najem prostorov se je ob\u010dina odlo\u010dila za izgradnjo proizvodnega inkubatorja z osmimi enotami. Ob\u010dina je v preteklosti \u017ee zgradila oz. uredila ve\u010d enot proizvodnega in tudi pisarni\u0161kega inkubatorja ter ob tem prve enote proizvodnega inkubatorja tudi \u017ee prodala.<\/p>\n<p>&#8220;Potrebe na tem podro\u010dju so, imamo \u010dakalno vrsto,&#8221; je povedal \u017eupan in spomnil, da imajo podjetniki, ki najamejo prostore inkubatorja, v prvih letih subvencionirano najemnino, zato so tovrstni prostori predvsem za podjetnike za\u010detnike zelo dobrodo\u0161li.<\/p>\n<p>Enote proizvodnega in pisarni\u0161kega inkubatorja v ravenski ob\u010dini so del Mre\u017enega podjetni\u0161kega inkubatorja Koro\u0161ka, ki zajema \u0161e podobne prostore v ob\u010dinah Radlje ob Dravi, Dravograd in Slovenj Gradec. Aktivnosti v zvezi z inkubatorji vodi Regionalna razvojna agencija (RRA) Koro\u0161ka.<\/p>\n<p>V vse enote v \u0161tirih koro\u0161kih ob\u010dinah, ki zajemajo 42 pisarn in 21 proizvodnih prostorov, je bilo v obdobju od leta 2010 do konca septembra lani vklju\u010denih skupno 122 podjetij, vsako podjetje pa lahko prostore najame za dolo\u010den \u010das. Konec septembra lani je bilo v podjetni\u0161kih inkubatorjih 39 vklju\u010denih podjetij. V letu 2018 so prihodki vseh inkubiranih podjetij zna\u0161ali 6,6 milijona evrov, podjetja pa so v tistem letu imela 78 zaposlenih, ka\u017eejo podatki RRA Koro\u0161ka.<\/p>\n<p>Gradnjo novega proizvodnega inkubatorja je ravenska ob\u010dina vklju\u010dila v osnutek leto\u0161njega prora\u010duna, ki ga bodo svetniki v drugem branju potrjevali predvidoma konec januarja. Ravenski prora\u010dun za letos predvideva 16,1 milijona evrov odhodkov, od tega 6,6 milijona evrov za nalo\u017ebe. Med ve\u010dje nalo\u017ebe sodijo \u0161e nakup stanovanj, urejanje plazov in komunalne infrastrukture ter nalo\u017ebe v cestno omre\u017eje.<\/p>\n","protected":false},"excerpt":{"rendered":"<p>Najve\u010dja za letos na\u010drtovana nalo\u017eba Ob\u010dine Ravne na Koro\u0161kem je gradnja novega proizvodnega inkubatorja v poslovni coni Dobja vas. Nalo\u017eba je ocenjena na 1,5 milijona evrov, ob\u010dina pa jo bo izvedla ob izdatni podpori evropskih sredstev.<\/p>\n","protected":false},"author":7,"featured_media":413918,"comment_status":"closed","ping_status":"closed","sticky":false,"template":"","format":"standard","meta":{"footnotes":""},"categories":[1179],"tags":[5784,8531,1595],"source":[4511],"supertag":[],"acf":[],"yoast_head":"<!-- This site is optimized with the Yoast SEO plugin v21.3 - https:\/\/yoast.com\/wordpress\/plugins\/seo\/ -->\n<title>Na Ravnah na Koro\u0161kem bodo gradili nov proizvodni inkubator - Hudo Slovenija<\/title>\n<meta name=\"robots\" content=\"index, follow, max-snippet:-1, max-image-preview:large, max-video-preview:-1\" \/>\n<link rel=\"canonical\" href=\"https:\/\/hudo.com\/si\/aktualno\/na-ravnah-na-koroskem-bodo-gradili-nov-proizvodni-inkubator\/\" \/>\n<meta property=\"og:locale\" content=\"sl_SI\" \/>\n<meta property=\"og:type\" content=\"article\" \/>\n<meta property=\"og:title\" content=\"Na Ravnah na Koro\u0161kem bodo gradili nov proizvodni inkubator - Hudo Slovenija\" \/>\n<meta property=\"og:description\" content=\"Najve\u010dja za letos na\u010drtovana nalo\u017eba Ob\u010dine Ravne na Koro\u0161kem je gradnja novega proizvodnega inkubatorja v poslovni coni Dobja vas. Nalo\u017eba je ocenjena na 1,5 milijona evrov, ob\u010dina pa jo bo izvedla ob izdatni podpori evropskih sredstev.\" \/>\n<meta property=\"og:url\" content=\"https:\/\/hudo.com\/si\/aktualno\/na-ravnah-na-koroskem-bodo-gradili-nov-proizvodni-inkubator\/\" \/>\n<meta property=\"og:site_name\" content=\"Hudo Slovenija\" \/>\n<meta property=\"article:publisher\" content=\"https:\/\/www.facebook.com\/hudo.si\" \/>\n<meta property=\"article:published_time\" content=\"2020-01-12T08:07:07+00:00\" \/>\n<meta property=\"og:image\" content=\"https:\/\/hudo.com\/si\/wp-content\/uploads\/sites\/2\/2020\/01\/profimedia-0427723991-scaled.jpg\" \/>\n\t<meta property=\"og:image:width\" content=\"2560\" \/>\n\t<meta property=\"og:image:height\" content=\"1707\" \/>\n\t<meta property=\"og:image:type\" content=\"image\/jpeg\" \/>\n<meta name=\"author\" content=\"A. P., STA\" \/>\n<meta name=\"twitter:card\" content=\"summary_large_image\" \/>\n<meta name=\"twitter:creator\" content=\"@hudo_si\" \/>\n<meta name=\"twitter:site\" content=\"@hudo_si\" \/>\n<meta name=\"twitter:label1\" content=\"Written by\" \/>\n\t<meta name=\"twitter:data1\" content=\"A. P., STA\" \/>\n\t<meta name=\"twitter:label2\" content=\"Est. reading time\" \/>\n\t<meta name=\"twitter:data2\" content=\"2 minuti\" \/>\n<script type=\"application\/ld+json\" class=\"yoast-schema-graph\">{\"@context\":\"https:\/\/schema.org\",\"@graph\":[{\"@type\":\"Article\",\"@id\":\"https:\/\/hudo.com\/si\/aktualno\/na-ravnah-na-koroskem-bodo-gradili-nov-proizvodni-inkubator\/#article\",\"isPartOf\":{\"@id\":\"https:\/\/hudo.com\/si\/aktualno\/na-ravnah-na-koroskem-bodo-gradili-nov-proizvodni-inkubator\/\"},\"author\":{\"name\":\"A. P., STA\",\"@id\":\"https:\/\/hudo.com\/si\/#\/schema\/person\/18f09c02475ba9e606e941a565b80cff\"},\"headline\":\"Na Ravnah na Koro\u0161kem bodo gradili nov proizvodni inkubator\",\"datePublished\":\"2020-01-12T08:07:07+00:00\",\"dateModified\":\"2020-01-12T08:07:07+00:00\",\"mainEntityOfPage\":{\"@id\":\"https:\/\/hudo.com\/si\/aktualno\/na-ravnah-na-koroskem-bodo-gradili-nov-proizvodni-inkubator\/\"},\"wordCount\":337,\"publisher\":{\"@id\":\"https:\/\/hudo.com\/si\/#organization\"},\"keywords\":[\"koro\u0161ka\",\"ravne na koro\u0161kem\",\"Slovenija\"],\"articleSection\":[\"Aktualno\"],\"inLanguage\":\"sl-SI\"},{\"@type\":\"WebPage\",\"@id\":\"https:\/\/hudo.com\/si\/aktualno\/na-ravnah-na-koroskem-bodo-gradili-nov-proizvodni-inkubator\/\",\"url\":\"https:\/\/hudo.com\/si\/aktualno\/na-ravnah-na-koroskem-bodo-gradili-nov-proizvodni-inkubator\/\",\"name\":\"Na Ravnah na Koro\u0161kem bodo gradili nov proizvodni inkubator - Hudo Slovenija\",\"isPartOf\":{\"@id\":\"https:\/\/hudo.com\/si\/#website\"},\"datePublished\":\"2020-01-12T08:07:07+00:00\",\"dateModified\":\"2020-01-12T08:07:07+00:00\",\"breadcrumb\":{\"@id\":\"https:\/\/hudo.com\/si\/aktualno\/na-ravnah-na-koroskem-bodo-gradili-nov-proizvodni-inkubator\/#breadcrumb\"},\"inLanguage\":\"sl-SI\",\"potentialAction\":[{\"@type\":\"ReadAction\",\"target\":[\"https:\/\/hudo.com\/si\/aktualno\/na-ravnah-na-koroskem-bodo-gradili-nov-proizvodni-inkubator\/\"]}]},{\"@type\":\"BreadcrumbList\",\"@id\":\"https:\/\/hudo.com\/si\/aktualno\/na-ravnah-na-koroskem-bodo-gradili-nov-proizvodni-inkubator\/#breadcrumb\",\"itemListElement\":[{\"@type\":\"ListItem\",\"position\":1,\"name\":\"Home\",\"item\":\"https:\/\/hudo.com\/si\/\"},{\"@type\":\"ListItem\",\"position\":2,\"name\":\"Na Ravnah na Koro\u0161kem bodo gradili nov proizvodni inkubator\"}]},{\"@type\":\"WebSite\",\"@id\":\"https:\/\/hudo.com\/si\/#website\",\"url\":\"https:\/\/hudo.com\/si\/\",\"name\":\"Hudo Slovenija\",\"description\":\"Vse novice iz Slovenije in sveta\",\"publisher\":{\"@id\":\"https:\/\/hudo.com\/si\/#organization\"},\"potentialAction\":[{\"@type\":\"SearchAction\",\"target\":{\"@type\":\"EntryPoint\",\"urlTemplate\":\"https:\/\/hudo.com\/si\/?s={search_term_string}\"},\"query-input\":\"required name=search_term_string\"}],\"inLanguage\":\"sl-SI\"},{\"@type\":\"Organization\",\"@id\":\"https:\/\/hudo.com\/si\/#organization\",\"name\":\"VSN Media\",\"url\":\"https:\/\/hudo.com\/si\/\",\"logo\":{\"@type\":\"ImageObject\",\"inLanguage\":\"sl-SI\",\"@id\":\"https:\/\/hudo.com\/si\/#\/schema\/logo\/image\/\",\"url\":\"https:\/\/hudo.com\/si\/wp-content\/uploads\/sites\/2\/2021\/03\/hudo-app-2.png\",\"contentUrl\":\"https:\/\/hudo.com\/si\/wp-content\/uploads\/sites\/2\/2021\/03\/hudo-app-2.png\",\"width\":2185,\"height\":2167,\"caption\":\"VSN Media\"},\"image\":{\"@id\":\"https:\/\/hudo.com\/si\/#\/schema\/logo\/image\/\"},\"sameAs\":[\"https:\/\/www.facebook.com\/hudo.si\",\"https:\/\/twitter.com\/hudo_si\"]},{\"@type\":\"Person\",\"@id\":\"https:\/\/hudo.com\/si\/#\/schema\/person\/18f09c02475ba9e606e941a565b80cff\",\"name\":\"A. P., STA\",\"image\":{\"@type\":\"ImageObject\",\"inLanguage\":\"sl-SI\",\"@id\":\"https:\/\/hudo.com\/si\/#\/schema\/person\/image\/\",\"url\":\"https:\/\/secure.gravatar.com\/avatar\/03eac8e609f5f04383125d80eaeaaf3e?s=96&d=mm&r=g\",\"contentUrl\":\"https:\/\/secure.gravatar.com\/avatar\/03eac8e609f5f04383125d80eaeaaf3e?s=96&d=mm&r=g\",\"caption\":\"A. P., STA\"},\"url\":\"https:\/\/hudo.com\/si\/author\/lubu\/\"}]}<\/script>\n<!-- \/ Yoast SEO plugin. -->","yoast_head_json":{"title":"Na Ravnah na Koro\u0161kem bodo gradili nov proizvodni inkubator - Hudo Slovenija","robots":{"index":"index","follow":"follow","max-snippet":"max-snippet:-1","max-image-preview":"max-image-preview:large","max-video-preview":"max-video-preview:-1"},"canonical":"https:\/\/hudo.com\/si\/aktualno\/na-ravnah-na-koroskem-bodo-gradili-nov-proizvodni-inkubator\/","og_locale":"sl_SI","og_type":"article","og_title":"Na Ravnah na Koro\u0161kem bodo gradili nov proizvodni inkubator - Hudo Slovenija","og_description":"Najve\u010dja za letos na\u010drtovana nalo\u017eba Ob\u010dine Ravne na Koro\u0161kem je gradnja novega proizvodnega inkubatorja v poslovni coni Dobja vas. Nalo\u017eba je ocenjena na 1,5 milijona evrov, ob\u010dina pa jo bo izvedla ob izdatni podpori evropskih sredstev.","og_url":"https:\/\/hudo.com\/si\/aktualno\/na-ravnah-na-koroskem-bodo-gradili-nov-proizvodni-inkubator\/","og_site_name":"Hudo Slovenija","article_publisher":"https:\/\/www.facebook.com\/hudo.si","article_published_time":"2020-01-12T08:07:07+00:00","og_image":[{"width":2560,"height":1707,"url":"https:\/\/hudo.com\/si\/wp-content\/uploads\/sites\/2\/2020\/01\/profimedia-0427723991-scaled.jpg","type":"image\/jpeg"}],"author":"A. P., STA","twitter_card":"summary_large_image","twitter_creator":"@hudo_si","twitter_site":"@hudo_si","twitter_misc":{"Written by":"A. P., STA","Est. reading time":"2 minuti"},"schema":{"@context":"https:\/\/schema.org","@graph":[{"@type":"Article","@id":"https:\/\/hudo.com\/si\/aktualno\/na-ravnah-na-koroskem-bodo-gradili-nov-proizvodni-inkubator\/#article","isPartOf":{"@id":"https:\/\/hudo.com\/si\/aktualno\/na-ravnah-na-koroskem-bodo-gradili-nov-proizvodni-inkubator\/"},"author":{"name":"A. P., STA","@id":"https:\/\/hudo.com\/si\/#\/schema\/person\/18f09c02475ba9e606e941a565b80cff"},"headline":"Na Ravnah na Koro\u0161kem bodo gradili nov proizvodni inkubator","datePublished":"2020-01-12T08:07:07+00:00","dateModified":"2020-01-12T08:07:07+00:00","mainEntityOfPage":{"@id":"https:\/\/hudo.com\/si\/aktualno\/na-ravnah-na-koroskem-bodo-gradili-nov-proizvodni-inkubator\/"},"wordCount":337,"publisher":{"@id":"https:\/\/hudo.com\/si\/#organization"},"keywords":["koro\u0161ka","ravne na koro\u0161kem","Slovenija"],"articleSection":["Aktualno"],"inLanguage":"sl-SI"},{"@type":"WebPage","@id":"https:\/\/hudo.com\/si\/aktualno\/na-ravnah-na-koroskem-bodo-gradili-nov-proizvodni-inkubator\/","url":"https:\/\/hudo.com\/si\/aktualno\/na-ravnah-na-koroskem-bodo-gradili-nov-proizvodni-inkubator\/","name":"Na Ravnah na Koro\u0161kem bodo gradili nov proizvodni inkubator - Hudo Slovenija","isPartOf":{"@id":"https:\/\/hudo.com\/si\/#website"},"datePublished":"2020-01-12T08:07:07+00:00","dateModified":"2020-01-12T08:07:07+00:00","breadcrumb":{"@id":"https:\/\/hudo.com\/si\/aktualno\/na-ravnah-na-koroskem-bodo-gradili-nov-proizvodni-inkubator\/#breadcrumb"},"inLanguage":"sl-SI","potentialAction":[{"@type":"ReadAction","target":["https:\/\/hudo.com\/si\/aktualno\/na-ravnah-na-koroskem-bodo-gradili-nov-proizvodni-inkubator\/"]}]},{"@type":"BreadcrumbList","@id":"https:\/\/hudo.com\/si\/aktualno\/na-ravnah-na-koroskem-bodo-gradili-nov-proizvodni-inkubator\/#breadcrumb","itemListElement":[{"@type":"ListItem","position":1,"name":"Home","item":"https:\/\/hudo.com\/si\/"},{"@type":"ListItem","position":2,"name":"Na Ravnah na Koro\u0161kem bodo gradili nov proizvodni inkubator"}]},{"@type":"WebSite","@id":"https:\/\/hudo.com\/si\/#website","url":"https:\/\/hudo.com\/si\/","name":"Hudo Slovenija","description":"Vse novice iz Slovenije in sveta","publisher":{"@id":"https:\/\/hudo.com\/si\/#organization"},"potentialAction":[{"@type":"SearchAction","target":{"@type":"EntryPoint","urlTemplate":"https:\/\/hudo.com\/si\/?s={search_term_string}"},"query-input":"required name=search_term_string"}],"inLanguage":"sl-SI"},{"@type":"Organization","@id":"https:\/\/hudo.com\/si\/#organization","name":"VSN Media","url":"https:\/\/hudo.com\/si\/","logo":{"@type":"ImageObject","inLanguage":"sl-SI","@id":"https:\/\/hudo.com\/si\/#\/schema\/logo\/image\/","url":"https:\/\/hudo.com\/si\/wp-content\/uploads\/sites\/2\/2021\/03\/hudo-app-2.png","contentUrl":"https:\/\/hudo.com\/si\/wp-content\/uploads\/sites\/2\/2021\/03\/hudo-app-2.png","width":2185,"height":2167,"caption":"VSN Media"},"image":{"@id":"https:\/\/hudo.com\/si\/#\/schema\/logo\/image\/"},"sameAs":["https:\/\/www.facebook.com\/hudo.si","https:\/\/twitter.com\/hudo_si"]},{"@type":"Person","@id":"https:\/\/hudo.com\/si\/#\/schema\/person\/18f09c02475ba9e606e941a565b80cff","name":"A. P., STA","image":{"@type":"ImageObject","inLanguage":"sl-SI","@id":"https:\/\/hudo.com\/si\/#\/schema\/person\/image\/","url":"https:\/\/secure.gravatar.com\/avatar\/03eac8e609f5f04383125d80eaeaaf3e?s=96&d=mm&r=g","contentUrl":"https:\/\/secure.gravatar.com\/avatar\/03eac8e609f5f04383125d80eaeaaf3e?s=96&d=mm&r=g","caption":"A. P., STA"},"url":"https:\/\/hudo.com\/si\/author\/lubu\/"}]}},"amp_enabled":true,"_links":{"self":[{"href":"https:\/\/hudo.com\/si\/wp-json\/wp\/v2\/posts\/413917"}],"collection":[{"href":"https:\/\/hudo.com\/si\/wp-json\/wp\/v2\/posts"}],"about":[{"href":"https:\/\/hudo.com\/si\/wp-json\/wp\/v2\/types\/post"}],"author":[{"embeddable":true,"href":"https:\/\/hudo.com\/si\/wp-json\/wp\/v2\/users\/7"}],"replies":[{"embeddable":true,"href":"https:\/\/hudo.com\/si\/wp-json\/wp\/v2\/comments?post=413917"}],"version-history":[{"count":1,"href":"https:\/\/hudo.com\/si\/wp-json\/wp\/v2\/posts\/413917\/revisions"}],"predecessor-version":[{"id":413919,"href":"https:\/\/hudo.com\/si\/wp-json\/wp\/v2\/posts\/413917\/revisions\/413919"}],"wp:featuredmedia":[{"embeddable":true,"href":"https:\/\/hudo.com\/si\/wp-json\/wp\/v2\/media\/413918"}],"wp:attachment":[{"href":"https:\/\/hudo.com\/si\/wp-json\/wp\/v2\/media?parent=413917"}],"wp:term":[{"taxonomy":"category","embeddable":true,"href":"https:\/\/hudo.com\/si\/wp-json\/wp\/v2\/categories?post=413917"},{"taxonomy":"post_tag","embeddable":true,"href":"https:\/\/hudo.com\/si\/wp-json\/wp\/v2\/tags?post=413917"},{"taxonomy":"source","embeddable":true,"href":"https:\/\/hudo.com\/si\/wp-json\/wp\/v2\/source?post=413917"},{"taxonomy":"supertag","embeddable":true,"href":"https:\/\/hudo.com\/si\/wp-json\/wp\/v2\/supertag?post=413917"}],"curies":[{"name":"wp","href":"https:\/\/api.w.org\/{rel}","templated":true}]}}