{"id":414051,"date":"2020-01-14T09:26:59","date_gmt":"2020-01-14T08:26:59","guid":{"rendered":"http:\/\/hudo.com\/si\/?p=414051"},"modified":"2020-01-14T09:27:34","modified_gmt":"2020-01-14T08:27:34","slug":"pri-preiskavi-strmoglavljenja-v-iranu-bo-sodelovala-tudi-mednarodna-organizacija-za-civilno-letalstvo","status":"publish","type":"post","link":"https:\/\/hudo.com\/si\/aktualno\/pri-preiskavi-strmoglavljenja-v-iranu-bo-sodelovala-tudi-mednarodna-organizacija-za-civilno-letalstvo\/","title":{"rendered":"Pri preiskavi strmoglavljenja letala v Iranu bo sodelovala tudi Mednarodna organizacija za civilno letalstvo"},"content":{"rendered":"<p>Napetosti med ZDA in Iranom so se izjemno zaostrile po 3. januarju, ko so ZDA v napadu z brezpilotnim letalom blizu Bagdada ubile vplivnega iranskega generala Kasema Solejmanija. Iran se je odzval z raketnim obstreljevanjem dveh voja\u0161kih opori\u0161\u010d v Iraku, kjer so name\u0161\u010deni ameri\u0161ki in drugi tuji vojaki. \u017drtev ni bilo.<\/p>\n<p>Le nekaj ur pozneje je enota iranske revolucionarne garde nenamerno sestrelila letalo dru\u017ebe Ukraine International Airlines, ki naj bi se pribli\u017ealo voja\u0161kemu obmo\u010dju. To so oblasti sprva zanikale, po ve\u010d dneh pa v soboto le priznale. Kot je danes zatrdil tiskovni predstavnik vlade, so to storili, takoj ko je predsednik Hasan Rohani od sveta za nacionalno varnost prejel podrobnosti o incidentu.<\/p>\n<p>Preiskavo vodi Iran, ki pa je k njej povabil tudi ve\u010d tujih ekip strokovnjakov. Nazadnje se je s tovrstnim povabilom obrnil na ICAO s sede\u017eem v Kanadi, ki je v ponedeljek \u017ee sporo\u010dila, da bo v Iran poslala tehni\u010dne strokovnjake, ki bodo svetovali in opazovali preiskavo, poro\u010da nem\u0161ka tiskovna agencija dpa.<\/p>\n<p>Med 176 ljudmi na krovu letala, ki so vsi umrli, je bilo glede na podatke Ottawe 57 kanadskih dr\u017eavljanov. &#8220;\u010ce ne bi bilo napetosti, \u010de v zadnjem \u010dasu ne bi pri\u0161lo do stopnjevanje v regiji, bi bili ti Kanad\u010dani zdajle doma s svojimi dru\u017einami,&#8221; je v ponedeljek menil kanadski premier Trudeau.<\/p>\n<p>Kot je dodal, je mednarodna skupnost zelo jasna pri poudarjanju, da Iran ne sme imeti jedrskega oro\u017eja, je pa treba tudi nadzorovati napetosti v regiji, ki jih povzro\u010dajo tudi dejanja ZDA, njegove besede v pogovoru za televizijo Global povzema francoska tiskovna agencija AFP. Ponovil je \u0161e, da mora Iran prevzeti &#8220;polno odgovornost&#8221;.<\/p>\n<p>Strmoglavljenje je bil velik udarec za iransko skupnost v Kanadi, ki je dom najve\u010dji iranski diaspori v Severni Ameriki. Glede na zadnje \u0161tetje je leta 2016 v dr\u017eavi \u017eivelo 210.000 kanadskih dr\u017eavljanov iranskega porekla.<\/p>\n<p>Med preostalimi \u017ertvami je bilo najve\u010d Irancev, med tujimi dr\u017eavljani pa so bile \u017ertve med drugim \u0161e iz Velike Britanije, Ukrajine, \u0160vedske in Afganistana. S slednjimi je Kanada oblikovala posebno skupino, ki se skupaj usklajuje glede morebitnih zahtev po od\u0161kodnini. Predstavniki sodelujo\u010dih dr\u017eav se bodo prvi\u010d se\u0161li v \u010detrtek v Londonu, je v ponedeljek sporo\u010dilo kanadsko zunanje ministrstvo.<\/p>\n","protected":false},"excerpt":{"rendered":"<p>Na povabilo Irana bo pri preiskavi sestrelitve ukrajinskega potni\u0161kega letala sodelovala tudi Mednarodna organizacija za civilno letalstvo (ICAO), ki bo na obmo\u010dje napotila svoje strokovnjake. Kanadski premier Justin Trudeau je medtem opozoril, da bi bilo 176 ljudi na krovu letala \u0161e \u017eivih, \u010de ne bi pri\u0161lo do stopnjevanja napetosti v regiji.<\/p>\n","protected":false},"author":8,"featured_media":414053,"comment_status":"closed","ping_status":"closed","sticky":false,"template":"","format":"standard","meta":{"footnotes":""},"categories":[1179],"tags":[5704,1741],"source":[4511],"supertag":[6103],"acf":[],"yoast_head":"<!-- This site is optimized with the Yoast SEO plugin v21.3 - https:\/\/yoast.com\/wordpress\/plugins\/seo\/ -->\n<title>Pri preiskavi strmoglavljenja letala v Iranu bo sodelovala tudi Mednarodna organizacija za civilno letalstvo - Hudo Slovenija<\/title>\n<meta name=\"robots\" content=\"index, follow, max-snippet:-1, max-image-preview:large, max-video-preview:-1\" \/>\n<link rel=\"canonical\" href=\"https:\/\/hudo.com\/si\/aktualno\/pri-preiskavi-strmoglavljenja-v-iranu-bo-sodelovala-tudi-mednarodna-organizacija-za-civilno-letalstvo\/\" \/>\n<meta property=\"og:locale\" content=\"sl_SI\" \/>\n<meta property=\"og:type\" content=\"article\" \/>\n<meta property=\"og:title\" content=\"Pri preiskavi strmoglavljenja letala v Iranu bo sodelovala tudi Mednarodna organizacija za civilno letalstvo - Hudo Slovenija\" \/>\n<meta property=\"og:description\" content=\"Na povabilo Irana bo pri preiskavi sestrelitve ukrajinskega potni\u0161kega letala sodelovala tudi Mednarodna organizacija za civilno letalstvo (ICAO), ki bo na obmo\u010dje napotila svoje strokovnjake. Kanadski premier Justin Trudeau je medtem opozoril, da bi bilo 176 ljudi na krovu letala \u0161e \u017eivih, \u010de ne bi pri\u0161lo do stopnjevanja napetosti v regiji.\" \/>\n<meta property=\"og:url\" content=\"https:\/\/hudo.com\/si\/aktualno\/pri-preiskavi-strmoglavljenja-v-iranu-bo-sodelovala-tudi-mednarodna-organizacija-za-civilno-letalstvo\/\" \/>\n<meta property=\"og:site_name\" content=\"Hudo Slovenija\" \/>\n<meta property=\"article:publisher\" content=\"https:\/\/www.facebook.com\/hudo.si\" \/>\n<meta property=\"article:published_time\" content=\"2020-01-14T08:26:59+00:00\" \/>\n<meta property=\"article:modified_time\" content=\"2020-01-14T08:27:34+00:00\" \/>\n<meta property=\"og:image\" content=\"https:\/\/hudo.com\/si\/wp-content\/uploads\/sites\/2\/2020\/01\/profimedia-0491599030.jpg\" \/>\n\t<meta property=\"og:image:width\" content=\"1250\" \/>\n\t<meta property=\"og:image:height\" content=\"785\" \/>\n\t<meta property=\"og:image:type\" content=\"image\/jpeg\" \/>\n<meta name=\"author\" content=\"M. N., STA\" \/>\n<meta name=\"twitter:card\" content=\"summary_large_image\" \/>\n<meta name=\"twitter:creator\" content=\"@hudo_si\" \/>\n<meta name=\"twitter:site\" content=\"@hudo_si\" \/>\n<meta name=\"twitter:label1\" content=\"Written by\" \/>\n\t<meta name=\"twitter:data1\" content=\"M. N., STA\" \/>\n\t<meta name=\"twitter:label2\" content=\"Est. reading time\" \/>\n\t<meta name=\"twitter:data2\" content=\"2 minuti\" \/>\n<script type=\"application\/ld+json\" class=\"yoast-schema-graph\">{\"@context\":\"https:\/\/schema.org\",\"@graph\":[{\"@type\":\"Article\",\"@id\":\"https:\/\/hudo.com\/si\/aktualno\/pri-preiskavi-strmoglavljenja-v-iranu-bo-sodelovala-tudi-mednarodna-organizacija-za-civilno-letalstvo\/#article\",\"isPartOf\":{\"@id\":\"https:\/\/hudo.com\/si\/aktualno\/pri-preiskavi-strmoglavljenja-v-iranu-bo-sodelovala-tudi-mednarodna-organizacija-za-civilno-letalstvo\/\"},\"author\":{\"name\":\"M. N., STA\",\"@id\":\"https:\/\/hudo.com\/si\/#\/schema\/person\/c2f10ce65d2e6ede2aeda5be2a0611fa\"},\"headline\":\"Pri preiskavi strmoglavljenja letala v Iranu bo sodelovala tudi Mednarodna organizacija za civilno letalstvo\",\"datePublished\":\"2020-01-14T08:26:59+00:00\",\"dateModified\":\"2020-01-14T08:27:34+00:00\",\"mainEntityOfPage\":{\"@id\":\"https:\/\/hudo.com\/si\/aktualno\/pri-preiskavi-strmoglavljenja-v-iranu-bo-sodelovala-tudi-mednarodna-organizacija-za-civilno-letalstvo\/\"},\"wordCount\":394,\"publisher\":{\"@id\":\"https:\/\/hudo.com\/si\/#organization\"},\"keywords\":[\"Iran\",\"strmoglavljenje letala\"],\"articleSection\":[\"Aktualno\"],\"inLanguage\":\"sl-SI\"},{\"@type\":\"WebPage\",\"@id\":\"https:\/\/hudo.com\/si\/aktualno\/pri-preiskavi-strmoglavljenja-v-iranu-bo-sodelovala-tudi-mednarodna-organizacija-za-civilno-letalstvo\/\",\"url\":\"https:\/\/hudo.com\/si\/aktualno\/pri-preiskavi-strmoglavljenja-v-iranu-bo-sodelovala-tudi-mednarodna-organizacija-za-civilno-letalstvo\/\",\"name\":\"Pri preiskavi strmoglavljenja letala v Iranu bo sodelovala tudi Mednarodna organizacija za civilno letalstvo - Hudo Slovenija\",\"isPartOf\":{\"@id\":\"https:\/\/hudo.com\/si\/#website\"},\"datePublished\":\"2020-01-14T08:26:59+00:00\",\"dateModified\":\"2020-01-14T08:27:34+00:00\",\"breadcrumb\":{\"@id\":\"https:\/\/hudo.com\/si\/aktualno\/pri-preiskavi-strmoglavljenja-v-iranu-bo-sodelovala-tudi-mednarodna-organizacija-za-civilno-letalstvo\/#breadcrumb\"},\"inLanguage\":\"sl-SI\",\"potentialAction\":[{\"@type\":\"ReadAction\",\"target\":[\"https:\/\/hudo.com\/si\/aktualno\/pri-preiskavi-strmoglavljenja-v-iranu-bo-sodelovala-tudi-mednarodna-organizacija-za-civilno-letalstvo\/\"]}]},{\"@type\":\"BreadcrumbList\",\"@id\":\"https:\/\/hudo.com\/si\/aktualno\/pri-preiskavi-strmoglavljenja-v-iranu-bo-sodelovala-tudi-mednarodna-organizacija-za-civilno-letalstvo\/#breadcrumb\",\"itemListElement\":[{\"@type\":\"ListItem\",\"position\":1,\"name\":\"Home\",\"item\":\"https:\/\/hudo.com\/si\/\"},{\"@type\":\"ListItem\",\"position\":2,\"name\":\"Pri preiskavi strmoglavljenja letala v Iranu bo sodelovala tudi Mednarodna organizacija za civilno letalstvo\"}]},{\"@type\":\"WebSite\",\"@id\":\"https:\/\/hudo.com\/si\/#website\",\"url\":\"https:\/\/hudo.com\/si\/\",\"name\":\"Hudo Slovenija\",\"description\":\"Vse novice iz Slovenije in sveta\",\"publisher\":{\"@id\":\"https:\/\/hudo.com\/si\/#organization\"},\"potentialAction\":[{\"@type\":\"SearchAction\",\"target\":{\"@type\":\"EntryPoint\",\"urlTemplate\":\"https:\/\/hudo.com\/si\/?s={search_term_string}\"},\"query-input\":\"required name=search_term_string\"}],\"inLanguage\":\"sl-SI\"},{\"@type\":\"Organization\",\"@id\":\"https:\/\/hudo.com\/si\/#organization\",\"name\":\"VSN Media\",\"url\":\"https:\/\/hudo.com\/si\/\",\"logo\":{\"@type\":\"ImageObject\",\"inLanguage\":\"sl-SI\",\"@id\":\"https:\/\/hudo.com\/si\/#\/schema\/logo\/image\/\",\"url\":\"https:\/\/hudo.com\/si\/wp-content\/uploads\/sites\/2\/2021\/03\/hudo-app-2.png\",\"contentUrl\":\"https:\/\/hudo.com\/si\/wp-content\/uploads\/sites\/2\/2021\/03\/hudo-app-2.png\",\"width\":2185,\"height\":2167,\"caption\":\"VSN Media\"},\"image\":{\"@id\":\"https:\/\/hudo.com\/si\/#\/schema\/logo\/image\/\"},\"sameAs\":[\"https:\/\/www.facebook.com\/hudo.si\",\"https:\/\/twitter.com\/hudo_si\"]},{\"@type\":\"Person\",\"@id\":\"https:\/\/hudo.com\/si\/#\/schema\/person\/c2f10ce65d2e6ede2aeda5be2a0611fa\",\"name\":\"M. N., STA\",\"image\":{\"@type\":\"ImageObject\",\"inLanguage\":\"sl-SI\",\"@id\":\"https:\/\/hudo.com\/si\/#\/schema\/person\/image\/\",\"url\":\"https:\/\/secure.gravatar.com\/avatar\/f370d38daa10467f755c5c766a4cac20?s=96&d=mm&r=g\",\"contentUrl\":\"https:\/\/secure.gravatar.com\/avatar\/f370d38daa10467f755c5c766a4cac20?s=96&d=mm&r=g\",\"caption\":\"M. N., STA\"},\"url\":\"https:\/\/hudo.com\/si\/author\/mana\/\"}]}<\/script>\n<!-- \/ Yoast SEO plugin. -->","yoast_head_json":{"title":"Pri preiskavi strmoglavljenja letala v Iranu bo sodelovala tudi Mednarodna organizacija za civilno letalstvo - Hudo Slovenija","robots":{"index":"index","follow":"follow","max-snippet":"max-snippet:-1","max-image-preview":"max-image-preview:large","max-video-preview":"max-video-preview:-1"},"canonical":"https:\/\/hudo.com\/si\/aktualno\/pri-preiskavi-strmoglavljenja-v-iranu-bo-sodelovala-tudi-mednarodna-organizacija-za-civilno-letalstvo\/","og_locale":"sl_SI","og_type":"article","og_title":"Pri preiskavi strmoglavljenja letala v Iranu bo sodelovala tudi Mednarodna organizacija za civilno letalstvo - Hudo Slovenija","og_description":"Na povabilo Irana bo pri preiskavi sestrelitve ukrajinskega potni\u0161kega letala sodelovala tudi Mednarodna organizacija za civilno letalstvo (ICAO), ki bo na obmo\u010dje napotila svoje strokovnjake. Kanadski premier Justin Trudeau je medtem opozoril, da bi bilo 176 ljudi na krovu letala \u0161e \u017eivih, \u010de ne bi pri\u0161lo do stopnjevanja napetosti v regiji.","og_url":"https:\/\/hudo.com\/si\/aktualno\/pri-preiskavi-strmoglavljenja-v-iranu-bo-sodelovala-tudi-mednarodna-organizacija-za-civilno-letalstvo\/","og_site_name":"Hudo Slovenija","article_publisher":"https:\/\/www.facebook.com\/hudo.si","article_published_time":"2020-01-14T08:26:59+00:00","article_modified_time":"2020-01-14T08:27:34+00:00","og_image":[{"width":1250,"height":785,"url":"https:\/\/hudo.com\/si\/wp-content\/uploads\/sites\/2\/2020\/01\/profimedia-0491599030.jpg","type":"image\/jpeg"}],"author":"M. N., STA","twitter_card":"summary_large_image","twitter_creator":"@hudo_si","twitter_site":"@hudo_si","twitter_misc":{"Written by":"M. N., STA","Est. reading time":"2 minuti"},"schema":{"@context":"https:\/\/schema.org","@graph":[{"@type":"Article","@id":"https:\/\/hudo.com\/si\/aktualno\/pri-preiskavi-strmoglavljenja-v-iranu-bo-sodelovala-tudi-mednarodna-organizacija-za-civilno-letalstvo\/#article","isPartOf":{"@id":"https:\/\/hudo.com\/si\/aktualno\/pri-preiskavi-strmoglavljenja-v-iranu-bo-sodelovala-tudi-mednarodna-organizacija-za-civilno-letalstvo\/"},"author":{"name":"M. N., STA","@id":"https:\/\/hudo.com\/si\/#\/schema\/person\/c2f10ce65d2e6ede2aeda5be2a0611fa"},"headline":"Pri preiskavi strmoglavljenja letala v Iranu bo sodelovala tudi Mednarodna organizacija za civilno letalstvo","datePublished":"2020-01-14T08:26:59+00:00","dateModified":"2020-01-14T08:27:34+00:00","mainEntityOfPage":{"@id":"https:\/\/hudo.com\/si\/aktualno\/pri-preiskavi-strmoglavljenja-v-iranu-bo-sodelovala-tudi-mednarodna-organizacija-za-civilno-letalstvo\/"},"wordCount":394,"publisher":{"@id":"https:\/\/hudo.com\/si\/#organization"},"keywords":["Iran","strmoglavljenje letala"],"articleSection":["Aktualno"],"inLanguage":"sl-SI"},{"@type":"WebPage","@id":"https:\/\/hudo.com\/si\/aktualno\/pri-preiskavi-strmoglavljenja-v-iranu-bo-sodelovala-tudi-mednarodna-organizacija-za-civilno-letalstvo\/","url":"https:\/\/hudo.com\/si\/aktualno\/pri-preiskavi-strmoglavljenja-v-iranu-bo-sodelovala-tudi-mednarodna-organizacija-za-civilno-letalstvo\/","name":"Pri preiskavi strmoglavljenja letala v Iranu bo sodelovala tudi Mednarodna organizacija za civilno letalstvo - Hudo Slovenija","isPartOf":{"@id":"https:\/\/hudo.com\/si\/#website"},"datePublished":"2020-01-14T08:26:59+00:00","dateModified":"2020-01-14T08:27:34+00:00","breadcrumb":{"@id":"https:\/\/hudo.com\/si\/aktualno\/pri-preiskavi-strmoglavljenja-v-iranu-bo-sodelovala-tudi-mednarodna-organizacija-za-civilno-letalstvo\/#breadcrumb"},"inLanguage":"sl-SI","potentialAction":[{"@type":"ReadAction","target":["https:\/\/hudo.com\/si\/aktualno\/pri-preiskavi-strmoglavljenja-v-iranu-bo-sodelovala-tudi-mednarodna-organizacija-za-civilno-letalstvo\/"]}]},{"@type":"BreadcrumbList","@id":"https:\/\/hudo.com\/si\/aktualno\/pri-preiskavi-strmoglavljenja-v-iranu-bo-sodelovala-tudi-mednarodna-organizacija-za-civilno-letalstvo\/#breadcrumb","itemListElement":[{"@type":"ListItem","position":1,"name":"Home","item":"https:\/\/hudo.com\/si\/"},{"@type":"ListItem","position":2,"name":"Pri preiskavi strmoglavljenja letala v Iranu bo sodelovala tudi Mednarodna organizacija za civilno letalstvo"}]},{"@type":"WebSite","@id":"https:\/\/hudo.com\/si\/#website","url":"https:\/\/hudo.com\/si\/","name":"Hudo Slovenija","description":"Vse novice iz Slovenije in sveta","publisher":{"@id":"https:\/\/hudo.com\/si\/#organization"},"potentialAction":[{"@type":"SearchAction","target":{"@type":"EntryPoint","urlTemplate":"https:\/\/hudo.com\/si\/?s={search_term_string}"},"query-input":"required name=search_term_string"}],"inLanguage":"sl-SI"},{"@type":"Organization","@id":"https:\/\/hudo.com\/si\/#organization","name":"VSN Media","url":"https:\/\/hudo.com\/si\/","logo":{"@type":"ImageObject","inLanguage":"sl-SI","@id":"https:\/\/hudo.com\/si\/#\/schema\/logo\/image\/","url":"https:\/\/hudo.com\/si\/wp-content\/uploads\/sites\/2\/2021\/03\/hudo-app-2.png","contentUrl":"https:\/\/hudo.com\/si\/wp-content\/uploads\/sites\/2\/2021\/03\/hudo-app-2.png","width":2185,"height":2167,"caption":"VSN Media"},"image":{"@id":"https:\/\/hudo.com\/si\/#\/schema\/logo\/image\/"},"sameAs":["https:\/\/www.facebook.com\/hudo.si","https:\/\/twitter.com\/hudo_si"]},{"@type":"Person","@id":"https:\/\/hudo.com\/si\/#\/schema\/person\/c2f10ce65d2e6ede2aeda5be2a0611fa","name":"M. N., STA","image":{"@type":"ImageObject","inLanguage":"sl-SI","@id":"https:\/\/hudo.com\/si\/#\/schema\/person\/image\/","url":"https:\/\/secure.gravatar.com\/avatar\/f370d38daa10467f755c5c766a4cac20?s=96&d=mm&r=g","contentUrl":"https:\/\/secure.gravatar.com\/avatar\/f370d38daa10467f755c5c766a4cac20?s=96&d=mm&r=g","caption":"M. N., STA"},"url":"https:\/\/hudo.com\/si\/author\/mana\/"}]}},"amp_enabled":true,"_links":{"self":[{"href":"https:\/\/hudo.com\/si\/wp-json\/wp\/v2\/posts\/414051"}],"collection":[{"href":"https:\/\/hudo.com\/si\/wp-json\/wp\/v2\/posts"}],"about":[{"href":"https:\/\/hudo.com\/si\/wp-json\/wp\/v2\/types\/post"}],"author":[{"embeddable":true,"href":"https:\/\/hudo.com\/si\/wp-json\/wp\/v2\/users\/8"}],"replies":[{"embeddable":true,"href":"https:\/\/hudo.com\/si\/wp-json\/wp\/v2\/comments?post=414051"}],"version-history":[{"count":2,"href":"https:\/\/hudo.com\/si\/wp-json\/wp\/v2\/posts\/414051\/revisions"}],"predecessor-version":[{"id":414056,"href":"https:\/\/hudo.com\/si\/wp-json\/wp\/v2\/posts\/414051\/revisions\/414056"}],"wp:featuredmedia":[{"embeddable":true,"href":"https:\/\/hudo.com\/si\/wp-json\/wp\/v2\/media\/414053"}],"wp:attachment":[{"href":"https:\/\/hudo.com\/si\/wp-json\/wp\/v2\/media?parent=414051"}],"wp:term":[{"taxonomy":"category","embeddable":true,"href":"https:\/\/hudo.com\/si\/wp-json\/wp\/v2\/categories?post=414051"},{"taxonomy":"post_tag","embeddable":true,"href":"https:\/\/hudo.com\/si\/wp-json\/wp\/v2\/tags?post=414051"},{"taxonomy":"source","embeddable":true,"href":"https:\/\/hudo.com\/si\/wp-json\/wp\/v2\/source?post=414051"},{"taxonomy":"supertag","embeddable":true,"href":"https:\/\/hudo.com\/si\/wp-json\/wp\/v2\/supertag?post=414051"}],"curies":[{"name":"wp","href":"https:\/\/api.w.org\/{rel}","templated":true}]}}