{"id":414078,"date":"2020-01-14T12:12:09","date_gmt":"2020-01-14T11:12:09","guid":{"rendered":"http:\/\/hudo.com\/si\/?p=414078"},"modified":"2020-01-14T12:12:09","modified_gmt":"2020-01-14T11:12:09","slug":"trudeau-zahteva-pojasnila-kdo-bo-kril-stroske-varovanja-harryja-meghan-v-kanadi","status":"publish","type":"post","link":"https:\/\/hudo.com\/si\/aktualno\/trudeau-zahteva-pojasnila-kdo-bo-kril-stroske-varovanja-harryja-meghan-v-kanadi\/","title":{"rendered":"Trudeau zahteva pojasnila, kdo bo kril stro\u0161ke varovanja Harryja in Meghan v Kanadi"},"content":{"rendered":"<p>&#8220;Mislim, da je ve\u010dini Kanad\u010danov ideja, da bi imeli tu \u010dlane kraljeve dru\u017eine, zelo blizu. Ampak kako bo to delovalo in kak\u0161ne stro\u0161ke to pomeni, o tem se bo treba \u0161e pogovoriti,&#8221; je v ponedeljek zve\u010der dejal premier v pogovoru za kanadsko televizijo Global News.<\/p>\n<p>\u0160e vedno ni znano, kak\u0161na bo kon\u010dna odlo\u010ditev britanske kraljeve dru\u017eine in kak\u0161no bo prihodnje \u017eivljenje vojvoda in vojvodinje sussek\u0161ke, ki sta prej\u0161nji teden \u0161okirala z novico, da opu\u0161\u010data kraljeve dol\u017enosti in \u017eelita postati bolj neodvisna.<\/p>\n<p>Tudi kanadska vlada se zaenkrat \u0161e ni posvetila temu vpra\u0161anju, je v ponedeljek dejal kanadski finan\u010dni minister Bill Morneau. V britanskih medijih so se namre\u010d pojavila poro\u010dila, da je Trudeau kraljici Elizabeti II. \u017ee zagotovil, da bo Kanada krila stro\u0161ek varovanja para. &#8220;Seveda \u017eelimo vedno pokazati, da kot \u010dlani Commonwealtha igramo vlogo,&#8221; je \u0161e povedal Morneau.<\/p>\n<p>Britanski mediji so ocenili, da bi Kanada letno za varovanje prispevala okoli 583.000 evrov. Po oceni kanadskih medijev pa bi varovanje dru\u017eine davkopla\u010devalce stalo okoli 1,17 milijona evrov letno. Kanadski davkopla\u010devalci so sicer tradicionalno vedno prispevali k stro\u0161kom varovanja, ko je dr\u017eavo obiskal kak \u010dlan kraljeve dru\u017eine, poro\u010da francoska tiskovna agencija AFP.<\/p>\n<p>Poleg vpra\u0161anja kritja stro\u0161kov varovanja para \u0161e vedno ostajajo odprta \u0161tevilna druga vpra\u0161anja, med drugim kako se bo par financiral, kaj bo s kraljevimi nazivi in dol\u017enostmi ter kje bosta \u017eivela. Ta in druga vpra\u0161anja o prihodnjem delovanju naj bi kraljeva dru\u017eina razre\u0161ila v prihodnjih dneh.<\/p>\n<p>Kraljica Elizabeta II. je po kriznem sestanku v ponedeljek sicer odobrila prehodno obdobje, ko bo lahko par bival tako v Veliki Britaniji kot Kanadi, a je dala tudi vedeti, da \u010deprav spo\u0161tuje njuno \u017eeljo, to niso dobrodo\u0161le novice.<\/p>\n","protected":false},"excerpt":{"rendered":"<p>Po napovedi, da bosta britanski princ Harry in njegova soproga Meghan delno \u017eivela tudi v Kanadi, so po oceni kanadskega premierja Justina Trudeauja odprta \u0161e \u0161tevilna vpra\u0161anja. Tako zaenkrat \u0161e ni zagotovljeno, da bo Kanada krila stro\u0161ke varovanja mladega para, poro\u010dajo tuje tiskovne agencije.<\/p>\n","protected":false},"author":8,"featured_media":414079,"comment_status":"closed","ping_status":"closed","sticky":false,"template":"","format":"standard","meta":{"footnotes":""},"categories":[1179],"tags":[15544,6934,15540,3240],"source":[4511],"supertag":[6103],"acf":[],"yoast_head":"<!-- This site is optimized with the Yoast SEO plugin v21.3 - https:\/\/yoast.com\/wordpress\/plugins\/seo\/ -->\n<title>Trudeau zahteva pojasnila, kdo bo kril stro\u0161ke varovanja Harryja in Meghan v Kanadi - Hudo Slovenija<\/title>\n<meta name=\"robots\" content=\"index, follow, max-snippet:-1, max-image-preview:large, max-video-preview:-1\" \/>\n<link rel=\"canonical\" href=\"https:\/\/hudo.com\/si\/aktualno\/trudeau-zahteva-pojasnila-kdo-bo-kril-stroske-varovanja-harryja-meghan-v-kanadi\/\" \/>\n<meta property=\"og:locale\" content=\"sl_SI\" \/>\n<meta property=\"og:type\" content=\"article\" \/>\n<meta property=\"og:title\" content=\"Trudeau zahteva pojasnila, kdo bo kril stro\u0161ke varovanja Harryja in Meghan v Kanadi - Hudo Slovenija\" \/>\n<meta property=\"og:description\" content=\"Po napovedi, da bosta britanski princ Harry in njegova soproga Meghan delno \u017eivela tudi v Kanadi, so po oceni kanadskega premierja Justina Trudeauja odprta \u0161e \u0161tevilna vpra\u0161anja. Tako zaenkrat \u0161e ni zagotovljeno, da bo Kanada krila stro\u0161ke varovanja mladega para, poro\u010dajo tuje tiskovne agencije.\" \/>\n<meta property=\"og:url\" content=\"https:\/\/hudo.com\/si\/aktualno\/trudeau-zahteva-pojasnila-kdo-bo-kril-stroske-varovanja-harryja-meghan-v-kanadi\/\" \/>\n<meta property=\"og:site_name\" content=\"Hudo Slovenija\" \/>\n<meta property=\"article:publisher\" content=\"https:\/\/www.facebook.com\/hudo.si\" \/>\n<meta property=\"article:published_time\" content=\"2020-01-14T11:12:09+00:00\" \/>\n<meta property=\"og:image\" content=\"https:\/\/hudo.com\/si\/wp-content\/uploads\/sites\/2\/2020\/01\/profimedia-0492072551.jpg\" \/>\n\t<meta property=\"og:image:width\" content=\"1250\" \/>\n\t<meta property=\"og:image:height\" content=\"833\" \/>\n\t<meta property=\"og:image:type\" content=\"image\/jpeg\" \/>\n<meta name=\"author\" content=\"M. N., STA\" \/>\n<meta name=\"twitter:card\" content=\"summary_large_image\" \/>\n<meta name=\"twitter:creator\" content=\"@hudo_si\" \/>\n<meta name=\"twitter:site\" content=\"@hudo_si\" \/>\n<meta name=\"twitter:label1\" content=\"Written by\" \/>\n\t<meta name=\"twitter:data1\" content=\"M. N., STA\" \/>\n\t<meta name=\"twitter:label2\" content=\"Est. reading time\" \/>\n\t<meta name=\"twitter:data2\" content=\"2 minuti\" \/>\n<script type=\"application\/ld+json\" class=\"yoast-schema-graph\">{\"@context\":\"https:\/\/schema.org\",\"@graph\":[{\"@type\":\"Article\",\"@id\":\"https:\/\/hudo.com\/si\/aktualno\/trudeau-zahteva-pojasnila-kdo-bo-kril-stroske-varovanja-harryja-meghan-v-kanadi\/#article\",\"isPartOf\":{\"@id\":\"https:\/\/hudo.com\/si\/aktualno\/trudeau-zahteva-pojasnila-kdo-bo-kril-stroske-varovanja-harryja-meghan-v-kanadi\/\"},\"author\":{\"name\":\"M. N., STA\",\"@id\":\"https:\/\/hudo.com\/si\/#\/schema\/person\/c2f10ce65d2e6ede2aeda5be2a0611fa\"},\"headline\":\"Trudeau zahteva pojasnila, kdo bo kril stro\u0161ke varovanja Harryja in Meghan v Kanadi\",\"datePublished\":\"2020-01-14T11:12:09+00:00\",\"dateModified\":\"2020-01-14T11:12:09+00:00\",\"mainEntityOfPage\":{\"@id\":\"https:\/\/hudo.com\/si\/aktualno\/trudeau-zahteva-pojasnila-kdo-bo-kril-stroske-varovanja-harryja-meghan-v-kanadi\/\"},\"wordCount\":320,\"publisher\":{\"@id\":\"https:\/\/hudo.com\/si\/#organization\"},\"keywords\":[\"meghan in harry v kanadi\",\"Meghan Markle\",\"megxit\",\"princ Harry\"],\"articleSection\":[\"Aktualno\"],\"inLanguage\":\"sl-SI\"},{\"@type\":\"WebPage\",\"@id\":\"https:\/\/hudo.com\/si\/aktualno\/trudeau-zahteva-pojasnila-kdo-bo-kril-stroske-varovanja-harryja-meghan-v-kanadi\/\",\"url\":\"https:\/\/hudo.com\/si\/aktualno\/trudeau-zahteva-pojasnila-kdo-bo-kril-stroske-varovanja-harryja-meghan-v-kanadi\/\",\"name\":\"Trudeau zahteva pojasnila, kdo bo kril stro\u0161ke varovanja Harryja in Meghan v Kanadi - Hudo Slovenija\",\"isPartOf\":{\"@id\":\"https:\/\/hudo.com\/si\/#website\"},\"datePublished\":\"2020-01-14T11:12:09+00:00\",\"dateModified\":\"2020-01-14T11:12:09+00:00\",\"breadcrumb\":{\"@id\":\"https:\/\/hudo.com\/si\/aktualno\/trudeau-zahteva-pojasnila-kdo-bo-kril-stroske-varovanja-harryja-meghan-v-kanadi\/#breadcrumb\"},\"inLanguage\":\"sl-SI\",\"potentialAction\":[{\"@type\":\"ReadAction\",\"target\":[\"https:\/\/hudo.com\/si\/aktualno\/trudeau-zahteva-pojasnila-kdo-bo-kril-stroske-varovanja-harryja-meghan-v-kanadi\/\"]}]},{\"@type\":\"BreadcrumbList\",\"@id\":\"https:\/\/hudo.com\/si\/aktualno\/trudeau-zahteva-pojasnila-kdo-bo-kril-stroske-varovanja-harryja-meghan-v-kanadi\/#breadcrumb\",\"itemListElement\":[{\"@type\":\"ListItem\",\"position\":1,\"name\":\"Home\",\"item\":\"https:\/\/hudo.com\/si\/\"},{\"@type\":\"ListItem\",\"position\":2,\"name\":\"Trudeau zahteva pojasnila, kdo bo kril stro\u0161ke varovanja Harryja in Meghan v Kanadi\"}]},{\"@type\":\"WebSite\",\"@id\":\"https:\/\/hudo.com\/si\/#website\",\"url\":\"https:\/\/hudo.com\/si\/\",\"name\":\"Hudo Slovenija\",\"description\":\"Vse novice iz Slovenije in sveta\",\"publisher\":{\"@id\":\"https:\/\/hudo.com\/si\/#organization\"},\"potentialAction\":[{\"@type\":\"SearchAction\",\"target\":{\"@type\":\"EntryPoint\",\"urlTemplate\":\"https:\/\/hudo.com\/si\/?s={search_term_string}\"},\"query-input\":\"required name=search_term_string\"}],\"inLanguage\":\"sl-SI\"},{\"@type\":\"Organization\",\"@id\":\"https:\/\/hudo.com\/si\/#organization\",\"name\":\"VSN Media\",\"url\":\"https:\/\/hudo.com\/si\/\",\"logo\":{\"@type\":\"ImageObject\",\"inLanguage\":\"sl-SI\",\"@id\":\"https:\/\/hudo.com\/si\/#\/schema\/logo\/image\/\",\"url\":\"https:\/\/hudo.com\/si\/wp-content\/uploads\/sites\/2\/2021\/03\/hudo-app-2.png\",\"contentUrl\":\"https:\/\/hudo.com\/si\/wp-content\/uploads\/sites\/2\/2021\/03\/hudo-app-2.png\",\"width\":2185,\"height\":2167,\"caption\":\"VSN Media\"},\"image\":{\"@id\":\"https:\/\/hudo.com\/si\/#\/schema\/logo\/image\/\"},\"sameAs\":[\"https:\/\/www.facebook.com\/hudo.si\",\"https:\/\/twitter.com\/hudo_si\"]},{\"@type\":\"Person\",\"@id\":\"https:\/\/hudo.com\/si\/#\/schema\/person\/c2f10ce65d2e6ede2aeda5be2a0611fa\",\"name\":\"M. N., STA\",\"image\":{\"@type\":\"ImageObject\",\"inLanguage\":\"sl-SI\",\"@id\":\"https:\/\/hudo.com\/si\/#\/schema\/person\/image\/\",\"url\":\"https:\/\/secure.gravatar.com\/avatar\/f370d38daa10467f755c5c766a4cac20?s=96&d=mm&r=g\",\"contentUrl\":\"https:\/\/secure.gravatar.com\/avatar\/f370d38daa10467f755c5c766a4cac20?s=96&d=mm&r=g\",\"caption\":\"M. N., STA\"},\"url\":\"https:\/\/hudo.com\/si\/author\/mana\/\"}]}<\/script>\n<!-- \/ Yoast SEO plugin. -->","yoast_head_json":{"title":"Trudeau zahteva pojasnila, kdo bo kril stro\u0161ke varovanja Harryja in Meghan v Kanadi - Hudo Slovenija","robots":{"index":"index","follow":"follow","max-snippet":"max-snippet:-1","max-image-preview":"max-image-preview:large","max-video-preview":"max-video-preview:-1"},"canonical":"https:\/\/hudo.com\/si\/aktualno\/trudeau-zahteva-pojasnila-kdo-bo-kril-stroske-varovanja-harryja-meghan-v-kanadi\/","og_locale":"sl_SI","og_type":"article","og_title":"Trudeau zahteva pojasnila, kdo bo kril stro\u0161ke varovanja Harryja in Meghan v Kanadi - Hudo Slovenija","og_description":"Po napovedi, da bosta britanski princ Harry in njegova soproga Meghan delno \u017eivela tudi v Kanadi, so po oceni kanadskega premierja Justina Trudeauja odprta \u0161e \u0161tevilna vpra\u0161anja. Tako zaenkrat \u0161e ni zagotovljeno, da bo Kanada krila stro\u0161ke varovanja mladega para, poro\u010dajo tuje tiskovne agencije.","og_url":"https:\/\/hudo.com\/si\/aktualno\/trudeau-zahteva-pojasnila-kdo-bo-kril-stroske-varovanja-harryja-meghan-v-kanadi\/","og_site_name":"Hudo Slovenija","article_publisher":"https:\/\/www.facebook.com\/hudo.si","article_published_time":"2020-01-14T11:12:09+00:00","og_image":[{"width":1250,"height":833,"url":"https:\/\/hudo.com\/si\/wp-content\/uploads\/sites\/2\/2020\/01\/profimedia-0492072551.jpg","type":"image\/jpeg"}],"author":"M. N., STA","twitter_card":"summary_large_image","twitter_creator":"@hudo_si","twitter_site":"@hudo_si","twitter_misc":{"Written by":"M. N., STA","Est. reading time":"2 minuti"},"schema":{"@context":"https:\/\/schema.org","@graph":[{"@type":"Article","@id":"https:\/\/hudo.com\/si\/aktualno\/trudeau-zahteva-pojasnila-kdo-bo-kril-stroske-varovanja-harryja-meghan-v-kanadi\/#article","isPartOf":{"@id":"https:\/\/hudo.com\/si\/aktualno\/trudeau-zahteva-pojasnila-kdo-bo-kril-stroske-varovanja-harryja-meghan-v-kanadi\/"},"author":{"name":"M. N., STA","@id":"https:\/\/hudo.com\/si\/#\/schema\/person\/c2f10ce65d2e6ede2aeda5be2a0611fa"},"headline":"Trudeau zahteva pojasnila, kdo bo kril stro\u0161ke varovanja Harryja in Meghan v Kanadi","datePublished":"2020-01-14T11:12:09+00:00","dateModified":"2020-01-14T11:12:09+00:00","mainEntityOfPage":{"@id":"https:\/\/hudo.com\/si\/aktualno\/trudeau-zahteva-pojasnila-kdo-bo-kril-stroske-varovanja-harryja-meghan-v-kanadi\/"},"wordCount":320,"publisher":{"@id":"https:\/\/hudo.com\/si\/#organization"},"keywords":["meghan in harry v kanadi","Meghan Markle","megxit","princ Harry"],"articleSection":["Aktualno"],"inLanguage":"sl-SI"},{"@type":"WebPage","@id":"https:\/\/hudo.com\/si\/aktualno\/trudeau-zahteva-pojasnila-kdo-bo-kril-stroske-varovanja-harryja-meghan-v-kanadi\/","url":"https:\/\/hudo.com\/si\/aktualno\/trudeau-zahteva-pojasnila-kdo-bo-kril-stroske-varovanja-harryja-meghan-v-kanadi\/","name":"Trudeau zahteva pojasnila, kdo bo kril stro\u0161ke varovanja Harryja in Meghan v Kanadi - Hudo Slovenija","isPartOf":{"@id":"https:\/\/hudo.com\/si\/#website"},"datePublished":"2020-01-14T11:12:09+00:00","dateModified":"2020-01-14T11:12:09+00:00","breadcrumb":{"@id":"https:\/\/hudo.com\/si\/aktualno\/trudeau-zahteva-pojasnila-kdo-bo-kril-stroske-varovanja-harryja-meghan-v-kanadi\/#breadcrumb"},"inLanguage":"sl-SI","potentialAction":[{"@type":"ReadAction","target":["https:\/\/hudo.com\/si\/aktualno\/trudeau-zahteva-pojasnila-kdo-bo-kril-stroske-varovanja-harryja-meghan-v-kanadi\/"]}]},{"@type":"BreadcrumbList","@id":"https:\/\/hudo.com\/si\/aktualno\/trudeau-zahteva-pojasnila-kdo-bo-kril-stroske-varovanja-harryja-meghan-v-kanadi\/#breadcrumb","itemListElement":[{"@type":"ListItem","position":1,"name":"Home","item":"https:\/\/hudo.com\/si\/"},{"@type":"ListItem","position":2,"name":"Trudeau zahteva pojasnila, kdo bo kril stro\u0161ke varovanja Harryja in Meghan v Kanadi"}]},{"@type":"WebSite","@id":"https:\/\/hudo.com\/si\/#website","url":"https:\/\/hudo.com\/si\/","name":"Hudo Slovenija","description":"Vse novice iz Slovenije in sveta","publisher":{"@id":"https:\/\/hudo.com\/si\/#organization"},"potentialAction":[{"@type":"SearchAction","target":{"@type":"EntryPoint","urlTemplate":"https:\/\/hudo.com\/si\/?s={search_term_string}"},"query-input":"required name=search_term_string"}],"inLanguage":"sl-SI"},{"@type":"Organization","@id":"https:\/\/hudo.com\/si\/#organization","name":"VSN Media","url":"https:\/\/hudo.com\/si\/","logo":{"@type":"ImageObject","inLanguage":"sl-SI","@id":"https:\/\/hudo.com\/si\/#\/schema\/logo\/image\/","url":"https:\/\/hudo.com\/si\/wp-content\/uploads\/sites\/2\/2021\/03\/hudo-app-2.png","contentUrl":"https:\/\/hudo.com\/si\/wp-content\/uploads\/sites\/2\/2021\/03\/hudo-app-2.png","width":2185,"height":2167,"caption":"VSN Media"},"image":{"@id":"https:\/\/hudo.com\/si\/#\/schema\/logo\/image\/"},"sameAs":["https:\/\/www.facebook.com\/hudo.si","https:\/\/twitter.com\/hudo_si"]},{"@type":"Person","@id":"https:\/\/hudo.com\/si\/#\/schema\/person\/c2f10ce65d2e6ede2aeda5be2a0611fa","name":"M. N., STA","image":{"@type":"ImageObject","inLanguage":"sl-SI","@id":"https:\/\/hudo.com\/si\/#\/schema\/person\/image\/","url":"https:\/\/secure.gravatar.com\/avatar\/f370d38daa10467f755c5c766a4cac20?s=96&d=mm&r=g","contentUrl":"https:\/\/secure.gravatar.com\/avatar\/f370d38daa10467f755c5c766a4cac20?s=96&d=mm&r=g","caption":"M. N., STA"},"url":"https:\/\/hudo.com\/si\/author\/mana\/"}]}},"amp_enabled":true,"_links":{"self":[{"href":"https:\/\/hudo.com\/si\/wp-json\/wp\/v2\/posts\/414078"}],"collection":[{"href":"https:\/\/hudo.com\/si\/wp-json\/wp\/v2\/posts"}],"about":[{"href":"https:\/\/hudo.com\/si\/wp-json\/wp\/v2\/types\/post"}],"author":[{"embeddable":true,"href":"https:\/\/hudo.com\/si\/wp-json\/wp\/v2\/users\/8"}],"replies":[{"embeddable":true,"href":"https:\/\/hudo.com\/si\/wp-json\/wp\/v2\/comments?post=414078"}],"version-history":[{"count":1,"href":"https:\/\/hudo.com\/si\/wp-json\/wp\/v2\/posts\/414078\/revisions"}],"predecessor-version":[{"id":414080,"href":"https:\/\/hudo.com\/si\/wp-json\/wp\/v2\/posts\/414078\/revisions\/414080"}],"wp:featuredmedia":[{"embeddable":true,"href":"https:\/\/hudo.com\/si\/wp-json\/wp\/v2\/media\/414079"}],"wp:attachment":[{"href":"https:\/\/hudo.com\/si\/wp-json\/wp\/v2\/media?parent=414078"}],"wp:term":[{"taxonomy":"category","embeddable":true,"href":"https:\/\/hudo.com\/si\/wp-json\/wp\/v2\/categories?post=414078"},{"taxonomy":"post_tag","embeddable":true,"href":"https:\/\/hudo.com\/si\/wp-json\/wp\/v2\/tags?post=414078"},{"taxonomy":"source","embeddable":true,"href":"https:\/\/hudo.com\/si\/wp-json\/wp\/v2\/source?post=414078"},{"taxonomy":"supertag","embeddable":true,"href":"https:\/\/hudo.com\/si\/wp-json\/wp\/v2\/supertag?post=414078"}],"curies":[{"name":"wp","href":"https:\/\/api.w.org\/{rel}","templated":true}]}}