{"id":414315,"date":"2020-01-17T14:17:52","date_gmt":"2020-01-17T13:17:52","guid":{"rendered":"http:\/\/hudo.com\/si\/?p=414315"},"modified":"2020-01-17T14:17:52","modified_gmt":"2020-01-17T13:17:52","slug":"orban-ko-nas-nasi-zavezniki-izdajo-potem-nimamo-vec-cesa-iskati-v-vasih-vrstah","status":"publish","type":"post","link":"https:\/\/hudo.com\/si\/aktualno\/orban-ko-nas-nasi-zavezniki-izdajo-potem-nimamo-vec-cesa-iskati-v-vasih-vrstah\/","title":{"rendered":"Orban: Ko nas na\u0161i zavezniki izdajo, potem nimamo ve\u010d \u010desa iskati v va\u0161ih vrstah"},"content":{"rendered":"<p>&#8220;Ko nas na\u0161i zavezniki izdajo, tako kot nas je v\u010deraj ve\u010dina (poslancev) EPP, potem nimamo ve\u010d \u010desa iskati v va\u0161ih vrstah,&#8221; je danes po poro\u010danju tujih tiskovnih agencij povedal za mad\u017earski javni radio. Dodal je, da so videli, da so francoski, \u0161panski in italijanski poslanci EPP &#8220;jasno na na\u0161i strani&#8221;, saj so glasovali proti resoluciji.<\/p>\n<p>Evropski poslanci so v \u010detrtek sprejeli resolucijo, v kateri so poudarili, da se je stanje na podro\u010dju vladavine prava na Poljskem in Mad\u017earskem po spro\u017eitvi 7. \u010dlena pogodbe Evropske unije poslab\u0161alo. Resolucijo je podprlo 446 poslancev, proti jih je bilo 178, 41 pa vzdr\u017eanih.<\/p>\n<p>Od slovenskih evroposlancev iz vrst EPP je resolucijo podprla Ljudmila Novak (NSi), Franc Bogovi\u010d (SLS) se je glasovanja vzdr\u017eal, Romana Tomc in Milan Zver (oba SDS) pa sta glasovala proti. Vodstvo politi\u010dne skupine EPP je sicer svoje poslance pozvalo, naj podprejo resolucijo.<\/p>\n<p>EPP je marca lani sprejel odlo\u010ditev o za\u010dasnem suspenzu Fidesza zaradi njegove sporne protimigracijske kampanje. V prihodnjih tednih naj bi sprejeli tudi dokon\u010dno odlo\u010ditev o nadaljnjem \u010dlanstvu mad\u017earske vladajo\u010de stranke v EPP. Po navedbah nem\u0161ke tiskovne agencije dpa bi lahko Orban \u017ee sam izstopil, ko bo postalo jasno, da se njegovi stranki obeta izklju\u010ditev.<\/p>\n<p>V dana\u0161njem pogovoru za mad\u017earski radio je mad\u017earski premier poudaril, da &#8220;bomo morali vzpostaviti novo evropsko kr\u010dansko-demokratsko gibanje&#8221;, \u010de EPP ne bo podprla Fidesza. &#8220;Imeli bomo zaveznike,&#8221; je zatrdil po poro\u010danju agencij.<\/p>\n","protected":false},"excerpt":{"rendered":"<p>Mad\u017earska konservativna stranka Fidesz je bila v \u010detrtek &#8220;le centimeter oddaljena od izstopa&#8221; iz Evropske ljudske stranke (EPP), je danes povedal vodja Fidesza in mad\u017earski premier Viktor Orban. Ve\u010dina evropskih poslancev EPP je namre\u010d v \u010detrtek podprla resolucijo, v kateri so zapisali, da se stanje vladavine prava na Mad\u017earskem slab\u0161a.<\/p>\n","protected":false},"author":5,"featured_media":403048,"comment_status":"closed","ping_status":"closed","sticky":false,"template":"","format":"standard","meta":{"footnotes":""},"categories":[1179],"tags":[15577,2534,6130],"source":[4511],"supertag":[],"acf":[],"yoast_head":"<!-- This site is optimized with the Yoast SEO plugin v21.3 - https:\/\/yoast.com\/wordpress\/plugins\/seo\/ -->\n<title>Orban: Ko nas na\u0161i zavezniki izdajo, potem nimamo ve\u010d \u010desa iskati v va\u0161ih vrstah - Hudo Slovenija<\/title>\n<meta name=\"robots\" content=\"index, follow, max-snippet:-1, max-image-preview:large, max-video-preview:-1\" \/>\n<link rel=\"canonical\" href=\"https:\/\/hudo.com\/si\/aktualno\/orban-ko-nas-nasi-zavezniki-izdajo-potem-nimamo-vec-cesa-iskati-v-vasih-vrstah\/\" \/>\n<meta property=\"og:locale\" content=\"sl_SI\" \/>\n<meta property=\"og:type\" content=\"article\" \/>\n<meta property=\"og:title\" content=\"Orban: Ko nas na\u0161i zavezniki izdajo, potem nimamo ve\u010d \u010desa iskati v va\u0161ih vrstah - Hudo Slovenija\" \/>\n<meta property=\"og:description\" content=\"Mad\u017earska konservativna stranka Fidesz je bila v \u010detrtek &quot;le centimeter oddaljena od izstopa&quot; iz Evropske ljudske stranke (EPP), je danes povedal vodja Fidesza in mad\u017earski premier Viktor Orban. Ve\u010dina evropskih poslancev EPP je namre\u010d v \u010detrtek podprla resolucijo, v kateri so zapisali, da se stanje vladavine prava na Mad\u017earskem slab\u0161a.\" \/>\n<meta property=\"og:url\" content=\"https:\/\/hudo.com\/si\/aktualno\/orban-ko-nas-nasi-zavezniki-izdajo-potem-nimamo-vec-cesa-iskati-v-vasih-vrstah\/\" \/>\n<meta property=\"og:site_name\" content=\"Hudo Slovenija\" \/>\n<meta property=\"article:publisher\" content=\"https:\/\/www.facebook.com\/hudo.si\" \/>\n<meta property=\"article:published_time\" content=\"2020-01-17T13:17:52+00:00\" \/>\n<meta property=\"og:image\" content=\"https:\/\/hudo.com\/si\/wp-content\/uploads\/sites\/2\/2019\/07\/profimedia-0263892091.jpg\" \/>\n\t<meta property=\"og:image:width\" content=\"1250\" \/>\n\t<meta property=\"og:image:height\" content=\"831\" \/>\n\t<meta property=\"og:image:type\" content=\"image\/jpeg\" \/>\n<meta name=\"author\" content=\"A. G., STA\" \/>\n<meta name=\"twitter:card\" content=\"summary_large_image\" \/>\n<meta name=\"twitter:creator\" content=\"@hudo_si\" \/>\n<meta name=\"twitter:site\" content=\"@hudo_si\" \/>\n<meta name=\"twitter:label1\" content=\"Written by\" \/>\n\t<meta name=\"twitter:data1\" content=\"A. G., STA\" \/>\n\t<meta name=\"twitter:label2\" content=\"Est. reading time\" \/>\n\t<meta name=\"twitter:data2\" content=\"1 minuta\" \/>\n<script type=\"application\/ld+json\" class=\"yoast-schema-graph\">{\"@context\":\"https:\/\/schema.org\",\"@graph\":[{\"@type\":\"Article\",\"@id\":\"https:\/\/hudo.com\/si\/aktualno\/orban-ko-nas-nasi-zavezniki-izdajo-potem-nimamo-vec-cesa-iskati-v-vasih-vrstah\/#article\",\"isPartOf\":{\"@id\":\"https:\/\/hudo.com\/si\/aktualno\/orban-ko-nas-nasi-zavezniki-izdajo-potem-nimamo-vec-cesa-iskati-v-vasih-vrstah\/\"},\"author\":{\"name\":\"A. G., STA\",\"@id\":\"https:\/\/hudo.com\/si\/#\/schema\/person\/2391667a63ea075ba94f2f2dc6b77537\"},\"headline\":\"Orban: Ko nas na\u0161i zavezniki izdajo, potem nimamo ve\u010d \u010desa iskati v va\u0161ih vrstah\",\"datePublished\":\"2020-01-17T13:17:52+00:00\",\"dateModified\":\"2020-01-17T13:17:52+00:00\",\"mainEntityOfPage\":{\"@id\":\"https:\/\/hudo.com\/si\/aktualno\/orban-ko-nas-nasi-zavezniki-izdajo-potem-nimamo-vec-cesa-iskati-v-vasih-vrstah\/\"},\"wordCount\":266,\"publisher\":{\"@id\":\"https:\/\/hudo.com\/si\/#organization\"},\"keywords\":[\"Fidesz\",\"Mad\u017earska\",\"viktor orban\"],\"articleSection\":[\"Aktualno\"],\"inLanguage\":\"sl-SI\"},{\"@type\":\"WebPage\",\"@id\":\"https:\/\/hudo.com\/si\/aktualno\/orban-ko-nas-nasi-zavezniki-izdajo-potem-nimamo-vec-cesa-iskati-v-vasih-vrstah\/\",\"url\":\"https:\/\/hudo.com\/si\/aktualno\/orban-ko-nas-nasi-zavezniki-izdajo-potem-nimamo-vec-cesa-iskati-v-vasih-vrstah\/\",\"name\":\"Orban: Ko nas na\u0161i zavezniki izdajo, potem nimamo ve\u010d \u010desa iskati v va\u0161ih vrstah - Hudo Slovenija\",\"isPartOf\":{\"@id\":\"https:\/\/hudo.com\/si\/#website\"},\"datePublished\":\"2020-01-17T13:17:52+00:00\",\"dateModified\":\"2020-01-17T13:17:52+00:00\",\"breadcrumb\":{\"@id\":\"https:\/\/hudo.com\/si\/aktualno\/orban-ko-nas-nasi-zavezniki-izdajo-potem-nimamo-vec-cesa-iskati-v-vasih-vrstah\/#breadcrumb\"},\"inLanguage\":\"sl-SI\",\"potentialAction\":[{\"@type\":\"ReadAction\",\"target\":[\"https:\/\/hudo.com\/si\/aktualno\/orban-ko-nas-nasi-zavezniki-izdajo-potem-nimamo-vec-cesa-iskati-v-vasih-vrstah\/\"]}]},{\"@type\":\"BreadcrumbList\",\"@id\":\"https:\/\/hudo.com\/si\/aktualno\/orban-ko-nas-nasi-zavezniki-izdajo-potem-nimamo-vec-cesa-iskati-v-vasih-vrstah\/#breadcrumb\",\"itemListElement\":[{\"@type\":\"ListItem\",\"position\":1,\"name\":\"Home\",\"item\":\"https:\/\/hudo.com\/si\/\"},{\"@type\":\"ListItem\",\"position\":2,\"name\":\"Orban: Ko nas na\u0161i zavezniki izdajo, potem nimamo ve\u010d \u010desa iskati v va\u0161ih vrstah\"}]},{\"@type\":\"WebSite\",\"@id\":\"https:\/\/hudo.com\/si\/#website\",\"url\":\"https:\/\/hudo.com\/si\/\",\"name\":\"Hudo Slovenija\",\"description\":\"Vse novice iz Slovenije in sveta\",\"publisher\":{\"@id\":\"https:\/\/hudo.com\/si\/#organization\"},\"potentialAction\":[{\"@type\":\"SearchAction\",\"target\":{\"@type\":\"EntryPoint\",\"urlTemplate\":\"https:\/\/hudo.com\/si\/?s={search_term_string}\"},\"query-input\":\"required name=search_term_string\"}],\"inLanguage\":\"sl-SI\"},{\"@type\":\"Organization\",\"@id\":\"https:\/\/hudo.com\/si\/#organization\",\"name\":\"VSN Media\",\"url\":\"https:\/\/hudo.com\/si\/\",\"logo\":{\"@type\":\"ImageObject\",\"inLanguage\":\"sl-SI\",\"@id\":\"https:\/\/hudo.com\/si\/#\/schema\/logo\/image\/\",\"url\":\"https:\/\/hudo.com\/si\/wp-content\/uploads\/sites\/2\/2021\/03\/hudo-app-2.png\",\"contentUrl\":\"https:\/\/hudo.com\/si\/wp-content\/uploads\/sites\/2\/2021\/03\/hudo-app-2.png\",\"width\":2185,\"height\":2167,\"caption\":\"VSN Media\"},\"image\":{\"@id\":\"https:\/\/hudo.com\/si\/#\/schema\/logo\/image\/\"},\"sameAs\":[\"https:\/\/www.facebook.com\/hudo.si\",\"https:\/\/twitter.com\/hudo_si\"]},{\"@type\":\"Person\",\"@id\":\"https:\/\/hudo.com\/si\/#\/schema\/person\/2391667a63ea075ba94f2f2dc6b77537\",\"name\":\"A. G., STA\",\"image\":{\"@type\":\"ImageObject\",\"inLanguage\":\"sl-SI\",\"@id\":\"https:\/\/hudo.com\/si\/#\/schema\/person\/image\/\",\"url\":\"https:\/\/secure.gravatar.com\/avatar\/e13d22ac3e442658d5025fbbe6238a79?s=96&d=mm&r=g\",\"contentUrl\":\"https:\/\/secure.gravatar.com\/avatar\/e13d22ac3e442658d5025fbbe6238a79?s=96&d=mm&r=g\",\"caption\":\"A. G., STA\"},\"url\":\"https:\/\/hudo.com\/si\/author\/alenka\/\"}]}<\/script>\n<!-- \/ Yoast SEO plugin. -->","yoast_head_json":{"title":"Orban: Ko nas na\u0161i zavezniki izdajo, potem nimamo ve\u010d \u010desa iskati v va\u0161ih vrstah - Hudo Slovenija","robots":{"index":"index","follow":"follow","max-snippet":"max-snippet:-1","max-image-preview":"max-image-preview:large","max-video-preview":"max-video-preview:-1"},"canonical":"https:\/\/hudo.com\/si\/aktualno\/orban-ko-nas-nasi-zavezniki-izdajo-potem-nimamo-vec-cesa-iskati-v-vasih-vrstah\/","og_locale":"sl_SI","og_type":"article","og_title":"Orban: Ko nas na\u0161i zavezniki izdajo, potem nimamo ve\u010d \u010desa iskati v va\u0161ih vrstah - Hudo Slovenija","og_description":"Mad\u017earska konservativna stranka Fidesz je bila v \u010detrtek \"le centimeter oddaljena od izstopa\" iz Evropske ljudske stranke (EPP), je danes povedal vodja Fidesza in mad\u017earski premier Viktor Orban. Ve\u010dina evropskih poslancev EPP je namre\u010d v \u010detrtek podprla resolucijo, v kateri so zapisali, da se stanje vladavine prava na Mad\u017earskem slab\u0161a.","og_url":"https:\/\/hudo.com\/si\/aktualno\/orban-ko-nas-nasi-zavezniki-izdajo-potem-nimamo-vec-cesa-iskati-v-vasih-vrstah\/","og_site_name":"Hudo Slovenija","article_publisher":"https:\/\/www.facebook.com\/hudo.si","article_published_time":"2020-01-17T13:17:52+00:00","og_image":[{"width":1250,"height":831,"url":"https:\/\/hudo.com\/si\/wp-content\/uploads\/sites\/2\/2019\/07\/profimedia-0263892091.jpg","type":"image\/jpeg"}],"author":"A. G., STA","twitter_card":"summary_large_image","twitter_creator":"@hudo_si","twitter_site":"@hudo_si","twitter_misc":{"Written by":"A. G., STA","Est. reading time":"1 minuta"},"schema":{"@context":"https:\/\/schema.org","@graph":[{"@type":"Article","@id":"https:\/\/hudo.com\/si\/aktualno\/orban-ko-nas-nasi-zavezniki-izdajo-potem-nimamo-vec-cesa-iskati-v-vasih-vrstah\/#article","isPartOf":{"@id":"https:\/\/hudo.com\/si\/aktualno\/orban-ko-nas-nasi-zavezniki-izdajo-potem-nimamo-vec-cesa-iskati-v-vasih-vrstah\/"},"author":{"name":"A. G., STA","@id":"https:\/\/hudo.com\/si\/#\/schema\/person\/2391667a63ea075ba94f2f2dc6b77537"},"headline":"Orban: Ko nas na\u0161i zavezniki izdajo, potem nimamo ve\u010d \u010desa iskati v va\u0161ih vrstah","datePublished":"2020-01-17T13:17:52+00:00","dateModified":"2020-01-17T13:17:52+00:00","mainEntityOfPage":{"@id":"https:\/\/hudo.com\/si\/aktualno\/orban-ko-nas-nasi-zavezniki-izdajo-potem-nimamo-vec-cesa-iskati-v-vasih-vrstah\/"},"wordCount":266,"publisher":{"@id":"https:\/\/hudo.com\/si\/#organization"},"keywords":["Fidesz","Mad\u017earska","viktor orban"],"articleSection":["Aktualno"],"inLanguage":"sl-SI"},{"@type":"WebPage","@id":"https:\/\/hudo.com\/si\/aktualno\/orban-ko-nas-nasi-zavezniki-izdajo-potem-nimamo-vec-cesa-iskati-v-vasih-vrstah\/","url":"https:\/\/hudo.com\/si\/aktualno\/orban-ko-nas-nasi-zavezniki-izdajo-potem-nimamo-vec-cesa-iskati-v-vasih-vrstah\/","name":"Orban: Ko nas na\u0161i zavezniki izdajo, potem nimamo ve\u010d \u010desa iskati v va\u0161ih vrstah - Hudo Slovenija","isPartOf":{"@id":"https:\/\/hudo.com\/si\/#website"},"datePublished":"2020-01-17T13:17:52+00:00","dateModified":"2020-01-17T13:17:52+00:00","breadcrumb":{"@id":"https:\/\/hudo.com\/si\/aktualno\/orban-ko-nas-nasi-zavezniki-izdajo-potem-nimamo-vec-cesa-iskati-v-vasih-vrstah\/#breadcrumb"},"inLanguage":"sl-SI","potentialAction":[{"@type":"ReadAction","target":["https:\/\/hudo.com\/si\/aktualno\/orban-ko-nas-nasi-zavezniki-izdajo-potem-nimamo-vec-cesa-iskati-v-vasih-vrstah\/"]}]},{"@type":"BreadcrumbList","@id":"https:\/\/hudo.com\/si\/aktualno\/orban-ko-nas-nasi-zavezniki-izdajo-potem-nimamo-vec-cesa-iskati-v-vasih-vrstah\/#breadcrumb","itemListElement":[{"@type":"ListItem","position":1,"name":"Home","item":"https:\/\/hudo.com\/si\/"},{"@type":"ListItem","position":2,"name":"Orban: Ko nas na\u0161i zavezniki izdajo, potem nimamo ve\u010d \u010desa iskati v va\u0161ih vrstah"}]},{"@type":"WebSite","@id":"https:\/\/hudo.com\/si\/#website","url":"https:\/\/hudo.com\/si\/","name":"Hudo Slovenija","description":"Vse novice iz Slovenije in sveta","publisher":{"@id":"https:\/\/hudo.com\/si\/#organization"},"potentialAction":[{"@type":"SearchAction","target":{"@type":"EntryPoint","urlTemplate":"https:\/\/hudo.com\/si\/?s={search_term_string}"},"query-input":"required name=search_term_string"}],"inLanguage":"sl-SI"},{"@type":"Organization","@id":"https:\/\/hudo.com\/si\/#organization","name":"VSN Media","url":"https:\/\/hudo.com\/si\/","logo":{"@type":"ImageObject","inLanguage":"sl-SI","@id":"https:\/\/hudo.com\/si\/#\/schema\/logo\/image\/","url":"https:\/\/hudo.com\/si\/wp-content\/uploads\/sites\/2\/2021\/03\/hudo-app-2.png","contentUrl":"https:\/\/hudo.com\/si\/wp-content\/uploads\/sites\/2\/2021\/03\/hudo-app-2.png","width":2185,"height":2167,"caption":"VSN Media"},"image":{"@id":"https:\/\/hudo.com\/si\/#\/schema\/logo\/image\/"},"sameAs":["https:\/\/www.facebook.com\/hudo.si","https:\/\/twitter.com\/hudo_si"]},{"@type":"Person","@id":"https:\/\/hudo.com\/si\/#\/schema\/person\/2391667a63ea075ba94f2f2dc6b77537","name":"A. G., STA","image":{"@type":"ImageObject","inLanguage":"sl-SI","@id":"https:\/\/hudo.com\/si\/#\/schema\/person\/image\/","url":"https:\/\/secure.gravatar.com\/avatar\/e13d22ac3e442658d5025fbbe6238a79?s=96&d=mm&r=g","contentUrl":"https:\/\/secure.gravatar.com\/avatar\/e13d22ac3e442658d5025fbbe6238a79?s=96&d=mm&r=g","caption":"A. G., STA"},"url":"https:\/\/hudo.com\/si\/author\/alenka\/"}]}},"amp_enabled":true,"_links":{"self":[{"href":"https:\/\/hudo.com\/si\/wp-json\/wp\/v2\/posts\/414315"}],"collection":[{"href":"https:\/\/hudo.com\/si\/wp-json\/wp\/v2\/posts"}],"about":[{"href":"https:\/\/hudo.com\/si\/wp-json\/wp\/v2\/types\/post"}],"author":[{"embeddable":true,"href":"https:\/\/hudo.com\/si\/wp-json\/wp\/v2\/users\/5"}],"replies":[{"embeddable":true,"href":"https:\/\/hudo.com\/si\/wp-json\/wp\/v2\/comments?post=414315"}],"version-history":[{"count":1,"href":"https:\/\/hudo.com\/si\/wp-json\/wp\/v2\/posts\/414315\/revisions"}],"predecessor-version":[{"id":414316,"href":"https:\/\/hudo.com\/si\/wp-json\/wp\/v2\/posts\/414315\/revisions\/414316"}],"wp:featuredmedia":[{"embeddable":true,"href":"https:\/\/hudo.com\/si\/wp-json\/wp\/v2\/media\/403048"}],"wp:attachment":[{"href":"https:\/\/hudo.com\/si\/wp-json\/wp\/v2\/media?parent=414315"}],"wp:term":[{"taxonomy":"category","embeddable":true,"href":"https:\/\/hudo.com\/si\/wp-json\/wp\/v2\/categories?post=414315"},{"taxonomy":"post_tag","embeddable":true,"href":"https:\/\/hudo.com\/si\/wp-json\/wp\/v2\/tags?post=414315"},{"taxonomy":"source","embeddable":true,"href":"https:\/\/hudo.com\/si\/wp-json\/wp\/v2\/source?post=414315"},{"taxonomy":"supertag","embeddable":true,"href":"https:\/\/hudo.com\/si\/wp-json\/wp\/v2\/supertag?post=414315"}],"curies":[{"name":"wp","href":"https:\/\/api.w.org\/{rel}","templated":true}]}}