{"id":414334,"date":"2020-01-18T09:26:21","date_gmt":"2020-01-18T08:26:21","guid":{"rendered":"http:\/\/hudo.com\/si\/?p=414334"},"modified":"2020-01-18T09:26:21","modified_gmt":"2020-01-18T08:26:21","slug":"zicnicarji-ki-se-ob-pomanjkanju-naravnega-snega-zaradi-visokih-temperatur-soocajo-s-precejsnjim-izpadom-dohodka-pricakujejo-drzavno-pomoc","status":"publish","type":"post","link":"https:\/\/hudo.com\/si\/aktualno\/zicnicarji-ki-se-ob-pomanjkanju-naravnega-snega-zaradi-visokih-temperatur-soocajo-s-precejsnjim-izpadom-dohodka-pricakujejo-drzavno-pomoc\/","title":{"rendered":"\u017di\u010dni\u010darji, ki se ob pomanjkanju naravnega snega in zaradi visokih temperatur soo\u010dajo s precej\u0161njim izpadom dohodka, pri\u010dakujejo dr\u017eavno pomo\u010d"},"content":{"rendered":"<p>Potem ko je bil za\u010detek aktualne smu\u010darske sezone decembra lani razmeroma obetaven, pa so nato vi\u0161je temperature in de\u017eevje pred bo\u017ei\u010dno-novoletnimi prazniki, ki predstavljajo prvi vrhunec smu\u010darske sezone, pobrali skoraj ves z zasne\u017eevanjem pridelan sneg in tudi naravnega, kjer so ga imeli.<\/p>\n<p>\u017di\u010dni\u010darji so \u017ee takrat ocenili, da gre za naravno katastrofo in na razmere \u0161e pred prazniki opozorili ministrstvo za gospodarstvo. Praznike so nato vsaj tisti \u017ei\u010dni\u010darji, ki so imeli za to pogoje, izpeljali s ponovnim intenzivnim zasne\u017eevanjem vsaj dela proga, s \u010dimer nadaljujejo tudi v januarju, saj razen na Kaninu, drugje ve\u010djih po\u0161iljk naravnega snega doslej ni bilo.<\/p>\n<p>Predstavniki gospodarskega ministrstva in ministrstva za infrastrukturo so nato \u017ei\u010dni\u010darjem prisluhnili na sestanku 9. januarja. Kot je za STA povedala predsednica Zdru\u017eenja slovenskih \u017ei\u010dni\u010darjev in direktorica Hotela Cerkno Manuela Bo\u017ei\u010d Badali\u010d, so se dogovorili, da bodo \u017ei\u010dni\u010darji do konca januarja za gospodarsko ministrstvo pripravili natan\u010dnej\u0161e podatke o \u0161kodi, nato pa ra\u010dunajo na nadaljnje pogovore.<\/p>\n<p>\u017de zdaj pa je znano, da so v decembru slovenski \u017ei\u010dni\u010darji prodali za polovico manj smu\u010darskih kart, kar predstavlja 1,7 milijona evrov izpada, izpad pa je tudi na gostinskem delu.<\/p>\n<p>&#8220;To je tak\u0161en izpad prihodkov, da ga ne bomo mogli nadoknaditi tekom sezone. Dr\u017eave ne bi prosili za pomo\u010d, \u010de bi bila sezona pribli\u017eno normalna. Vztrajamo, da je to naravna katastrofa, saj ni od nas odvisno, ampak od vremena,&#8221; je izpostavila predsednica zdru\u017eenja \u017ei\u010dni\u010darjev in potegnila vzporednice, ko dr\u017eava pomaga v primeru, da ujme prizadenejo kmetijstvo in gozdarstvo.<\/p>\n<p>Spomnila je tudi na nedavno nazaj pripravljen posnetek stanja o ureditvi \u017ei\u010dni\u010darstva v Sloveniji in drugih dr\u017eavah EU. \u0160tudija je pokazala, da druge dr\u017eave na razli\u010dne na\u010dine financirajo obratovanje \u017ei\u010dni\u0161kih naprav, slovenski \u017ei\u010dni\u010darji pa v zadnjih desetih letih od dr\u017eave niso dobili niti evra, je dejala predsednica zdru\u017eenja.<\/p>\n<p>Na gospodarskem ministrstvu pravijo, da nastalo situacijo \u017ei\u010dni\u010darjev razumejo in da se trudijo pomagati, zato tudi preverjajo mo\u017enosti z ostalim resorji.<\/p>\n<p>Ministrstvo samo v veljavnem prora\u010dunu nima nepovratnih sredstev za ta namen, so pa prek SID banke na voljo povratna sredstva, namenjena nalo\u017ebam, na voljo so mikrokrediti Slovenskega podjetni\u0161kega sklada in razpisi, na katerih lahko tudi \u017ei\u010dni\u010darji pridobijo sredstva za celoletne turisti\u010dne produkte, so za STA navedli na gospodarskem ministrstvu. A je Bo\u017ei\u010d Badali\u010deva \u017ee na sestanku z ministrstvom v zvezi s tem poudarila, da krediti niso re\u0161itev.<\/p>\n<p>\u017di\u010dni\u010darji vztrajajo tudi, da se \u017ei\u010dnice v okviru na\u010drtovanih sprememb zakona o \u017ei\u010dni\u0161kih napravah za prevoz oseb, ki jih pripravljajo na ministrstvu za infrastrukturo, uvrstijo v javno infrastrukturo. S tem bi \u017ei\u010dni\u010darji imeli mo\u017enost dolo\u010denega sofinanciranja stro\u0161kov, ki nastanejo z vzdr\u017eevanjem teh naprav, s katerimi letno po podatkih predsednice zdru\u017eenja prepeljejo 15 milijonov potnikov.<\/p>\n<p>V zvezi s tem pa so z ministrstva za infrastrukturo za STA pojasnili, da \u017ei\u010dni\u0161ke naprave za prevoz oseb so javna infrastruktura za prevoz oseb, prevozi z njimi so javni in dostopni vsem pod pogoji, ki jih dolo\u010di upravljavec. Niso pa \u017ei\u010dni\u0161ke naprave za prevoz oseb javna infrastruktura v smislu lastnine, razen nekaterih izjem, kot so denimo vle\u010dnice na Pokljuki, sede\u017enica v Planici, vle\u010dnice na Celjski ko\u010di in v \u010crni na Koro\u0161kem.<\/p>\n<p>Tako na ministrstvu glede tega, kar zadeva izvajanje javnega prevoza na \u017ei\u010dni\u0161kih napravah, pojasnjujejo, da zakon o \u017ei\u010dni\u0161kih napravah za prevoz v 38. \u010dlenu \u017ee dolo\u010da, da se prevozi lahko izvajajo kot lokalna gospodarska javna slu\u017eba. V osnutku novele zakona o \u017ei\u010dni\u0161kih napravah za prevoz oseb pa ministrstvo na\u010drtuje spremembe, ki bodo omogo\u010dile sofinanciranje vzdr\u017eevanja, obratovanja in gradnje \u017ei\u010dni\u0161kih naprav.<\/p>\n<p>V postopku usklajevanja sprememb zakona je nazadnje pripombe podalo ministrstvo za finance, s katerim so zdaj predvidena nadaljnja usklajevanja.<\/p>\n","protected":false},"excerpt":{"rendered":"<p>Slovenski \u017ei\u010dni\u010darji se ob pomanjkanju naravnega snega in zaradi visokih temperatur, ki so decembra pobrale skoraj ves takrat z zasne\u017eevanjem pridelan sneg, soo\u010dajo s precej\u0161njim izpadom prihodka. Razmere ocenjujejo kot naravno katastrofo, na katero nimajo vpliva, in od dr\u017eave pri\u010dakujejo dr\u017eavno pomo\u010d, \u010desar pa dr\u017eava za zdaj ne obljublja.<\/p>\n","protected":false},"author":8,"featured_media":272750,"comment_status":"closed","ping_status":"closed","sticky":false,"template":"","format":"standard","meta":{"footnotes":""},"categories":[1179],"tags":[1595,15580],"source":[4511],"supertag":[],"acf":[],"yoast_head":"<!-- This site is optimized with the Yoast SEO plugin v21.3 - https:\/\/yoast.com\/wordpress\/plugins\/seo\/ -->\n<title>\u017di\u010dni\u010darji, ki se ob pomanjkanju naravnega snega in zaradi visokih temperatur soo\u010dajo s precej\u0161njim izpadom dohodka, pri\u010dakujejo dr\u017eavno pomo\u010d - Hudo Slovenija<\/title>\n<meta name=\"robots\" content=\"index, follow, max-snippet:-1, max-image-preview:large, max-video-preview:-1\" \/>\n<link rel=\"canonical\" href=\"https:\/\/hudo.com\/si\/aktualno\/zicnicarji-ki-se-ob-pomanjkanju-naravnega-snega-zaradi-visokih-temperatur-soocajo-s-precejsnjim-izpadom-dohodka-pricakujejo-drzavno-pomoc\/\" \/>\n<meta property=\"og:locale\" content=\"sl_SI\" \/>\n<meta property=\"og:type\" content=\"article\" \/>\n<meta property=\"og:title\" content=\"\u017di\u010dni\u010darji, ki se ob pomanjkanju naravnega snega in zaradi visokih temperatur soo\u010dajo s precej\u0161njim izpadom dohodka, pri\u010dakujejo dr\u017eavno pomo\u010d - Hudo Slovenija\" \/>\n<meta property=\"og:description\" content=\"Slovenski \u017ei\u010dni\u010darji se ob pomanjkanju naravnega snega in zaradi visokih temperatur, ki so decembra pobrale skoraj ves takrat z zasne\u017eevanjem pridelan sneg, soo\u010dajo s precej\u0161njim izpadom prihodka. Razmere ocenjujejo kot naravno katastrofo, na katero nimajo vpliva, in od dr\u017eave pri\u010dakujejo dr\u017eavno pomo\u010d, \u010desar pa dr\u017eava za zdaj ne obljublja.\" \/>\n<meta property=\"og:url\" content=\"https:\/\/hudo.com\/si\/aktualno\/zicnicarji-ki-se-ob-pomanjkanju-naravnega-snega-zaradi-visokih-temperatur-soocajo-s-precejsnjim-izpadom-dohodka-pricakujejo-drzavno-pomoc\/\" \/>\n<meta property=\"og:site_name\" content=\"Hudo Slovenija\" \/>\n<meta property=\"article:publisher\" content=\"https:\/\/www.facebook.com\/hudo.si\" \/>\n<meta property=\"article:published_time\" content=\"2020-01-18T08:26:21+00:00\" \/>\n<meta property=\"og:image\" content=\"https:\/\/hudo.com\/si\/wp-content\/uploads\/sites\/2\/2017\/07\/20160727-00709835.jpg\" \/>\n\t<meta property=\"og:image:width\" content=\"640\" \/>\n\t<meta property=\"og:image:height\" content=\"381\" \/>\n\t<meta property=\"og:image:type\" content=\"image\/jpeg\" \/>\n<meta name=\"author\" content=\"M. N., STA\" \/>\n<meta name=\"twitter:card\" content=\"summary_large_image\" \/>\n<meta name=\"twitter:creator\" content=\"@hudo_si\" \/>\n<meta name=\"twitter:site\" content=\"@hudo_si\" \/>\n<meta name=\"twitter:label1\" content=\"Written by\" \/>\n\t<meta name=\"twitter:data1\" content=\"M. N., STA\" \/>\n\t<meta name=\"twitter:label2\" content=\"Est. reading time\" \/>\n\t<meta name=\"twitter:data2\" content=\"3 minute\" \/>\n<script type=\"application\/ld+json\" class=\"yoast-schema-graph\">{\"@context\":\"https:\/\/schema.org\",\"@graph\":[{\"@type\":\"Article\",\"@id\":\"https:\/\/hudo.com\/si\/aktualno\/zicnicarji-ki-se-ob-pomanjkanju-naravnega-snega-zaradi-visokih-temperatur-soocajo-s-precejsnjim-izpadom-dohodka-pricakujejo-drzavno-pomoc\/#article\",\"isPartOf\":{\"@id\":\"https:\/\/hudo.com\/si\/aktualno\/zicnicarji-ki-se-ob-pomanjkanju-naravnega-snega-zaradi-visokih-temperatur-soocajo-s-precejsnjim-izpadom-dohodka-pricakujejo-drzavno-pomoc\/\"},\"author\":{\"name\":\"M. N., STA\",\"@id\":\"https:\/\/hudo.com\/si\/#\/schema\/person\/c2f10ce65d2e6ede2aeda5be2a0611fa\"},\"headline\":\"\u017di\u010dni\u010darji, ki se ob pomanjkanju naravnega snega in zaradi visokih temperatur soo\u010dajo s precej\u0161njim izpadom dohodka, pri\u010dakujejo dr\u017eavno pomo\u010d\",\"datePublished\":\"2020-01-18T08:26:21+00:00\",\"dateModified\":\"2020-01-18T08:26:21+00:00\",\"mainEntityOfPage\":{\"@id\":\"https:\/\/hudo.com\/si\/aktualno\/zicnicarji-ki-se-ob-pomanjkanju-naravnega-snega-zaradi-visokih-temperatur-soocajo-s-precejsnjim-izpadom-dohodka-pricakujejo-drzavno-pomoc\/\"},\"wordCount\":700,\"publisher\":{\"@id\":\"https:\/\/hudo.com\/si\/#organization\"},\"keywords\":[\"Slovenija\",\"\u017ei\u010dni\u010darji\"],\"articleSection\":[\"Aktualno\"],\"inLanguage\":\"sl-SI\"},{\"@type\":\"WebPage\",\"@id\":\"https:\/\/hudo.com\/si\/aktualno\/zicnicarji-ki-se-ob-pomanjkanju-naravnega-snega-zaradi-visokih-temperatur-soocajo-s-precejsnjim-izpadom-dohodka-pricakujejo-drzavno-pomoc\/\",\"url\":\"https:\/\/hudo.com\/si\/aktualno\/zicnicarji-ki-se-ob-pomanjkanju-naravnega-snega-zaradi-visokih-temperatur-soocajo-s-precejsnjim-izpadom-dohodka-pricakujejo-drzavno-pomoc\/\",\"name\":\"\u017di\u010dni\u010darji, ki se ob pomanjkanju naravnega snega in zaradi visokih temperatur soo\u010dajo s precej\u0161njim izpadom dohodka, pri\u010dakujejo dr\u017eavno pomo\u010d - Hudo Slovenija\",\"isPartOf\":{\"@id\":\"https:\/\/hudo.com\/si\/#website\"},\"datePublished\":\"2020-01-18T08:26:21+00:00\",\"dateModified\":\"2020-01-18T08:26:21+00:00\",\"breadcrumb\":{\"@id\":\"https:\/\/hudo.com\/si\/aktualno\/zicnicarji-ki-se-ob-pomanjkanju-naravnega-snega-zaradi-visokih-temperatur-soocajo-s-precejsnjim-izpadom-dohodka-pricakujejo-drzavno-pomoc\/#breadcrumb\"},\"inLanguage\":\"sl-SI\",\"potentialAction\":[{\"@type\":\"ReadAction\",\"target\":[\"https:\/\/hudo.com\/si\/aktualno\/zicnicarji-ki-se-ob-pomanjkanju-naravnega-snega-zaradi-visokih-temperatur-soocajo-s-precejsnjim-izpadom-dohodka-pricakujejo-drzavno-pomoc\/\"]}]},{\"@type\":\"BreadcrumbList\",\"@id\":\"https:\/\/hudo.com\/si\/aktualno\/zicnicarji-ki-se-ob-pomanjkanju-naravnega-snega-zaradi-visokih-temperatur-soocajo-s-precejsnjim-izpadom-dohodka-pricakujejo-drzavno-pomoc\/#breadcrumb\",\"itemListElement\":[{\"@type\":\"ListItem\",\"position\":1,\"name\":\"Home\",\"item\":\"https:\/\/hudo.com\/si\/\"},{\"@type\":\"ListItem\",\"position\":2,\"name\":\"\u017di\u010dni\u010darji, ki se ob pomanjkanju naravnega snega in zaradi visokih temperatur soo\u010dajo s precej\u0161njim izpadom dohodka, pri\u010dakujejo dr\u017eavno pomo\u010d\"}]},{\"@type\":\"WebSite\",\"@id\":\"https:\/\/hudo.com\/si\/#website\",\"url\":\"https:\/\/hudo.com\/si\/\",\"name\":\"Hudo Slovenija\",\"description\":\"Vse novice iz Slovenije in sveta\",\"publisher\":{\"@id\":\"https:\/\/hudo.com\/si\/#organization\"},\"potentialAction\":[{\"@type\":\"SearchAction\",\"target\":{\"@type\":\"EntryPoint\",\"urlTemplate\":\"https:\/\/hudo.com\/si\/?s={search_term_string}\"},\"query-input\":\"required name=search_term_string\"}],\"inLanguage\":\"sl-SI\"},{\"@type\":\"Organization\",\"@id\":\"https:\/\/hudo.com\/si\/#organization\",\"name\":\"VSN Media\",\"url\":\"https:\/\/hudo.com\/si\/\",\"logo\":{\"@type\":\"ImageObject\",\"inLanguage\":\"sl-SI\",\"@id\":\"https:\/\/hudo.com\/si\/#\/schema\/logo\/image\/\",\"url\":\"https:\/\/hudo.com\/si\/wp-content\/uploads\/sites\/2\/2021\/03\/hudo-app-2.png\",\"contentUrl\":\"https:\/\/hudo.com\/si\/wp-content\/uploads\/sites\/2\/2021\/03\/hudo-app-2.png\",\"width\":2185,\"height\":2167,\"caption\":\"VSN Media\"},\"image\":{\"@id\":\"https:\/\/hudo.com\/si\/#\/schema\/logo\/image\/\"},\"sameAs\":[\"https:\/\/www.facebook.com\/hudo.si\",\"https:\/\/twitter.com\/hudo_si\"]},{\"@type\":\"Person\",\"@id\":\"https:\/\/hudo.com\/si\/#\/schema\/person\/c2f10ce65d2e6ede2aeda5be2a0611fa\",\"name\":\"M. N., STA\",\"image\":{\"@type\":\"ImageObject\",\"inLanguage\":\"sl-SI\",\"@id\":\"https:\/\/hudo.com\/si\/#\/schema\/person\/image\/\",\"url\":\"https:\/\/secure.gravatar.com\/avatar\/f370d38daa10467f755c5c766a4cac20?s=96&d=mm&r=g\",\"contentUrl\":\"https:\/\/secure.gravatar.com\/avatar\/f370d38daa10467f755c5c766a4cac20?s=96&d=mm&r=g\",\"caption\":\"M. N., STA\"},\"url\":\"https:\/\/hudo.com\/si\/author\/mana\/\"}]}<\/script>\n<!-- \/ Yoast SEO plugin. -->","yoast_head_json":{"title":"\u017di\u010dni\u010darji, ki se ob pomanjkanju naravnega snega in zaradi visokih temperatur soo\u010dajo s precej\u0161njim izpadom dohodka, pri\u010dakujejo dr\u017eavno pomo\u010d - Hudo Slovenija","robots":{"index":"index","follow":"follow","max-snippet":"max-snippet:-1","max-image-preview":"max-image-preview:large","max-video-preview":"max-video-preview:-1"},"canonical":"https:\/\/hudo.com\/si\/aktualno\/zicnicarji-ki-se-ob-pomanjkanju-naravnega-snega-zaradi-visokih-temperatur-soocajo-s-precejsnjim-izpadom-dohodka-pricakujejo-drzavno-pomoc\/","og_locale":"sl_SI","og_type":"article","og_title":"\u017di\u010dni\u010darji, ki se ob pomanjkanju naravnega snega in zaradi visokih temperatur soo\u010dajo s precej\u0161njim izpadom dohodka, pri\u010dakujejo dr\u017eavno pomo\u010d - Hudo Slovenija","og_description":"Slovenski \u017ei\u010dni\u010darji se ob pomanjkanju naravnega snega in zaradi visokih temperatur, ki so decembra pobrale skoraj ves takrat z zasne\u017eevanjem pridelan sneg, soo\u010dajo s precej\u0161njim izpadom prihodka. Razmere ocenjujejo kot naravno katastrofo, na katero nimajo vpliva, in od dr\u017eave pri\u010dakujejo dr\u017eavno pomo\u010d, \u010desar pa dr\u017eava za zdaj ne obljublja.","og_url":"https:\/\/hudo.com\/si\/aktualno\/zicnicarji-ki-se-ob-pomanjkanju-naravnega-snega-zaradi-visokih-temperatur-soocajo-s-precejsnjim-izpadom-dohodka-pricakujejo-drzavno-pomoc\/","og_site_name":"Hudo Slovenija","article_publisher":"https:\/\/www.facebook.com\/hudo.si","article_published_time":"2020-01-18T08:26:21+00:00","og_image":[{"width":640,"height":381,"url":"https:\/\/hudo.com\/si\/wp-content\/uploads\/sites\/2\/2017\/07\/20160727-00709835.jpg","type":"image\/jpeg"}],"author":"M. N., STA","twitter_card":"summary_large_image","twitter_creator":"@hudo_si","twitter_site":"@hudo_si","twitter_misc":{"Written by":"M. N., STA","Est. reading time":"3 minute"},"schema":{"@context":"https:\/\/schema.org","@graph":[{"@type":"Article","@id":"https:\/\/hudo.com\/si\/aktualno\/zicnicarji-ki-se-ob-pomanjkanju-naravnega-snega-zaradi-visokih-temperatur-soocajo-s-precejsnjim-izpadom-dohodka-pricakujejo-drzavno-pomoc\/#article","isPartOf":{"@id":"https:\/\/hudo.com\/si\/aktualno\/zicnicarji-ki-se-ob-pomanjkanju-naravnega-snega-zaradi-visokih-temperatur-soocajo-s-precejsnjim-izpadom-dohodka-pricakujejo-drzavno-pomoc\/"},"author":{"name":"M. N., STA","@id":"https:\/\/hudo.com\/si\/#\/schema\/person\/c2f10ce65d2e6ede2aeda5be2a0611fa"},"headline":"\u017di\u010dni\u010darji, ki se ob pomanjkanju naravnega snega in zaradi visokih temperatur soo\u010dajo s precej\u0161njim izpadom dohodka, pri\u010dakujejo dr\u017eavno pomo\u010d","datePublished":"2020-01-18T08:26:21+00:00","dateModified":"2020-01-18T08:26:21+00:00","mainEntityOfPage":{"@id":"https:\/\/hudo.com\/si\/aktualno\/zicnicarji-ki-se-ob-pomanjkanju-naravnega-snega-zaradi-visokih-temperatur-soocajo-s-precejsnjim-izpadom-dohodka-pricakujejo-drzavno-pomoc\/"},"wordCount":700,"publisher":{"@id":"https:\/\/hudo.com\/si\/#organization"},"keywords":["Slovenija","\u017ei\u010dni\u010darji"],"articleSection":["Aktualno"],"inLanguage":"sl-SI"},{"@type":"WebPage","@id":"https:\/\/hudo.com\/si\/aktualno\/zicnicarji-ki-se-ob-pomanjkanju-naravnega-snega-zaradi-visokih-temperatur-soocajo-s-precejsnjim-izpadom-dohodka-pricakujejo-drzavno-pomoc\/","url":"https:\/\/hudo.com\/si\/aktualno\/zicnicarji-ki-se-ob-pomanjkanju-naravnega-snega-zaradi-visokih-temperatur-soocajo-s-precejsnjim-izpadom-dohodka-pricakujejo-drzavno-pomoc\/","name":"\u017di\u010dni\u010darji, ki se ob pomanjkanju naravnega snega in zaradi visokih temperatur soo\u010dajo s precej\u0161njim izpadom dohodka, pri\u010dakujejo dr\u017eavno pomo\u010d - Hudo Slovenija","isPartOf":{"@id":"https:\/\/hudo.com\/si\/#website"},"datePublished":"2020-01-18T08:26:21+00:00","dateModified":"2020-01-18T08:26:21+00:00","breadcrumb":{"@id":"https:\/\/hudo.com\/si\/aktualno\/zicnicarji-ki-se-ob-pomanjkanju-naravnega-snega-zaradi-visokih-temperatur-soocajo-s-precejsnjim-izpadom-dohodka-pricakujejo-drzavno-pomoc\/#breadcrumb"},"inLanguage":"sl-SI","potentialAction":[{"@type":"ReadAction","target":["https:\/\/hudo.com\/si\/aktualno\/zicnicarji-ki-se-ob-pomanjkanju-naravnega-snega-zaradi-visokih-temperatur-soocajo-s-precejsnjim-izpadom-dohodka-pricakujejo-drzavno-pomoc\/"]}]},{"@type":"BreadcrumbList","@id":"https:\/\/hudo.com\/si\/aktualno\/zicnicarji-ki-se-ob-pomanjkanju-naravnega-snega-zaradi-visokih-temperatur-soocajo-s-precejsnjim-izpadom-dohodka-pricakujejo-drzavno-pomoc\/#breadcrumb","itemListElement":[{"@type":"ListItem","position":1,"name":"Home","item":"https:\/\/hudo.com\/si\/"},{"@type":"ListItem","position":2,"name":"\u017di\u010dni\u010darji, ki se ob pomanjkanju naravnega snega in zaradi visokih temperatur soo\u010dajo s precej\u0161njim izpadom dohodka, pri\u010dakujejo dr\u017eavno pomo\u010d"}]},{"@type":"WebSite","@id":"https:\/\/hudo.com\/si\/#website","url":"https:\/\/hudo.com\/si\/","name":"Hudo Slovenija","description":"Vse novice iz Slovenije in sveta","publisher":{"@id":"https:\/\/hudo.com\/si\/#organization"},"potentialAction":[{"@type":"SearchAction","target":{"@type":"EntryPoint","urlTemplate":"https:\/\/hudo.com\/si\/?s={search_term_string}"},"query-input":"required name=search_term_string"}],"inLanguage":"sl-SI"},{"@type":"Organization","@id":"https:\/\/hudo.com\/si\/#organization","name":"VSN Media","url":"https:\/\/hudo.com\/si\/","logo":{"@type":"ImageObject","inLanguage":"sl-SI","@id":"https:\/\/hudo.com\/si\/#\/schema\/logo\/image\/","url":"https:\/\/hudo.com\/si\/wp-content\/uploads\/sites\/2\/2021\/03\/hudo-app-2.png","contentUrl":"https:\/\/hudo.com\/si\/wp-content\/uploads\/sites\/2\/2021\/03\/hudo-app-2.png","width":2185,"height":2167,"caption":"VSN Media"},"image":{"@id":"https:\/\/hudo.com\/si\/#\/schema\/logo\/image\/"},"sameAs":["https:\/\/www.facebook.com\/hudo.si","https:\/\/twitter.com\/hudo_si"]},{"@type":"Person","@id":"https:\/\/hudo.com\/si\/#\/schema\/person\/c2f10ce65d2e6ede2aeda5be2a0611fa","name":"M. N., STA","image":{"@type":"ImageObject","inLanguage":"sl-SI","@id":"https:\/\/hudo.com\/si\/#\/schema\/person\/image\/","url":"https:\/\/secure.gravatar.com\/avatar\/f370d38daa10467f755c5c766a4cac20?s=96&d=mm&r=g","contentUrl":"https:\/\/secure.gravatar.com\/avatar\/f370d38daa10467f755c5c766a4cac20?s=96&d=mm&r=g","caption":"M. N., STA"},"url":"https:\/\/hudo.com\/si\/author\/mana\/"}]}},"amp_enabled":true,"_links":{"self":[{"href":"https:\/\/hudo.com\/si\/wp-json\/wp\/v2\/posts\/414334"}],"collection":[{"href":"https:\/\/hudo.com\/si\/wp-json\/wp\/v2\/posts"}],"about":[{"href":"https:\/\/hudo.com\/si\/wp-json\/wp\/v2\/types\/post"}],"author":[{"embeddable":true,"href":"https:\/\/hudo.com\/si\/wp-json\/wp\/v2\/users\/8"}],"replies":[{"embeddable":true,"href":"https:\/\/hudo.com\/si\/wp-json\/wp\/v2\/comments?post=414334"}],"version-history":[{"count":1,"href":"https:\/\/hudo.com\/si\/wp-json\/wp\/v2\/posts\/414334\/revisions"}],"predecessor-version":[{"id":414335,"href":"https:\/\/hudo.com\/si\/wp-json\/wp\/v2\/posts\/414334\/revisions\/414335"}],"wp:featuredmedia":[{"embeddable":true,"href":"https:\/\/hudo.com\/si\/wp-json\/wp\/v2\/media\/272750"}],"wp:attachment":[{"href":"https:\/\/hudo.com\/si\/wp-json\/wp\/v2\/media?parent=414334"}],"wp:term":[{"taxonomy":"category","embeddable":true,"href":"https:\/\/hudo.com\/si\/wp-json\/wp\/v2\/categories?post=414334"},{"taxonomy":"post_tag","embeddable":true,"href":"https:\/\/hudo.com\/si\/wp-json\/wp\/v2\/tags?post=414334"},{"taxonomy":"source","embeddable":true,"href":"https:\/\/hudo.com\/si\/wp-json\/wp\/v2\/source?post=414334"},{"taxonomy":"supertag","embeddable":true,"href":"https:\/\/hudo.com\/si\/wp-json\/wp\/v2\/supertag?post=414334"}],"curies":[{"name":"wp","href":"https:\/\/api.w.org\/{rel}","templated":true}]}}