{"id":414361,"date":"2020-01-18T17:49:45","date_gmt":"2020-01-18T16:49:45","guid":{"rendered":"http:\/\/hudo.com\/si\/?p=414361"},"modified":"2020-01-18T17:49:45","modified_gmt":"2020-01-18T16:49:45","slug":"italijanka-federica-brignone-slovakinja-petra-vlhova-sta-si-delili-prvo-mesto-na-veleslalomu-za-svetovni-pokal-v-sestrieru","status":"publish","type":"post","link":"https:\/\/hudo.com\/si\/aktualno\/italijanka-federica-brignone-slovakinja-petra-vlhova-sta-si-delili-prvo-mesto-na-veleslalomu-za-svetovni-pokal-v-sestrieru\/","title":{"rendered":"Italijanka Federica Brignone in Slovakinja Petra Vlhova sta si delili prvo mesto na veleslalomu za svetovni pokal v Sestrieru"},"content":{"rendered":"<p>Hrovatova je s \u0161estim mestom dosegla drugo uvrstitev sezone, bolj\u0161a je bila le na paralelnem slalomu v St. Moritzu, kjer je zasedla \u010detrto mesto.<\/p>\n<p>&#8220;Kon\u010dno! Po nekaj slabih tekmah mi je uspelo realizirati dve dobri vo\u017enji. Ob\u010dutek je znova dober in tudi zato grem na jutri\u0161njo paralelno tekmo spro\u0161\u010deno, tudi z dobrim ob\u010dutkov iz zadnje paralelne tekme. Je pa to zelo nepredvidljiva disciplina. Dala bom vse od sebe in bomo videli, kaj bo prinesel nov dan,&#8221; je misli po dana\u0161njem veleslaloma in pred nedeljsko paralelno tekmo strnila Hrovatova.<\/p>\n<p>Tina Robnik je bila 15. (+2,57), Ana Bucik pa 24. (+3,72).<\/p>\n<p>V drugo vo\u017enjo se ni uvrstila Maru\u0161a Ferk, ki je bila na prvi progi 52.<\/p>\n<p>Trener Janez Slivnik je bil z veleslalomskim izkupi\u010dkom zadovoljen. &#8220;Za nami je dober in uspe\u0161en dan, saj so dekleta v drugi vo\u017enji napredovala, smu\u010danje je bilo na visoki ravni. Res sem vesel zanje. Paralelne tekme jim ustrezajo. Upam, da jutri kon\u010dno uspe tudi Maru\u0161i, tako da bomo iz Sestriera vsi odpotovali zadovoljni,&#8221; je povedal Slivnik.<\/p>\n<p>Federica Brignone je vodila \u017ee po prvi vo\u017enji, druga je bila Vlhova, ki je zaostajala 17 stotink, tretja pa Nemka Viktoria Rebensburg (+0,36). Hrovatova je bila sedma z manj kot sekundo zaostanka (+0,74), Robnikova 16. (+1,76), Bucikova pa 27. (+2,38).<\/p>\n<p>Bucikova je tako v drugi vo\u017enji nastopila med 31 finalistkami, dve sta si namre\u010d delili 30. mesto, kot peta po vrsti. Prvi del ji ni uspel, bolj\u0161e pa je nastopila v spodnji polovici proge in s tem pridobila tri mesta.<\/p>\n<p>Bolje je na drugi progi nastopila Robnikova in prepri\u010dljivo prevzela vodstvo. To je pozneje uspelo tudi Hrovatovi, a jo je v nadaljevanju prehitelo pet od \u0161est finalistk. Zaostala je Rebensburgova, na zmagovalni oder pa se je povzpela Shiffrinova, \u010detrta po prvi vo\u017enji in vodilna v se\u0161tevku svetovnega pokala.<\/p>\n<p>Vlhova jo je ugnala le za stotinko, isti \u010das kot Slovakinja pa je dosegla tudi zadnja tekmovalka na tekmi Brignonejeva. Za obe smu\u010darki je to 13. zmaga v karieri.<\/p>\n<p>Zanimivo je, da je leta 1983 na slalomu v Sestrieru zmagala mama 29-letne Brignonejeve Maria Rosa Quario.<\/p>\n<p>V nedeljo bo v Sestrieru \u0161e paralelni slalom, ki se bo za\u010del ob 11.45.<\/p>\n","protected":false},"excerpt":{"rendered":"<p>Tretja je bila Ameri\u010danka Mikaela Shiffrin, ki je v dramati\u010dnem zaklju\u010dku zaostala zgolj za stotinko sekunde. Najbolj\u0161a Slovenka Meta Hrovat je bila \u0161esta (+0,92).<\/p>\n","protected":false},"author":8,"featured_media":414362,"comment_status":"closed","ping_status":"closed","sticky":false,"template":"","format":"standard","meta":{"footnotes":""},"categories":[1179],"tags":[4849,13107,10412,15583],"source":[4511],"supertag":[6103],"acf":[],"yoast_head":"<!-- This site is optimized with the Yoast SEO plugin v21.3 - https:\/\/yoast.com\/wordpress\/plugins\/seo\/ -->\n<title>Italijanka Federica Brignone in Slovakinja Petra Vlhova sta si delili prvo mesto na veleslalomu za svetovni pokal v Sestrieru - Hudo Slovenija<\/title>\n<meta name=\"robots\" content=\"index, follow, max-snippet:-1, max-image-preview:large, max-video-preview:-1\" \/>\n<link rel=\"canonical\" href=\"https:\/\/hudo.com\/si\/aktualno\/italijanka-federica-brignone-slovakinja-petra-vlhova-sta-si-delili-prvo-mesto-na-veleslalomu-za-svetovni-pokal-v-sestrieru\/\" \/>\n<meta property=\"og:locale\" content=\"sl_SI\" \/>\n<meta property=\"og:type\" content=\"article\" \/>\n<meta property=\"og:title\" content=\"Italijanka Federica Brignone in Slovakinja Petra Vlhova sta si delili prvo mesto na veleslalomu za svetovni pokal v Sestrieru - Hudo Slovenija\" \/>\n<meta property=\"og:description\" content=\"Tretja je bila Ameri\u010danka Mikaela Shiffrin, ki je v dramati\u010dnem zaklju\u010dku zaostala zgolj za stotinko sekunde. Najbolj\u0161a Slovenka Meta Hrovat je bila \u0161esta (+0,92).\" \/>\n<meta property=\"og:url\" content=\"https:\/\/hudo.com\/si\/aktualno\/italijanka-federica-brignone-slovakinja-petra-vlhova-sta-si-delili-prvo-mesto-na-veleslalomu-za-svetovni-pokal-v-sestrieru\/\" \/>\n<meta property=\"og:site_name\" content=\"Hudo Slovenija\" \/>\n<meta property=\"article:publisher\" content=\"https:\/\/www.facebook.com\/hudo.si\" \/>\n<meta property=\"article:published_time\" content=\"2020-01-18T16:49:45+00:00\" \/>\n<meta property=\"og:image\" content=\"https:\/\/hudo.com\/si\/wp-content\/uploads\/sites\/2\/2020\/01\/profimedia-0493454533.jpg\" \/>\n\t<meta property=\"og:image:width\" content=\"1250\" \/>\n\t<meta property=\"og:image:height\" content=\"833\" \/>\n\t<meta property=\"og:image:type\" content=\"image\/jpeg\" \/>\n<meta name=\"author\" content=\"M. N., STA\" \/>\n<meta name=\"twitter:card\" content=\"summary_large_image\" \/>\n<meta name=\"twitter:creator\" content=\"@hudo_si\" \/>\n<meta name=\"twitter:site\" content=\"@hudo_si\" \/>\n<meta name=\"twitter:label1\" content=\"Written by\" \/>\n\t<meta name=\"twitter:data1\" content=\"M. N., STA\" \/>\n\t<meta name=\"twitter:label2\" content=\"Est. reading time\" \/>\n\t<meta name=\"twitter:data2\" content=\"2 minuti\" \/>\n<script type=\"application\/ld+json\" class=\"yoast-schema-graph\">{\"@context\":\"https:\/\/schema.org\",\"@graph\":[{\"@type\":\"Article\",\"@id\":\"https:\/\/hudo.com\/si\/aktualno\/italijanka-federica-brignone-slovakinja-petra-vlhova-sta-si-delili-prvo-mesto-na-veleslalomu-za-svetovni-pokal-v-sestrieru\/#article\",\"isPartOf\":{\"@id\":\"https:\/\/hudo.com\/si\/aktualno\/italijanka-federica-brignone-slovakinja-petra-vlhova-sta-si-delili-prvo-mesto-na-veleslalomu-za-svetovni-pokal-v-sestrieru\/\"},\"author\":{\"name\":\"M. N., STA\",\"@id\":\"https:\/\/hudo.com\/si\/#\/schema\/person\/c2f10ce65d2e6ede2aeda5be2a0611fa\"},\"headline\":\"Italijanka Federica Brignone in Slovakinja Petra Vlhova sta si delili prvo mesto na veleslalomu za svetovni pokal v Sestrieru\",\"datePublished\":\"2020-01-18T16:49:45+00:00\",\"dateModified\":\"2020-01-18T16:49:45+00:00\",\"mainEntityOfPage\":{\"@id\":\"https:\/\/hudo.com\/si\/aktualno\/italijanka-federica-brignone-slovakinja-petra-vlhova-sta-si-delili-prvo-mesto-na-veleslalomu-za-svetovni-pokal-v-sestrieru\/\"},\"wordCount\":383,\"publisher\":{\"@id\":\"https:\/\/hudo.com\/si\/#organization\"},\"keywords\":[\"alpsko smu\u010danje\",\"Federica Brignone\",\"meta hrovat\",\"Petra Vlhova\"],\"articleSection\":[\"Aktualno\"],\"inLanguage\":\"sl-SI\"},{\"@type\":\"WebPage\",\"@id\":\"https:\/\/hudo.com\/si\/aktualno\/italijanka-federica-brignone-slovakinja-petra-vlhova-sta-si-delili-prvo-mesto-na-veleslalomu-za-svetovni-pokal-v-sestrieru\/\",\"url\":\"https:\/\/hudo.com\/si\/aktualno\/italijanka-federica-brignone-slovakinja-petra-vlhova-sta-si-delili-prvo-mesto-na-veleslalomu-za-svetovni-pokal-v-sestrieru\/\",\"name\":\"Italijanka Federica Brignone in Slovakinja Petra Vlhova sta si delili prvo mesto na veleslalomu za svetovni pokal v Sestrieru - Hudo Slovenija\",\"isPartOf\":{\"@id\":\"https:\/\/hudo.com\/si\/#website\"},\"datePublished\":\"2020-01-18T16:49:45+00:00\",\"dateModified\":\"2020-01-18T16:49:45+00:00\",\"breadcrumb\":{\"@id\":\"https:\/\/hudo.com\/si\/aktualno\/italijanka-federica-brignone-slovakinja-petra-vlhova-sta-si-delili-prvo-mesto-na-veleslalomu-za-svetovni-pokal-v-sestrieru\/#breadcrumb\"},\"inLanguage\":\"sl-SI\",\"potentialAction\":[{\"@type\":\"ReadAction\",\"target\":[\"https:\/\/hudo.com\/si\/aktualno\/italijanka-federica-brignone-slovakinja-petra-vlhova-sta-si-delili-prvo-mesto-na-veleslalomu-za-svetovni-pokal-v-sestrieru\/\"]}]},{\"@type\":\"BreadcrumbList\",\"@id\":\"https:\/\/hudo.com\/si\/aktualno\/italijanka-federica-brignone-slovakinja-petra-vlhova-sta-si-delili-prvo-mesto-na-veleslalomu-za-svetovni-pokal-v-sestrieru\/#breadcrumb\",\"itemListElement\":[{\"@type\":\"ListItem\",\"position\":1,\"name\":\"Home\",\"item\":\"https:\/\/hudo.com\/si\/\"},{\"@type\":\"ListItem\",\"position\":2,\"name\":\"Italijanka Federica Brignone in Slovakinja Petra Vlhova sta si delili prvo mesto na veleslalomu za svetovni pokal v Sestrieru\"}]},{\"@type\":\"WebSite\",\"@id\":\"https:\/\/hudo.com\/si\/#website\",\"url\":\"https:\/\/hudo.com\/si\/\",\"name\":\"Hudo Slovenija\",\"description\":\"Vse novice iz Slovenije in sveta\",\"publisher\":{\"@id\":\"https:\/\/hudo.com\/si\/#organization\"},\"potentialAction\":[{\"@type\":\"SearchAction\",\"target\":{\"@type\":\"EntryPoint\",\"urlTemplate\":\"https:\/\/hudo.com\/si\/?s={search_term_string}\"},\"query-input\":\"required name=search_term_string\"}],\"inLanguage\":\"sl-SI\"},{\"@type\":\"Organization\",\"@id\":\"https:\/\/hudo.com\/si\/#organization\",\"name\":\"VSN Media\",\"url\":\"https:\/\/hudo.com\/si\/\",\"logo\":{\"@type\":\"ImageObject\",\"inLanguage\":\"sl-SI\",\"@id\":\"https:\/\/hudo.com\/si\/#\/schema\/logo\/image\/\",\"url\":\"https:\/\/hudo.com\/si\/wp-content\/uploads\/sites\/2\/2021\/03\/hudo-app-2.png\",\"contentUrl\":\"https:\/\/hudo.com\/si\/wp-content\/uploads\/sites\/2\/2021\/03\/hudo-app-2.png\",\"width\":2185,\"height\":2167,\"caption\":\"VSN Media\"},\"image\":{\"@id\":\"https:\/\/hudo.com\/si\/#\/schema\/logo\/image\/\"},\"sameAs\":[\"https:\/\/www.facebook.com\/hudo.si\",\"https:\/\/twitter.com\/hudo_si\"]},{\"@type\":\"Person\",\"@id\":\"https:\/\/hudo.com\/si\/#\/schema\/person\/c2f10ce65d2e6ede2aeda5be2a0611fa\",\"name\":\"M. N., STA\",\"image\":{\"@type\":\"ImageObject\",\"inLanguage\":\"sl-SI\",\"@id\":\"https:\/\/hudo.com\/si\/#\/schema\/person\/image\/\",\"url\":\"https:\/\/secure.gravatar.com\/avatar\/f370d38daa10467f755c5c766a4cac20?s=96&d=mm&r=g\",\"contentUrl\":\"https:\/\/secure.gravatar.com\/avatar\/f370d38daa10467f755c5c766a4cac20?s=96&d=mm&r=g\",\"caption\":\"M. N., STA\"},\"url\":\"https:\/\/hudo.com\/si\/author\/mana\/\"}]}<\/script>\n<!-- \/ Yoast SEO plugin. -->","yoast_head_json":{"title":"Italijanka Federica Brignone in Slovakinja Petra Vlhova sta si delili prvo mesto na veleslalomu za svetovni pokal v Sestrieru - Hudo Slovenija","robots":{"index":"index","follow":"follow","max-snippet":"max-snippet:-1","max-image-preview":"max-image-preview:large","max-video-preview":"max-video-preview:-1"},"canonical":"https:\/\/hudo.com\/si\/aktualno\/italijanka-federica-brignone-slovakinja-petra-vlhova-sta-si-delili-prvo-mesto-na-veleslalomu-za-svetovni-pokal-v-sestrieru\/","og_locale":"sl_SI","og_type":"article","og_title":"Italijanka Federica Brignone in Slovakinja Petra Vlhova sta si delili prvo mesto na veleslalomu za svetovni pokal v Sestrieru - Hudo Slovenija","og_description":"Tretja je bila Ameri\u010danka Mikaela Shiffrin, ki je v dramati\u010dnem zaklju\u010dku zaostala zgolj za stotinko sekunde. Najbolj\u0161a Slovenka Meta Hrovat je bila \u0161esta (+0,92).","og_url":"https:\/\/hudo.com\/si\/aktualno\/italijanka-federica-brignone-slovakinja-petra-vlhova-sta-si-delili-prvo-mesto-na-veleslalomu-za-svetovni-pokal-v-sestrieru\/","og_site_name":"Hudo Slovenija","article_publisher":"https:\/\/www.facebook.com\/hudo.si","article_published_time":"2020-01-18T16:49:45+00:00","og_image":[{"width":1250,"height":833,"url":"https:\/\/hudo.com\/si\/wp-content\/uploads\/sites\/2\/2020\/01\/profimedia-0493454533.jpg","type":"image\/jpeg"}],"author":"M. N., STA","twitter_card":"summary_large_image","twitter_creator":"@hudo_si","twitter_site":"@hudo_si","twitter_misc":{"Written by":"M. N., STA","Est. reading time":"2 minuti"},"schema":{"@context":"https:\/\/schema.org","@graph":[{"@type":"Article","@id":"https:\/\/hudo.com\/si\/aktualno\/italijanka-federica-brignone-slovakinja-petra-vlhova-sta-si-delili-prvo-mesto-na-veleslalomu-za-svetovni-pokal-v-sestrieru\/#article","isPartOf":{"@id":"https:\/\/hudo.com\/si\/aktualno\/italijanka-federica-brignone-slovakinja-petra-vlhova-sta-si-delili-prvo-mesto-na-veleslalomu-za-svetovni-pokal-v-sestrieru\/"},"author":{"name":"M. N., STA","@id":"https:\/\/hudo.com\/si\/#\/schema\/person\/c2f10ce65d2e6ede2aeda5be2a0611fa"},"headline":"Italijanka Federica Brignone in Slovakinja Petra Vlhova sta si delili prvo mesto na veleslalomu za svetovni pokal v Sestrieru","datePublished":"2020-01-18T16:49:45+00:00","dateModified":"2020-01-18T16:49:45+00:00","mainEntityOfPage":{"@id":"https:\/\/hudo.com\/si\/aktualno\/italijanka-federica-brignone-slovakinja-petra-vlhova-sta-si-delili-prvo-mesto-na-veleslalomu-za-svetovni-pokal-v-sestrieru\/"},"wordCount":383,"publisher":{"@id":"https:\/\/hudo.com\/si\/#organization"},"keywords":["alpsko smu\u010danje","Federica Brignone","meta hrovat","Petra Vlhova"],"articleSection":["Aktualno"],"inLanguage":"sl-SI"},{"@type":"WebPage","@id":"https:\/\/hudo.com\/si\/aktualno\/italijanka-federica-brignone-slovakinja-petra-vlhova-sta-si-delili-prvo-mesto-na-veleslalomu-za-svetovni-pokal-v-sestrieru\/","url":"https:\/\/hudo.com\/si\/aktualno\/italijanka-federica-brignone-slovakinja-petra-vlhova-sta-si-delili-prvo-mesto-na-veleslalomu-za-svetovni-pokal-v-sestrieru\/","name":"Italijanka Federica Brignone in Slovakinja Petra Vlhova sta si delili prvo mesto na veleslalomu za svetovni pokal v Sestrieru - Hudo Slovenija","isPartOf":{"@id":"https:\/\/hudo.com\/si\/#website"},"datePublished":"2020-01-18T16:49:45+00:00","dateModified":"2020-01-18T16:49:45+00:00","breadcrumb":{"@id":"https:\/\/hudo.com\/si\/aktualno\/italijanka-federica-brignone-slovakinja-petra-vlhova-sta-si-delili-prvo-mesto-na-veleslalomu-za-svetovni-pokal-v-sestrieru\/#breadcrumb"},"inLanguage":"sl-SI","potentialAction":[{"@type":"ReadAction","target":["https:\/\/hudo.com\/si\/aktualno\/italijanka-federica-brignone-slovakinja-petra-vlhova-sta-si-delili-prvo-mesto-na-veleslalomu-za-svetovni-pokal-v-sestrieru\/"]}]},{"@type":"BreadcrumbList","@id":"https:\/\/hudo.com\/si\/aktualno\/italijanka-federica-brignone-slovakinja-petra-vlhova-sta-si-delili-prvo-mesto-na-veleslalomu-za-svetovni-pokal-v-sestrieru\/#breadcrumb","itemListElement":[{"@type":"ListItem","position":1,"name":"Home","item":"https:\/\/hudo.com\/si\/"},{"@type":"ListItem","position":2,"name":"Italijanka Federica Brignone in Slovakinja Petra Vlhova sta si delili prvo mesto na veleslalomu za svetovni pokal v Sestrieru"}]},{"@type":"WebSite","@id":"https:\/\/hudo.com\/si\/#website","url":"https:\/\/hudo.com\/si\/","name":"Hudo Slovenija","description":"Vse novice iz Slovenije in sveta","publisher":{"@id":"https:\/\/hudo.com\/si\/#organization"},"potentialAction":[{"@type":"SearchAction","target":{"@type":"EntryPoint","urlTemplate":"https:\/\/hudo.com\/si\/?s={search_term_string}"},"query-input":"required name=search_term_string"}],"inLanguage":"sl-SI"},{"@type":"Organization","@id":"https:\/\/hudo.com\/si\/#organization","name":"VSN Media","url":"https:\/\/hudo.com\/si\/","logo":{"@type":"ImageObject","inLanguage":"sl-SI","@id":"https:\/\/hudo.com\/si\/#\/schema\/logo\/image\/","url":"https:\/\/hudo.com\/si\/wp-content\/uploads\/sites\/2\/2021\/03\/hudo-app-2.png","contentUrl":"https:\/\/hudo.com\/si\/wp-content\/uploads\/sites\/2\/2021\/03\/hudo-app-2.png","width":2185,"height":2167,"caption":"VSN Media"},"image":{"@id":"https:\/\/hudo.com\/si\/#\/schema\/logo\/image\/"},"sameAs":["https:\/\/www.facebook.com\/hudo.si","https:\/\/twitter.com\/hudo_si"]},{"@type":"Person","@id":"https:\/\/hudo.com\/si\/#\/schema\/person\/c2f10ce65d2e6ede2aeda5be2a0611fa","name":"M. N., STA","image":{"@type":"ImageObject","inLanguage":"sl-SI","@id":"https:\/\/hudo.com\/si\/#\/schema\/person\/image\/","url":"https:\/\/secure.gravatar.com\/avatar\/f370d38daa10467f755c5c766a4cac20?s=96&d=mm&r=g","contentUrl":"https:\/\/secure.gravatar.com\/avatar\/f370d38daa10467f755c5c766a4cac20?s=96&d=mm&r=g","caption":"M. N., STA"},"url":"https:\/\/hudo.com\/si\/author\/mana\/"}]}},"amp_enabled":true,"_links":{"self":[{"href":"https:\/\/hudo.com\/si\/wp-json\/wp\/v2\/posts\/414361"}],"collection":[{"href":"https:\/\/hudo.com\/si\/wp-json\/wp\/v2\/posts"}],"about":[{"href":"https:\/\/hudo.com\/si\/wp-json\/wp\/v2\/types\/post"}],"author":[{"embeddable":true,"href":"https:\/\/hudo.com\/si\/wp-json\/wp\/v2\/users\/8"}],"replies":[{"embeddable":true,"href":"https:\/\/hudo.com\/si\/wp-json\/wp\/v2\/comments?post=414361"}],"version-history":[{"count":1,"href":"https:\/\/hudo.com\/si\/wp-json\/wp\/v2\/posts\/414361\/revisions"}],"predecessor-version":[{"id":414363,"href":"https:\/\/hudo.com\/si\/wp-json\/wp\/v2\/posts\/414361\/revisions\/414363"}],"wp:featuredmedia":[{"embeddable":true,"href":"https:\/\/hudo.com\/si\/wp-json\/wp\/v2\/media\/414362"}],"wp:attachment":[{"href":"https:\/\/hudo.com\/si\/wp-json\/wp\/v2\/media?parent=414361"}],"wp:term":[{"taxonomy":"category","embeddable":true,"href":"https:\/\/hudo.com\/si\/wp-json\/wp\/v2\/categories?post=414361"},{"taxonomy":"post_tag","embeddable":true,"href":"https:\/\/hudo.com\/si\/wp-json\/wp\/v2\/tags?post=414361"},{"taxonomy":"source","embeddable":true,"href":"https:\/\/hudo.com\/si\/wp-json\/wp\/v2\/source?post=414361"},{"taxonomy":"supertag","embeddable":true,"href":"https:\/\/hudo.com\/si\/wp-json\/wp\/v2\/supertag?post=414361"}],"curies":[{"name":"wp","href":"https:\/\/api.w.org\/{rel}","templated":true}]}}