{"id":414364,"date":"2020-01-18T17:51:37","date_gmt":"2020-01-18T16:51:37","guid":{"rendered":"http:\/\/hudo.com\/si\/?p=414364"},"modified":"2020-01-18T17:51:37","modified_gmt":"2020-01-18T16:51:37","slug":"zvecer-ponoci-bo-oblacno-z-obcasnimi-rahlimi-padavinami-v-notranjosti-bo-v-glavnem-snezilo","status":"publish","type":"post","link":"https:\/\/hudo.com\/si\/aktualno\/zvecer-ponoci-bo-oblacno-z-obcasnimi-rahlimi-padavinami-v-notranjosti-bo-v-glavnem-snezilo\/","title":{"rendered":"Zve\u010der in pono\u010di bo obla\u010dno z ob\u010dasnimi rahlimi padavinami, v notranjosti bo v glavnem sne\u017eilo"},"content":{"rendered":"<p>V nedeljo bo sprva obla\u010dno, \u010dez dan pa se bo od zahoda za\u010delo jasniti. Na Primorskem bo pihala zmerna burja, zlasti na severovzhodu pa severni veter. Najvi\u0161je dnevne temperature bodo od 2 do 5, na Primorskem do 10 stopinj Celzija.<\/p>\n<p>Obeti: V ponedeljek bo v zahodnih krajih delno jasno, drugod ve\u010dinoma obla\u010dno. Na Primorskem bo pihala burja. V torek se bo razjasnilo tudi v notranjosti dr\u017eave, zjutraj in dopoldne bo po nekaterih ni\u017einah megla ali nizka obla\u010dnost.<\/p>\n<p>Vremenska slika: Nad severni Jadran se pomika ciklonsko obmo\u010dje z vremensko fronto. Z vetrovi severnih smeri bo nad na\u0161e kraje za\u010del dotekati hladnej\u0161i in bolj vla\u017een zrak.<\/p>\n<p>Napoved za sosednje pokrajine: Danes bo obla\u010dno. Padavine se bodo iznad sosednjih krajev Italije \u0161irile proti vzhodu. Ob Jadranu bo de\u017eevalo, drugod po ni\u017einah sprva ve\u010dinoma de\u017eevalo, zve\u010der pa ve\u010dinoma sne\u017eilo. Popoldne bo ob severnem Jadranu zapihala \u0161ibka do zmerna burja. V nedeljo dopoldne bodo v sosednjih pokrajinah Hrva\u0161ke \u0161e padavine, ki bodo popoldne ponehale. Drugod se bo \u010dez dan delno zjasnilo. Ob severnem Jadranu bo pihala \u0161ibka do zmerna burja.<\/p>\n","protected":false},"excerpt":{"rendered":"<p>Padavine bodo do jutra ve\u010dinoma ponehale, najpozneje v vzhodnih krajih. Najni\u017eje jutranje temperature bodo -4 do 1, ob morju okoli 6 stopinj Celzija, je zapisano na spletnih straneh Agencije RS za okolje.<\/p>\n","protected":false},"author":8,"featured_media":398470,"comment_status":"closed","ping_status":"closed","sticky":false,"template":"","format":"standard","meta":{"footnotes":""},"categories":[1179],"tags":[1595,2149],"source":[4511],"supertag":[],"acf":[],"yoast_head":"<!-- This site is optimized with the Yoast SEO plugin v21.3 - https:\/\/yoast.com\/wordpress\/plugins\/seo\/ -->\n<title>Zve\u010der in pono\u010di bo obla\u010dno z ob\u010dasnimi rahlimi padavinami, v notranjosti bo v glavnem sne\u017eilo - Hudo Slovenija<\/title>\n<meta name=\"robots\" content=\"index, follow, max-snippet:-1, max-image-preview:large, max-video-preview:-1\" \/>\n<link rel=\"canonical\" href=\"https:\/\/hudo.com\/si\/aktualno\/zvecer-ponoci-bo-oblacno-z-obcasnimi-rahlimi-padavinami-v-notranjosti-bo-v-glavnem-snezilo\/\" \/>\n<meta property=\"og:locale\" content=\"sl_SI\" \/>\n<meta property=\"og:type\" content=\"article\" \/>\n<meta property=\"og:title\" content=\"Zve\u010der in pono\u010di bo obla\u010dno z ob\u010dasnimi rahlimi padavinami, v notranjosti bo v glavnem sne\u017eilo - Hudo Slovenija\" \/>\n<meta property=\"og:description\" content=\"Padavine bodo do jutra ve\u010dinoma ponehale, najpozneje v vzhodnih krajih. Najni\u017eje jutranje temperature bodo -4 do 1, ob morju okoli 6 stopinj Celzija, je zapisano na spletnih straneh Agencije RS za okolje.\" \/>\n<meta property=\"og:url\" content=\"https:\/\/hudo.com\/si\/aktualno\/zvecer-ponoci-bo-oblacno-z-obcasnimi-rahlimi-padavinami-v-notranjosti-bo-v-glavnem-snezilo\/\" \/>\n<meta property=\"og:site_name\" content=\"Hudo Slovenija\" \/>\n<meta property=\"article:publisher\" content=\"https:\/\/www.facebook.com\/hudo.si\" \/>\n<meta property=\"article:published_time\" content=\"2020-01-18T16:51:37+00:00\" \/>\n<meta property=\"og:image\" content=\"https:\/\/hudo.com\/si\/wp-content\/uploads\/sites\/2\/2019\/05\/profimedia-0317131895.jpg\" \/>\n\t<meta property=\"og:image:width\" content=\"1250\" \/>\n\t<meta property=\"og:image:height\" content=\"830\" \/>\n\t<meta property=\"og:image:type\" content=\"image\/jpeg\" \/>\n<meta name=\"author\" content=\"M. N., STA\" \/>\n<meta name=\"twitter:card\" content=\"summary_large_image\" \/>\n<meta name=\"twitter:creator\" content=\"@hudo_si\" \/>\n<meta name=\"twitter:site\" content=\"@hudo_si\" \/>\n<meta name=\"twitter:label1\" content=\"Written by\" \/>\n\t<meta name=\"twitter:data1\" content=\"M. N., STA\" \/>\n\t<meta name=\"twitter:label2\" content=\"Est. reading time\" \/>\n\t<meta name=\"twitter:data2\" content=\"1 minuta\" \/>\n<script type=\"application\/ld+json\" class=\"yoast-schema-graph\">{\"@context\":\"https:\/\/schema.org\",\"@graph\":[{\"@type\":\"Article\",\"@id\":\"https:\/\/hudo.com\/si\/aktualno\/zvecer-ponoci-bo-oblacno-z-obcasnimi-rahlimi-padavinami-v-notranjosti-bo-v-glavnem-snezilo\/#article\",\"isPartOf\":{\"@id\":\"https:\/\/hudo.com\/si\/aktualno\/zvecer-ponoci-bo-oblacno-z-obcasnimi-rahlimi-padavinami-v-notranjosti-bo-v-glavnem-snezilo\/\"},\"author\":{\"name\":\"M. N., STA\",\"@id\":\"https:\/\/hudo.com\/si\/#\/schema\/person\/c2f10ce65d2e6ede2aeda5be2a0611fa\"},\"headline\":\"Zve\u010der in pono\u010di bo obla\u010dno z ob\u010dasnimi rahlimi padavinami, v notranjosti bo v glavnem sne\u017eilo\",\"datePublished\":\"2020-01-18T16:51:37+00:00\",\"dateModified\":\"2020-01-18T16:51:37+00:00\",\"mainEntityOfPage\":{\"@id\":\"https:\/\/hudo.com\/si\/aktualno\/zvecer-ponoci-bo-oblacno-z-obcasnimi-rahlimi-padavinami-v-notranjosti-bo-v-glavnem-snezilo\/\"},\"wordCount\":214,\"publisher\":{\"@id\":\"https:\/\/hudo.com\/si\/#organization\"},\"keywords\":[\"Slovenija\",\"vreme\"],\"articleSection\":[\"Aktualno\"],\"inLanguage\":\"sl-SI\"},{\"@type\":\"WebPage\",\"@id\":\"https:\/\/hudo.com\/si\/aktualno\/zvecer-ponoci-bo-oblacno-z-obcasnimi-rahlimi-padavinami-v-notranjosti-bo-v-glavnem-snezilo\/\",\"url\":\"https:\/\/hudo.com\/si\/aktualno\/zvecer-ponoci-bo-oblacno-z-obcasnimi-rahlimi-padavinami-v-notranjosti-bo-v-glavnem-snezilo\/\",\"name\":\"Zve\u010der in pono\u010di bo obla\u010dno z ob\u010dasnimi rahlimi padavinami, v notranjosti bo v glavnem sne\u017eilo - Hudo Slovenija\",\"isPartOf\":{\"@id\":\"https:\/\/hudo.com\/si\/#website\"},\"datePublished\":\"2020-01-18T16:51:37+00:00\",\"dateModified\":\"2020-01-18T16:51:37+00:00\",\"breadcrumb\":{\"@id\":\"https:\/\/hudo.com\/si\/aktualno\/zvecer-ponoci-bo-oblacno-z-obcasnimi-rahlimi-padavinami-v-notranjosti-bo-v-glavnem-snezilo\/#breadcrumb\"},\"inLanguage\":\"sl-SI\",\"potentialAction\":[{\"@type\":\"ReadAction\",\"target\":[\"https:\/\/hudo.com\/si\/aktualno\/zvecer-ponoci-bo-oblacno-z-obcasnimi-rahlimi-padavinami-v-notranjosti-bo-v-glavnem-snezilo\/\"]}]},{\"@type\":\"BreadcrumbList\",\"@id\":\"https:\/\/hudo.com\/si\/aktualno\/zvecer-ponoci-bo-oblacno-z-obcasnimi-rahlimi-padavinami-v-notranjosti-bo-v-glavnem-snezilo\/#breadcrumb\",\"itemListElement\":[{\"@type\":\"ListItem\",\"position\":1,\"name\":\"Home\",\"item\":\"https:\/\/hudo.com\/si\/\"},{\"@type\":\"ListItem\",\"position\":2,\"name\":\"Zve\u010der in pono\u010di bo obla\u010dno z ob\u010dasnimi rahlimi padavinami, v notranjosti bo v glavnem sne\u017eilo\"}]},{\"@type\":\"WebSite\",\"@id\":\"https:\/\/hudo.com\/si\/#website\",\"url\":\"https:\/\/hudo.com\/si\/\",\"name\":\"Hudo Slovenija\",\"description\":\"Vse novice iz Slovenije in sveta\",\"publisher\":{\"@id\":\"https:\/\/hudo.com\/si\/#organization\"},\"potentialAction\":[{\"@type\":\"SearchAction\",\"target\":{\"@type\":\"EntryPoint\",\"urlTemplate\":\"https:\/\/hudo.com\/si\/?s={search_term_string}\"},\"query-input\":\"required name=search_term_string\"}],\"inLanguage\":\"sl-SI\"},{\"@type\":\"Organization\",\"@id\":\"https:\/\/hudo.com\/si\/#organization\",\"name\":\"VSN Media\",\"url\":\"https:\/\/hudo.com\/si\/\",\"logo\":{\"@type\":\"ImageObject\",\"inLanguage\":\"sl-SI\",\"@id\":\"https:\/\/hudo.com\/si\/#\/schema\/logo\/image\/\",\"url\":\"https:\/\/hudo.com\/si\/wp-content\/uploads\/sites\/2\/2021\/03\/hudo-app-2.png\",\"contentUrl\":\"https:\/\/hudo.com\/si\/wp-content\/uploads\/sites\/2\/2021\/03\/hudo-app-2.png\",\"width\":2185,\"height\":2167,\"caption\":\"VSN Media\"},\"image\":{\"@id\":\"https:\/\/hudo.com\/si\/#\/schema\/logo\/image\/\"},\"sameAs\":[\"https:\/\/www.facebook.com\/hudo.si\",\"https:\/\/twitter.com\/hudo_si\"]},{\"@type\":\"Person\",\"@id\":\"https:\/\/hudo.com\/si\/#\/schema\/person\/c2f10ce65d2e6ede2aeda5be2a0611fa\",\"name\":\"M. N., STA\",\"image\":{\"@type\":\"ImageObject\",\"inLanguage\":\"sl-SI\",\"@id\":\"https:\/\/hudo.com\/si\/#\/schema\/person\/image\/\",\"url\":\"https:\/\/secure.gravatar.com\/avatar\/f370d38daa10467f755c5c766a4cac20?s=96&d=mm&r=g\",\"contentUrl\":\"https:\/\/secure.gravatar.com\/avatar\/f370d38daa10467f755c5c766a4cac20?s=96&d=mm&r=g\",\"caption\":\"M. N., STA\"},\"url\":\"https:\/\/hudo.com\/si\/author\/mana\/\"}]}<\/script>\n<!-- \/ Yoast SEO plugin. -->","yoast_head_json":{"title":"Zve\u010der in pono\u010di bo obla\u010dno z ob\u010dasnimi rahlimi padavinami, v notranjosti bo v glavnem sne\u017eilo - Hudo Slovenija","robots":{"index":"index","follow":"follow","max-snippet":"max-snippet:-1","max-image-preview":"max-image-preview:large","max-video-preview":"max-video-preview:-1"},"canonical":"https:\/\/hudo.com\/si\/aktualno\/zvecer-ponoci-bo-oblacno-z-obcasnimi-rahlimi-padavinami-v-notranjosti-bo-v-glavnem-snezilo\/","og_locale":"sl_SI","og_type":"article","og_title":"Zve\u010der in pono\u010di bo obla\u010dno z ob\u010dasnimi rahlimi padavinami, v notranjosti bo v glavnem sne\u017eilo - Hudo Slovenija","og_description":"Padavine bodo do jutra ve\u010dinoma ponehale, najpozneje v vzhodnih krajih. Najni\u017eje jutranje temperature bodo -4 do 1, ob morju okoli 6 stopinj Celzija, je zapisano na spletnih straneh Agencije RS za okolje.","og_url":"https:\/\/hudo.com\/si\/aktualno\/zvecer-ponoci-bo-oblacno-z-obcasnimi-rahlimi-padavinami-v-notranjosti-bo-v-glavnem-snezilo\/","og_site_name":"Hudo Slovenija","article_publisher":"https:\/\/www.facebook.com\/hudo.si","article_published_time":"2020-01-18T16:51:37+00:00","og_image":[{"width":1250,"height":830,"url":"https:\/\/hudo.com\/si\/wp-content\/uploads\/sites\/2\/2019\/05\/profimedia-0317131895.jpg","type":"image\/jpeg"}],"author":"M. N., STA","twitter_card":"summary_large_image","twitter_creator":"@hudo_si","twitter_site":"@hudo_si","twitter_misc":{"Written by":"M. N., STA","Est. reading time":"1 minuta"},"schema":{"@context":"https:\/\/schema.org","@graph":[{"@type":"Article","@id":"https:\/\/hudo.com\/si\/aktualno\/zvecer-ponoci-bo-oblacno-z-obcasnimi-rahlimi-padavinami-v-notranjosti-bo-v-glavnem-snezilo\/#article","isPartOf":{"@id":"https:\/\/hudo.com\/si\/aktualno\/zvecer-ponoci-bo-oblacno-z-obcasnimi-rahlimi-padavinami-v-notranjosti-bo-v-glavnem-snezilo\/"},"author":{"name":"M. N., STA","@id":"https:\/\/hudo.com\/si\/#\/schema\/person\/c2f10ce65d2e6ede2aeda5be2a0611fa"},"headline":"Zve\u010der in pono\u010di bo obla\u010dno z ob\u010dasnimi rahlimi padavinami, v notranjosti bo v glavnem sne\u017eilo","datePublished":"2020-01-18T16:51:37+00:00","dateModified":"2020-01-18T16:51:37+00:00","mainEntityOfPage":{"@id":"https:\/\/hudo.com\/si\/aktualno\/zvecer-ponoci-bo-oblacno-z-obcasnimi-rahlimi-padavinami-v-notranjosti-bo-v-glavnem-snezilo\/"},"wordCount":214,"publisher":{"@id":"https:\/\/hudo.com\/si\/#organization"},"keywords":["Slovenija","vreme"],"articleSection":["Aktualno"],"inLanguage":"sl-SI"},{"@type":"WebPage","@id":"https:\/\/hudo.com\/si\/aktualno\/zvecer-ponoci-bo-oblacno-z-obcasnimi-rahlimi-padavinami-v-notranjosti-bo-v-glavnem-snezilo\/","url":"https:\/\/hudo.com\/si\/aktualno\/zvecer-ponoci-bo-oblacno-z-obcasnimi-rahlimi-padavinami-v-notranjosti-bo-v-glavnem-snezilo\/","name":"Zve\u010der in pono\u010di bo obla\u010dno z ob\u010dasnimi rahlimi padavinami, v notranjosti bo v glavnem sne\u017eilo - Hudo Slovenija","isPartOf":{"@id":"https:\/\/hudo.com\/si\/#website"},"datePublished":"2020-01-18T16:51:37+00:00","dateModified":"2020-01-18T16:51:37+00:00","breadcrumb":{"@id":"https:\/\/hudo.com\/si\/aktualno\/zvecer-ponoci-bo-oblacno-z-obcasnimi-rahlimi-padavinami-v-notranjosti-bo-v-glavnem-snezilo\/#breadcrumb"},"inLanguage":"sl-SI","potentialAction":[{"@type":"ReadAction","target":["https:\/\/hudo.com\/si\/aktualno\/zvecer-ponoci-bo-oblacno-z-obcasnimi-rahlimi-padavinami-v-notranjosti-bo-v-glavnem-snezilo\/"]}]},{"@type":"BreadcrumbList","@id":"https:\/\/hudo.com\/si\/aktualno\/zvecer-ponoci-bo-oblacno-z-obcasnimi-rahlimi-padavinami-v-notranjosti-bo-v-glavnem-snezilo\/#breadcrumb","itemListElement":[{"@type":"ListItem","position":1,"name":"Home","item":"https:\/\/hudo.com\/si\/"},{"@type":"ListItem","position":2,"name":"Zve\u010der in pono\u010di bo obla\u010dno z ob\u010dasnimi rahlimi padavinami, v notranjosti bo v glavnem sne\u017eilo"}]},{"@type":"WebSite","@id":"https:\/\/hudo.com\/si\/#website","url":"https:\/\/hudo.com\/si\/","name":"Hudo Slovenija","description":"Vse novice iz Slovenije in sveta","publisher":{"@id":"https:\/\/hudo.com\/si\/#organization"},"potentialAction":[{"@type":"SearchAction","target":{"@type":"EntryPoint","urlTemplate":"https:\/\/hudo.com\/si\/?s={search_term_string}"},"query-input":"required name=search_term_string"}],"inLanguage":"sl-SI"},{"@type":"Organization","@id":"https:\/\/hudo.com\/si\/#organization","name":"VSN Media","url":"https:\/\/hudo.com\/si\/","logo":{"@type":"ImageObject","inLanguage":"sl-SI","@id":"https:\/\/hudo.com\/si\/#\/schema\/logo\/image\/","url":"https:\/\/hudo.com\/si\/wp-content\/uploads\/sites\/2\/2021\/03\/hudo-app-2.png","contentUrl":"https:\/\/hudo.com\/si\/wp-content\/uploads\/sites\/2\/2021\/03\/hudo-app-2.png","width":2185,"height":2167,"caption":"VSN Media"},"image":{"@id":"https:\/\/hudo.com\/si\/#\/schema\/logo\/image\/"},"sameAs":["https:\/\/www.facebook.com\/hudo.si","https:\/\/twitter.com\/hudo_si"]},{"@type":"Person","@id":"https:\/\/hudo.com\/si\/#\/schema\/person\/c2f10ce65d2e6ede2aeda5be2a0611fa","name":"M. N., STA","image":{"@type":"ImageObject","inLanguage":"sl-SI","@id":"https:\/\/hudo.com\/si\/#\/schema\/person\/image\/","url":"https:\/\/secure.gravatar.com\/avatar\/f370d38daa10467f755c5c766a4cac20?s=96&d=mm&r=g","contentUrl":"https:\/\/secure.gravatar.com\/avatar\/f370d38daa10467f755c5c766a4cac20?s=96&d=mm&r=g","caption":"M. N., STA"},"url":"https:\/\/hudo.com\/si\/author\/mana\/"}]}},"amp_enabled":true,"_links":{"self":[{"href":"https:\/\/hudo.com\/si\/wp-json\/wp\/v2\/posts\/414364"}],"collection":[{"href":"https:\/\/hudo.com\/si\/wp-json\/wp\/v2\/posts"}],"about":[{"href":"https:\/\/hudo.com\/si\/wp-json\/wp\/v2\/types\/post"}],"author":[{"embeddable":true,"href":"https:\/\/hudo.com\/si\/wp-json\/wp\/v2\/users\/8"}],"replies":[{"embeddable":true,"href":"https:\/\/hudo.com\/si\/wp-json\/wp\/v2\/comments?post=414364"}],"version-history":[{"count":1,"href":"https:\/\/hudo.com\/si\/wp-json\/wp\/v2\/posts\/414364\/revisions"}],"predecessor-version":[{"id":414365,"href":"https:\/\/hudo.com\/si\/wp-json\/wp\/v2\/posts\/414364\/revisions\/414365"}],"wp:featuredmedia":[{"embeddable":true,"href":"https:\/\/hudo.com\/si\/wp-json\/wp\/v2\/media\/398470"}],"wp:attachment":[{"href":"https:\/\/hudo.com\/si\/wp-json\/wp\/v2\/media?parent=414364"}],"wp:term":[{"taxonomy":"category","embeddable":true,"href":"https:\/\/hudo.com\/si\/wp-json\/wp\/v2\/categories?post=414364"},{"taxonomy":"post_tag","embeddable":true,"href":"https:\/\/hudo.com\/si\/wp-json\/wp\/v2\/tags?post=414364"},{"taxonomy":"source","embeddable":true,"href":"https:\/\/hudo.com\/si\/wp-json\/wp\/v2\/source?post=414364"},{"taxonomy":"supertag","embeddable":true,"href":"https:\/\/hudo.com\/si\/wp-json\/wp\/v2\/supertag?post=414364"}],"curies":[{"name":"wp","href":"https:\/\/api.w.org\/{rel}","templated":true}]}}