{"id":414366,"date":"2020-01-18T17:53:16","date_gmt":"2020-01-18T16:53:16","guid":{"rendered":"http:\/\/hudo.com\/si\/?p=414366"},"modified":"2020-01-18T17:53:16","modified_gmt":"2020-01-18T16:53:16","slug":"iran-bo-crni-skrinjici-sestreljenega-letala-predal-ukrajini","status":"publish","type":"post","link":"https:\/\/hudo.com\/si\/aktualno\/iran-bo-crni-skrinjici-sestreljenega-letala-predal-ukrajini\/","title":{"rendered":"Iran bo \u010drni skrinjici sestreljenega letala predal Ukrajini"},"content":{"rendered":"<p>&#8220;Po posvetih z ukrajinskimi strokovnjaki se strinjamo, da bi bilo v Iranu \u010drni skrinjici nemogo\u010de dekodirati,&#8221; je po poro\u010danju ruske tiskovne agencije Tass dejal Rezajfar.<\/p>\n<p>Zapisovalnika podatkov leta in pogovorov v pilotski kabini bodo sku\u0161ali dekodirati v Ukrajini. Pri tem bi jim lahko pomagali tudi strokovnjaki iz Francije, Kanade ali ZDA. &#8220;\u010ce pa tudi ti poskusi ne bodo uspeli, ju bodo poslali v Francijo,&#8221; je \u0161e dejal Rezajfar.<\/p>\n<p>Naj Iran po\u0161kodovani \u010drni skrinjici ponesre\u010denega ukrajinskega letala sicer kar takoj po\u0161lje na analizo v Francijo, ki da ima enega redkih laboratorijev za to, je v petek pozval tudi kanadski premier Justin Trudeau.<\/p>\n<p>V petek pa je skrinjici ponovno zahtevalo tudi ukrajinsko generalno to\u017eilstvo. Prvi\u010d je zahtevo Teheranu poslalo v sredo. Vodja instituta za forenzi\u010dne preiskave v Kijevu Aleksander Ruvin je tedaj napovedal, da bo mednarodna skupina strokovnjakov za analizo \u010drnih skrinjic pripravljena na delo z 20. januarjem.<\/p>\n<p>Ukrajinsko letalo je 8. januarja pono\u010di sestrelila iranska zra\u010dna obramba. Do incidenta je pri\u0161lo le nekaj ur po iranskem napadu na voja\u0161ka opori\u0161\u010da v Iraku, v katerih so name\u0161\u010deni tudi ameri\u0161ki vojaki, kar je bilo ma\u0161\u010devanje za ameri\u0161ko likvidacijo pomembnega iranskega generala Kasema Solejmanija. Ukrajinsko letalo, ki je ravno vzletelo z letali\u0161\u010da v Teheranu proti Kijevu, pa naj bi se preve\u010d pribli\u017ealo ob\u010dutljivemu voja\u0161kemu obmo\u010dju.<\/p>\n<p>Na letalu je bilo 176 potnikov, med njimi najve\u010d iranskih in kanadskih dr\u017eavljanov. Sestrelitve ni pre\u017eivel nih\u010de.<\/p>\n","protected":false},"excerpt":{"rendered":"<p>Iran bo \u010drni skrinjici potni\u0161kega letala, ki so ga pomotoma sestrelili prej\u0161nji teden, predal Ukrajini, je sporo\u010dil vodja iranske agencije za varnost civilnega letalstva Hasan Rezajfar. Za to so se odlo\u010dili na zahtevo Ukrajine. \u010ce sami ne bodo zmogli analize skrinjic, ki sta po\u0161kodovani, pa ju bodo poslali v Francijo, je nakazal.<\/p>\n","protected":false},"author":8,"featured_media":414053,"comment_status":"closed","ping_status":"closed","sticky":false,"template":"","format":"standard","meta":{"footnotes":""},"categories":[1179],"tags":[5704,15584],"source":[4511],"supertag":[6103],"acf":[],"yoast_head":"<!-- This site is optimized with the Yoast SEO plugin v21.3 - https:\/\/yoast.com\/wordpress\/plugins\/seo\/ -->\n<title>Iran bo \u010drni skrinjici sestreljenega letala predal Ukrajini - Hudo Slovenija<\/title>\n<meta name=\"robots\" content=\"index, follow, max-snippet:-1, max-image-preview:large, max-video-preview:-1\" \/>\n<link rel=\"canonical\" href=\"https:\/\/hudo.com\/si\/aktualno\/iran-bo-crni-skrinjici-sestreljenega-letala-predal-ukrajini\/\" \/>\n<meta property=\"og:locale\" content=\"sl_SI\" \/>\n<meta property=\"og:type\" content=\"article\" \/>\n<meta property=\"og:title\" content=\"Iran bo \u010drni skrinjici sestreljenega letala predal Ukrajini - Hudo Slovenija\" \/>\n<meta property=\"og:description\" content=\"Iran bo \u010drni skrinjici potni\u0161kega letala, ki so ga pomotoma sestrelili prej\u0161nji teden, predal Ukrajini, je sporo\u010dil vodja iranske agencije za varnost civilnega letalstva Hasan Rezajfar. Za to so se odlo\u010dili na zahtevo Ukrajine. \u010ce sami ne bodo zmogli analize skrinjic, ki sta po\u0161kodovani, pa ju bodo poslali v Francijo, je nakazal.\" \/>\n<meta property=\"og:url\" content=\"https:\/\/hudo.com\/si\/aktualno\/iran-bo-crni-skrinjici-sestreljenega-letala-predal-ukrajini\/\" \/>\n<meta property=\"og:site_name\" content=\"Hudo Slovenija\" \/>\n<meta property=\"article:publisher\" content=\"https:\/\/www.facebook.com\/hudo.si\" \/>\n<meta property=\"article:published_time\" content=\"2020-01-18T16:53:16+00:00\" \/>\n<meta property=\"og:image\" content=\"https:\/\/hudo.com\/si\/wp-content\/uploads\/sites\/2\/2020\/01\/profimedia-0491599030.jpg\" \/>\n\t<meta property=\"og:image:width\" content=\"1250\" \/>\n\t<meta property=\"og:image:height\" content=\"785\" \/>\n\t<meta property=\"og:image:type\" content=\"image\/jpeg\" \/>\n<meta name=\"author\" content=\"M. N., STA\" \/>\n<meta name=\"twitter:card\" content=\"summary_large_image\" \/>\n<meta name=\"twitter:creator\" content=\"@hudo_si\" \/>\n<meta name=\"twitter:site\" content=\"@hudo_si\" \/>\n<meta name=\"twitter:label1\" content=\"Written by\" \/>\n\t<meta name=\"twitter:data1\" content=\"M. N., STA\" \/>\n\t<meta name=\"twitter:label2\" content=\"Est. reading time\" \/>\n\t<meta name=\"twitter:data2\" content=\"1 minuta\" \/>\n<script type=\"application\/ld+json\" class=\"yoast-schema-graph\">{\"@context\":\"https:\/\/schema.org\",\"@graph\":[{\"@type\":\"Article\",\"@id\":\"https:\/\/hudo.com\/si\/aktualno\/iran-bo-crni-skrinjici-sestreljenega-letala-predal-ukrajini\/#article\",\"isPartOf\":{\"@id\":\"https:\/\/hudo.com\/si\/aktualno\/iran-bo-crni-skrinjici-sestreljenega-letala-predal-ukrajini\/\"},\"author\":{\"name\":\"M. N., STA\",\"@id\":\"https:\/\/hudo.com\/si\/#\/schema\/person\/c2f10ce65d2e6ede2aeda5be2a0611fa\"},\"headline\":\"Iran bo \u010drni skrinjici sestreljenega letala predal Ukrajini\",\"datePublished\":\"2020-01-18T16:53:16+00:00\",\"dateModified\":\"2020-01-18T16:53:16+00:00\",\"mainEntityOfPage\":{\"@id\":\"https:\/\/hudo.com\/si\/aktualno\/iran-bo-crni-skrinjici-sestreljenega-letala-predal-ukrajini\/\"},\"wordCount\":258,\"publisher\":{\"@id\":\"https:\/\/hudo.com\/si\/#organization\"},\"keywords\":[\"Iran\",\"sestreljeno ukrajinsko letalo\"],\"articleSection\":[\"Aktualno\"],\"inLanguage\":\"sl-SI\"},{\"@type\":\"WebPage\",\"@id\":\"https:\/\/hudo.com\/si\/aktualno\/iran-bo-crni-skrinjici-sestreljenega-letala-predal-ukrajini\/\",\"url\":\"https:\/\/hudo.com\/si\/aktualno\/iran-bo-crni-skrinjici-sestreljenega-letala-predal-ukrajini\/\",\"name\":\"Iran bo \u010drni skrinjici sestreljenega letala predal Ukrajini - Hudo Slovenija\",\"isPartOf\":{\"@id\":\"https:\/\/hudo.com\/si\/#website\"},\"datePublished\":\"2020-01-18T16:53:16+00:00\",\"dateModified\":\"2020-01-18T16:53:16+00:00\",\"breadcrumb\":{\"@id\":\"https:\/\/hudo.com\/si\/aktualno\/iran-bo-crni-skrinjici-sestreljenega-letala-predal-ukrajini\/#breadcrumb\"},\"inLanguage\":\"sl-SI\",\"potentialAction\":[{\"@type\":\"ReadAction\",\"target\":[\"https:\/\/hudo.com\/si\/aktualno\/iran-bo-crni-skrinjici-sestreljenega-letala-predal-ukrajini\/\"]}]},{\"@type\":\"BreadcrumbList\",\"@id\":\"https:\/\/hudo.com\/si\/aktualno\/iran-bo-crni-skrinjici-sestreljenega-letala-predal-ukrajini\/#breadcrumb\",\"itemListElement\":[{\"@type\":\"ListItem\",\"position\":1,\"name\":\"Home\",\"item\":\"https:\/\/hudo.com\/si\/\"},{\"@type\":\"ListItem\",\"position\":2,\"name\":\"Iran bo \u010drni skrinjici sestreljenega letala predal Ukrajini\"}]},{\"@type\":\"WebSite\",\"@id\":\"https:\/\/hudo.com\/si\/#website\",\"url\":\"https:\/\/hudo.com\/si\/\",\"name\":\"Hudo Slovenija\",\"description\":\"Vse novice iz Slovenije in sveta\",\"publisher\":{\"@id\":\"https:\/\/hudo.com\/si\/#organization\"},\"potentialAction\":[{\"@type\":\"SearchAction\",\"target\":{\"@type\":\"EntryPoint\",\"urlTemplate\":\"https:\/\/hudo.com\/si\/?s={search_term_string}\"},\"query-input\":\"required name=search_term_string\"}],\"inLanguage\":\"sl-SI\"},{\"@type\":\"Organization\",\"@id\":\"https:\/\/hudo.com\/si\/#organization\",\"name\":\"VSN Media\",\"url\":\"https:\/\/hudo.com\/si\/\",\"logo\":{\"@type\":\"ImageObject\",\"inLanguage\":\"sl-SI\",\"@id\":\"https:\/\/hudo.com\/si\/#\/schema\/logo\/image\/\",\"url\":\"https:\/\/hudo.com\/si\/wp-content\/uploads\/sites\/2\/2021\/03\/hudo-app-2.png\",\"contentUrl\":\"https:\/\/hudo.com\/si\/wp-content\/uploads\/sites\/2\/2021\/03\/hudo-app-2.png\",\"width\":2185,\"height\":2167,\"caption\":\"VSN Media\"},\"image\":{\"@id\":\"https:\/\/hudo.com\/si\/#\/schema\/logo\/image\/\"},\"sameAs\":[\"https:\/\/www.facebook.com\/hudo.si\",\"https:\/\/twitter.com\/hudo_si\"]},{\"@type\":\"Person\",\"@id\":\"https:\/\/hudo.com\/si\/#\/schema\/person\/c2f10ce65d2e6ede2aeda5be2a0611fa\",\"name\":\"M. N., STA\",\"image\":{\"@type\":\"ImageObject\",\"inLanguage\":\"sl-SI\",\"@id\":\"https:\/\/hudo.com\/si\/#\/schema\/person\/image\/\",\"url\":\"https:\/\/secure.gravatar.com\/avatar\/f370d38daa10467f755c5c766a4cac20?s=96&d=mm&r=g\",\"contentUrl\":\"https:\/\/secure.gravatar.com\/avatar\/f370d38daa10467f755c5c766a4cac20?s=96&d=mm&r=g\",\"caption\":\"M. N., STA\"},\"url\":\"https:\/\/hudo.com\/si\/author\/mana\/\"}]}<\/script>\n<!-- \/ Yoast SEO plugin. -->","yoast_head_json":{"title":"Iran bo \u010drni skrinjici sestreljenega letala predal Ukrajini - Hudo Slovenija","robots":{"index":"index","follow":"follow","max-snippet":"max-snippet:-1","max-image-preview":"max-image-preview:large","max-video-preview":"max-video-preview:-1"},"canonical":"https:\/\/hudo.com\/si\/aktualno\/iran-bo-crni-skrinjici-sestreljenega-letala-predal-ukrajini\/","og_locale":"sl_SI","og_type":"article","og_title":"Iran bo \u010drni skrinjici sestreljenega letala predal Ukrajini - Hudo Slovenija","og_description":"Iran bo \u010drni skrinjici potni\u0161kega letala, ki so ga pomotoma sestrelili prej\u0161nji teden, predal Ukrajini, je sporo\u010dil vodja iranske agencije za varnost civilnega letalstva Hasan Rezajfar. Za to so se odlo\u010dili na zahtevo Ukrajine. \u010ce sami ne bodo zmogli analize skrinjic, ki sta po\u0161kodovani, pa ju bodo poslali v Francijo, je nakazal.","og_url":"https:\/\/hudo.com\/si\/aktualno\/iran-bo-crni-skrinjici-sestreljenega-letala-predal-ukrajini\/","og_site_name":"Hudo Slovenija","article_publisher":"https:\/\/www.facebook.com\/hudo.si","article_published_time":"2020-01-18T16:53:16+00:00","og_image":[{"width":1250,"height":785,"url":"https:\/\/hudo.com\/si\/wp-content\/uploads\/sites\/2\/2020\/01\/profimedia-0491599030.jpg","type":"image\/jpeg"}],"author":"M. N., STA","twitter_card":"summary_large_image","twitter_creator":"@hudo_si","twitter_site":"@hudo_si","twitter_misc":{"Written by":"M. N., STA","Est. reading time":"1 minuta"},"schema":{"@context":"https:\/\/schema.org","@graph":[{"@type":"Article","@id":"https:\/\/hudo.com\/si\/aktualno\/iran-bo-crni-skrinjici-sestreljenega-letala-predal-ukrajini\/#article","isPartOf":{"@id":"https:\/\/hudo.com\/si\/aktualno\/iran-bo-crni-skrinjici-sestreljenega-letala-predal-ukrajini\/"},"author":{"name":"M. N., STA","@id":"https:\/\/hudo.com\/si\/#\/schema\/person\/c2f10ce65d2e6ede2aeda5be2a0611fa"},"headline":"Iran bo \u010drni skrinjici sestreljenega letala predal Ukrajini","datePublished":"2020-01-18T16:53:16+00:00","dateModified":"2020-01-18T16:53:16+00:00","mainEntityOfPage":{"@id":"https:\/\/hudo.com\/si\/aktualno\/iran-bo-crni-skrinjici-sestreljenega-letala-predal-ukrajini\/"},"wordCount":258,"publisher":{"@id":"https:\/\/hudo.com\/si\/#organization"},"keywords":["Iran","sestreljeno ukrajinsko letalo"],"articleSection":["Aktualno"],"inLanguage":"sl-SI"},{"@type":"WebPage","@id":"https:\/\/hudo.com\/si\/aktualno\/iran-bo-crni-skrinjici-sestreljenega-letala-predal-ukrajini\/","url":"https:\/\/hudo.com\/si\/aktualno\/iran-bo-crni-skrinjici-sestreljenega-letala-predal-ukrajini\/","name":"Iran bo \u010drni skrinjici sestreljenega letala predal Ukrajini - Hudo Slovenija","isPartOf":{"@id":"https:\/\/hudo.com\/si\/#website"},"datePublished":"2020-01-18T16:53:16+00:00","dateModified":"2020-01-18T16:53:16+00:00","breadcrumb":{"@id":"https:\/\/hudo.com\/si\/aktualno\/iran-bo-crni-skrinjici-sestreljenega-letala-predal-ukrajini\/#breadcrumb"},"inLanguage":"sl-SI","potentialAction":[{"@type":"ReadAction","target":["https:\/\/hudo.com\/si\/aktualno\/iran-bo-crni-skrinjici-sestreljenega-letala-predal-ukrajini\/"]}]},{"@type":"BreadcrumbList","@id":"https:\/\/hudo.com\/si\/aktualno\/iran-bo-crni-skrinjici-sestreljenega-letala-predal-ukrajini\/#breadcrumb","itemListElement":[{"@type":"ListItem","position":1,"name":"Home","item":"https:\/\/hudo.com\/si\/"},{"@type":"ListItem","position":2,"name":"Iran bo \u010drni skrinjici sestreljenega letala predal Ukrajini"}]},{"@type":"WebSite","@id":"https:\/\/hudo.com\/si\/#website","url":"https:\/\/hudo.com\/si\/","name":"Hudo Slovenija","description":"Vse novice iz Slovenije in sveta","publisher":{"@id":"https:\/\/hudo.com\/si\/#organization"},"potentialAction":[{"@type":"SearchAction","target":{"@type":"EntryPoint","urlTemplate":"https:\/\/hudo.com\/si\/?s={search_term_string}"},"query-input":"required name=search_term_string"}],"inLanguage":"sl-SI"},{"@type":"Organization","@id":"https:\/\/hudo.com\/si\/#organization","name":"VSN Media","url":"https:\/\/hudo.com\/si\/","logo":{"@type":"ImageObject","inLanguage":"sl-SI","@id":"https:\/\/hudo.com\/si\/#\/schema\/logo\/image\/","url":"https:\/\/hudo.com\/si\/wp-content\/uploads\/sites\/2\/2021\/03\/hudo-app-2.png","contentUrl":"https:\/\/hudo.com\/si\/wp-content\/uploads\/sites\/2\/2021\/03\/hudo-app-2.png","width":2185,"height":2167,"caption":"VSN Media"},"image":{"@id":"https:\/\/hudo.com\/si\/#\/schema\/logo\/image\/"},"sameAs":["https:\/\/www.facebook.com\/hudo.si","https:\/\/twitter.com\/hudo_si"]},{"@type":"Person","@id":"https:\/\/hudo.com\/si\/#\/schema\/person\/c2f10ce65d2e6ede2aeda5be2a0611fa","name":"M. N., STA","image":{"@type":"ImageObject","inLanguage":"sl-SI","@id":"https:\/\/hudo.com\/si\/#\/schema\/person\/image\/","url":"https:\/\/secure.gravatar.com\/avatar\/f370d38daa10467f755c5c766a4cac20?s=96&d=mm&r=g","contentUrl":"https:\/\/secure.gravatar.com\/avatar\/f370d38daa10467f755c5c766a4cac20?s=96&d=mm&r=g","caption":"M. N., STA"},"url":"https:\/\/hudo.com\/si\/author\/mana\/"}]}},"amp_enabled":true,"_links":{"self":[{"href":"https:\/\/hudo.com\/si\/wp-json\/wp\/v2\/posts\/414366"}],"collection":[{"href":"https:\/\/hudo.com\/si\/wp-json\/wp\/v2\/posts"}],"about":[{"href":"https:\/\/hudo.com\/si\/wp-json\/wp\/v2\/types\/post"}],"author":[{"embeddable":true,"href":"https:\/\/hudo.com\/si\/wp-json\/wp\/v2\/users\/8"}],"replies":[{"embeddable":true,"href":"https:\/\/hudo.com\/si\/wp-json\/wp\/v2\/comments?post=414366"}],"version-history":[{"count":1,"href":"https:\/\/hudo.com\/si\/wp-json\/wp\/v2\/posts\/414366\/revisions"}],"predecessor-version":[{"id":414367,"href":"https:\/\/hudo.com\/si\/wp-json\/wp\/v2\/posts\/414366\/revisions\/414367"}],"wp:featuredmedia":[{"embeddable":true,"href":"https:\/\/hudo.com\/si\/wp-json\/wp\/v2\/media\/414053"}],"wp:attachment":[{"href":"https:\/\/hudo.com\/si\/wp-json\/wp\/v2\/media?parent=414366"}],"wp:term":[{"taxonomy":"category","embeddable":true,"href":"https:\/\/hudo.com\/si\/wp-json\/wp\/v2\/categories?post=414366"},{"taxonomy":"post_tag","embeddable":true,"href":"https:\/\/hudo.com\/si\/wp-json\/wp\/v2\/tags?post=414366"},{"taxonomy":"source","embeddable":true,"href":"https:\/\/hudo.com\/si\/wp-json\/wp\/v2\/source?post=414366"},{"taxonomy":"supertag","embeddable":true,"href":"https:\/\/hudo.com\/si\/wp-json\/wp\/v2\/supertag?post=414366"}],"curies":[{"name":"wp","href":"https:\/\/api.w.org\/{rel}","templated":true}]}}