{"id":414742,"date":"2020-01-24T15:07:06","date_gmt":"2020-01-24T14:07:06","guid":{"rendered":"http:\/\/hudo.com\/si\/?p=414742"},"modified":"2020-01-24T19:24:25","modified_gmt":"2020-01-24T18:24:25","slug":"v-streljaju-na-jugu-nemcije-vec-mrtvih","status":"publish","type":"post","link":"https:\/\/hudo.com\/si\/aktualno\/v-streljaju-na-jugu-nemcije-vec-mrtvih\/","title":{"rendered":"V streljaju na jugu Nem\u010dije ve\u010d mrtvih"},"content":{"rendered":"<p>Policija je \u017ee neposredno po streljanju sporo\u010dila, da so se domnevni osumljenec in \u017ertve med seboj poznali, tako da so za zdaj izklju\u010dili mo\u017enost teroristi\u010dnega napada. Ve\u010d informacij naj bi policija sporo\u010dila na kasnej\u0161i novinarski konferenci. Za zdaj ni indicev, da bi bilo napadalcev ve\u010d, je poro\u010dal Stuttgarter Zeitung.<\/p>\n<p>Kot na spletni strani \u0161e pi\u0161e \u010dasnik, so policijo na prizori\u0161\u010de streljanja poklicali okoli 12.45, na kraj napada so prispeli tudi re\u0161evalci.<\/p>\n<p>Vzroki za napad \u0161e niso znani, poro\u010dajo nem\u0161ki mediji. Policija je na Twitterju pozvala, naj se ljudje vzdr\u017eijo ugibanj in napovedala, da se bodo oglasili z dodatnimi informacijami. Preiskavo dogodka je prevzela kriminalisti\u010dna policija.<\/p>\n<p>Rot am See je mesto s pribli\u017eno 5400 prebivalci in le\u017ei med Crailsheimom v zvezni de\u017eeli Baden-W\u00fcrttemberg in krajem Rothenburg ob der Tauber na severu Bavarske. Streljanje se je zgodilo v enem od sicer mirnih predelov mesta.<\/p>\n<p>&#8220;\u017de 50 let \u017eivim v Rot am See in \u010desa takega \u0161e nisem do\u017eivela,&#8221; je opisala ena od starej\u0161ih gospa. Mlaj\u0161a \u017eenska pa je povedala, da strelov ni sli\u0161ala, je pa pretresena zaradi dogajanja na ulici.<\/p>\n","protected":false},"excerpt":{"rendered":"<p>V mestu Rot am See v zvezni de\u017eeli Baden-W\u00fcrttemberg na jugu Nem\u010dije so danes odjeknili streli. Po poro\u010danju nem\u0161ke tiskovne agencije dpa je bilo ubitih \u0161est ljudi, ve\u010d jih je bilo ranjenih. Osumljenca za napad so \u017ee aretirali. Domnevno naj bi se streljanje zgodilo znotraj dru\u017eine.<\/p>\n","protected":false},"author":5,"featured_media":221832,"comment_status":"closed","ping_status":"closed","sticky":false,"template":"","format":"standard","meta":{"footnotes":""},"categories":[1179],"tags":[3090,3628,4909],"source":[4511],"supertag":[7150],"acf":[],"yoast_head":"<!-- This site is optimized with the Yoast SEO plugin v21.3 - https:\/\/yoast.com\/wordpress\/plugins\/seo\/ -->\n<title>V streljaju na jugu Nem\u010dije ve\u010d mrtvih - Hudo Slovenija<\/title>\n<meta name=\"robots\" content=\"index, follow, max-snippet:-1, max-image-preview:large, max-video-preview:-1\" \/>\n<link rel=\"canonical\" href=\"https:\/\/hudo.com\/si\/aktualno\/v-streljaju-na-jugu-nemcije-vec-mrtvih\/\" \/>\n<meta property=\"og:locale\" content=\"sl_SI\" \/>\n<meta property=\"og:type\" content=\"article\" \/>\n<meta property=\"og:title\" content=\"V streljaju na jugu Nem\u010dije ve\u010d mrtvih - Hudo Slovenija\" \/>\n<meta property=\"og:description\" content=\"V mestu Rot am See v zvezni de\u017eeli Baden-W\u00fcrttemberg na jugu Nem\u010dije so danes odjeknili streli. Po poro\u010danju nem\u0161ke tiskovne agencije dpa je bilo ubitih \u0161est ljudi, ve\u010d jih je bilo ranjenih. Osumljenca za napad so \u017ee aretirali. Domnevno naj bi se streljanje zgodilo znotraj dru\u017eine.\" \/>\n<meta property=\"og:url\" content=\"https:\/\/hudo.com\/si\/aktualno\/v-streljaju-na-jugu-nemcije-vec-mrtvih\/\" \/>\n<meta property=\"og:site_name\" content=\"Hudo Slovenija\" \/>\n<meta property=\"article:publisher\" content=\"https:\/\/www.facebook.com\/hudo.si\" \/>\n<meta property=\"article:published_time\" content=\"2020-01-24T14:07:06+00:00\" \/>\n<meta property=\"article:modified_time\" content=\"2020-01-24T18:24:25+00:00\" \/>\n<meta property=\"og:image\" content=\"https:\/\/hudo.com\/si\/wp-content\/uploads\/sites\/2\/2017\/03\/profimedia-0300413318.jpg\" \/>\n\t<meta property=\"og:image:width\" content=\"1250\" \/>\n\t<meta property=\"og:image:height\" content=\"830\" \/>\n\t<meta property=\"og:image:type\" content=\"image\/jpeg\" \/>\n<meta name=\"author\" content=\"A. G., STA\" \/>\n<meta name=\"twitter:card\" content=\"summary_large_image\" \/>\n<meta name=\"twitter:creator\" content=\"@hudo_si\" \/>\n<meta name=\"twitter:site\" content=\"@hudo_si\" \/>\n<meta name=\"twitter:label1\" content=\"Written by\" \/>\n\t<meta name=\"twitter:data1\" content=\"A. G., STA\" \/>\n\t<meta name=\"twitter:label2\" content=\"Est. reading time\" \/>\n\t<meta name=\"twitter:data2\" content=\"1 minuta\" \/>\n<script type=\"application\/ld+json\" class=\"yoast-schema-graph\">{\"@context\":\"https:\/\/schema.org\",\"@graph\":[{\"@type\":\"Article\",\"@id\":\"https:\/\/hudo.com\/si\/aktualno\/v-streljaju-na-jugu-nemcije-vec-mrtvih\/#article\",\"isPartOf\":{\"@id\":\"https:\/\/hudo.com\/si\/aktualno\/v-streljaju-na-jugu-nemcije-vec-mrtvih\/\"},\"author\":{\"name\":\"A. G., STA\",\"@id\":\"https:\/\/hudo.com\/si\/#\/schema\/person\/2391667a63ea075ba94f2f2dc6b77537\"},\"headline\":\"V streljaju na jugu Nem\u010dije ve\u010d mrtvih\",\"datePublished\":\"2020-01-24T14:07:06+00:00\",\"dateModified\":\"2020-01-24T18:24:25+00:00\",\"mainEntityOfPage\":{\"@id\":\"https:\/\/hudo.com\/si\/aktualno\/v-streljaju-na-jugu-nemcije-vec-mrtvih\/\"},\"wordCount\":205,\"publisher\":{\"@id\":\"https:\/\/hudo.com\/si\/#organization\"},\"keywords\":[\"nasilje\",\"nem\u010dija\",\"streljanje\"],\"articleSection\":[\"Aktualno\"],\"inLanguage\":\"sl-SI\"},{\"@type\":\"WebPage\",\"@id\":\"https:\/\/hudo.com\/si\/aktualno\/v-streljaju-na-jugu-nemcije-vec-mrtvih\/\",\"url\":\"https:\/\/hudo.com\/si\/aktualno\/v-streljaju-na-jugu-nemcije-vec-mrtvih\/\",\"name\":\"V streljaju na jugu Nem\u010dije ve\u010d mrtvih - Hudo Slovenija\",\"isPartOf\":{\"@id\":\"https:\/\/hudo.com\/si\/#website\"},\"datePublished\":\"2020-01-24T14:07:06+00:00\",\"dateModified\":\"2020-01-24T18:24:25+00:00\",\"breadcrumb\":{\"@id\":\"https:\/\/hudo.com\/si\/aktualno\/v-streljaju-na-jugu-nemcije-vec-mrtvih\/#breadcrumb\"},\"inLanguage\":\"sl-SI\",\"potentialAction\":[{\"@type\":\"ReadAction\",\"target\":[\"https:\/\/hudo.com\/si\/aktualno\/v-streljaju-na-jugu-nemcije-vec-mrtvih\/\"]}]},{\"@type\":\"BreadcrumbList\",\"@id\":\"https:\/\/hudo.com\/si\/aktualno\/v-streljaju-na-jugu-nemcije-vec-mrtvih\/#breadcrumb\",\"itemListElement\":[{\"@type\":\"ListItem\",\"position\":1,\"name\":\"Home\",\"item\":\"https:\/\/hudo.com\/si\/\"},{\"@type\":\"ListItem\",\"position\":2,\"name\":\"V streljaju na jugu Nem\u010dije ve\u010d mrtvih\"}]},{\"@type\":\"WebSite\",\"@id\":\"https:\/\/hudo.com\/si\/#website\",\"url\":\"https:\/\/hudo.com\/si\/\",\"name\":\"Hudo Slovenija\",\"description\":\"Vse novice iz Slovenije in sveta\",\"publisher\":{\"@id\":\"https:\/\/hudo.com\/si\/#organization\"},\"potentialAction\":[{\"@type\":\"SearchAction\",\"target\":{\"@type\":\"EntryPoint\",\"urlTemplate\":\"https:\/\/hudo.com\/si\/?s={search_term_string}\"},\"query-input\":\"required name=search_term_string\"}],\"inLanguage\":\"sl-SI\"},{\"@type\":\"Organization\",\"@id\":\"https:\/\/hudo.com\/si\/#organization\",\"name\":\"VSN Media\",\"url\":\"https:\/\/hudo.com\/si\/\",\"logo\":{\"@type\":\"ImageObject\",\"inLanguage\":\"sl-SI\",\"@id\":\"https:\/\/hudo.com\/si\/#\/schema\/logo\/image\/\",\"url\":\"https:\/\/hudo.com\/si\/wp-content\/uploads\/sites\/2\/2021\/03\/hudo-app-2.png\",\"contentUrl\":\"https:\/\/hudo.com\/si\/wp-content\/uploads\/sites\/2\/2021\/03\/hudo-app-2.png\",\"width\":2185,\"height\":2167,\"caption\":\"VSN Media\"},\"image\":{\"@id\":\"https:\/\/hudo.com\/si\/#\/schema\/logo\/image\/\"},\"sameAs\":[\"https:\/\/www.facebook.com\/hudo.si\",\"https:\/\/twitter.com\/hudo_si\"]},{\"@type\":\"Person\",\"@id\":\"https:\/\/hudo.com\/si\/#\/schema\/person\/2391667a63ea075ba94f2f2dc6b77537\",\"name\":\"A. G., STA\",\"image\":{\"@type\":\"ImageObject\",\"inLanguage\":\"sl-SI\",\"@id\":\"https:\/\/hudo.com\/si\/#\/schema\/person\/image\/\",\"url\":\"https:\/\/secure.gravatar.com\/avatar\/e13d22ac3e442658d5025fbbe6238a79?s=96&d=mm&r=g\",\"contentUrl\":\"https:\/\/secure.gravatar.com\/avatar\/e13d22ac3e442658d5025fbbe6238a79?s=96&d=mm&r=g\",\"caption\":\"A. G., STA\"},\"url\":\"https:\/\/hudo.com\/si\/author\/alenka\/\"}]}<\/script>\n<!-- \/ Yoast SEO plugin. -->","yoast_head_json":{"title":"V streljaju na jugu Nem\u010dije ve\u010d mrtvih - Hudo Slovenija","robots":{"index":"index","follow":"follow","max-snippet":"max-snippet:-1","max-image-preview":"max-image-preview:large","max-video-preview":"max-video-preview:-1"},"canonical":"https:\/\/hudo.com\/si\/aktualno\/v-streljaju-na-jugu-nemcije-vec-mrtvih\/","og_locale":"sl_SI","og_type":"article","og_title":"V streljaju na jugu Nem\u010dije ve\u010d mrtvih - Hudo Slovenija","og_description":"V mestu Rot am See v zvezni de\u017eeli Baden-W\u00fcrttemberg na jugu Nem\u010dije so danes odjeknili streli. Po poro\u010danju nem\u0161ke tiskovne agencije dpa je bilo ubitih \u0161est ljudi, ve\u010d jih je bilo ranjenih. Osumljenca za napad so \u017ee aretirali. Domnevno naj bi se streljanje zgodilo znotraj dru\u017eine.","og_url":"https:\/\/hudo.com\/si\/aktualno\/v-streljaju-na-jugu-nemcije-vec-mrtvih\/","og_site_name":"Hudo Slovenija","article_publisher":"https:\/\/www.facebook.com\/hudo.si","article_published_time":"2020-01-24T14:07:06+00:00","article_modified_time":"2020-01-24T18:24:25+00:00","og_image":[{"width":1250,"height":830,"url":"https:\/\/hudo.com\/si\/wp-content\/uploads\/sites\/2\/2017\/03\/profimedia-0300413318.jpg","type":"image\/jpeg"}],"author":"A. G., STA","twitter_card":"summary_large_image","twitter_creator":"@hudo_si","twitter_site":"@hudo_si","twitter_misc":{"Written by":"A. G., STA","Est. reading time":"1 minuta"},"schema":{"@context":"https:\/\/schema.org","@graph":[{"@type":"Article","@id":"https:\/\/hudo.com\/si\/aktualno\/v-streljaju-na-jugu-nemcije-vec-mrtvih\/#article","isPartOf":{"@id":"https:\/\/hudo.com\/si\/aktualno\/v-streljaju-na-jugu-nemcije-vec-mrtvih\/"},"author":{"name":"A. G., STA","@id":"https:\/\/hudo.com\/si\/#\/schema\/person\/2391667a63ea075ba94f2f2dc6b77537"},"headline":"V streljaju na jugu Nem\u010dije ve\u010d mrtvih","datePublished":"2020-01-24T14:07:06+00:00","dateModified":"2020-01-24T18:24:25+00:00","mainEntityOfPage":{"@id":"https:\/\/hudo.com\/si\/aktualno\/v-streljaju-na-jugu-nemcije-vec-mrtvih\/"},"wordCount":205,"publisher":{"@id":"https:\/\/hudo.com\/si\/#organization"},"keywords":["nasilje","nem\u010dija","streljanje"],"articleSection":["Aktualno"],"inLanguage":"sl-SI"},{"@type":"WebPage","@id":"https:\/\/hudo.com\/si\/aktualno\/v-streljaju-na-jugu-nemcije-vec-mrtvih\/","url":"https:\/\/hudo.com\/si\/aktualno\/v-streljaju-na-jugu-nemcije-vec-mrtvih\/","name":"V streljaju na jugu Nem\u010dije ve\u010d mrtvih - Hudo Slovenija","isPartOf":{"@id":"https:\/\/hudo.com\/si\/#website"},"datePublished":"2020-01-24T14:07:06+00:00","dateModified":"2020-01-24T18:24:25+00:00","breadcrumb":{"@id":"https:\/\/hudo.com\/si\/aktualno\/v-streljaju-na-jugu-nemcije-vec-mrtvih\/#breadcrumb"},"inLanguage":"sl-SI","potentialAction":[{"@type":"ReadAction","target":["https:\/\/hudo.com\/si\/aktualno\/v-streljaju-na-jugu-nemcije-vec-mrtvih\/"]}]},{"@type":"BreadcrumbList","@id":"https:\/\/hudo.com\/si\/aktualno\/v-streljaju-na-jugu-nemcije-vec-mrtvih\/#breadcrumb","itemListElement":[{"@type":"ListItem","position":1,"name":"Home","item":"https:\/\/hudo.com\/si\/"},{"@type":"ListItem","position":2,"name":"V streljaju na jugu Nem\u010dije ve\u010d mrtvih"}]},{"@type":"WebSite","@id":"https:\/\/hudo.com\/si\/#website","url":"https:\/\/hudo.com\/si\/","name":"Hudo Slovenija","description":"Vse novice iz Slovenije in sveta","publisher":{"@id":"https:\/\/hudo.com\/si\/#organization"},"potentialAction":[{"@type":"SearchAction","target":{"@type":"EntryPoint","urlTemplate":"https:\/\/hudo.com\/si\/?s={search_term_string}"},"query-input":"required name=search_term_string"}],"inLanguage":"sl-SI"},{"@type":"Organization","@id":"https:\/\/hudo.com\/si\/#organization","name":"VSN Media","url":"https:\/\/hudo.com\/si\/","logo":{"@type":"ImageObject","inLanguage":"sl-SI","@id":"https:\/\/hudo.com\/si\/#\/schema\/logo\/image\/","url":"https:\/\/hudo.com\/si\/wp-content\/uploads\/sites\/2\/2021\/03\/hudo-app-2.png","contentUrl":"https:\/\/hudo.com\/si\/wp-content\/uploads\/sites\/2\/2021\/03\/hudo-app-2.png","width":2185,"height":2167,"caption":"VSN Media"},"image":{"@id":"https:\/\/hudo.com\/si\/#\/schema\/logo\/image\/"},"sameAs":["https:\/\/www.facebook.com\/hudo.si","https:\/\/twitter.com\/hudo_si"]},{"@type":"Person","@id":"https:\/\/hudo.com\/si\/#\/schema\/person\/2391667a63ea075ba94f2f2dc6b77537","name":"A. G., STA","image":{"@type":"ImageObject","inLanguage":"sl-SI","@id":"https:\/\/hudo.com\/si\/#\/schema\/person\/image\/","url":"https:\/\/secure.gravatar.com\/avatar\/e13d22ac3e442658d5025fbbe6238a79?s=96&d=mm&r=g","contentUrl":"https:\/\/secure.gravatar.com\/avatar\/e13d22ac3e442658d5025fbbe6238a79?s=96&d=mm&r=g","caption":"A. G., STA"},"url":"https:\/\/hudo.com\/si\/author\/alenka\/"}]}},"amp_enabled":true,"_links":{"self":[{"href":"https:\/\/hudo.com\/si\/wp-json\/wp\/v2\/posts\/414742"}],"collection":[{"href":"https:\/\/hudo.com\/si\/wp-json\/wp\/v2\/posts"}],"about":[{"href":"https:\/\/hudo.com\/si\/wp-json\/wp\/v2\/types\/post"}],"author":[{"embeddable":true,"href":"https:\/\/hudo.com\/si\/wp-json\/wp\/v2\/users\/5"}],"replies":[{"embeddable":true,"href":"https:\/\/hudo.com\/si\/wp-json\/wp\/v2\/comments?post=414742"}],"version-history":[{"count":2,"href":"https:\/\/hudo.com\/si\/wp-json\/wp\/v2\/posts\/414742\/revisions"}],"predecessor-version":[{"id":414751,"href":"https:\/\/hudo.com\/si\/wp-json\/wp\/v2\/posts\/414742\/revisions\/414751"}],"wp:featuredmedia":[{"embeddable":true,"href":"https:\/\/hudo.com\/si\/wp-json\/wp\/v2\/media\/221832"}],"wp:attachment":[{"href":"https:\/\/hudo.com\/si\/wp-json\/wp\/v2\/media?parent=414742"}],"wp:term":[{"taxonomy":"category","embeddable":true,"href":"https:\/\/hudo.com\/si\/wp-json\/wp\/v2\/categories?post=414742"},{"taxonomy":"post_tag","embeddable":true,"href":"https:\/\/hudo.com\/si\/wp-json\/wp\/v2\/tags?post=414742"},{"taxonomy":"source","embeddable":true,"href":"https:\/\/hudo.com\/si\/wp-json\/wp\/v2\/source?post=414742"},{"taxonomy":"supertag","embeddable":true,"href":"https:\/\/hudo.com\/si\/wp-json\/wp\/v2\/supertag?post=414742"}],"curies":[{"name":"wp","href":"https:\/\/api.w.org\/{rel}","templated":true}]}}