{"id":415030,"date":"2020-01-29T12:41:23","date_gmt":"2020-01-29T11:41:23","guid":{"rendered":"http:\/\/hudo.com\/si\/?p=415030"},"modified":"2020-01-29T12:41:23","modified_gmt":"2020-01-29T11:41:23","slug":"dopolnilno-zdravstveno-zavarovanje-zaenkrat-najverjetneje-ostaja","status":"publish","type":"post","link":"https:\/\/hudo.com\/si\/aktualno\/dopolnilno-zdravstveno-zavarovanje-zaenkrat-najverjetneje-ostaja\/","title":{"rendered":"Dopolnilno zdravstveno zavarovanje zaenkrat najverjetneje ostaja"},"content":{"rendered":"<p>Branko Simonovi\u010d je pojasnil, da v DeSUS vztrajajo pri oceni, da novela ne prina\u0161a pravega na\u010dina ukinitve dopolnilnega zavarovanja. Po njegovih besedah jih niso prepri\u010dala niti vlo\u017eena dopolnila. Opozoril je, da bi se bilo treba sprememb zdravstvenega zavarovanja lotiti v navezi z ureditvijo dolgotrajne oskrbe, kar pa se v tem primeru ni zgodilo. Dodal je, da jih v DeSUS skrbi, kaj bo morebitno sprejetje novele pomenilo za zdravstveno blagajno in za dr\u017eavni prora\u010dun.<\/p>\n<p>Proti noveli so se izrekli tudi v poslanski skupini koalicijske SMC, za katero do nedavnega \u0161e ni bilo jasno, ali bo predlog podprla. Po besedah Janija M\u00f6derndorferja sicer podpirajo ukinitev dopolnilnega zdravstvenega zavarovanja, a je razlog za njihovo odklonilo stali\u0161\u010de je v tem, da novela sploh ne ukinja dopolnilnega zavarovanja, ampak le prena\u0161a dajatev z enega na drug naslov, pri tem pa tudi terja, da se na \u0161iroko odprejo prora\u010dunska vrata, je opozoril. Poudaril je, da stali\u0161\u010de SMC nikakor ne pomeni napovedi nove koalicije, kot \u017eelijo nekateri prikazati.<\/p>\n<p>Do zakonske re\u0161itve so zelo kriti\u010dni v SDS. &#8220;Dopolnilnega zavarovanja ne ukinjate, ampak preoblikujete v pav\u0161alni prispevek,&#8221; je izpostavila poslanka Jelka Godec. Novela v zdaj\u0161nji obliki prina\u0161a enak prispevek za vse, \u010demur se je predlagatelj \u017eelel izogniti, zato se God\u010deva tudi spra\u0161uje, kako to, da ga bodo v Levici podprli. Strinja se, da bi ukinitev dopolnilnega zavarovanja morala spremljati progresivna lestvica, a ne v taki obliki, kot jo predlaga SD. Opozorila je tudi na razli\u010dne izra\u010dune, ki so spremljali nastajanje novele, in na to, da se za bolnike ne bo spremenilo ni\u010d, razen da bodo za zdravstvo pla\u010devali \u0161e ve\u010d.<\/p>\n<p>Iva Dimic (NSi) je napovedala, da njihova poslanska skupina ne bo podprla niti vlo\u017eenih dopolnil niti novele kot celote. Po njenih besedah novela ne ukinja dopolnilnega zdravstvenega zavarovanja, ampak le uvaja obvezni pav\u0161alni znesek, ki bo namesto h komercialnim zavarovalnicam \u0161el k Zavodu za zdravstveno zavarovanje Slovenije (ZZZS). Opozorila je, da se novela loteva pomembnih sprememb, ki bi terjale \u0161irok dru\u017ebeni konsenz, ki pa v tem primeru ni dose\u017een.<\/p>\n<p>Predlogu nasprotujejo tudi v SNS. Poslanec Du\u0161an \u0160i\u0161ko je spomnil na svoje pozive ob prej\u0161njih obravnavah novele, da po\u010dakajo na vladni predlog. &#8220;Zagotovo ga ne bomo podprli, ker ne \u017eelimo novi vladi takoj naprtiti neko ogromno delo,&#8221; je napovedal.<\/p>\n<p>Novelo zakona o zdravstvenem varstvu in zdravstvenem zavarovanju, za obravnavo katere imajo poslanci na voljo skoraj sedem ur, je v DZ vlo\u017eila Levica, a je koalicija nato predlog preoblikovala z uvedbo obveznega pav\u0161alnega prispevka v vi\u0161ini 29 evrov mese\u010dno. V LM\u0160 pa so pred tretjo obravnavno vlo\u017eili dopolnilo za dvig prispevka na 32 evrov. Potem ko so v drugi obravnavi umaknili varovalko, da bi morebitne primanjkljaje v zdravstveni blagajni kril prora\u010dun, pa sedaj \u017eelijo vrniti tako dolo\u010dilo.<\/p>\n","protected":false},"excerpt":{"rendered":"<p>DZ je pred dana\u0161njim glasovanjem za\u010del tretjo obravnavo predloga za ukinitev dopolnilnega zdravstvenega zavarovanja. Kot ka\u017eejo stali\u0161\u010da poslanskih skupin, zakonska re\u0161itev ni prepri\u010dala ve\u010dine poslancev. Poleg opozicijskih SDS, NSi in SNS so se proti zakonu izrekli \u0161e v koalicijskih DeSUS in SMC, ki se je v torek o svoji podpori \u0161e odlo\u010dala.<\/p>\n","protected":false},"author":8,"featured_media":399297,"comment_status":"closed","ping_status":"closed","sticky":false,"template":"","format":"standard","meta":{"footnotes":""},"categories":[1179],"tags":[14596,1595],"source":[4511],"supertag":[],"acf":[],"yoast_head":"<!-- This site is optimized with the Yoast SEO plugin v21.3 - https:\/\/yoast.com\/wordpress\/plugins\/seo\/ -->\n<title>Dopolnilno zdravstveno zavarovanje zaenkrat najverjetneje ostaja - Hudo Slovenija<\/title>\n<meta name=\"robots\" content=\"index, follow, max-snippet:-1, max-image-preview:large, max-video-preview:-1\" \/>\n<link rel=\"canonical\" href=\"https:\/\/hudo.com\/si\/aktualno\/dopolnilno-zdravstveno-zavarovanje-zaenkrat-najverjetneje-ostaja\/\" \/>\n<meta property=\"og:locale\" content=\"sl_SI\" \/>\n<meta property=\"og:type\" content=\"article\" \/>\n<meta property=\"og:title\" content=\"Dopolnilno zdravstveno zavarovanje zaenkrat najverjetneje ostaja - Hudo Slovenija\" \/>\n<meta property=\"og:description\" content=\"DZ je pred dana\u0161njim glasovanjem za\u010del tretjo obravnavo predloga za ukinitev dopolnilnega zdravstvenega zavarovanja. Kot ka\u017eejo stali\u0161\u010da poslanskih skupin, zakonska re\u0161itev ni prepri\u010dala ve\u010dine poslancev. Poleg opozicijskih SDS, NSi in SNS so se proti zakonu izrekli \u0161e v koalicijskih DeSUS in SMC, ki se je v torek o svoji podpori \u0161e odlo\u010dala.\" \/>\n<meta property=\"og:url\" content=\"https:\/\/hudo.com\/si\/aktualno\/dopolnilno-zdravstveno-zavarovanje-zaenkrat-najverjetneje-ostaja\/\" \/>\n<meta property=\"og:site_name\" content=\"Hudo Slovenija\" \/>\n<meta property=\"article:publisher\" content=\"https:\/\/www.facebook.com\/hudo.si\" \/>\n<meta property=\"article:published_time\" content=\"2020-01-29T11:41:23+00:00\" \/>\n<meta property=\"og:image\" content=\"https:\/\/hudo.com\/si\/wp-content\/uploads\/sites\/2\/2019\/05\/20070122-00021894.jpg\" \/>\n\t<meta property=\"og:image:width\" content=\"640\" \/>\n\t<meta property=\"og:image:height\" content=\"435\" \/>\n\t<meta property=\"og:image:type\" content=\"image\/jpeg\" \/>\n<meta name=\"author\" content=\"M. N., STA\" \/>\n<meta name=\"twitter:card\" content=\"summary_large_image\" \/>\n<meta name=\"twitter:creator\" content=\"@hudo_si\" \/>\n<meta name=\"twitter:site\" content=\"@hudo_si\" \/>\n<meta name=\"twitter:label1\" content=\"Written by\" \/>\n\t<meta name=\"twitter:data1\" content=\"M. N., STA\" \/>\n\t<meta name=\"twitter:label2\" content=\"Est. reading time\" \/>\n\t<meta name=\"twitter:data2\" content=\"2 minuti\" \/>\n<script type=\"application\/ld+json\" class=\"yoast-schema-graph\">{\"@context\":\"https:\/\/schema.org\",\"@graph\":[{\"@type\":\"Article\",\"@id\":\"https:\/\/hudo.com\/si\/aktualno\/dopolnilno-zdravstveno-zavarovanje-zaenkrat-najverjetneje-ostaja\/#article\",\"isPartOf\":{\"@id\":\"https:\/\/hudo.com\/si\/aktualno\/dopolnilno-zdravstveno-zavarovanje-zaenkrat-najverjetneje-ostaja\/\"},\"author\":{\"name\":\"M. N., STA\",\"@id\":\"https:\/\/hudo.com\/si\/#\/schema\/person\/c2f10ce65d2e6ede2aeda5be2a0611fa\"},\"headline\":\"Dopolnilno zdravstveno zavarovanje zaenkrat najverjetneje ostaja\",\"datePublished\":\"2020-01-29T11:41:23+00:00\",\"dateModified\":\"2020-01-29T11:41:23+00:00\",\"mainEntityOfPage\":{\"@id\":\"https:\/\/hudo.com\/si\/aktualno\/dopolnilno-zdravstveno-zavarovanje-zaenkrat-najverjetneje-ostaja\/\"},\"wordCount\":486,\"publisher\":{\"@id\":\"https:\/\/hudo.com\/si\/#organization\"},\"keywords\":[\"dopolnilno zdravstveno zavarovanje\",\"Slovenija\"],\"articleSection\":[\"Aktualno\"],\"inLanguage\":\"sl-SI\"},{\"@type\":\"WebPage\",\"@id\":\"https:\/\/hudo.com\/si\/aktualno\/dopolnilno-zdravstveno-zavarovanje-zaenkrat-najverjetneje-ostaja\/\",\"url\":\"https:\/\/hudo.com\/si\/aktualno\/dopolnilno-zdravstveno-zavarovanje-zaenkrat-najverjetneje-ostaja\/\",\"name\":\"Dopolnilno zdravstveno zavarovanje zaenkrat najverjetneje ostaja - Hudo Slovenija\",\"isPartOf\":{\"@id\":\"https:\/\/hudo.com\/si\/#website\"},\"datePublished\":\"2020-01-29T11:41:23+00:00\",\"dateModified\":\"2020-01-29T11:41:23+00:00\",\"breadcrumb\":{\"@id\":\"https:\/\/hudo.com\/si\/aktualno\/dopolnilno-zdravstveno-zavarovanje-zaenkrat-najverjetneje-ostaja\/#breadcrumb\"},\"inLanguage\":\"sl-SI\",\"potentialAction\":[{\"@type\":\"ReadAction\",\"target\":[\"https:\/\/hudo.com\/si\/aktualno\/dopolnilno-zdravstveno-zavarovanje-zaenkrat-najverjetneje-ostaja\/\"]}]},{\"@type\":\"BreadcrumbList\",\"@id\":\"https:\/\/hudo.com\/si\/aktualno\/dopolnilno-zdravstveno-zavarovanje-zaenkrat-najverjetneje-ostaja\/#breadcrumb\",\"itemListElement\":[{\"@type\":\"ListItem\",\"position\":1,\"name\":\"Home\",\"item\":\"https:\/\/hudo.com\/si\/\"},{\"@type\":\"ListItem\",\"position\":2,\"name\":\"Dopolnilno zdravstveno zavarovanje zaenkrat najverjetneje ostaja\"}]},{\"@type\":\"WebSite\",\"@id\":\"https:\/\/hudo.com\/si\/#website\",\"url\":\"https:\/\/hudo.com\/si\/\",\"name\":\"Hudo Slovenija\",\"description\":\"Vse novice iz Slovenije in sveta\",\"publisher\":{\"@id\":\"https:\/\/hudo.com\/si\/#organization\"},\"potentialAction\":[{\"@type\":\"SearchAction\",\"target\":{\"@type\":\"EntryPoint\",\"urlTemplate\":\"https:\/\/hudo.com\/si\/?s={search_term_string}\"},\"query-input\":\"required name=search_term_string\"}],\"inLanguage\":\"sl-SI\"},{\"@type\":\"Organization\",\"@id\":\"https:\/\/hudo.com\/si\/#organization\",\"name\":\"VSN Media\",\"url\":\"https:\/\/hudo.com\/si\/\",\"logo\":{\"@type\":\"ImageObject\",\"inLanguage\":\"sl-SI\",\"@id\":\"https:\/\/hudo.com\/si\/#\/schema\/logo\/image\/\",\"url\":\"https:\/\/hudo.com\/si\/wp-content\/uploads\/sites\/2\/2021\/03\/hudo-app-2.png\",\"contentUrl\":\"https:\/\/hudo.com\/si\/wp-content\/uploads\/sites\/2\/2021\/03\/hudo-app-2.png\",\"width\":2185,\"height\":2167,\"caption\":\"VSN Media\"},\"image\":{\"@id\":\"https:\/\/hudo.com\/si\/#\/schema\/logo\/image\/\"},\"sameAs\":[\"https:\/\/www.facebook.com\/hudo.si\",\"https:\/\/twitter.com\/hudo_si\"]},{\"@type\":\"Person\",\"@id\":\"https:\/\/hudo.com\/si\/#\/schema\/person\/c2f10ce65d2e6ede2aeda5be2a0611fa\",\"name\":\"M. N., STA\",\"image\":{\"@type\":\"ImageObject\",\"inLanguage\":\"sl-SI\",\"@id\":\"https:\/\/hudo.com\/si\/#\/schema\/person\/image\/\",\"url\":\"https:\/\/secure.gravatar.com\/avatar\/f370d38daa10467f755c5c766a4cac20?s=96&d=mm&r=g\",\"contentUrl\":\"https:\/\/secure.gravatar.com\/avatar\/f370d38daa10467f755c5c766a4cac20?s=96&d=mm&r=g\",\"caption\":\"M. N., STA\"},\"url\":\"https:\/\/hudo.com\/si\/author\/mana\/\"}]}<\/script>\n<!-- \/ Yoast SEO plugin. -->","yoast_head_json":{"title":"Dopolnilno zdravstveno zavarovanje zaenkrat najverjetneje ostaja - Hudo Slovenija","robots":{"index":"index","follow":"follow","max-snippet":"max-snippet:-1","max-image-preview":"max-image-preview:large","max-video-preview":"max-video-preview:-1"},"canonical":"https:\/\/hudo.com\/si\/aktualno\/dopolnilno-zdravstveno-zavarovanje-zaenkrat-najverjetneje-ostaja\/","og_locale":"sl_SI","og_type":"article","og_title":"Dopolnilno zdravstveno zavarovanje zaenkrat najverjetneje ostaja - Hudo Slovenija","og_description":"DZ je pred dana\u0161njim glasovanjem za\u010del tretjo obravnavo predloga za ukinitev dopolnilnega zdravstvenega zavarovanja. Kot ka\u017eejo stali\u0161\u010da poslanskih skupin, zakonska re\u0161itev ni prepri\u010dala ve\u010dine poslancev. Poleg opozicijskih SDS, NSi in SNS so se proti zakonu izrekli \u0161e v koalicijskih DeSUS in SMC, ki se je v torek o svoji podpori \u0161e odlo\u010dala.","og_url":"https:\/\/hudo.com\/si\/aktualno\/dopolnilno-zdravstveno-zavarovanje-zaenkrat-najverjetneje-ostaja\/","og_site_name":"Hudo Slovenija","article_publisher":"https:\/\/www.facebook.com\/hudo.si","article_published_time":"2020-01-29T11:41:23+00:00","og_image":[{"width":640,"height":435,"url":"https:\/\/hudo.com\/si\/wp-content\/uploads\/sites\/2\/2019\/05\/20070122-00021894.jpg","type":"image\/jpeg"}],"author":"M. N., STA","twitter_card":"summary_large_image","twitter_creator":"@hudo_si","twitter_site":"@hudo_si","twitter_misc":{"Written by":"M. N., STA","Est. reading time":"2 minuti"},"schema":{"@context":"https:\/\/schema.org","@graph":[{"@type":"Article","@id":"https:\/\/hudo.com\/si\/aktualno\/dopolnilno-zdravstveno-zavarovanje-zaenkrat-najverjetneje-ostaja\/#article","isPartOf":{"@id":"https:\/\/hudo.com\/si\/aktualno\/dopolnilno-zdravstveno-zavarovanje-zaenkrat-najverjetneje-ostaja\/"},"author":{"name":"M. N., STA","@id":"https:\/\/hudo.com\/si\/#\/schema\/person\/c2f10ce65d2e6ede2aeda5be2a0611fa"},"headline":"Dopolnilno zdravstveno zavarovanje zaenkrat najverjetneje ostaja","datePublished":"2020-01-29T11:41:23+00:00","dateModified":"2020-01-29T11:41:23+00:00","mainEntityOfPage":{"@id":"https:\/\/hudo.com\/si\/aktualno\/dopolnilno-zdravstveno-zavarovanje-zaenkrat-najverjetneje-ostaja\/"},"wordCount":486,"publisher":{"@id":"https:\/\/hudo.com\/si\/#organization"},"keywords":["dopolnilno zdravstveno zavarovanje","Slovenija"],"articleSection":["Aktualno"],"inLanguage":"sl-SI"},{"@type":"WebPage","@id":"https:\/\/hudo.com\/si\/aktualno\/dopolnilno-zdravstveno-zavarovanje-zaenkrat-najverjetneje-ostaja\/","url":"https:\/\/hudo.com\/si\/aktualno\/dopolnilno-zdravstveno-zavarovanje-zaenkrat-najverjetneje-ostaja\/","name":"Dopolnilno zdravstveno zavarovanje zaenkrat najverjetneje ostaja - Hudo Slovenija","isPartOf":{"@id":"https:\/\/hudo.com\/si\/#website"},"datePublished":"2020-01-29T11:41:23+00:00","dateModified":"2020-01-29T11:41:23+00:00","breadcrumb":{"@id":"https:\/\/hudo.com\/si\/aktualno\/dopolnilno-zdravstveno-zavarovanje-zaenkrat-najverjetneje-ostaja\/#breadcrumb"},"inLanguage":"sl-SI","potentialAction":[{"@type":"ReadAction","target":["https:\/\/hudo.com\/si\/aktualno\/dopolnilno-zdravstveno-zavarovanje-zaenkrat-najverjetneje-ostaja\/"]}]},{"@type":"BreadcrumbList","@id":"https:\/\/hudo.com\/si\/aktualno\/dopolnilno-zdravstveno-zavarovanje-zaenkrat-najverjetneje-ostaja\/#breadcrumb","itemListElement":[{"@type":"ListItem","position":1,"name":"Home","item":"https:\/\/hudo.com\/si\/"},{"@type":"ListItem","position":2,"name":"Dopolnilno zdravstveno zavarovanje zaenkrat najverjetneje ostaja"}]},{"@type":"WebSite","@id":"https:\/\/hudo.com\/si\/#website","url":"https:\/\/hudo.com\/si\/","name":"Hudo Slovenija","description":"Vse novice iz Slovenije in sveta","publisher":{"@id":"https:\/\/hudo.com\/si\/#organization"},"potentialAction":[{"@type":"SearchAction","target":{"@type":"EntryPoint","urlTemplate":"https:\/\/hudo.com\/si\/?s={search_term_string}"},"query-input":"required name=search_term_string"}],"inLanguage":"sl-SI"},{"@type":"Organization","@id":"https:\/\/hudo.com\/si\/#organization","name":"VSN Media","url":"https:\/\/hudo.com\/si\/","logo":{"@type":"ImageObject","inLanguage":"sl-SI","@id":"https:\/\/hudo.com\/si\/#\/schema\/logo\/image\/","url":"https:\/\/hudo.com\/si\/wp-content\/uploads\/sites\/2\/2021\/03\/hudo-app-2.png","contentUrl":"https:\/\/hudo.com\/si\/wp-content\/uploads\/sites\/2\/2021\/03\/hudo-app-2.png","width":2185,"height":2167,"caption":"VSN Media"},"image":{"@id":"https:\/\/hudo.com\/si\/#\/schema\/logo\/image\/"},"sameAs":["https:\/\/www.facebook.com\/hudo.si","https:\/\/twitter.com\/hudo_si"]},{"@type":"Person","@id":"https:\/\/hudo.com\/si\/#\/schema\/person\/c2f10ce65d2e6ede2aeda5be2a0611fa","name":"M. N., STA","image":{"@type":"ImageObject","inLanguage":"sl-SI","@id":"https:\/\/hudo.com\/si\/#\/schema\/person\/image\/","url":"https:\/\/secure.gravatar.com\/avatar\/f370d38daa10467f755c5c766a4cac20?s=96&d=mm&r=g","contentUrl":"https:\/\/secure.gravatar.com\/avatar\/f370d38daa10467f755c5c766a4cac20?s=96&d=mm&r=g","caption":"M. N., STA"},"url":"https:\/\/hudo.com\/si\/author\/mana\/"}]}},"amp_enabled":true,"_links":{"self":[{"href":"https:\/\/hudo.com\/si\/wp-json\/wp\/v2\/posts\/415030"}],"collection":[{"href":"https:\/\/hudo.com\/si\/wp-json\/wp\/v2\/posts"}],"about":[{"href":"https:\/\/hudo.com\/si\/wp-json\/wp\/v2\/types\/post"}],"author":[{"embeddable":true,"href":"https:\/\/hudo.com\/si\/wp-json\/wp\/v2\/users\/8"}],"replies":[{"embeddable":true,"href":"https:\/\/hudo.com\/si\/wp-json\/wp\/v2\/comments?post=415030"}],"version-history":[{"count":1,"href":"https:\/\/hudo.com\/si\/wp-json\/wp\/v2\/posts\/415030\/revisions"}],"predecessor-version":[{"id":415031,"href":"https:\/\/hudo.com\/si\/wp-json\/wp\/v2\/posts\/415030\/revisions\/415031"}],"wp:featuredmedia":[{"embeddable":true,"href":"https:\/\/hudo.com\/si\/wp-json\/wp\/v2\/media\/399297"}],"wp:attachment":[{"href":"https:\/\/hudo.com\/si\/wp-json\/wp\/v2\/media?parent=415030"}],"wp:term":[{"taxonomy":"category","embeddable":true,"href":"https:\/\/hudo.com\/si\/wp-json\/wp\/v2\/categories?post=415030"},{"taxonomy":"post_tag","embeddable":true,"href":"https:\/\/hudo.com\/si\/wp-json\/wp\/v2\/tags?post=415030"},{"taxonomy":"source","embeddable":true,"href":"https:\/\/hudo.com\/si\/wp-json\/wp\/v2\/source?post=415030"},{"taxonomy":"supertag","embeddable":true,"href":"https:\/\/hudo.com\/si\/wp-json\/wp\/v2\/supertag?post=415030"}],"curies":[{"name":"wp","href":"https:\/\/api.w.org\/{rel}","templated":true}]}}