{"id":415083,"date":"2020-01-30T09:52:15","date_gmt":"2020-01-30T08:52:15","guid":{"rendered":"http:\/\/hudo.com\/si\/?p=415083"},"modified":"2020-01-30T09:52:15","modified_gmt":"2020-01-30T08:52:15","slug":"slovenski-vojaki-se-vrnili-v-erbil","status":"publish","type":"post","link":"https:\/\/hudo.com\/si\/aktualno\/slovenski-vojaki-se-vrnili-v-erbil\/","title":{"rendered":"Slovenski vojaki so se vrnili v Erbil"},"content":{"rendered":"<p>Nov kontingent Slovenske vojske je tako dol\u017enosti prevzel dva dni pred na\u010drtovano rotacijo 1. februarja. Prej\u0161nji kontingent se je pred\u010dasno vrnil zaradi iranskega raketnega napada 8. januarja na bazo v Erbilu, v kateri so bili name\u0161\u010deni.<\/p>\n<p>Slovenski vojaki v Erbilu delujejo pod poveljstvom nem\u0161ke vojske in po iranskem raketnem napadu so \u017ee stekle priprave na evakuacijo baze. A ker ameri\u0161ki predsednik Donald Trump potem ni napovedal ma\u0161\u010devanja Iranu, so si nem\u0161ki vojaki premislili in v Erbilu ostali. Slovenija pa je svoje vojake naslednji dan po napadu vseeno vrnila domov.<\/p>\n<p>Slovenski obrambni minister Karl Erjavec je tedaj zagotovil, da gre le za pred\u010dasni konec dela kontingenta, ki bi se moral tako ali tako zamenjati do 1. februarja. Poleg tega pa je bilo urjenje ira\u0161kih varnostnih sil prekinjeno.<\/p>\n<p>Zatrdil je, da to ne pomeni tudi umika Slovenije iz operacije Neomajna odlo\u010denost. Prav tako je napovedal, da se bodo vojaki vrnili v Irak \u0161e pred 1. februarjem, \u010de se bo urjenje Ira\u010danov obnovilo. Nem\u0161ka vojska je nato urjenje Ira\u010danov obnovila minulo nedeljo.<\/p>\n<p>Slovenska vojska sicer v operaciji Neomajna odlo\u010denost, ki je namenjena urjenju ira\u0161kih sil v boju proti teroristi\u010dni skupini Islamska dr\u017eava (IS), sodeluje od septembra 2016. \u0160est pripadnikov deluje v Erbilu na severu Iraka, en \u010dastnik pa v poveljstvu koalicije proti IS v Tampi na Floridi. Slovenski voja\u0161ki in\u0161truktorji ira\u0161kim borcem svetujejo kot mentorji na podro\u010djih pehotne oboro\u017eitve in taktike, temeljne medicinske pomo\u010di, in\u017eenirstva ter zvez, so \u0161e pojasnili v Slovenski vojski.<\/p>\n","protected":false},"excerpt":{"rendered":"<p>Slovenski voja\u0161ki in\u0161truktorji so se vrnili na misijo Neomajna odlo\u010denost v Iraku, so danes sporo\u010dili iz Slovenske vojske. \u0160esterica slovenskih vojakov je \u017ee &#8220;na obmo\u010dju delovanja v severnem delu Iraka&#8221;, kjer bodo v prihodnjih dneh za\u010deli urjenje ira\u0161kih varnostnih sil.<\/p>\n","protected":false},"author":5,"featured_media":403881,"comment_status":"closed","ping_status":"closed","sticky":false,"template":"","format":"standard","meta":{"footnotes":""},"categories":[1179],"tags":[5702,1595,5219],"source":[4511],"supertag":[],"acf":[],"yoast_head":"<!-- This site is optimized with the Yoast SEO plugin v21.3 - https:\/\/yoast.com\/wordpress\/plugins\/seo\/ -->\n<title>Slovenski vojaki so se vrnili v Erbil<\/title>\n<meta name=\"description\" content=\"Slovenski voja\u0161ki in\u0161truktorji so se vrnili na misijo Neomajna odlo\u010denost v Iraku, so danes sporo\u010dili iz Slovenske vojske.\" \/>\n<meta name=\"robots\" content=\"index, follow, max-snippet:-1, max-image-preview:large, max-video-preview:-1\" \/>\n<link rel=\"canonical\" href=\"https:\/\/hudo.com\/si\/aktualno\/slovenski-vojaki-se-vrnili-v-erbil\/\" \/>\n<meta property=\"og:locale\" content=\"sl_SI\" \/>\n<meta property=\"og:type\" content=\"article\" \/>\n<meta property=\"og:title\" content=\"Slovenski vojaki so se vrnili v Erbil\" \/>\n<meta property=\"og:description\" content=\"Slovenski voja\u0161ki in\u0161truktorji so se vrnili na misijo Neomajna odlo\u010denost v Iraku, so danes sporo\u010dili iz Slovenske vojske.\" \/>\n<meta property=\"og:url\" content=\"https:\/\/hudo.com\/si\/aktualno\/slovenski-vojaki-se-vrnili-v-erbil\/\" \/>\n<meta property=\"og:site_name\" content=\"Hudo Slovenija\" \/>\n<meta property=\"article:publisher\" content=\"https:\/\/www.facebook.com\/hudo.si\" \/>\n<meta property=\"article:published_time\" content=\"2020-01-30T08:52:15+00:00\" \/>\n<meta property=\"og:image\" content=\"https:\/\/hudo.com\/si\/wp-content\/uploads\/sites\/2\/2019\/08\/20190306-00919810.jpg\" \/>\n\t<meta property=\"og:image:width\" content=\"640\" \/>\n\t<meta property=\"og:image:height\" content=\"426\" \/>\n\t<meta property=\"og:image:type\" content=\"image\/jpeg\" \/>\n<meta name=\"author\" content=\"A. G., STA\" \/>\n<meta name=\"twitter:card\" content=\"summary_large_image\" \/>\n<meta name=\"twitter:creator\" content=\"@hudo_si\" \/>\n<meta name=\"twitter:site\" content=\"@hudo_si\" \/>\n<meta name=\"twitter:label1\" content=\"Written by\" \/>\n\t<meta name=\"twitter:data1\" content=\"A. G., STA\" \/>\n\t<meta name=\"twitter:label2\" content=\"Est. reading time\" \/>\n\t<meta name=\"twitter:data2\" content=\"1 minuta\" \/>\n<script type=\"application\/ld+json\" class=\"yoast-schema-graph\">{\"@context\":\"https:\/\/schema.org\",\"@graph\":[{\"@type\":\"Article\",\"@id\":\"https:\/\/hudo.com\/si\/aktualno\/slovenski-vojaki-se-vrnili-v-erbil\/#article\",\"isPartOf\":{\"@id\":\"https:\/\/hudo.com\/si\/aktualno\/slovenski-vojaki-se-vrnili-v-erbil\/\"},\"author\":{\"name\":\"A. G., STA\",\"@id\":\"https:\/\/hudo.com\/si\/#\/schema\/person\/2391667a63ea075ba94f2f2dc6b77537\"},\"headline\":\"Slovenski vojaki so se vrnili v Erbil\",\"datePublished\":\"2020-01-30T08:52:15+00:00\",\"dateModified\":\"2020-01-30T08:52:15+00:00\",\"mainEntityOfPage\":{\"@id\":\"https:\/\/hudo.com\/si\/aktualno\/slovenski-vojaki-se-vrnili-v-erbil\/\"},\"wordCount\":268,\"publisher\":{\"@id\":\"https:\/\/hudo.com\/si\/#organization\"},\"keywords\":[\"irak\",\"Slovenija\",\"Slovenska vojska\"],\"articleSection\":[\"Aktualno\"],\"inLanguage\":\"sl-SI\"},{\"@type\":\"WebPage\",\"@id\":\"https:\/\/hudo.com\/si\/aktualno\/slovenski-vojaki-se-vrnili-v-erbil\/\",\"url\":\"https:\/\/hudo.com\/si\/aktualno\/slovenski-vojaki-se-vrnili-v-erbil\/\",\"name\":\"Slovenski vojaki so se vrnili v Erbil\",\"isPartOf\":{\"@id\":\"https:\/\/hudo.com\/si\/#website\"},\"datePublished\":\"2020-01-30T08:52:15+00:00\",\"dateModified\":\"2020-01-30T08:52:15+00:00\",\"description\":\"Slovenski voja\u0161ki in\u0161truktorji so se vrnili na misijo Neomajna odlo\u010denost v Iraku, so danes sporo\u010dili iz Slovenske vojske.\",\"breadcrumb\":{\"@id\":\"https:\/\/hudo.com\/si\/aktualno\/slovenski-vojaki-se-vrnili-v-erbil\/#breadcrumb\"},\"inLanguage\":\"sl-SI\",\"potentialAction\":[{\"@type\":\"ReadAction\",\"target\":[\"https:\/\/hudo.com\/si\/aktualno\/slovenski-vojaki-se-vrnili-v-erbil\/\"]}]},{\"@type\":\"BreadcrumbList\",\"@id\":\"https:\/\/hudo.com\/si\/aktualno\/slovenski-vojaki-se-vrnili-v-erbil\/#breadcrumb\",\"itemListElement\":[{\"@type\":\"ListItem\",\"position\":1,\"name\":\"Home\",\"item\":\"https:\/\/hudo.com\/si\/\"},{\"@type\":\"ListItem\",\"position\":2,\"name\":\"Slovenski vojaki so se vrnili v Erbil\"}]},{\"@type\":\"WebSite\",\"@id\":\"https:\/\/hudo.com\/si\/#website\",\"url\":\"https:\/\/hudo.com\/si\/\",\"name\":\"Hudo Slovenija\",\"description\":\"Vse novice iz Slovenije in sveta\",\"publisher\":{\"@id\":\"https:\/\/hudo.com\/si\/#organization\"},\"potentialAction\":[{\"@type\":\"SearchAction\",\"target\":{\"@type\":\"EntryPoint\",\"urlTemplate\":\"https:\/\/hudo.com\/si\/?s={search_term_string}\"},\"query-input\":\"required name=search_term_string\"}],\"inLanguage\":\"sl-SI\"},{\"@type\":\"Organization\",\"@id\":\"https:\/\/hudo.com\/si\/#organization\",\"name\":\"VSN Media\",\"url\":\"https:\/\/hudo.com\/si\/\",\"logo\":{\"@type\":\"ImageObject\",\"inLanguage\":\"sl-SI\",\"@id\":\"https:\/\/hudo.com\/si\/#\/schema\/logo\/image\/\",\"url\":\"https:\/\/hudo.com\/si\/wp-content\/uploads\/sites\/2\/2021\/03\/hudo-app-2.png\",\"contentUrl\":\"https:\/\/hudo.com\/si\/wp-content\/uploads\/sites\/2\/2021\/03\/hudo-app-2.png\",\"width\":2185,\"height\":2167,\"caption\":\"VSN Media\"},\"image\":{\"@id\":\"https:\/\/hudo.com\/si\/#\/schema\/logo\/image\/\"},\"sameAs\":[\"https:\/\/www.facebook.com\/hudo.si\",\"https:\/\/twitter.com\/hudo_si\"]},{\"@type\":\"Person\",\"@id\":\"https:\/\/hudo.com\/si\/#\/schema\/person\/2391667a63ea075ba94f2f2dc6b77537\",\"name\":\"A. G., STA\",\"image\":{\"@type\":\"ImageObject\",\"inLanguage\":\"sl-SI\",\"@id\":\"https:\/\/hudo.com\/si\/#\/schema\/person\/image\/\",\"url\":\"https:\/\/secure.gravatar.com\/avatar\/e13d22ac3e442658d5025fbbe6238a79?s=96&d=mm&r=g\",\"contentUrl\":\"https:\/\/secure.gravatar.com\/avatar\/e13d22ac3e442658d5025fbbe6238a79?s=96&d=mm&r=g\",\"caption\":\"A. G., STA\"},\"url\":\"https:\/\/hudo.com\/si\/author\/alenka\/\"}]}<\/script>\n<!-- \/ Yoast SEO plugin. -->","yoast_head_json":{"title":"Slovenski vojaki so se vrnili v Erbil","description":"Slovenski voja\u0161ki in\u0161truktorji so se vrnili na misijo Neomajna odlo\u010denost v Iraku, so danes sporo\u010dili iz Slovenske vojske.","robots":{"index":"index","follow":"follow","max-snippet":"max-snippet:-1","max-image-preview":"max-image-preview:large","max-video-preview":"max-video-preview:-1"},"canonical":"https:\/\/hudo.com\/si\/aktualno\/slovenski-vojaki-se-vrnili-v-erbil\/","og_locale":"sl_SI","og_type":"article","og_title":"Slovenski vojaki so se vrnili v Erbil","og_description":"Slovenski voja\u0161ki in\u0161truktorji so se vrnili na misijo Neomajna odlo\u010denost v Iraku, so danes sporo\u010dili iz Slovenske vojske.","og_url":"https:\/\/hudo.com\/si\/aktualno\/slovenski-vojaki-se-vrnili-v-erbil\/","og_site_name":"Hudo Slovenija","article_publisher":"https:\/\/www.facebook.com\/hudo.si","article_published_time":"2020-01-30T08:52:15+00:00","og_image":[{"width":640,"height":426,"url":"https:\/\/hudo.com\/si\/wp-content\/uploads\/sites\/2\/2019\/08\/20190306-00919810.jpg","type":"image\/jpeg"}],"author":"A. G., STA","twitter_card":"summary_large_image","twitter_creator":"@hudo_si","twitter_site":"@hudo_si","twitter_misc":{"Written by":"A. G., STA","Est. reading time":"1 minuta"},"schema":{"@context":"https:\/\/schema.org","@graph":[{"@type":"Article","@id":"https:\/\/hudo.com\/si\/aktualno\/slovenski-vojaki-se-vrnili-v-erbil\/#article","isPartOf":{"@id":"https:\/\/hudo.com\/si\/aktualno\/slovenski-vojaki-se-vrnili-v-erbil\/"},"author":{"name":"A. G., STA","@id":"https:\/\/hudo.com\/si\/#\/schema\/person\/2391667a63ea075ba94f2f2dc6b77537"},"headline":"Slovenski vojaki so se vrnili v Erbil","datePublished":"2020-01-30T08:52:15+00:00","dateModified":"2020-01-30T08:52:15+00:00","mainEntityOfPage":{"@id":"https:\/\/hudo.com\/si\/aktualno\/slovenski-vojaki-se-vrnili-v-erbil\/"},"wordCount":268,"publisher":{"@id":"https:\/\/hudo.com\/si\/#organization"},"keywords":["irak","Slovenija","Slovenska vojska"],"articleSection":["Aktualno"],"inLanguage":"sl-SI"},{"@type":"WebPage","@id":"https:\/\/hudo.com\/si\/aktualno\/slovenski-vojaki-se-vrnili-v-erbil\/","url":"https:\/\/hudo.com\/si\/aktualno\/slovenski-vojaki-se-vrnili-v-erbil\/","name":"Slovenski vojaki so se vrnili v Erbil","isPartOf":{"@id":"https:\/\/hudo.com\/si\/#website"},"datePublished":"2020-01-30T08:52:15+00:00","dateModified":"2020-01-30T08:52:15+00:00","description":"Slovenski voja\u0161ki in\u0161truktorji so se vrnili na misijo Neomajna odlo\u010denost v Iraku, so danes sporo\u010dili iz Slovenske vojske.","breadcrumb":{"@id":"https:\/\/hudo.com\/si\/aktualno\/slovenski-vojaki-se-vrnili-v-erbil\/#breadcrumb"},"inLanguage":"sl-SI","potentialAction":[{"@type":"ReadAction","target":["https:\/\/hudo.com\/si\/aktualno\/slovenski-vojaki-se-vrnili-v-erbil\/"]}]},{"@type":"BreadcrumbList","@id":"https:\/\/hudo.com\/si\/aktualno\/slovenski-vojaki-se-vrnili-v-erbil\/#breadcrumb","itemListElement":[{"@type":"ListItem","position":1,"name":"Home","item":"https:\/\/hudo.com\/si\/"},{"@type":"ListItem","position":2,"name":"Slovenski vojaki so se vrnili v Erbil"}]},{"@type":"WebSite","@id":"https:\/\/hudo.com\/si\/#website","url":"https:\/\/hudo.com\/si\/","name":"Hudo Slovenija","description":"Vse novice iz Slovenije in sveta","publisher":{"@id":"https:\/\/hudo.com\/si\/#organization"},"potentialAction":[{"@type":"SearchAction","target":{"@type":"EntryPoint","urlTemplate":"https:\/\/hudo.com\/si\/?s={search_term_string}"},"query-input":"required name=search_term_string"}],"inLanguage":"sl-SI"},{"@type":"Organization","@id":"https:\/\/hudo.com\/si\/#organization","name":"VSN Media","url":"https:\/\/hudo.com\/si\/","logo":{"@type":"ImageObject","inLanguage":"sl-SI","@id":"https:\/\/hudo.com\/si\/#\/schema\/logo\/image\/","url":"https:\/\/hudo.com\/si\/wp-content\/uploads\/sites\/2\/2021\/03\/hudo-app-2.png","contentUrl":"https:\/\/hudo.com\/si\/wp-content\/uploads\/sites\/2\/2021\/03\/hudo-app-2.png","width":2185,"height":2167,"caption":"VSN Media"},"image":{"@id":"https:\/\/hudo.com\/si\/#\/schema\/logo\/image\/"},"sameAs":["https:\/\/www.facebook.com\/hudo.si","https:\/\/twitter.com\/hudo_si"]},{"@type":"Person","@id":"https:\/\/hudo.com\/si\/#\/schema\/person\/2391667a63ea075ba94f2f2dc6b77537","name":"A. G., STA","image":{"@type":"ImageObject","inLanguage":"sl-SI","@id":"https:\/\/hudo.com\/si\/#\/schema\/person\/image\/","url":"https:\/\/secure.gravatar.com\/avatar\/e13d22ac3e442658d5025fbbe6238a79?s=96&d=mm&r=g","contentUrl":"https:\/\/secure.gravatar.com\/avatar\/e13d22ac3e442658d5025fbbe6238a79?s=96&d=mm&r=g","caption":"A. G., STA"},"url":"https:\/\/hudo.com\/si\/author\/alenka\/"}]}},"amp_enabled":true,"_links":{"self":[{"href":"https:\/\/hudo.com\/si\/wp-json\/wp\/v2\/posts\/415083"}],"collection":[{"href":"https:\/\/hudo.com\/si\/wp-json\/wp\/v2\/posts"}],"about":[{"href":"https:\/\/hudo.com\/si\/wp-json\/wp\/v2\/types\/post"}],"author":[{"embeddable":true,"href":"https:\/\/hudo.com\/si\/wp-json\/wp\/v2\/users\/5"}],"replies":[{"embeddable":true,"href":"https:\/\/hudo.com\/si\/wp-json\/wp\/v2\/comments?post=415083"}],"version-history":[{"count":1,"href":"https:\/\/hudo.com\/si\/wp-json\/wp\/v2\/posts\/415083\/revisions"}],"predecessor-version":[{"id":415084,"href":"https:\/\/hudo.com\/si\/wp-json\/wp\/v2\/posts\/415083\/revisions\/415084"}],"wp:featuredmedia":[{"embeddable":true,"href":"https:\/\/hudo.com\/si\/wp-json\/wp\/v2\/media\/403881"}],"wp:attachment":[{"href":"https:\/\/hudo.com\/si\/wp-json\/wp\/v2\/media?parent=415083"}],"wp:term":[{"taxonomy":"category","embeddable":true,"href":"https:\/\/hudo.com\/si\/wp-json\/wp\/v2\/categories?post=415083"},{"taxonomy":"post_tag","embeddable":true,"href":"https:\/\/hudo.com\/si\/wp-json\/wp\/v2\/tags?post=415083"},{"taxonomy":"source","embeddable":true,"href":"https:\/\/hudo.com\/si\/wp-json\/wp\/v2\/source?post=415083"},{"taxonomy":"supertag","embeddable":true,"href":"https:\/\/hudo.com\/si\/wp-json\/wp\/v2\/supertag?post=415083"}],"curies":[{"name":"wp","href":"https:\/\/api.w.org\/{rel}","templated":true}]}}