{"id":415165,"date":"2020-01-30T19:08:12","date_gmt":"2020-01-30T18:08:12","guid":{"rendered":"http:\/\/hudo.com\/si\/?p=415165"},"modified":"2020-01-30T19:08:12","modified_gmt":"2020-01-30T18:08:12","slug":"stevilo-bolnikov-s-sumom-na-gripo-predvsem-otrok-v-prejsnjem-tednu-mocno-naraslo","status":"publish","type":"post","link":"https:\/\/hudo.com\/si\/aktualno\/stevilo-bolnikov-s-sumom-na-gripo-predvsem-otrok-v-prejsnjem-tednu-mocno-naraslo\/","title":{"rendered":"\u0160tevilo bolnikov s sumom na gripo, predvsem otrok, v prej\u0161njem tednu mo\u010dno naraslo"},"content":{"rendered":"<p>Na NIJZ pojasnjujejo, da pri \u0161olarjih bolezen praviloma poteka blago in se otroci praviloma kmalu \u017ee vrnejo k pouku. Tudi pojavnost akutnih oku\u017eb dihal je v prej\u0161njem tednu nara\u0161\u010dala.<\/p>\n<p>Virus gripe so skupno dokazali v 26 odstotkih vseh testiranih primerov, med vzorci na primarnem zdravstvu je bilo potrjenih 80 odstotkov, v bolni\u0161nicah pa 20 odstotkov.<\/p>\n<p>Med potrjenimi primeri je bilo 75 odstotkov gripe tipa A, od tega 35 odstotkov podtipa A(H1N1) in 65 odstotkov podtipa A(H3N2). \u010cetrtina na gripo pozitivnih vzorcev pa je bila tipa B.<\/p>\n<p>Respiratorni sincicijski virus (RSV) so dokazali v devetih odstotkih testiranih vzorcev, od drugih povzro\u010diteljev oku\u017eb dihal pa je bilo najve\u010d rinovirusov (devet odstotkov), pi\u0161e na spletni strani NIJZ.<\/p>\n","protected":false},"excerpt":{"rendered":"<p>\u0160tevilo bolnikov z gripi podobno boleznijo je v ambulantah primarnega zdravstva v preteklem tednu mo\u010dno naraslo, gre predvsem za otroke, stare do 14 let, navajajo na spletni strani Nacionalnega in\u0161tituta za javno zdravje (NIJZ). To se ka\u017ee v izbruhih v \u0161tevilnih vrtcih, \u0161olah in srednjih \u0161olah, kjer so dokazali tako gripo tipa A kot tipa B.<\/p>\n","protected":false},"author":8,"featured_media":391944,"comment_status":"closed","ping_status":"closed","sticky":false,"template":"","format":"standard","meta":{"footnotes":""},"categories":[1179],"tags":[1628,1595],"source":[4511],"supertag":[],"acf":[],"yoast_head":"<!-- This site is optimized with the Yoast SEO plugin v21.3 - https:\/\/yoast.com\/wordpress\/plugins\/seo\/ -->\n<title>\u0160tevilo bolnikov s sumom na gripo, predvsem otrok, v prej\u0161njem tednu mo\u010dno naraslo - Hudo Slovenija<\/title>\n<meta name=\"robots\" content=\"index, follow, max-snippet:-1, max-image-preview:large, max-video-preview:-1\" \/>\n<link rel=\"canonical\" href=\"https:\/\/hudo.com\/si\/aktualno\/stevilo-bolnikov-s-sumom-na-gripo-predvsem-otrok-v-prejsnjem-tednu-mocno-naraslo\/\" \/>\n<meta property=\"og:locale\" content=\"sl_SI\" \/>\n<meta property=\"og:type\" content=\"article\" \/>\n<meta property=\"og:title\" content=\"\u0160tevilo bolnikov s sumom na gripo, predvsem otrok, v prej\u0161njem tednu mo\u010dno naraslo - Hudo Slovenija\" \/>\n<meta property=\"og:description\" content=\"\u0160tevilo bolnikov z gripi podobno boleznijo je v ambulantah primarnega zdravstva v preteklem tednu mo\u010dno naraslo, gre predvsem za otroke, stare do 14 let, navajajo na spletni strani Nacionalnega in\u0161tituta za javno zdravje (NIJZ). To se ka\u017ee v izbruhih v \u0161tevilnih vrtcih, \u0161olah in srednjih \u0161olah, kjer so dokazali tako gripo tipa A kot tipa B.\" \/>\n<meta property=\"og:url\" content=\"https:\/\/hudo.com\/si\/aktualno\/stevilo-bolnikov-s-sumom-na-gripo-predvsem-otrok-v-prejsnjem-tednu-mocno-naraslo\/\" \/>\n<meta property=\"og:site_name\" content=\"Hudo Slovenija\" \/>\n<meta property=\"article:publisher\" content=\"https:\/\/www.facebook.com\/hudo.si\" \/>\n<meta property=\"article:published_time\" content=\"2020-01-30T18:08:12+00:00\" \/>\n<meta property=\"og:image\" content=\"https:\/\/hudo.com\/si\/wp-content\/uploads\/sites\/2\/2019\/01\/profimedia-0102390481.jpg\" \/>\n\t<meta property=\"og:image:width\" content=\"1250\" \/>\n\t<meta property=\"og:image:height\" content=\"886\" \/>\n\t<meta property=\"og:image:type\" content=\"image\/jpeg\" \/>\n<meta name=\"author\" content=\"M. N., STA\" \/>\n<meta name=\"twitter:card\" content=\"summary_large_image\" \/>\n<meta name=\"twitter:creator\" content=\"@hudo_si\" \/>\n<meta name=\"twitter:site\" content=\"@hudo_si\" \/>\n<meta name=\"twitter:label1\" content=\"Written by\" \/>\n\t<meta name=\"twitter:data1\" content=\"M. N., STA\" \/>\n\t<meta name=\"twitter:label2\" content=\"Est. reading time\" \/>\n\t<meta name=\"twitter:data2\" content=\"1 minuta\" \/>\n<script type=\"application\/ld+json\" class=\"yoast-schema-graph\">{\"@context\":\"https:\/\/schema.org\",\"@graph\":[{\"@type\":\"Article\",\"@id\":\"https:\/\/hudo.com\/si\/aktualno\/stevilo-bolnikov-s-sumom-na-gripo-predvsem-otrok-v-prejsnjem-tednu-mocno-naraslo\/#article\",\"isPartOf\":{\"@id\":\"https:\/\/hudo.com\/si\/aktualno\/stevilo-bolnikov-s-sumom-na-gripo-predvsem-otrok-v-prejsnjem-tednu-mocno-naraslo\/\"},\"author\":{\"name\":\"M. N., STA\",\"@id\":\"https:\/\/hudo.com\/si\/#\/schema\/person\/c2f10ce65d2e6ede2aeda5be2a0611fa\"},\"headline\":\"\u0160tevilo bolnikov s sumom na gripo, predvsem otrok, v prej\u0161njem tednu mo\u010dno naraslo\",\"datePublished\":\"2020-01-30T18:08:12+00:00\",\"dateModified\":\"2020-01-30T18:08:12+00:00\",\"mainEntityOfPage\":{\"@id\":\"https:\/\/hudo.com\/si\/aktualno\/stevilo-bolnikov-s-sumom-na-gripo-predvsem-otrok-v-prejsnjem-tednu-mocno-naraslo\/\"},\"wordCount\":134,\"publisher\":{\"@id\":\"https:\/\/hudo.com\/si\/#organization\"},\"keywords\":[\"gripa\",\"Slovenija\"],\"articleSection\":[\"Aktualno\"],\"inLanguage\":\"sl-SI\"},{\"@type\":\"WebPage\",\"@id\":\"https:\/\/hudo.com\/si\/aktualno\/stevilo-bolnikov-s-sumom-na-gripo-predvsem-otrok-v-prejsnjem-tednu-mocno-naraslo\/\",\"url\":\"https:\/\/hudo.com\/si\/aktualno\/stevilo-bolnikov-s-sumom-na-gripo-predvsem-otrok-v-prejsnjem-tednu-mocno-naraslo\/\",\"name\":\"\u0160tevilo bolnikov s sumom na gripo, predvsem otrok, v prej\u0161njem tednu mo\u010dno naraslo - Hudo Slovenija\",\"isPartOf\":{\"@id\":\"https:\/\/hudo.com\/si\/#website\"},\"datePublished\":\"2020-01-30T18:08:12+00:00\",\"dateModified\":\"2020-01-30T18:08:12+00:00\",\"breadcrumb\":{\"@id\":\"https:\/\/hudo.com\/si\/aktualno\/stevilo-bolnikov-s-sumom-na-gripo-predvsem-otrok-v-prejsnjem-tednu-mocno-naraslo\/#breadcrumb\"},\"inLanguage\":\"sl-SI\",\"potentialAction\":[{\"@type\":\"ReadAction\",\"target\":[\"https:\/\/hudo.com\/si\/aktualno\/stevilo-bolnikov-s-sumom-na-gripo-predvsem-otrok-v-prejsnjem-tednu-mocno-naraslo\/\"]}]},{\"@type\":\"BreadcrumbList\",\"@id\":\"https:\/\/hudo.com\/si\/aktualno\/stevilo-bolnikov-s-sumom-na-gripo-predvsem-otrok-v-prejsnjem-tednu-mocno-naraslo\/#breadcrumb\",\"itemListElement\":[{\"@type\":\"ListItem\",\"position\":1,\"name\":\"Home\",\"item\":\"https:\/\/hudo.com\/si\/\"},{\"@type\":\"ListItem\",\"position\":2,\"name\":\"\u0160tevilo bolnikov s sumom na gripo, predvsem otrok, v prej\u0161njem tednu mo\u010dno naraslo\"}]},{\"@type\":\"WebSite\",\"@id\":\"https:\/\/hudo.com\/si\/#website\",\"url\":\"https:\/\/hudo.com\/si\/\",\"name\":\"Hudo Slovenija\",\"description\":\"Vse novice iz Slovenije in sveta\",\"publisher\":{\"@id\":\"https:\/\/hudo.com\/si\/#organization\"},\"potentialAction\":[{\"@type\":\"SearchAction\",\"target\":{\"@type\":\"EntryPoint\",\"urlTemplate\":\"https:\/\/hudo.com\/si\/?s={search_term_string}\"},\"query-input\":\"required name=search_term_string\"}],\"inLanguage\":\"sl-SI\"},{\"@type\":\"Organization\",\"@id\":\"https:\/\/hudo.com\/si\/#organization\",\"name\":\"VSN Media\",\"url\":\"https:\/\/hudo.com\/si\/\",\"logo\":{\"@type\":\"ImageObject\",\"inLanguage\":\"sl-SI\",\"@id\":\"https:\/\/hudo.com\/si\/#\/schema\/logo\/image\/\",\"url\":\"https:\/\/hudo.com\/si\/wp-content\/uploads\/sites\/2\/2021\/03\/hudo-app-2.png\",\"contentUrl\":\"https:\/\/hudo.com\/si\/wp-content\/uploads\/sites\/2\/2021\/03\/hudo-app-2.png\",\"width\":2185,\"height\":2167,\"caption\":\"VSN Media\"},\"image\":{\"@id\":\"https:\/\/hudo.com\/si\/#\/schema\/logo\/image\/\"},\"sameAs\":[\"https:\/\/www.facebook.com\/hudo.si\",\"https:\/\/twitter.com\/hudo_si\"]},{\"@type\":\"Person\",\"@id\":\"https:\/\/hudo.com\/si\/#\/schema\/person\/c2f10ce65d2e6ede2aeda5be2a0611fa\",\"name\":\"M. N., STA\",\"image\":{\"@type\":\"ImageObject\",\"inLanguage\":\"sl-SI\",\"@id\":\"https:\/\/hudo.com\/si\/#\/schema\/person\/image\/\",\"url\":\"https:\/\/secure.gravatar.com\/avatar\/f370d38daa10467f755c5c766a4cac20?s=96&d=mm&r=g\",\"contentUrl\":\"https:\/\/secure.gravatar.com\/avatar\/f370d38daa10467f755c5c766a4cac20?s=96&d=mm&r=g\",\"caption\":\"M. N., STA\"},\"url\":\"https:\/\/hudo.com\/si\/author\/mana\/\"}]}<\/script>\n<!-- \/ Yoast SEO plugin. -->","yoast_head_json":{"title":"\u0160tevilo bolnikov s sumom na gripo, predvsem otrok, v prej\u0161njem tednu mo\u010dno naraslo - Hudo Slovenija","robots":{"index":"index","follow":"follow","max-snippet":"max-snippet:-1","max-image-preview":"max-image-preview:large","max-video-preview":"max-video-preview:-1"},"canonical":"https:\/\/hudo.com\/si\/aktualno\/stevilo-bolnikov-s-sumom-na-gripo-predvsem-otrok-v-prejsnjem-tednu-mocno-naraslo\/","og_locale":"sl_SI","og_type":"article","og_title":"\u0160tevilo bolnikov s sumom na gripo, predvsem otrok, v prej\u0161njem tednu mo\u010dno naraslo - Hudo Slovenija","og_description":"\u0160tevilo bolnikov z gripi podobno boleznijo je v ambulantah primarnega zdravstva v preteklem tednu mo\u010dno naraslo, gre predvsem za otroke, stare do 14 let, navajajo na spletni strani Nacionalnega in\u0161tituta za javno zdravje (NIJZ). To se ka\u017ee v izbruhih v \u0161tevilnih vrtcih, \u0161olah in srednjih \u0161olah, kjer so dokazali tako gripo tipa A kot tipa B.","og_url":"https:\/\/hudo.com\/si\/aktualno\/stevilo-bolnikov-s-sumom-na-gripo-predvsem-otrok-v-prejsnjem-tednu-mocno-naraslo\/","og_site_name":"Hudo Slovenija","article_publisher":"https:\/\/www.facebook.com\/hudo.si","article_published_time":"2020-01-30T18:08:12+00:00","og_image":[{"width":1250,"height":886,"url":"https:\/\/hudo.com\/si\/wp-content\/uploads\/sites\/2\/2019\/01\/profimedia-0102390481.jpg","type":"image\/jpeg"}],"author":"M. N., STA","twitter_card":"summary_large_image","twitter_creator":"@hudo_si","twitter_site":"@hudo_si","twitter_misc":{"Written by":"M. N., STA","Est. reading time":"1 minuta"},"schema":{"@context":"https:\/\/schema.org","@graph":[{"@type":"Article","@id":"https:\/\/hudo.com\/si\/aktualno\/stevilo-bolnikov-s-sumom-na-gripo-predvsem-otrok-v-prejsnjem-tednu-mocno-naraslo\/#article","isPartOf":{"@id":"https:\/\/hudo.com\/si\/aktualno\/stevilo-bolnikov-s-sumom-na-gripo-predvsem-otrok-v-prejsnjem-tednu-mocno-naraslo\/"},"author":{"name":"M. N., STA","@id":"https:\/\/hudo.com\/si\/#\/schema\/person\/c2f10ce65d2e6ede2aeda5be2a0611fa"},"headline":"\u0160tevilo bolnikov s sumom na gripo, predvsem otrok, v prej\u0161njem tednu mo\u010dno naraslo","datePublished":"2020-01-30T18:08:12+00:00","dateModified":"2020-01-30T18:08:12+00:00","mainEntityOfPage":{"@id":"https:\/\/hudo.com\/si\/aktualno\/stevilo-bolnikov-s-sumom-na-gripo-predvsem-otrok-v-prejsnjem-tednu-mocno-naraslo\/"},"wordCount":134,"publisher":{"@id":"https:\/\/hudo.com\/si\/#organization"},"keywords":["gripa","Slovenija"],"articleSection":["Aktualno"],"inLanguage":"sl-SI"},{"@type":"WebPage","@id":"https:\/\/hudo.com\/si\/aktualno\/stevilo-bolnikov-s-sumom-na-gripo-predvsem-otrok-v-prejsnjem-tednu-mocno-naraslo\/","url":"https:\/\/hudo.com\/si\/aktualno\/stevilo-bolnikov-s-sumom-na-gripo-predvsem-otrok-v-prejsnjem-tednu-mocno-naraslo\/","name":"\u0160tevilo bolnikov s sumom na gripo, predvsem otrok, v prej\u0161njem tednu mo\u010dno naraslo - Hudo Slovenija","isPartOf":{"@id":"https:\/\/hudo.com\/si\/#website"},"datePublished":"2020-01-30T18:08:12+00:00","dateModified":"2020-01-30T18:08:12+00:00","breadcrumb":{"@id":"https:\/\/hudo.com\/si\/aktualno\/stevilo-bolnikov-s-sumom-na-gripo-predvsem-otrok-v-prejsnjem-tednu-mocno-naraslo\/#breadcrumb"},"inLanguage":"sl-SI","potentialAction":[{"@type":"ReadAction","target":["https:\/\/hudo.com\/si\/aktualno\/stevilo-bolnikov-s-sumom-na-gripo-predvsem-otrok-v-prejsnjem-tednu-mocno-naraslo\/"]}]},{"@type":"BreadcrumbList","@id":"https:\/\/hudo.com\/si\/aktualno\/stevilo-bolnikov-s-sumom-na-gripo-predvsem-otrok-v-prejsnjem-tednu-mocno-naraslo\/#breadcrumb","itemListElement":[{"@type":"ListItem","position":1,"name":"Home","item":"https:\/\/hudo.com\/si\/"},{"@type":"ListItem","position":2,"name":"\u0160tevilo bolnikov s sumom na gripo, predvsem otrok, v prej\u0161njem tednu mo\u010dno naraslo"}]},{"@type":"WebSite","@id":"https:\/\/hudo.com\/si\/#website","url":"https:\/\/hudo.com\/si\/","name":"Hudo Slovenija","description":"Vse novice iz Slovenije in sveta","publisher":{"@id":"https:\/\/hudo.com\/si\/#organization"},"potentialAction":[{"@type":"SearchAction","target":{"@type":"EntryPoint","urlTemplate":"https:\/\/hudo.com\/si\/?s={search_term_string}"},"query-input":"required name=search_term_string"}],"inLanguage":"sl-SI"},{"@type":"Organization","@id":"https:\/\/hudo.com\/si\/#organization","name":"VSN Media","url":"https:\/\/hudo.com\/si\/","logo":{"@type":"ImageObject","inLanguage":"sl-SI","@id":"https:\/\/hudo.com\/si\/#\/schema\/logo\/image\/","url":"https:\/\/hudo.com\/si\/wp-content\/uploads\/sites\/2\/2021\/03\/hudo-app-2.png","contentUrl":"https:\/\/hudo.com\/si\/wp-content\/uploads\/sites\/2\/2021\/03\/hudo-app-2.png","width":2185,"height":2167,"caption":"VSN Media"},"image":{"@id":"https:\/\/hudo.com\/si\/#\/schema\/logo\/image\/"},"sameAs":["https:\/\/www.facebook.com\/hudo.si","https:\/\/twitter.com\/hudo_si"]},{"@type":"Person","@id":"https:\/\/hudo.com\/si\/#\/schema\/person\/c2f10ce65d2e6ede2aeda5be2a0611fa","name":"M. N., STA","image":{"@type":"ImageObject","inLanguage":"sl-SI","@id":"https:\/\/hudo.com\/si\/#\/schema\/person\/image\/","url":"https:\/\/secure.gravatar.com\/avatar\/f370d38daa10467f755c5c766a4cac20?s=96&d=mm&r=g","contentUrl":"https:\/\/secure.gravatar.com\/avatar\/f370d38daa10467f755c5c766a4cac20?s=96&d=mm&r=g","caption":"M. N., STA"},"url":"https:\/\/hudo.com\/si\/author\/mana\/"}]}},"amp_enabled":true,"_links":{"self":[{"href":"https:\/\/hudo.com\/si\/wp-json\/wp\/v2\/posts\/415165"}],"collection":[{"href":"https:\/\/hudo.com\/si\/wp-json\/wp\/v2\/posts"}],"about":[{"href":"https:\/\/hudo.com\/si\/wp-json\/wp\/v2\/types\/post"}],"author":[{"embeddable":true,"href":"https:\/\/hudo.com\/si\/wp-json\/wp\/v2\/users\/8"}],"replies":[{"embeddable":true,"href":"https:\/\/hudo.com\/si\/wp-json\/wp\/v2\/comments?post=415165"}],"version-history":[{"count":1,"href":"https:\/\/hudo.com\/si\/wp-json\/wp\/v2\/posts\/415165\/revisions"}],"predecessor-version":[{"id":415166,"href":"https:\/\/hudo.com\/si\/wp-json\/wp\/v2\/posts\/415165\/revisions\/415166"}],"wp:featuredmedia":[{"embeddable":true,"href":"https:\/\/hudo.com\/si\/wp-json\/wp\/v2\/media\/391944"}],"wp:attachment":[{"href":"https:\/\/hudo.com\/si\/wp-json\/wp\/v2\/media?parent=415165"}],"wp:term":[{"taxonomy":"category","embeddable":true,"href":"https:\/\/hudo.com\/si\/wp-json\/wp\/v2\/categories?post=415165"},{"taxonomy":"post_tag","embeddable":true,"href":"https:\/\/hudo.com\/si\/wp-json\/wp\/v2\/tags?post=415165"},{"taxonomy":"source","embeddable":true,"href":"https:\/\/hudo.com\/si\/wp-json\/wp\/v2\/source?post=415165"},{"taxonomy":"supertag","embeddable":true,"href":"https:\/\/hudo.com\/si\/wp-json\/wp\/v2\/supertag?post=415165"}],"curies":[{"name":"wp","href":"https:\/\/api.w.org\/{rel}","templated":true}]}}