{"id":415254,"date":"2020-01-31T15:25:50","date_gmt":"2020-01-31T14:25:50","guid":{"rendered":"http:\/\/hudo.com\/si\/?p=415254"},"modified":"2020-01-31T15:25:50","modified_gmt":"2020-01-31T14:25:50","slug":"letosnji-januar-je-bil-neobicajno-suh-soncen-mesec-ter-hkrati-za-kaksno-stopinjo-pretopel","status":"publish","type":"post","link":"https:\/\/hudo.com\/si\/aktualno\/letosnji-januar-je-bil-neobicajno-suh-soncen-mesec-ter-hkrati-za-kaksno-stopinjo-pretopel\/","title":{"rendered":"Leto\u0161nji januar je bil neobi\u010dajno suh in son\u010den mesec ter hkrati za kak\u0161no stopinjo pretopel"},"content":{"rendered":"<p>Leto\u0161nji januar, ki se danes izteka, je bil neobi\u010dajno suh in son\u010den mesec ter hkrati za kak\u0161no stopinjo pretopel. &#8220;Leto\u0161nji januar je bil bolj umirjen zimski mesec,&#8221; je za STA dejal de\u017eurni meteorolog na Agenciji RS za okolje Bla\u017e \u0160ter. V povpre\u010dju je sicer januar najbolj suh med vsemi meseci v letu.<\/p>\n<p>V Sloveniji so povsod namerili precej podpovpre\u010dno koli\u010dino padavin. V Ljubljani je padlo le 14 milimetrov padavin, medtem ko je povpre\u010dje za ta mesec okoli 73 milimetrov. \u0160e manj padavin je bilo ponekod na vzhodu, kjer je padlo le nekaj milimetrov padavin, je pojasnil \u0160ter.<\/p>\n<p>Medtem ko je lanski januar postregel s sne\u017eno odejo tudi po ni\u017einah, te letos v ni\u017einah ni bilo. &#8220;Je pa res, da je v povpre\u010dju januar najbolj suh med vsemi meseci v letu, tako da smo \u017ee bele\u017eili januarje, ko cel mesec ni bilo padavin, tako da to zdaj ni nekaj ekstremnega. Bo pa to ekstremno, \u010de se bo tak\u0161no vreme nadaljevalo tudi v februarju in marcu,&#8221; je dodal de\u017eurni meteorolog.<\/p>\n<p>Glede na izmerjene temperature je bil leto\u0161nji januar za kak\u0161no stopinjo pretopel mesec, predvsem v vi\u0161je le\u017ee\u010dih obmo\u010djih je bilo precej topleje, kot je dolgoletno povpre\u010dje. Na Kredarici je denimo odklon od dolgoletnega povpre\u010dja dosegal okoli \u0161tiri stopinje Celzija.<\/p>\n<p>Leto\u0161nji januar je bil tudi nadpovpre\u010dno son\u010den, ker ni bilo pogostih padavin, tudi obla\u010dnost ni bila prav gosta, megle ni bilo veliko. Odklon je bil najvi\u0161ji v osrednjem delu dr\u017eave, kjer je obi\u010dajno bolj megleno.<\/p>\n<p>Prihodnje dni bo vreme zelo toplo, do torka bodo temperature precej nad povpre\u010djem, tako da bo vsaj za\u010detek februarja tudi precej topel. V torek bo dr\u017eavo po napovedih pre\u0161la hladna fronta s padavinami, a za zdaj ne ka\u017ee, da bi po ni\u017einah sne\u017eilo.<\/p>\n","protected":false},"excerpt":{"rendered":"<p>Kon\u010duje se neobi\u010dajno suh in son\u010den januar.<\/p>\n","protected":false},"author":5,"featured_media":415255,"comment_status":"closed","ping_status":"closed","sticky":false,"template":"","format":"standard","meta":{"footnotes":""},"categories":[1179],"tags":[15665,1595],"source":[4511],"supertag":[],"acf":[],"yoast_head":"<!-- This site is optimized with the Yoast SEO plugin v21.3 - https:\/\/yoast.com\/wordpress\/plugins\/seo\/ -->\n<title>Leto\u0161nji januar je bil neobi\u010dajno suh in son\u010den mesec ter hkrati za kak\u0161no stopinjo pretopel - Hudo Slovenija<\/title>\n<meta name=\"robots\" content=\"index, follow, max-snippet:-1, max-image-preview:large, max-video-preview:-1\" \/>\n<link rel=\"canonical\" href=\"https:\/\/hudo.com\/si\/aktualno\/letosnji-januar-je-bil-neobicajno-suh-soncen-mesec-ter-hkrati-za-kaksno-stopinjo-pretopel\/\" \/>\n<meta property=\"og:locale\" content=\"sl_SI\" \/>\n<meta property=\"og:type\" content=\"article\" \/>\n<meta property=\"og:title\" content=\"Leto\u0161nji januar je bil neobi\u010dajno suh in son\u010den mesec ter hkrati za kak\u0161no stopinjo pretopel - Hudo Slovenija\" \/>\n<meta property=\"og:description\" content=\"Kon\u010duje se neobi\u010dajno suh in son\u010den januar.\" \/>\n<meta property=\"og:url\" content=\"https:\/\/hudo.com\/si\/aktualno\/letosnji-januar-je-bil-neobicajno-suh-soncen-mesec-ter-hkrati-za-kaksno-stopinjo-pretopel\/\" \/>\n<meta property=\"og:site_name\" content=\"Hudo Slovenija\" \/>\n<meta property=\"article:publisher\" content=\"https:\/\/www.facebook.com\/hudo.si\" \/>\n<meta property=\"article:published_time\" content=\"2020-01-31T14:25:50+00:00\" \/>\n<meta property=\"og:image\" content=\"https:\/\/hudo.com\/si\/wp-content\/uploads\/sites\/2\/2020\/01\/profimedia-0162058613.jpg\" \/>\n\t<meta property=\"og:image:width\" content=\"1250\" \/>\n\t<meta property=\"og:image:height\" content=\"937\" \/>\n\t<meta property=\"og:image:type\" content=\"image\/jpeg\" \/>\n<meta name=\"author\" content=\"A. G., STA\" \/>\n<meta name=\"twitter:card\" content=\"summary_large_image\" \/>\n<meta name=\"twitter:creator\" content=\"@hudo_si\" \/>\n<meta name=\"twitter:site\" content=\"@hudo_si\" \/>\n<meta name=\"twitter:label1\" content=\"Written by\" \/>\n\t<meta name=\"twitter:data1\" content=\"A. G., STA\" \/>\n\t<meta name=\"twitter:label2\" content=\"Est. reading time\" \/>\n\t<meta name=\"twitter:data2\" content=\"2 minuti\" \/>\n<script type=\"application\/ld+json\" class=\"yoast-schema-graph\">{\"@context\":\"https:\/\/schema.org\",\"@graph\":[{\"@type\":\"Article\",\"@id\":\"https:\/\/hudo.com\/si\/aktualno\/letosnji-januar-je-bil-neobicajno-suh-soncen-mesec-ter-hkrati-za-kaksno-stopinjo-pretopel\/#article\",\"isPartOf\":{\"@id\":\"https:\/\/hudo.com\/si\/aktualno\/letosnji-januar-je-bil-neobicajno-suh-soncen-mesec-ter-hkrati-za-kaksno-stopinjo-pretopel\/\"},\"author\":{\"name\":\"A. G., STA\",\"@id\":\"https:\/\/hudo.com\/si\/#\/schema\/person\/2391667a63ea075ba94f2f2dc6b77537\"},\"headline\":\"Leto\u0161nji januar je bil neobi\u010dajno suh in son\u010den mesec ter hkrati za kak\u0161no stopinjo pretopel\",\"datePublished\":\"2020-01-31T14:25:50+00:00\",\"dateModified\":\"2020-01-31T14:25:50+00:00\",\"mainEntityOfPage\":{\"@id\":\"https:\/\/hudo.com\/si\/aktualno\/letosnji-januar-je-bil-neobicajno-suh-soncen-mesec-ter-hkrati-za-kaksno-stopinjo-pretopel\/\"},\"wordCount\":341,\"publisher\":{\"@id\":\"https:\/\/hudo.com\/si\/#organization\"},\"keywords\":[\"januar 2020\",\"Slovenija\"],\"articleSection\":[\"Aktualno\"],\"inLanguage\":\"sl-SI\"},{\"@type\":\"WebPage\",\"@id\":\"https:\/\/hudo.com\/si\/aktualno\/letosnji-januar-je-bil-neobicajno-suh-soncen-mesec-ter-hkrati-za-kaksno-stopinjo-pretopel\/\",\"url\":\"https:\/\/hudo.com\/si\/aktualno\/letosnji-januar-je-bil-neobicajno-suh-soncen-mesec-ter-hkrati-za-kaksno-stopinjo-pretopel\/\",\"name\":\"Leto\u0161nji januar je bil neobi\u010dajno suh in son\u010den mesec ter hkrati za kak\u0161no stopinjo pretopel - Hudo Slovenija\",\"isPartOf\":{\"@id\":\"https:\/\/hudo.com\/si\/#website\"},\"datePublished\":\"2020-01-31T14:25:50+00:00\",\"dateModified\":\"2020-01-31T14:25:50+00:00\",\"breadcrumb\":{\"@id\":\"https:\/\/hudo.com\/si\/aktualno\/letosnji-januar-je-bil-neobicajno-suh-soncen-mesec-ter-hkrati-za-kaksno-stopinjo-pretopel\/#breadcrumb\"},\"inLanguage\":\"sl-SI\",\"potentialAction\":[{\"@type\":\"ReadAction\",\"target\":[\"https:\/\/hudo.com\/si\/aktualno\/letosnji-januar-je-bil-neobicajno-suh-soncen-mesec-ter-hkrati-za-kaksno-stopinjo-pretopel\/\"]}]},{\"@type\":\"BreadcrumbList\",\"@id\":\"https:\/\/hudo.com\/si\/aktualno\/letosnji-januar-je-bil-neobicajno-suh-soncen-mesec-ter-hkrati-za-kaksno-stopinjo-pretopel\/#breadcrumb\",\"itemListElement\":[{\"@type\":\"ListItem\",\"position\":1,\"name\":\"Home\",\"item\":\"https:\/\/hudo.com\/si\/\"},{\"@type\":\"ListItem\",\"position\":2,\"name\":\"Leto\u0161nji januar je bil neobi\u010dajno suh in son\u010den mesec ter hkrati za kak\u0161no stopinjo pretopel\"}]},{\"@type\":\"WebSite\",\"@id\":\"https:\/\/hudo.com\/si\/#website\",\"url\":\"https:\/\/hudo.com\/si\/\",\"name\":\"Hudo Slovenija\",\"description\":\"Vse novice iz Slovenije in sveta\",\"publisher\":{\"@id\":\"https:\/\/hudo.com\/si\/#organization\"},\"potentialAction\":[{\"@type\":\"SearchAction\",\"target\":{\"@type\":\"EntryPoint\",\"urlTemplate\":\"https:\/\/hudo.com\/si\/?s={search_term_string}\"},\"query-input\":\"required name=search_term_string\"}],\"inLanguage\":\"sl-SI\"},{\"@type\":\"Organization\",\"@id\":\"https:\/\/hudo.com\/si\/#organization\",\"name\":\"VSN Media\",\"url\":\"https:\/\/hudo.com\/si\/\",\"logo\":{\"@type\":\"ImageObject\",\"inLanguage\":\"sl-SI\",\"@id\":\"https:\/\/hudo.com\/si\/#\/schema\/logo\/image\/\",\"url\":\"https:\/\/hudo.com\/si\/wp-content\/uploads\/sites\/2\/2021\/03\/hudo-app-2.png\",\"contentUrl\":\"https:\/\/hudo.com\/si\/wp-content\/uploads\/sites\/2\/2021\/03\/hudo-app-2.png\",\"width\":2185,\"height\":2167,\"caption\":\"VSN Media\"},\"image\":{\"@id\":\"https:\/\/hudo.com\/si\/#\/schema\/logo\/image\/\"},\"sameAs\":[\"https:\/\/www.facebook.com\/hudo.si\",\"https:\/\/twitter.com\/hudo_si\"]},{\"@type\":\"Person\",\"@id\":\"https:\/\/hudo.com\/si\/#\/schema\/person\/2391667a63ea075ba94f2f2dc6b77537\",\"name\":\"A. G., STA\",\"image\":{\"@type\":\"ImageObject\",\"inLanguage\":\"sl-SI\",\"@id\":\"https:\/\/hudo.com\/si\/#\/schema\/person\/image\/\",\"url\":\"https:\/\/secure.gravatar.com\/avatar\/e13d22ac3e442658d5025fbbe6238a79?s=96&d=mm&r=g\",\"contentUrl\":\"https:\/\/secure.gravatar.com\/avatar\/e13d22ac3e442658d5025fbbe6238a79?s=96&d=mm&r=g\",\"caption\":\"A. G., STA\"},\"url\":\"https:\/\/hudo.com\/si\/author\/alenka\/\"}]}<\/script>\n<!-- \/ Yoast SEO plugin. -->","yoast_head_json":{"title":"Leto\u0161nji januar je bil neobi\u010dajno suh in son\u010den mesec ter hkrati za kak\u0161no stopinjo pretopel - Hudo Slovenija","robots":{"index":"index","follow":"follow","max-snippet":"max-snippet:-1","max-image-preview":"max-image-preview:large","max-video-preview":"max-video-preview:-1"},"canonical":"https:\/\/hudo.com\/si\/aktualno\/letosnji-januar-je-bil-neobicajno-suh-soncen-mesec-ter-hkrati-za-kaksno-stopinjo-pretopel\/","og_locale":"sl_SI","og_type":"article","og_title":"Leto\u0161nji januar je bil neobi\u010dajno suh in son\u010den mesec ter hkrati za kak\u0161no stopinjo pretopel - Hudo Slovenija","og_description":"Kon\u010duje se neobi\u010dajno suh in son\u010den januar.","og_url":"https:\/\/hudo.com\/si\/aktualno\/letosnji-januar-je-bil-neobicajno-suh-soncen-mesec-ter-hkrati-za-kaksno-stopinjo-pretopel\/","og_site_name":"Hudo Slovenija","article_publisher":"https:\/\/www.facebook.com\/hudo.si","article_published_time":"2020-01-31T14:25:50+00:00","og_image":[{"width":1250,"height":937,"url":"https:\/\/hudo.com\/si\/wp-content\/uploads\/sites\/2\/2020\/01\/profimedia-0162058613.jpg","type":"image\/jpeg"}],"author":"A. G., STA","twitter_card":"summary_large_image","twitter_creator":"@hudo_si","twitter_site":"@hudo_si","twitter_misc":{"Written by":"A. G., STA","Est. reading time":"2 minuti"},"schema":{"@context":"https:\/\/schema.org","@graph":[{"@type":"Article","@id":"https:\/\/hudo.com\/si\/aktualno\/letosnji-januar-je-bil-neobicajno-suh-soncen-mesec-ter-hkrati-za-kaksno-stopinjo-pretopel\/#article","isPartOf":{"@id":"https:\/\/hudo.com\/si\/aktualno\/letosnji-januar-je-bil-neobicajno-suh-soncen-mesec-ter-hkrati-za-kaksno-stopinjo-pretopel\/"},"author":{"name":"A. G., STA","@id":"https:\/\/hudo.com\/si\/#\/schema\/person\/2391667a63ea075ba94f2f2dc6b77537"},"headline":"Leto\u0161nji januar je bil neobi\u010dajno suh in son\u010den mesec ter hkrati za kak\u0161no stopinjo pretopel","datePublished":"2020-01-31T14:25:50+00:00","dateModified":"2020-01-31T14:25:50+00:00","mainEntityOfPage":{"@id":"https:\/\/hudo.com\/si\/aktualno\/letosnji-januar-je-bil-neobicajno-suh-soncen-mesec-ter-hkrati-za-kaksno-stopinjo-pretopel\/"},"wordCount":341,"publisher":{"@id":"https:\/\/hudo.com\/si\/#organization"},"keywords":["januar 2020","Slovenija"],"articleSection":["Aktualno"],"inLanguage":"sl-SI"},{"@type":"WebPage","@id":"https:\/\/hudo.com\/si\/aktualno\/letosnji-januar-je-bil-neobicajno-suh-soncen-mesec-ter-hkrati-za-kaksno-stopinjo-pretopel\/","url":"https:\/\/hudo.com\/si\/aktualno\/letosnji-januar-je-bil-neobicajno-suh-soncen-mesec-ter-hkrati-za-kaksno-stopinjo-pretopel\/","name":"Leto\u0161nji januar je bil neobi\u010dajno suh in son\u010den mesec ter hkrati za kak\u0161no stopinjo pretopel - Hudo Slovenija","isPartOf":{"@id":"https:\/\/hudo.com\/si\/#website"},"datePublished":"2020-01-31T14:25:50+00:00","dateModified":"2020-01-31T14:25:50+00:00","breadcrumb":{"@id":"https:\/\/hudo.com\/si\/aktualno\/letosnji-januar-je-bil-neobicajno-suh-soncen-mesec-ter-hkrati-za-kaksno-stopinjo-pretopel\/#breadcrumb"},"inLanguage":"sl-SI","potentialAction":[{"@type":"ReadAction","target":["https:\/\/hudo.com\/si\/aktualno\/letosnji-januar-je-bil-neobicajno-suh-soncen-mesec-ter-hkrati-za-kaksno-stopinjo-pretopel\/"]}]},{"@type":"BreadcrumbList","@id":"https:\/\/hudo.com\/si\/aktualno\/letosnji-januar-je-bil-neobicajno-suh-soncen-mesec-ter-hkrati-za-kaksno-stopinjo-pretopel\/#breadcrumb","itemListElement":[{"@type":"ListItem","position":1,"name":"Home","item":"https:\/\/hudo.com\/si\/"},{"@type":"ListItem","position":2,"name":"Leto\u0161nji januar je bil neobi\u010dajno suh in son\u010den mesec ter hkrati za kak\u0161no stopinjo pretopel"}]},{"@type":"WebSite","@id":"https:\/\/hudo.com\/si\/#website","url":"https:\/\/hudo.com\/si\/","name":"Hudo Slovenija","description":"Vse novice iz Slovenije in sveta","publisher":{"@id":"https:\/\/hudo.com\/si\/#organization"},"potentialAction":[{"@type":"SearchAction","target":{"@type":"EntryPoint","urlTemplate":"https:\/\/hudo.com\/si\/?s={search_term_string}"},"query-input":"required name=search_term_string"}],"inLanguage":"sl-SI"},{"@type":"Organization","@id":"https:\/\/hudo.com\/si\/#organization","name":"VSN Media","url":"https:\/\/hudo.com\/si\/","logo":{"@type":"ImageObject","inLanguage":"sl-SI","@id":"https:\/\/hudo.com\/si\/#\/schema\/logo\/image\/","url":"https:\/\/hudo.com\/si\/wp-content\/uploads\/sites\/2\/2021\/03\/hudo-app-2.png","contentUrl":"https:\/\/hudo.com\/si\/wp-content\/uploads\/sites\/2\/2021\/03\/hudo-app-2.png","width":2185,"height":2167,"caption":"VSN Media"},"image":{"@id":"https:\/\/hudo.com\/si\/#\/schema\/logo\/image\/"},"sameAs":["https:\/\/www.facebook.com\/hudo.si","https:\/\/twitter.com\/hudo_si"]},{"@type":"Person","@id":"https:\/\/hudo.com\/si\/#\/schema\/person\/2391667a63ea075ba94f2f2dc6b77537","name":"A. G., STA","image":{"@type":"ImageObject","inLanguage":"sl-SI","@id":"https:\/\/hudo.com\/si\/#\/schema\/person\/image\/","url":"https:\/\/secure.gravatar.com\/avatar\/e13d22ac3e442658d5025fbbe6238a79?s=96&d=mm&r=g","contentUrl":"https:\/\/secure.gravatar.com\/avatar\/e13d22ac3e442658d5025fbbe6238a79?s=96&d=mm&r=g","caption":"A. G., STA"},"url":"https:\/\/hudo.com\/si\/author\/alenka\/"}]}},"amp_enabled":true,"_links":{"self":[{"href":"https:\/\/hudo.com\/si\/wp-json\/wp\/v2\/posts\/415254"}],"collection":[{"href":"https:\/\/hudo.com\/si\/wp-json\/wp\/v2\/posts"}],"about":[{"href":"https:\/\/hudo.com\/si\/wp-json\/wp\/v2\/types\/post"}],"author":[{"embeddable":true,"href":"https:\/\/hudo.com\/si\/wp-json\/wp\/v2\/users\/5"}],"replies":[{"embeddable":true,"href":"https:\/\/hudo.com\/si\/wp-json\/wp\/v2\/comments?post=415254"}],"version-history":[{"count":1,"href":"https:\/\/hudo.com\/si\/wp-json\/wp\/v2\/posts\/415254\/revisions"}],"predecessor-version":[{"id":415256,"href":"https:\/\/hudo.com\/si\/wp-json\/wp\/v2\/posts\/415254\/revisions\/415256"}],"wp:featuredmedia":[{"embeddable":true,"href":"https:\/\/hudo.com\/si\/wp-json\/wp\/v2\/media\/415255"}],"wp:attachment":[{"href":"https:\/\/hudo.com\/si\/wp-json\/wp\/v2\/media?parent=415254"}],"wp:term":[{"taxonomy":"category","embeddable":true,"href":"https:\/\/hudo.com\/si\/wp-json\/wp\/v2\/categories?post=415254"},{"taxonomy":"post_tag","embeddable":true,"href":"https:\/\/hudo.com\/si\/wp-json\/wp\/v2\/tags?post=415254"},{"taxonomy":"source","embeddable":true,"href":"https:\/\/hudo.com\/si\/wp-json\/wp\/v2\/source?post=415254"},{"taxonomy":"supertag","embeddable":true,"href":"https:\/\/hudo.com\/si\/wp-json\/wp\/v2\/supertag?post=415254"}],"curies":[{"name":"wp","href":"https:\/\/api.w.org\/{rel}","templated":true}]}}