{"id":415271,"date":"2020-02-02T10:46:16","date_gmt":"2020-02-02T09:46:16","guid":{"rendered":"http:\/\/hudo.com\/si\/?p=415271"},"modified":"2020-02-02T10:46:16","modified_gmt":"2020-02-02T09:46:16","slug":"blejski-grad-ob-vse-vecjem-obisku-dviga-vstopnine","status":"publish","type":"post","link":"https:\/\/hudo.com\/si\/aktualno\/blejski-grad-ob-vse-vecjem-obisku-dviga-vstopnine\/","title":{"rendered":"Blejski grad ob vse ve\u010djem obisku dviga vstopnine"},"content":{"rendered":"<p>Kot je ocenil direktor Zavoda za kulturo Bled Matja\u017e Zavr\u0161nik, jih letos \u010daka \u0161e eno zahtevno leto. Konec lanskega leta so dobili informacijo, da je ugledna popotni\u0161ka revija Conde Nast Traveler Blejski grad skupaj s Predjamskim gradom uvrstila v izbor 24 najlep\u0161ih evropskih gradov. &#8220;Zaradi tega lahko letos morda pri\u010dakujemo kak\u0161nega obiskovalca ve\u010d,&#8221; je dejal Zavr\u0161nik.<\/p>\n<p>Vendar, kot je izpostavil, so po drugi strani z leto\u0161njim letom nekoliko dvignili cene, kar bi lahko koga odvrnilo od obiska. Cena vstopnice za odraslega se je povi\u0161ala z 11 na 13 evrov. Kot je zagotovil Zavr\u0161nik, se je s tem Blejski grad, ki ga je lani obiskalo ve\u010d kot 583.000 ljudi, po ceni vstopnine le izena\u010dil z drugimi gradovi po dr\u017eavi in bli\u017enji okolici, denimo Avstriji.<\/p>\n<p>&#8220;Ra\u010dunamo, da bo tudi zaradi teh podra\u017eitev morda dolo\u010den odstotek manj obiskovalcev, kar bi nas nekoliko razbremenilo velikega pritiska, saj ob dolo\u010denih datumih obisk v\u010dasih \u017ee presega nosilno zmogljivost objekta,&#8221; je dejal Zavr\u0161nik, ki je v preteklosti razmi\u0161ljal tudi o ukrepih omejevanja obiska v dolo\u010denih terminih. Sedaj upa, da tak\u0161ni neljubi ukrepi ne bodo potrebni.<\/p>\n<p>Uvrstitev med najlep\u0161e evropske gradove zavodu po Zavr\u0161nikovem mnenju nalaga \u0161e ve\u010djo odgovornost in obveznost, da bodo grad in njegovo okolico \u0161e bolj vestno urejali. Ob tem je Zavr\u0161nik spomnil na lani urejen park, ki bo \u0161ele letos prvi\u010d zacvetel in se pokazal v svoji najlep\u0161i podobi.<\/p>\n<p>Letos na gradu ne na\u010drtujejo kak\u0161nih ve\u010djih investicij, pripravljajo pa projektno dokumentacijo za izgradnjo dvigala, s katero bi lahko za\u010deli v letu 2021. V prihodnjih letih se tako obetajo nove velike investicije v vrednosti od \u0161est do sedem milijonov evrov, pri \u010demer naj bi dvigalo stalo pribli\u017eno polovico tega zneska.<\/p>\n<p>Nadaljuje se tudi projekt urejanja grajske pristave. \u017de letos se bodo lotili preurejanja Mrakove doma\u010dije, do leta 2021 pa naj bi uredili tudi parkiri\u0161\u010de za avtomobile po gradom. Potem se bo lahko promet do gradu odvijal samo \u0161e s shuttle prevozi.<\/p>\n<p>Vse investicije bo Zavod za kulturo Bled izvedel z lastnimi sredstvi, ve\u010dinoma pridobljenimi z vstopninami na grad. Lani je zavod, ki upravlja z gradom in blejsko festivalno dvorano, prejel 5,3 milijona evrov prihodkov, od tega skoraj pet milijonov evrov od gradu.<\/p>\n","protected":false},"excerpt":{"rendered":"<p>Zaradi vse ve\u010djega obiska Blejskega gradu so v preteklih letih v Zavodu za kulturo Bled \u017ee razmi\u0161ljali o razporeditvi obiskovalcev, da v dolo\u010denih terminih na gradu ne bila prevelika gne\u010da. Po tem ko je priznana popotni\u0161ka revija Blejski grad uvrstila med najlep\u0161e, se obeta \u0161e ve\u010dji obisk, ki pa ga utegne nekoliko zmanj\u0161ati dvig vstopnin.<\/p>\n","protected":false},"author":5,"featured_media":369951,"comment_status":"closed","ping_status":"closed","sticky":false,"template":"","format":"standard","meta":{"footnotes":""},"categories":[1179],"tags":[11124,2391,1595,12687],"source":[4511],"supertag":[7541],"acf":[],"yoast_head":"<!-- This site is optimized with the Yoast SEO plugin v21.3 - https:\/\/yoast.com\/wordpress\/plugins\/seo\/ -->\n<title>Blejski grad ob vse ve\u010djem obisku dviga vstopnine<\/title>\n<meta name=\"description\" content=\"Po tem ko je priznana popotni\u0161ka revija Blejski grad uvrstila med najlep\u0161e, se obeta \u0161e ve\u010dji obisk, ki pa ga utegne nekoliko zmanj\u0161ati dvig vstopnin.\" \/>\n<meta name=\"robots\" content=\"index, follow, max-snippet:-1, max-image-preview:large, max-video-preview:-1\" \/>\n<link rel=\"canonical\" href=\"https:\/\/hudo.com\/si\/aktualno\/blejski-grad-ob-vse-vecjem-obisku-dviga-vstopnine\/\" \/>\n<meta property=\"og:locale\" content=\"sl_SI\" \/>\n<meta property=\"og:type\" content=\"article\" \/>\n<meta property=\"og:title\" content=\"Blejski grad ob vse ve\u010djem obisku dviga vstopnine\" \/>\n<meta property=\"og:description\" content=\"Po tem ko je priznana popotni\u0161ka revija Blejski grad uvrstila med najlep\u0161e, se obeta \u0161e ve\u010dji obisk, ki pa ga utegne nekoliko zmanj\u0161ati dvig vstopnin.\" \/>\n<meta property=\"og:url\" content=\"https:\/\/hudo.com\/si\/aktualno\/blejski-grad-ob-vse-vecjem-obisku-dviga-vstopnine\/\" \/>\n<meta property=\"og:site_name\" content=\"Hudo Slovenija\" \/>\n<meta property=\"article:publisher\" content=\"https:\/\/www.facebook.com\/hudo.si\" \/>\n<meta property=\"article:published_time\" content=\"2020-02-02T09:46:16+00:00\" \/>\n<meta property=\"og:image\" content=\"https:\/\/hudo.com\/si\/wp-content\/uploads\/sites\/2\/2018\/05\/profimedia-0070772115.jpg\" \/>\n\t<meta property=\"og:image:width\" content=\"1250\" \/>\n\t<meta property=\"og:image:height\" content=\"831\" \/>\n\t<meta property=\"og:image:type\" content=\"image\/jpeg\" \/>\n<meta name=\"author\" content=\"A. G., STA\" \/>\n<meta name=\"twitter:card\" content=\"summary_large_image\" \/>\n<meta name=\"twitter:creator\" content=\"@hudo_si\" \/>\n<meta name=\"twitter:site\" content=\"@hudo_si\" \/>\n<meta name=\"twitter:label1\" content=\"Written by\" \/>\n\t<meta name=\"twitter:data1\" content=\"A. G., STA\" \/>\n\t<meta name=\"twitter:label2\" content=\"Est. reading time\" \/>\n\t<meta name=\"twitter:data2\" content=\"2 minuti\" \/>\n<script type=\"application\/ld+json\" class=\"yoast-schema-graph\">{\"@context\":\"https:\/\/schema.org\",\"@graph\":[{\"@type\":\"Article\",\"@id\":\"https:\/\/hudo.com\/si\/aktualno\/blejski-grad-ob-vse-vecjem-obisku-dviga-vstopnine\/#article\",\"isPartOf\":{\"@id\":\"https:\/\/hudo.com\/si\/aktualno\/blejski-grad-ob-vse-vecjem-obisku-dviga-vstopnine\/\"},\"author\":{\"name\":\"A. G., STA\",\"@id\":\"https:\/\/hudo.com\/si\/#\/schema\/person\/2391667a63ea075ba94f2f2dc6b77537\"},\"headline\":\"Blejski grad ob vse ve\u010djem obisku dviga vstopnine\",\"datePublished\":\"2020-02-02T09:46:16+00:00\",\"dateModified\":\"2020-02-02T09:46:16+00:00\",\"mainEntityOfPage\":{\"@id\":\"https:\/\/hudo.com\/si\/aktualno\/blejski-grad-ob-vse-vecjem-obisku-dviga-vstopnine\/\"},\"wordCount\":393,\"publisher\":{\"@id\":\"https:\/\/hudo.com\/si\/#organization\"},\"keywords\":[\"blejski grad\",\"gospodarstvo\",\"Slovenija\",\"vstopnina\"],\"articleSection\":[\"Aktualno\"],\"inLanguage\":\"sl-SI\"},{\"@type\":\"WebPage\",\"@id\":\"https:\/\/hudo.com\/si\/aktualno\/blejski-grad-ob-vse-vecjem-obisku-dviga-vstopnine\/\",\"url\":\"https:\/\/hudo.com\/si\/aktualno\/blejski-grad-ob-vse-vecjem-obisku-dviga-vstopnine\/\",\"name\":\"Blejski grad ob vse ve\u010djem obisku dviga vstopnine\",\"isPartOf\":{\"@id\":\"https:\/\/hudo.com\/si\/#website\"},\"datePublished\":\"2020-02-02T09:46:16+00:00\",\"dateModified\":\"2020-02-02T09:46:16+00:00\",\"description\":\"Po tem ko je priznana popotni\u0161ka revija Blejski grad uvrstila med najlep\u0161e, se obeta \u0161e ve\u010dji obisk, ki pa ga utegne nekoliko zmanj\u0161ati dvig vstopnin.\",\"breadcrumb\":{\"@id\":\"https:\/\/hudo.com\/si\/aktualno\/blejski-grad-ob-vse-vecjem-obisku-dviga-vstopnine\/#breadcrumb\"},\"inLanguage\":\"sl-SI\",\"potentialAction\":[{\"@type\":\"ReadAction\",\"target\":[\"https:\/\/hudo.com\/si\/aktualno\/blejski-grad-ob-vse-vecjem-obisku-dviga-vstopnine\/\"]}]},{\"@type\":\"BreadcrumbList\",\"@id\":\"https:\/\/hudo.com\/si\/aktualno\/blejski-grad-ob-vse-vecjem-obisku-dviga-vstopnine\/#breadcrumb\",\"itemListElement\":[{\"@type\":\"ListItem\",\"position\":1,\"name\":\"Home\",\"item\":\"https:\/\/hudo.com\/si\/\"},{\"@type\":\"ListItem\",\"position\":2,\"name\":\"Blejski grad ob vse ve\u010djem obisku dviga vstopnine\"}]},{\"@type\":\"WebSite\",\"@id\":\"https:\/\/hudo.com\/si\/#website\",\"url\":\"https:\/\/hudo.com\/si\/\",\"name\":\"Hudo Slovenija\",\"description\":\"Vse novice iz Slovenije in sveta\",\"publisher\":{\"@id\":\"https:\/\/hudo.com\/si\/#organization\"},\"potentialAction\":[{\"@type\":\"SearchAction\",\"target\":{\"@type\":\"EntryPoint\",\"urlTemplate\":\"https:\/\/hudo.com\/si\/?s={search_term_string}\"},\"query-input\":\"required name=search_term_string\"}],\"inLanguage\":\"sl-SI\"},{\"@type\":\"Organization\",\"@id\":\"https:\/\/hudo.com\/si\/#organization\",\"name\":\"VSN Media\",\"url\":\"https:\/\/hudo.com\/si\/\",\"logo\":{\"@type\":\"ImageObject\",\"inLanguage\":\"sl-SI\",\"@id\":\"https:\/\/hudo.com\/si\/#\/schema\/logo\/image\/\",\"url\":\"https:\/\/hudo.com\/si\/wp-content\/uploads\/sites\/2\/2021\/03\/hudo-app-2.png\",\"contentUrl\":\"https:\/\/hudo.com\/si\/wp-content\/uploads\/sites\/2\/2021\/03\/hudo-app-2.png\",\"width\":2185,\"height\":2167,\"caption\":\"VSN Media\"},\"image\":{\"@id\":\"https:\/\/hudo.com\/si\/#\/schema\/logo\/image\/\"},\"sameAs\":[\"https:\/\/www.facebook.com\/hudo.si\",\"https:\/\/twitter.com\/hudo_si\"]},{\"@type\":\"Person\",\"@id\":\"https:\/\/hudo.com\/si\/#\/schema\/person\/2391667a63ea075ba94f2f2dc6b77537\",\"name\":\"A. G., STA\",\"image\":{\"@type\":\"ImageObject\",\"inLanguage\":\"sl-SI\",\"@id\":\"https:\/\/hudo.com\/si\/#\/schema\/person\/image\/\",\"url\":\"https:\/\/secure.gravatar.com\/avatar\/e13d22ac3e442658d5025fbbe6238a79?s=96&d=mm&r=g\",\"contentUrl\":\"https:\/\/secure.gravatar.com\/avatar\/e13d22ac3e442658d5025fbbe6238a79?s=96&d=mm&r=g\",\"caption\":\"A. G., STA\"},\"url\":\"https:\/\/hudo.com\/si\/author\/alenka\/\"}]}<\/script>\n<!-- \/ Yoast SEO plugin. -->","yoast_head_json":{"title":"Blejski grad ob vse ve\u010djem obisku dviga vstopnine","description":"Po tem ko je priznana popotni\u0161ka revija Blejski grad uvrstila med najlep\u0161e, se obeta \u0161e ve\u010dji obisk, ki pa ga utegne nekoliko zmanj\u0161ati dvig vstopnin.","robots":{"index":"index","follow":"follow","max-snippet":"max-snippet:-1","max-image-preview":"max-image-preview:large","max-video-preview":"max-video-preview:-1"},"canonical":"https:\/\/hudo.com\/si\/aktualno\/blejski-grad-ob-vse-vecjem-obisku-dviga-vstopnine\/","og_locale":"sl_SI","og_type":"article","og_title":"Blejski grad ob vse ve\u010djem obisku dviga vstopnine","og_description":"Po tem ko je priznana popotni\u0161ka revija Blejski grad uvrstila med najlep\u0161e, se obeta \u0161e ve\u010dji obisk, ki pa ga utegne nekoliko zmanj\u0161ati dvig vstopnin.","og_url":"https:\/\/hudo.com\/si\/aktualno\/blejski-grad-ob-vse-vecjem-obisku-dviga-vstopnine\/","og_site_name":"Hudo Slovenija","article_publisher":"https:\/\/www.facebook.com\/hudo.si","article_published_time":"2020-02-02T09:46:16+00:00","og_image":[{"width":1250,"height":831,"url":"https:\/\/hudo.com\/si\/wp-content\/uploads\/sites\/2\/2018\/05\/profimedia-0070772115.jpg","type":"image\/jpeg"}],"author":"A. G., STA","twitter_card":"summary_large_image","twitter_creator":"@hudo_si","twitter_site":"@hudo_si","twitter_misc":{"Written by":"A. G., STA","Est. reading time":"2 minuti"},"schema":{"@context":"https:\/\/schema.org","@graph":[{"@type":"Article","@id":"https:\/\/hudo.com\/si\/aktualno\/blejski-grad-ob-vse-vecjem-obisku-dviga-vstopnine\/#article","isPartOf":{"@id":"https:\/\/hudo.com\/si\/aktualno\/blejski-grad-ob-vse-vecjem-obisku-dviga-vstopnine\/"},"author":{"name":"A. G., STA","@id":"https:\/\/hudo.com\/si\/#\/schema\/person\/2391667a63ea075ba94f2f2dc6b77537"},"headline":"Blejski grad ob vse ve\u010djem obisku dviga vstopnine","datePublished":"2020-02-02T09:46:16+00:00","dateModified":"2020-02-02T09:46:16+00:00","mainEntityOfPage":{"@id":"https:\/\/hudo.com\/si\/aktualno\/blejski-grad-ob-vse-vecjem-obisku-dviga-vstopnine\/"},"wordCount":393,"publisher":{"@id":"https:\/\/hudo.com\/si\/#organization"},"keywords":["blejski grad","gospodarstvo","Slovenija","vstopnina"],"articleSection":["Aktualno"],"inLanguage":"sl-SI"},{"@type":"WebPage","@id":"https:\/\/hudo.com\/si\/aktualno\/blejski-grad-ob-vse-vecjem-obisku-dviga-vstopnine\/","url":"https:\/\/hudo.com\/si\/aktualno\/blejski-grad-ob-vse-vecjem-obisku-dviga-vstopnine\/","name":"Blejski grad ob vse ve\u010djem obisku dviga vstopnine","isPartOf":{"@id":"https:\/\/hudo.com\/si\/#website"},"datePublished":"2020-02-02T09:46:16+00:00","dateModified":"2020-02-02T09:46:16+00:00","description":"Po tem ko je priznana popotni\u0161ka revija Blejski grad uvrstila med najlep\u0161e, se obeta \u0161e ve\u010dji obisk, ki pa ga utegne nekoliko zmanj\u0161ati dvig vstopnin.","breadcrumb":{"@id":"https:\/\/hudo.com\/si\/aktualno\/blejski-grad-ob-vse-vecjem-obisku-dviga-vstopnine\/#breadcrumb"},"inLanguage":"sl-SI","potentialAction":[{"@type":"ReadAction","target":["https:\/\/hudo.com\/si\/aktualno\/blejski-grad-ob-vse-vecjem-obisku-dviga-vstopnine\/"]}]},{"@type":"BreadcrumbList","@id":"https:\/\/hudo.com\/si\/aktualno\/blejski-grad-ob-vse-vecjem-obisku-dviga-vstopnine\/#breadcrumb","itemListElement":[{"@type":"ListItem","position":1,"name":"Home","item":"https:\/\/hudo.com\/si\/"},{"@type":"ListItem","position":2,"name":"Blejski grad ob vse ve\u010djem obisku dviga vstopnine"}]},{"@type":"WebSite","@id":"https:\/\/hudo.com\/si\/#website","url":"https:\/\/hudo.com\/si\/","name":"Hudo Slovenija","description":"Vse novice iz Slovenije in sveta","publisher":{"@id":"https:\/\/hudo.com\/si\/#organization"},"potentialAction":[{"@type":"SearchAction","target":{"@type":"EntryPoint","urlTemplate":"https:\/\/hudo.com\/si\/?s={search_term_string}"},"query-input":"required name=search_term_string"}],"inLanguage":"sl-SI"},{"@type":"Organization","@id":"https:\/\/hudo.com\/si\/#organization","name":"VSN Media","url":"https:\/\/hudo.com\/si\/","logo":{"@type":"ImageObject","inLanguage":"sl-SI","@id":"https:\/\/hudo.com\/si\/#\/schema\/logo\/image\/","url":"https:\/\/hudo.com\/si\/wp-content\/uploads\/sites\/2\/2021\/03\/hudo-app-2.png","contentUrl":"https:\/\/hudo.com\/si\/wp-content\/uploads\/sites\/2\/2021\/03\/hudo-app-2.png","width":2185,"height":2167,"caption":"VSN Media"},"image":{"@id":"https:\/\/hudo.com\/si\/#\/schema\/logo\/image\/"},"sameAs":["https:\/\/www.facebook.com\/hudo.si","https:\/\/twitter.com\/hudo_si"]},{"@type":"Person","@id":"https:\/\/hudo.com\/si\/#\/schema\/person\/2391667a63ea075ba94f2f2dc6b77537","name":"A. G., STA","image":{"@type":"ImageObject","inLanguage":"sl-SI","@id":"https:\/\/hudo.com\/si\/#\/schema\/person\/image\/","url":"https:\/\/secure.gravatar.com\/avatar\/e13d22ac3e442658d5025fbbe6238a79?s=96&d=mm&r=g","contentUrl":"https:\/\/secure.gravatar.com\/avatar\/e13d22ac3e442658d5025fbbe6238a79?s=96&d=mm&r=g","caption":"A. G., STA"},"url":"https:\/\/hudo.com\/si\/author\/alenka\/"}]}},"amp_enabled":true,"_links":{"self":[{"href":"https:\/\/hudo.com\/si\/wp-json\/wp\/v2\/posts\/415271"}],"collection":[{"href":"https:\/\/hudo.com\/si\/wp-json\/wp\/v2\/posts"}],"about":[{"href":"https:\/\/hudo.com\/si\/wp-json\/wp\/v2\/types\/post"}],"author":[{"embeddable":true,"href":"https:\/\/hudo.com\/si\/wp-json\/wp\/v2\/users\/5"}],"replies":[{"embeddable":true,"href":"https:\/\/hudo.com\/si\/wp-json\/wp\/v2\/comments?post=415271"}],"version-history":[{"count":1,"href":"https:\/\/hudo.com\/si\/wp-json\/wp\/v2\/posts\/415271\/revisions"}],"predecessor-version":[{"id":415272,"href":"https:\/\/hudo.com\/si\/wp-json\/wp\/v2\/posts\/415271\/revisions\/415272"}],"wp:featuredmedia":[{"embeddable":true,"href":"https:\/\/hudo.com\/si\/wp-json\/wp\/v2\/media\/369951"}],"wp:attachment":[{"href":"https:\/\/hudo.com\/si\/wp-json\/wp\/v2\/media?parent=415271"}],"wp:term":[{"taxonomy":"category","embeddable":true,"href":"https:\/\/hudo.com\/si\/wp-json\/wp\/v2\/categories?post=415271"},{"taxonomy":"post_tag","embeddable":true,"href":"https:\/\/hudo.com\/si\/wp-json\/wp\/v2\/tags?post=415271"},{"taxonomy":"source","embeddable":true,"href":"https:\/\/hudo.com\/si\/wp-json\/wp\/v2\/source?post=415271"},{"taxonomy":"supertag","embeddable":true,"href":"https:\/\/hudo.com\/si\/wp-json\/wp\/v2\/supertag?post=415271"}],"curies":[{"name":"wp","href":"https:\/\/api.w.org\/{rel}","templated":true}]}}