{"id":415353,"date":"2020-02-03T12:49:13","date_gmt":"2020-02-03T11:49:13","guid":{"rendered":"http:\/\/hudo.com\/si\/?p=415353"},"modified":"2020-02-03T12:49:13","modified_gmt":"2020-02-03T11:49:13","slug":"napad-z-nozem-v-londonu-izvedel-obsojeni-terorist","status":"publish","type":"post","link":"https:\/\/hudo.com\/si\/aktualno\/napad-z-nozem-v-londonu-izvedel-obsojeni-terorist\/","title":{"rendered":"Napad z no\u017eem v Londonu izvedel obsojeni terorist"},"content":{"rendered":"<p>Napad je po navedbah britanske policije izvedel 20-letni Amman, ki je bil pretekli teden po polovici prestane zaporne kazni izpu\u0161\u010den iz zapora. Konec leta 2018 je bil obsojen na tri leta in \u0161tiri mesece zapora zaradi posedovanja dokumentov s teroristi\u010dnimi informacijami in raz\u0161irjanja teroristi\u010dnih publikacij. Prijeli so ga zaradi suma na\u010drtovanja teroristi\u010dnega napada.<\/p>\n<p>Londonska metropolitanska policija je sporo\u010dila, da so ga nadzorovali. Oboro\u017eeni policisti so mu sledili pe\u0161, so pojasnili.<\/p>\n<p>Britanski BBC poro\u010da, da so bili v \u010dasu njegove izpustitve zaskrbljeni glede nevarnosti, ki bi jo lahko predstavljal javnosti. Vendar ni bilo pravnih mehanizmov, ki bi omogo\u010dili, da bi ostal v zaporu.<\/p>\n<p>Policija je danes v povezavi z napadom, ki se je zgodil v ju\u017enem predmestju Londona, izvedla dve hi\u0161ni preiskavi. Eno so izvedli v ju\u017enem Londonu, eno pa v mestu Bishop&#8217;s Stortford severno od Londona. Aretirali niso nikogar, preiskave pa se nadaljujejo, so povedali na metropolitanski policiji.<\/p>\n<p>V nedeljskem napadu z no\u017eem so bili ranjeni trije ljudje, ki so jih prepeljali v bolni\u0161nico. Nih\u010de ve\u010d ni v smrtni nevarnosti. Napadalca so policisti ubili.<\/p>\n<p>Britanski premier Boris Johnson je napovedal, da bo danes predstavil &#8220;temeljite spremembe&#8221; sistema obravnave obsojenih teroristov. To je sicer napovedal \u017ee po novembrskem teroristi\u010dnem napadu na Londonskem mostu, v katerem je mo\u0161ki z no\u017eem ranil ve\u010d ljudi, umrla pa sta dva \u010dloveka. Tudi tisti napad je izvedel mo\u0161ki, ki je bil v preteklosti v zaporu zaradi terorizma.<\/p>\n<p>Londonski \u017eupan Sadiq Khan je bil danes kriti\u010den do po\u010dasnega uvajanja sprememb, ki jih je premier napovedal po novembrskem napadu. Poudaril je, da bi lahko nedeljski napad prepre\u010dili.<\/p>\n","protected":false},"excerpt":{"rendered":"<p>Nedeljski napad z no\u017eem v Londonu je izvedel 20-letni Sudesh Amman, ki je bil pretekli teden pred\u010dasno izpu\u0161\u010den iz zapora, v katerem je bil zaradi terorizma. V povezavi z napadom so opravili tudi dve hi\u0161ni preiskavi.<\/p>\n","protected":false},"author":5,"featured_media":415354,"comment_status":"closed","ping_status":"closed","sticky":false,"template":"","format":"standard","meta":{"footnotes":""},"categories":[1179],"tags":[3317,1728,4587,2346],"source":[4511],"supertag":[7150],"acf":[],"yoast_head":"<!-- This site is optimized with the Yoast SEO plugin v21.3 - https:\/\/yoast.com\/wordpress\/plugins\/seo\/ -->\n<title>Napad z no\u017eem v Londonu izvedel obsojeni terorist<\/title>\n<meta name=\"description\" content=\"Napad z no\u017eem v Londonu je izvedel 20-letni Sudesh Amman, ki je bil pretekli teden pred\u010dasno izpu\u0161\u010den iz zapora, v katerem je bil zaradi terorizma.\" \/>\n<meta name=\"robots\" content=\"index, follow, max-snippet:-1, max-image-preview:large, max-video-preview:-1\" \/>\n<link rel=\"canonical\" href=\"https:\/\/hudo.com\/si\/aktualno\/napad-z-nozem-v-londonu-izvedel-obsojeni-terorist\/\" \/>\n<meta property=\"og:locale\" content=\"sl_SI\" \/>\n<meta property=\"og:type\" content=\"article\" \/>\n<meta property=\"og:title\" content=\"Napad z no\u017eem v Londonu izvedel obsojeni terorist\" \/>\n<meta property=\"og:description\" content=\"Napad z no\u017eem v Londonu je izvedel 20-letni Sudesh Amman, ki je bil pretekli teden pred\u010dasno izpu\u0161\u010den iz zapora, v katerem je bil zaradi terorizma.\" \/>\n<meta property=\"og:url\" content=\"https:\/\/hudo.com\/si\/aktualno\/napad-z-nozem-v-londonu-izvedel-obsojeni-terorist\/\" \/>\n<meta property=\"og:site_name\" content=\"Hudo Slovenija\" \/>\n<meta property=\"article:publisher\" content=\"https:\/\/www.facebook.com\/hudo.si\" \/>\n<meta property=\"article:published_time\" content=\"2020-02-03T11:49:13+00:00\" \/>\n<meta property=\"og:image\" content=\"https:\/\/hudo.com\/si\/wp-content\/uploads\/sites\/2\/2020\/02\/profimedia-0496183845.jpg\" \/>\n\t<meta property=\"og:image:width\" content=\"1250\" \/>\n\t<meta property=\"og:image:height\" content=\"833\" \/>\n\t<meta property=\"og:image:type\" content=\"image\/jpeg\" \/>\n<meta name=\"author\" content=\"A. G., STA\" \/>\n<meta name=\"twitter:card\" content=\"summary_large_image\" \/>\n<meta name=\"twitter:creator\" content=\"@hudo_si\" \/>\n<meta name=\"twitter:site\" content=\"@hudo_si\" \/>\n<meta name=\"twitter:label1\" content=\"Written by\" \/>\n\t<meta name=\"twitter:data1\" content=\"A. G., STA\" \/>\n\t<meta name=\"twitter:label2\" content=\"Est. reading time\" \/>\n\t<meta name=\"twitter:data2\" content=\"1 minuta\" \/>\n<script type=\"application\/ld+json\" class=\"yoast-schema-graph\">{\"@context\":\"https:\/\/schema.org\",\"@graph\":[{\"@type\":\"Article\",\"@id\":\"https:\/\/hudo.com\/si\/aktualno\/napad-z-nozem-v-londonu-izvedel-obsojeni-terorist\/#article\",\"isPartOf\":{\"@id\":\"https:\/\/hudo.com\/si\/aktualno\/napad-z-nozem-v-londonu-izvedel-obsojeni-terorist\/\"},\"author\":{\"name\":\"A. G., STA\",\"@id\":\"https:\/\/hudo.com\/si\/#\/schema\/person\/2391667a63ea075ba94f2f2dc6b77537\"},\"headline\":\"Napad z no\u017eem v Londonu izvedel obsojeni terorist\",\"datePublished\":\"2020-02-03T11:49:13+00:00\",\"dateModified\":\"2020-02-03T11:49:13+00:00\",\"mainEntityOfPage\":{\"@id\":\"https:\/\/hudo.com\/si\/aktualno\/napad-z-nozem-v-londonu-izvedel-obsojeni-terorist\/\"},\"wordCount\":290,\"publisher\":{\"@id\":\"https:\/\/hudo.com\/si\/#organization\"},\"keywords\":[\"london\",\"policija\",\"preiskava\",\"terorizem\"],\"articleSection\":[\"Aktualno\"],\"inLanguage\":\"sl-SI\"},{\"@type\":\"WebPage\",\"@id\":\"https:\/\/hudo.com\/si\/aktualno\/napad-z-nozem-v-londonu-izvedel-obsojeni-terorist\/\",\"url\":\"https:\/\/hudo.com\/si\/aktualno\/napad-z-nozem-v-londonu-izvedel-obsojeni-terorist\/\",\"name\":\"Napad z no\u017eem v Londonu izvedel obsojeni terorist\",\"isPartOf\":{\"@id\":\"https:\/\/hudo.com\/si\/#website\"},\"datePublished\":\"2020-02-03T11:49:13+00:00\",\"dateModified\":\"2020-02-03T11:49:13+00:00\",\"description\":\"Napad z no\u017eem v Londonu je izvedel 20-letni Sudesh Amman, ki je bil pretekli teden pred\u010dasno izpu\u0161\u010den iz zapora, v katerem je bil zaradi terorizma.\",\"breadcrumb\":{\"@id\":\"https:\/\/hudo.com\/si\/aktualno\/napad-z-nozem-v-londonu-izvedel-obsojeni-terorist\/#breadcrumb\"},\"inLanguage\":\"sl-SI\",\"potentialAction\":[{\"@type\":\"ReadAction\",\"target\":[\"https:\/\/hudo.com\/si\/aktualno\/napad-z-nozem-v-londonu-izvedel-obsojeni-terorist\/\"]}]},{\"@type\":\"BreadcrumbList\",\"@id\":\"https:\/\/hudo.com\/si\/aktualno\/napad-z-nozem-v-londonu-izvedel-obsojeni-terorist\/#breadcrumb\",\"itemListElement\":[{\"@type\":\"ListItem\",\"position\":1,\"name\":\"Home\",\"item\":\"https:\/\/hudo.com\/si\/\"},{\"@type\":\"ListItem\",\"position\":2,\"name\":\"Napad z no\u017eem v Londonu izvedel obsojeni terorist\"}]},{\"@type\":\"WebSite\",\"@id\":\"https:\/\/hudo.com\/si\/#website\",\"url\":\"https:\/\/hudo.com\/si\/\",\"name\":\"Hudo Slovenija\",\"description\":\"Vse novice iz Slovenije in sveta\",\"publisher\":{\"@id\":\"https:\/\/hudo.com\/si\/#organization\"},\"potentialAction\":[{\"@type\":\"SearchAction\",\"target\":{\"@type\":\"EntryPoint\",\"urlTemplate\":\"https:\/\/hudo.com\/si\/?s={search_term_string}\"},\"query-input\":\"required name=search_term_string\"}],\"inLanguage\":\"sl-SI\"},{\"@type\":\"Organization\",\"@id\":\"https:\/\/hudo.com\/si\/#organization\",\"name\":\"VSN Media\",\"url\":\"https:\/\/hudo.com\/si\/\",\"logo\":{\"@type\":\"ImageObject\",\"inLanguage\":\"sl-SI\",\"@id\":\"https:\/\/hudo.com\/si\/#\/schema\/logo\/image\/\",\"url\":\"https:\/\/hudo.com\/si\/wp-content\/uploads\/sites\/2\/2021\/03\/hudo-app-2.png\",\"contentUrl\":\"https:\/\/hudo.com\/si\/wp-content\/uploads\/sites\/2\/2021\/03\/hudo-app-2.png\",\"width\":2185,\"height\":2167,\"caption\":\"VSN Media\"},\"image\":{\"@id\":\"https:\/\/hudo.com\/si\/#\/schema\/logo\/image\/\"},\"sameAs\":[\"https:\/\/www.facebook.com\/hudo.si\",\"https:\/\/twitter.com\/hudo_si\"]},{\"@type\":\"Person\",\"@id\":\"https:\/\/hudo.com\/si\/#\/schema\/person\/2391667a63ea075ba94f2f2dc6b77537\",\"name\":\"A. G., STA\",\"image\":{\"@type\":\"ImageObject\",\"inLanguage\":\"sl-SI\",\"@id\":\"https:\/\/hudo.com\/si\/#\/schema\/person\/image\/\",\"url\":\"https:\/\/secure.gravatar.com\/avatar\/e13d22ac3e442658d5025fbbe6238a79?s=96&d=mm&r=g\",\"contentUrl\":\"https:\/\/secure.gravatar.com\/avatar\/e13d22ac3e442658d5025fbbe6238a79?s=96&d=mm&r=g\",\"caption\":\"A. G., STA\"},\"url\":\"https:\/\/hudo.com\/si\/author\/alenka\/\"}]}<\/script>\n<!-- \/ Yoast SEO plugin. -->","yoast_head_json":{"title":"Napad z no\u017eem v Londonu izvedel obsojeni terorist","description":"Napad z no\u017eem v Londonu je izvedel 20-letni Sudesh Amman, ki je bil pretekli teden pred\u010dasno izpu\u0161\u010den iz zapora, v katerem je bil zaradi terorizma.","robots":{"index":"index","follow":"follow","max-snippet":"max-snippet:-1","max-image-preview":"max-image-preview:large","max-video-preview":"max-video-preview:-1"},"canonical":"https:\/\/hudo.com\/si\/aktualno\/napad-z-nozem-v-londonu-izvedel-obsojeni-terorist\/","og_locale":"sl_SI","og_type":"article","og_title":"Napad z no\u017eem v Londonu izvedel obsojeni terorist","og_description":"Napad z no\u017eem v Londonu je izvedel 20-letni Sudesh Amman, ki je bil pretekli teden pred\u010dasno izpu\u0161\u010den iz zapora, v katerem je bil zaradi terorizma.","og_url":"https:\/\/hudo.com\/si\/aktualno\/napad-z-nozem-v-londonu-izvedel-obsojeni-terorist\/","og_site_name":"Hudo Slovenija","article_publisher":"https:\/\/www.facebook.com\/hudo.si","article_published_time":"2020-02-03T11:49:13+00:00","og_image":[{"width":1250,"height":833,"url":"https:\/\/hudo.com\/si\/wp-content\/uploads\/sites\/2\/2020\/02\/profimedia-0496183845.jpg","type":"image\/jpeg"}],"author":"A. G., STA","twitter_card":"summary_large_image","twitter_creator":"@hudo_si","twitter_site":"@hudo_si","twitter_misc":{"Written by":"A. G., STA","Est. reading time":"1 minuta"},"schema":{"@context":"https:\/\/schema.org","@graph":[{"@type":"Article","@id":"https:\/\/hudo.com\/si\/aktualno\/napad-z-nozem-v-londonu-izvedel-obsojeni-terorist\/#article","isPartOf":{"@id":"https:\/\/hudo.com\/si\/aktualno\/napad-z-nozem-v-londonu-izvedel-obsojeni-terorist\/"},"author":{"name":"A. G., STA","@id":"https:\/\/hudo.com\/si\/#\/schema\/person\/2391667a63ea075ba94f2f2dc6b77537"},"headline":"Napad z no\u017eem v Londonu izvedel obsojeni terorist","datePublished":"2020-02-03T11:49:13+00:00","dateModified":"2020-02-03T11:49:13+00:00","mainEntityOfPage":{"@id":"https:\/\/hudo.com\/si\/aktualno\/napad-z-nozem-v-londonu-izvedel-obsojeni-terorist\/"},"wordCount":290,"publisher":{"@id":"https:\/\/hudo.com\/si\/#organization"},"keywords":["london","policija","preiskava","terorizem"],"articleSection":["Aktualno"],"inLanguage":"sl-SI"},{"@type":"WebPage","@id":"https:\/\/hudo.com\/si\/aktualno\/napad-z-nozem-v-londonu-izvedel-obsojeni-terorist\/","url":"https:\/\/hudo.com\/si\/aktualno\/napad-z-nozem-v-londonu-izvedel-obsojeni-terorist\/","name":"Napad z no\u017eem v Londonu izvedel obsojeni terorist","isPartOf":{"@id":"https:\/\/hudo.com\/si\/#website"},"datePublished":"2020-02-03T11:49:13+00:00","dateModified":"2020-02-03T11:49:13+00:00","description":"Napad z no\u017eem v Londonu je izvedel 20-letni Sudesh Amman, ki je bil pretekli teden pred\u010dasno izpu\u0161\u010den iz zapora, v katerem je bil zaradi terorizma.","breadcrumb":{"@id":"https:\/\/hudo.com\/si\/aktualno\/napad-z-nozem-v-londonu-izvedel-obsojeni-terorist\/#breadcrumb"},"inLanguage":"sl-SI","potentialAction":[{"@type":"ReadAction","target":["https:\/\/hudo.com\/si\/aktualno\/napad-z-nozem-v-londonu-izvedel-obsojeni-terorist\/"]}]},{"@type":"BreadcrumbList","@id":"https:\/\/hudo.com\/si\/aktualno\/napad-z-nozem-v-londonu-izvedel-obsojeni-terorist\/#breadcrumb","itemListElement":[{"@type":"ListItem","position":1,"name":"Home","item":"https:\/\/hudo.com\/si\/"},{"@type":"ListItem","position":2,"name":"Napad z no\u017eem v Londonu izvedel obsojeni terorist"}]},{"@type":"WebSite","@id":"https:\/\/hudo.com\/si\/#website","url":"https:\/\/hudo.com\/si\/","name":"Hudo Slovenija","description":"Vse novice iz Slovenije in sveta","publisher":{"@id":"https:\/\/hudo.com\/si\/#organization"},"potentialAction":[{"@type":"SearchAction","target":{"@type":"EntryPoint","urlTemplate":"https:\/\/hudo.com\/si\/?s={search_term_string}"},"query-input":"required name=search_term_string"}],"inLanguage":"sl-SI"},{"@type":"Organization","@id":"https:\/\/hudo.com\/si\/#organization","name":"VSN Media","url":"https:\/\/hudo.com\/si\/","logo":{"@type":"ImageObject","inLanguage":"sl-SI","@id":"https:\/\/hudo.com\/si\/#\/schema\/logo\/image\/","url":"https:\/\/hudo.com\/si\/wp-content\/uploads\/sites\/2\/2021\/03\/hudo-app-2.png","contentUrl":"https:\/\/hudo.com\/si\/wp-content\/uploads\/sites\/2\/2021\/03\/hudo-app-2.png","width":2185,"height":2167,"caption":"VSN Media"},"image":{"@id":"https:\/\/hudo.com\/si\/#\/schema\/logo\/image\/"},"sameAs":["https:\/\/www.facebook.com\/hudo.si","https:\/\/twitter.com\/hudo_si"]},{"@type":"Person","@id":"https:\/\/hudo.com\/si\/#\/schema\/person\/2391667a63ea075ba94f2f2dc6b77537","name":"A. G., STA","image":{"@type":"ImageObject","inLanguage":"sl-SI","@id":"https:\/\/hudo.com\/si\/#\/schema\/person\/image\/","url":"https:\/\/secure.gravatar.com\/avatar\/e13d22ac3e442658d5025fbbe6238a79?s=96&d=mm&r=g","contentUrl":"https:\/\/secure.gravatar.com\/avatar\/e13d22ac3e442658d5025fbbe6238a79?s=96&d=mm&r=g","caption":"A. G., STA"},"url":"https:\/\/hudo.com\/si\/author\/alenka\/"}]}},"amp_enabled":true,"_links":{"self":[{"href":"https:\/\/hudo.com\/si\/wp-json\/wp\/v2\/posts\/415353"}],"collection":[{"href":"https:\/\/hudo.com\/si\/wp-json\/wp\/v2\/posts"}],"about":[{"href":"https:\/\/hudo.com\/si\/wp-json\/wp\/v2\/types\/post"}],"author":[{"embeddable":true,"href":"https:\/\/hudo.com\/si\/wp-json\/wp\/v2\/users\/5"}],"replies":[{"embeddable":true,"href":"https:\/\/hudo.com\/si\/wp-json\/wp\/v2\/comments?post=415353"}],"version-history":[{"count":1,"href":"https:\/\/hudo.com\/si\/wp-json\/wp\/v2\/posts\/415353\/revisions"}],"predecessor-version":[{"id":415355,"href":"https:\/\/hudo.com\/si\/wp-json\/wp\/v2\/posts\/415353\/revisions\/415355"}],"wp:featuredmedia":[{"embeddable":true,"href":"https:\/\/hudo.com\/si\/wp-json\/wp\/v2\/media\/415354"}],"wp:attachment":[{"href":"https:\/\/hudo.com\/si\/wp-json\/wp\/v2\/media?parent=415353"}],"wp:term":[{"taxonomy":"category","embeddable":true,"href":"https:\/\/hudo.com\/si\/wp-json\/wp\/v2\/categories?post=415353"},{"taxonomy":"post_tag","embeddable":true,"href":"https:\/\/hudo.com\/si\/wp-json\/wp\/v2\/tags?post=415353"},{"taxonomy":"source","embeddable":true,"href":"https:\/\/hudo.com\/si\/wp-json\/wp\/v2\/source?post=415353"},{"taxonomy":"supertag","embeddable":true,"href":"https:\/\/hudo.com\/si\/wp-json\/wp\/v2\/supertag?post=415353"}],"curies":[{"name":"wp","href":"https:\/\/api.w.org\/{rel}","templated":true}]}}