{"id":415387,"date":"2020-02-03T16:22:37","date_gmt":"2020-02-03T15:22:37","guid":{"rendered":"http:\/\/hudo.com\/si\/?p=415387"},"modified":"2020-02-03T16:22:37","modified_gmt":"2020-02-03T15:22:37","slug":"vreme-ponoci-zjutraj-zmerno-pretezno-oblacno-zapihal-bo-okrepljen-jugozahodnik","status":"publish","type":"post","link":"https:\/\/hudo.com\/si\/aktualno\/vreme-ponoci-zjutraj-zmerno-pretezno-oblacno-zapihal-bo-okrepljen-jugozahodnik\/","title":{"rendered":"Vreme: Pono\u010di in zjutraj zmerno do prete\u017eno obla\u010dno, zapihal bo okrepljen jugozahodnik"},"content":{"rendered":"<p>Najvi\u0161je dnevne temperature bodo ve\u010dinoma od 7 do 15 stopinj Celzija, a se bo sredi dneva \u017ee hladilo.<\/p>\n<p>Obeti: V sredo bo na Primorskem prete\u017eno jasno, drugod bo delno jasno s spremenljivo obla\u010dnostjo, nastala bo kak\u0161na sne\u017ena ploha. Hladneje bo, pihal bo zmeren, na Gorenjskem in v severovzhodnih krajih pa mo\u010dan severni veter, ki bo v no\u010di na \u010detrtek oslabel. V \u010detrtek bo prete\u017eno jasno z mrzlim jutrom.<\/p>\n<p>Vremenska slika: Nad jugozahodno Evropo je \u0161ibko obmo\u010dje visokega zra\u010dnega tlaka, ki sega tudi nad Alpe. Vremenska fronta valovi iznad Atlantika \u010dez srednjo Evropo vse do \u010crnega morja in naprej nad Rusijo. Od zahoda k nam priteka topel in vla\u017een zrak.<\/p>\n<p>Napoved za sosednje pokrajine: V torek bodo prehodno padavine v ve\u010dini sosednjih krajev, ohladilo se bo. Zapihal bo severnik.<\/p>\n","protected":false},"excerpt":{"rendered":"<p>Jutranje temperature bodo od 1 do 8 stopinj Celzija. V torek bo prete\u017eno obla\u010dno. Dopoldne bo pas de\u017eja hladne fronte od severa pre\u0161el Slovenijo. Popoldne bo za njo spremenljivo obla\u010dno, mo\u017ena bo \u0161e kak\u0161na manj\u0161a ploha. Zapihal bo severni veter, je zapisano na spletnih straneh Agencije RS za okolje.<\/p>\n","protected":false},"author":7,"featured_media":415388,"comment_status":"closed","ping_status":"closed","sticky":false,"template":"","format":"standard","meta":{"footnotes":""},"categories":[1179],"tags":[1595,2149,7416],"source":[4511],"supertag":[],"acf":[],"yoast_head":"<!-- This site is optimized with the Yoast SEO plugin v21.3 - https:\/\/yoast.com\/wordpress\/plugins\/seo\/ -->\n<title>Vreme: Pono\u010di in zjutraj zmerno do prete\u017eno obla\u010dno, zapihal bo okrepljen jugozahodnik - Hudo Slovenija<\/title>\n<meta name=\"robots\" content=\"index, follow, max-snippet:-1, max-image-preview:large, max-video-preview:-1\" \/>\n<link rel=\"canonical\" href=\"https:\/\/hudo.com\/si\/aktualno\/vreme-ponoci-zjutraj-zmerno-pretezno-oblacno-zapihal-bo-okrepljen-jugozahodnik\/\" \/>\n<meta property=\"og:locale\" content=\"sl_SI\" \/>\n<meta property=\"og:type\" content=\"article\" \/>\n<meta property=\"og:title\" content=\"Vreme: Pono\u010di in zjutraj zmerno do prete\u017eno obla\u010dno, zapihal bo okrepljen jugozahodnik - Hudo Slovenija\" \/>\n<meta property=\"og:description\" content=\"Jutranje temperature bodo od 1 do 8 stopinj Celzija. V torek bo prete\u017eno obla\u010dno. Dopoldne bo pas de\u017eja hladne fronte od severa pre\u0161el Slovenijo. Popoldne bo za njo spremenljivo obla\u010dno, mo\u017ena bo \u0161e kak\u0161na manj\u0161a ploha. Zapihal bo severni veter, je zapisano na spletnih straneh Agencije RS za okolje.\" \/>\n<meta property=\"og:url\" content=\"https:\/\/hudo.com\/si\/aktualno\/vreme-ponoci-zjutraj-zmerno-pretezno-oblacno-zapihal-bo-okrepljen-jugozahodnik\/\" \/>\n<meta property=\"og:site_name\" content=\"Hudo Slovenija\" \/>\n<meta property=\"article:publisher\" content=\"https:\/\/www.facebook.com\/hudo.si\" \/>\n<meta property=\"article:published_time\" content=\"2020-02-03T15:22:37+00:00\" \/>\n<meta property=\"og:image\" content=\"https:\/\/hudo.com\/si\/wp-content\/uploads\/sites\/2\/2020\/02\/profimedia-0011353309.jpg\" \/>\n\t<meta property=\"og:image:width\" content=\"1250\" \/>\n\t<meta property=\"og:image:height\" content=\"833\" \/>\n\t<meta property=\"og:image:type\" content=\"image\/jpeg\" \/>\n<meta name=\"author\" content=\"A. P., STA\" \/>\n<meta name=\"twitter:card\" content=\"summary_large_image\" \/>\n<meta name=\"twitter:creator\" content=\"@hudo_si\" \/>\n<meta name=\"twitter:site\" content=\"@hudo_si\" \/>\n<meta name=\"twitter:label1\" content=\"Written by\" \/>\n\t<meta name=\"twitter:data1\" content=\"A. P., STA\" \/>\n\t<meta name=\"twitter:label2\" content=\"Est. reading time\" \/>\n\t<meta name=\"twitter:data2\" content=\"1 minuta\" \/>\n<script type=\"application\/ld+json\" class=\"yoast-schema-graph\">{\"@context\":\"https:\/\/schema.org\",\"@graph\":[{\"@type\":\"Article\",\"@id\":\"https:\/\/hudo.com\/si\/aktualno\/vreme-ponoci-zjutraj-zmerno-pretezno-oblacno-zapihal-bo-okrepljen-jugozahodnik\/#article\",\"isPartOf\":{\"@id\":\"https:\/\/hudo.com\/si\/aktualno\/vreme-ponoci-zjutraj-zmerno-pretezno-oblacno-zapihal-bo-okrepljen-jugozahodnik\/\"},\"author\":{\"name\":\"A. P., STA\",\"@id\":\"https:\/\/hudo.com\/si\/#\/schema\/person\/18f09c02475ba9e606e941a565b80cff\"},\"headline\":\"Vreme: Pono\u010di in zjutraj zmerno do prete\u017eno obla\u010dno, zapihal bo okrepljen jugozahodnik\",\"datePublished\":\"2020-02-03T15:22:37+00:00\",\"dateModified\":\"2020-02-03T15:22:37+00:00\",\"mainEntityOfPage\":{\"@id\":\"https:\/\/hudo.com\/si\/aktualno\/vreme-ponoci-zjutraj-zmerno-pretezno-oblacno-zapihal-bo-okrepljen-jugozahodnik\/\"},\"wordCount\":154,\"publisher\":{\"@id\":\"https:\/\/hudo.com\/si\/#organization\"},\"keywords\":[\"Slovenija\",\"vreme\",\"vremenska napoved\"],\"articleSection\":[\"Aktualno\"],\"inLanguage\":\"sl-SI\"},{\"@type\":\"WebPage\",\"@id\":\"https:\/\/hudo.com\/si\/aktualno\/vreme-ponoci-zjutraj-zmerno-pretezno-oblacno-zapihal-bo-okrepljen-jugozahodnik\/\",\"url\":\"https:\/\/hudo.com\/si\/aktualno\/vreme-ponoci-zjutraj-zmerno-pretezno-oblacno-zapihal-bo-okrepljen-jugozahodnik\/\",\"name\":\"Vreme: Pono\u010di in zjutraj zmerno do prete\u017eno obla\u010dno, zapihal bo okrepljen jugozahodnik - Hudo Slovenija\",\"isPartOf\":{\"@id\":\"https:\/\/hudo.com\/si\/#website\"},\"datePublished\":\"2020-02-03T15:22:37+00:00\",\"dateModified\":\"2020-02-03T15:22:37+00:00\",\"breadcrumb\":{\"@id\":\"https:\/\/hudo.com\/si\/aktualno\/vreme-ponoci-zjutraj-zmerno-pretezno-oblacno-zapihal-bo-okrepljen-jugozahodnik\/#breadcrumb\"},\"inLanguage\":\"sl-SI\",\"potentialAction\":[{\"@type\":\"ReadAction\",\"target\":[\"https:\/\/hudo.com\/si\/aktualno\/vreme-ponoci-zjutraj-zmerno-pretezno-oblacno-zapihal-bo-okrepljen-jugozahodnik\/\"]}]},{\"@type\":\"BreadcrumbList\",\"@id\":\"https:\/\/hudo.com\/si\/aktualno\/vreme-ponoci-zjutraj-zmerno-pretezno-oblacno-zapihal-bo-okrepljen-jugozahodnik\/#breadcrumb\",\"itemListElement\":[{\"@type\":\"ListItem\",\"position\":1,\"name\":\"Home\",\"item\":\"https:\/\/hudo.com\/si\/\"},{\"@type\":\"ListItem\",\"position\":2,\"name\":\"Vreme: Pono\u010di in zjutraj zmerno do prete\u017eno obla\u010dno, zapihal bo okrepljen jugozahodnik\"}]},{\"@type\":\"WebSite\",\"@id\":\"https:\/\/hudo.com\/si\/#website\",\"url\":\"https:\/\/hudo.com\/si\/\",\"name\":\"Hudo Slovenija\",\"description\":\"Vse novice iz Slovenije in sveta\",\"publisher\":{\"@id\":\"https:\/\/hudo.com\/si\/#organization\"},\"potentialAction\":[{\"@type\":\"SearchAction\",\"target\":{\"@type\":\"EntryPoint\",\"urlTemplate\":\"https:\/\/hudo.com\/si\/?s={search_term_string}\"},\"query-input\":\"required name=search_term_string\"}],\"inLanguage\":\"sl-SI\"},{\"@type\":\"Organization\",\"@id\":\"https:\/\/hudo.com\/si\/#organization\",\"name\":\"VSN Media\",\"url\":\"https:\/\/hudo.com\/si\/\",\"logo\":{\"@type\":\"ImageObject\",\"inLanguage\":\"sl-SI\",\"@id\":\"https:\/\/hudo.com\/si\/#\/schema\/logo\/image\/\",\"url\":\"https:\/\/hudo.com\/si\/wp-content\/uploads\/sites\/2\/2021\/03\/hudo-app-2.png\",\"contentUrl\":\"https:\/\/hudo.com\/si\/wp-content\/uploads\/sites\/2\/2021\/03\/hudo-app-2.png\",\"width\":2185,\"height\":2167,\"caption\":\"VSN Media\"},\"image\":{\"@id\":\"https:\/\/hudo.com\/si\/#\/schema\/logo\/image\/\"},\"sameAs\":[\"https:\/\/www.facebook.com\/hudo.si\",\"https:\/\/twitter.com\/hudo_si\"]},{\"@type\":\"Person\",\"@id\":\"https:\/\/hudo.com\/si\/#\/schema\/person\/18f09c02475ba9e606e941a565b80cff\",\"name\":\"A. P., STA\",\"image\":{\"@type\":\"ImageObject\",\"inLanguage\":\"sl-SI\",\"@id\":\"https:\/\/hudo.com\/si\/#\/schema\/person\/image\/\",\"url\":\"https:\/\/secure.gravatar.com\/avatar\/03eac8e609f5f04383125d80eaeaaf3e?s=96&d=mm&r=g\",\"contentUrl\":\"https:\/\/secure.gravatar.com\/avatar\/03eac8e609f5f04383125d80eaeaaf3e?s=96&d=mm&r=g\",\"caption\":\"A. P., STA\"},\"url\":\"https:\/\/hudo.com\/si\/author\/lubu\/\"}]}<\/script>\n<!-- \/ Yoast SEO plugin. -->","yoast_head_json":{"title":"Vreme: Pono\u010di in zjutraj zmerno do prete\u017eno obla\u010dno, zapihal bo okrepljen jugozahodnik - Hudo Slovenija","robots":{"index":"index","follow":"follow","max-snippet":"max-snippet:-1","max-image-preview":"max-image-preview:large","max-video-preview":"max-video-preview:-1"},"canonical":"https:\/\/hudo.com\/si\/aktualno\/vreme-ponoci-zjutraj-zmerno-pretezno-oblacno-zapihal-bo-okrepljen-jugozahodnik\/","og_locale":"sl_SI","og_type":"article","og_title":"Vreme: Pono\u010di in zjutraj zmerno do prete\u017eno obla\u010dno, zapihal bo okrepljen jugozahodnik - Hudo Slovenija","og_description":"Jutranje temperature bodo od 1 do 8 stopinj Celzija. V torek bo prete\u017eno obla\u010dno. Dopoldne bo pas de\u017eja hladne fronte od severa pre\u0161el Slovenijo. Popoldne bo za njo spremenljivo obla\u010dno, mo\u017ena bo \u0161e kak\u0161na manj\u0161a ploha. Zapihal bo severni veter, je zapisano na spletnih straneh Agencije RS za okolje.","og_url":"https:\/\/hudo.com\/si\/aktualno\/vreme-ponoci-zjutraj-zmerno-pretezno-oblacno-zapihal-bo-okrepljen-jugozahodnik\/","og_site_name":"Hudo Slovenija","article_publisher":"https:\/\/www.facebook.com\/hudo.si","article_published_time":"2020-02-03T15:22:37+00:00","og_image":[{"width":1250,"height":833,"url":"https:\/\/hudo.com\/si\/wp-content\/uploads\/sites\/2\/2020\/02\/profimedia-0011353309.jpg","type":"image\/jpeg"}],"author":"A. P., STA","twitter_card":"summary_large_image","twitter_creator":"@hudo_si","twitter_site":"@hudo_si","twitter_misc":{"Written by":"A. P., STA","Est. reading time":"1 minuta"},"schema":{"@context":"https:\/\/schema.org","@graph":[{"@type":"Article","@id":"https:\/\/hudo.com\/si\/aktualno\/vreme-ponoci-zjutraj-zmerno-pretezno-oblacno-zapihal-bo-okrepljen-jugozahodnik\/#article","isPartOf":{"@id":"https:\/\/hudo.com\/si\/aktualno\/vreme-ponoci-zjutraj-zmerno-pretezno-oblacno-zapihal-bo-okrepljen-jugozahodnik\/"},"author":{"name":"A. P., STA","@id":"https:\/\/hudo.com\/si\/#\/schema\/person\/18f09c02475ba9e606e941a565b80cff"},"headline":"Vreme: Pono\u010di in zjutraj zmerno do prete\u017eno obla\u010dno, zapihal bo okrepljen jugozahodnik","datePublished":"2020-02-03T15:22:37+00:00","dateModified":"2020-02-03T15:22:37+00:00","mainEntityOfPage":{"@id":"https:\/\/hudo.com\/si\/aktualno\/vreme-ponoci-zjutraj-zmerno-pretezno-oblacno-zapihal-bo-okrepljen-jugozahodnik\/"},"wordCount":154,"publisher":{"@id":"https:\/\/hudo.com\/si\/#organization"},"keywords":["Slovenija","vreme","vremenska napoved"],"articleSection":["Aktualno"],"inLanguage":"sl-SI"},{"@type":"WebPage","@id":"https:\/\/hudo.com\/si\/aktualno\/vreme-ponoci-zjutraj-zmerno-pretezno-oblacno-zapihal-bo-okrepljen-jugozahodnik\/","url":"https:\/\/hudo.com\/si\/aktualno\/vreme-ponoci-zjutraj-zmerno-pretezno-oblacno-zapihal-bo-okrepljen-jugozahodnik\/","name":"Vreme: Pono\u010di in zjutraj zmerno do prete\u017eno obla\u010dno, zapihal bo okrepljen jugozahodnik - Hudo Slovenija","isPartOf":{"@id":"https:\/\/hudo.com\/si\/#website"},"datePublished":"2020-02-03T15:22:37+00:00","dateModified":"2020-02-03T15:22:37+00:00","breadcrumb":{"@id":"https:\/\/hudo.com\/si\/aktualno\/vreme-ponoci-zjutraj-zmerno-pretezno-oblacno-zapihal-bo-okrepljen-jugozahodnik\/#breadcrumb"},"inLanguage":"sl-SI","potentialAction":[{"@type":"ReadAction","target":["https:\/\/hudo.com\/si\/aktualno\/vreme-ponoci-zjutraj-zmerno-pretezno-oblacno-zapihal-bo-okrepljen-jugozahodnik\/"]}]},{"@type":"BreadcrumbList","@id":"https:\/\/hudo.com\/si\/aktualno\/vreme-ponoci-zjutraj-zmerno-pretezno-oblacno-zapihal-bo-okrepljen-jugozahodnik\/#breadcrumb","itemListElement":[{"@type":"ListItem","position":1,"name":"Home","item":"https:\/\/hudo.com\/si\/"},{"@type":"ListItem","position":2,"name":"Vreme: Pono\u010di in zjutraj zmerno do prete\u017eno obla\u010dno, zapihal bo okrepljen jugozahodnik"}]},{"@type":"WebSite","@id":"https:\/\/hudo.com\/si\/#website","url":"https:\/\/hudo.com\/si\/","name":"Hudo Slovenija","description":"Vse novice iz Slovenije in sveta","publisher":{"@id":"https:\/\/hudo.com\/si\/#organization"},"potentialAction":[{"@type":"SearchAction","target":{"@type":"EntryPoint","urlTemplate":"https:\/\/hudo.com\/si\/?s={search_term_string}"},"query-input":"required name=search_term_string"}],"inLanguage":"sl-SI"},{"@type":"Organization","@id":"https:\/\/hudo.com\/si\/#organization","name":"VSN Media","url":"https:\/\/hudo.com\/si\/","logo":{"@type":"ImageObject","inLanguage":"sl-SI","@id":"https:\/\/hudo.com\/si\/#\/schema\/logo\/image\/","url":"https:\/\/hudo.com\/si\/wp-content\/uploads\/sites\/2\/2021\/03\/hudo-app-2.png","contentUrl":"https:\/\/hudo.com\/si\/wp-content\/uploads\/sites\/2\/2021\/03\/hudo-app-2.png","width":2185,"height":2167,"caption":"VSN Media"},"image":{"@id":"https:\/\/hudo.com\/si\/#\/schema\/logo\/image\/"},"sameAs":["https:\/\/www.facebook.com\/hudo.si","https:\/\/twitter.com\/hudo_si"]},{"@type":"Person","@id":"https:\/\/hudo.com\/si\/#\/schema\/person\/18f09c02475ba9e606e941a565b80cff","name":"A. P., STA","image":{"@type":"ImageObject","inLanguage":"sl-SI","@id":"https:\/\/hudo.com\/si\/#\/schema\/person\/image\/","url":"https:\/\/secure.gravatar.com\/avatar\/03eac8e609f5f04383125d80eaeaaf3e?s=96&d=mm&r=g","contentUrl":"https:\/\/secure.gravatar.com\/avatar\/03eac8e609f5f04383125d80eaeaaf3e?s=96&d=mm&r=g","caption":"A. P., STA"},"url":"https:\/\/hudo.com\/si\/author\/lubu\/"}]}},"amp_enabled":true,"_links":{"self":[{"href":"https:\/\/hudo.com\/si\/wp-json\/wp\/v2\/posts\/415387"}],"collection":[{"href":"https:\/\/hudo.com\/si\/wp-json\/wp\/v2\/posts"}],"about":[{"href":"https:\/\/hudo.com\/si\/wp-json\/wp\/v2\/types\/post"}],"author":[{"embeddable":true,"href":"https:\/\/hudo.com\/si\/wp-json\/wp\/v2\/users\/7"}],"replies":[{"embeddable":true,"href":"https:\/\/hudo.com\/si\/wp-json\/wp\/v2\/comments?post=415387"}],"version-history":[{"count":1,"href":"https:\/\/hudo.com\/si\/wp-json\/wp\/v2\/posts\/415387\/revisions"}],"predecessor-version":[{"id":415389,"href":"https:\/\/hudo.com\/si\/wp-json\/wp\/v2\/posts\/415387\/revisions\/415389"}],"wp:featuredmedia":[{"embeddable":true,"href":"https:\/\/hudo.com\/si\/wp-json\/wp\/v2\/media\/415388"}],"wp:attachment":[{"href":"https:\/\/hudo.com\/si\/wp-json\/wp\/v2\/media?parent=415387"}],"wp:term":[{"taxonomy":"category","embeddable":true,"href":"https:\/\/hudo.com\/si\/wp-json\/wp\/v2\/categories?post=415387"},{"taxonomy":"post_tag","embeddable":true,"href":"https:\/\/hudo.com\/si\/wp-json\/wp\/v2\/tags?post=415387"},{"taxonomy":"source","embeddable":true,"href":"https:\/\/hudo.com\/si\/wp-json\/wp\/v2\/source?post=415387"},{"taxonomy":"supertag","embeddable":true,"href":"https:\/\/hudo.com\/si\/wp-json\/wp\/v2\/supertag?post=415387"}],"curies":[{"name":"wp","href":"https:\/\/api.w.org\/{rel}","templated":true}]}}